{"id":30252,"date":"2025-04-30T09:50:00","date_gmt":"2025-04-30T12:50:00","guid":{"rendered":"https:\/\/www.correiobraziliense.com.br\/cbradar\/?p=30252"},"modified":"2025-04-29T23:30:59","modified_gmt":"2025-04-30T02:30:59","slug":"thunderbolts-lancou-veja-o-que-assistir-antes-do-novo-filme-da-marvel","status":"publish","type":"post","link":"https:\/\/www.correiobraziliense.com.br\/cbradar\/thunderbolts-lancou-veja-o-que-assistir-antes-do-novo-filme-da-marvel\/","title":{"rendered":"Thunderbolts lan\u00e7ou? Veja o que assistir antes do novo filme da Marvel"},"content":{"rendered":"\n<p>O lan\u00e7amento de <a href=\"https:\/\/www.imdb.com\/title\/tt20969586\/\" target=\"_blank\" rel=\"noreferrer noopener\"><strong>Thunderbolts<\/strong> <\/a>nos cinemas traz uma nova perspectiva para o <strong>Universo Cinematogr\u00e1fico Marvel<\/strong> (<strong>UCM<\/strong>). Este filme, que estreia oficialmente em <strong>1\u00ba de junho de 2025<\/strong>, promete integrar elementos de v\u00e1rias produ\u00e7\u00f5es anteriores da <strong><a href=\"https:\/\/www.correiobraziliense.com.br\/cbradar\/conheca-o-patrimonio-do-gaviao-arqueiro-simbolo-do-universo-marvel\/\" target=\"_blank\" rel=\"noreferrer noopener\">Marvel<\/a><\/strong>, criando uma narrativa rica e interconectada. Para aqueles que desejam compreender plenamente a trama, \u00e9 essencial revisitar algumas obras anteriores do <strong>UCM<\/strong>.<\/p>\n\n\n\n<p>Entre as produ\u00e7\u00f5es que mais influenciam a hist\u00f3ria de <strong>Thunderbolts<\/strong>, destaca-se <strong>Vi\u00fava Negra<\/strong>. Lan\u00e7ado em <strong>2021<\/strong>, este filme explora o passado de <strong>Natasha Romanoff<\/strong> e introduz personagens cruciais que retornam em <strong>Thunderbolts<\/strong>. A rela\u00e7\u00e3o entre <strong>Natasha<\/strong> e sua <strong>&#8220;fam\u00edlia&#8221;<\/strong> sovi\u00e9tica, incluindo <strong>Yelena Belova<\/strong> e o <strong>Guardi\u00e3o Vermelho<\/strong>, estabelece a base para eventos futuros. A <strong>Treinadora<\/strong>, antagonista de <strong>Vi\u00fava Negra<\/strong>, tamb\u00e9m desempenha um papel significativo na nova trama.<\/p>\n\n\n\n<h2 class=\"wp-block-heading\">Quais s\u00e9ries da Marvel s\u00e3o fundamentais para entender Thunderbolts?<\/h2>\n\n\n\n<p>A s\u00e9rie <strong>Falc\u00e3o e o Soldado Invernal<\/strong> \u00e9 outra pe\u00e7a chave para entender os desdobramentos de <strong>Thunderbolts<\/strong>. Ap\u00f3s os eventos de <strong>Vingadores: Ultimato<\/strong>, a s\u00e9rie acompanha <strong>Sam Wilson<\/strong> em sua jornada para assumir o manto do <strong>Capit\u00e3o Am\u00e9rica<\/strong>. A introdu\u00e7\u00e3o de <strong>John Walker<\/strong> e a <strong>Condessa Valentina Allegra de Fontaine<\/strong> s\u00e3o elementos que se entrela\u00e7am com a narrativa de <strong>Thunderbolts<\/strong>, oferecendo um pano de fundo essencial para o filme.<\/p>\n\n\n\n<p>Al\u00e9m disso, a s\u00e9rie aborda temas de identidade e legado, quest\u00f5es que s\u00e3o centrais para muitos personagens em <strong>Thunderbolts<\/strong>. A luta de <strong>Sam<\/strong> para ser aceito como o novo <strong>Capit\u00e3o Am\u00e9rica<\/strong> ressoa com os desafios enfrentados pelos protagonistas do novo filme.<\/p>\n\n\n\n<figure class=\"wp-block-embed aligncenter is-type-video is-provider-youtube wp-block-embed-youtube wp-embed-aspect-16-9 wp-has-aspect-ratio\"><div class=\"wp-block-embed__wrapper\">\n<div class=\"jeg_video_container jeg_video_content\"><iframe loading=\"lazy\" title=\"Thunderbolts* | Trailer Oficial 5 Dublado\" width=\"500\" height=\"281\" src=\"https:\/\/www.youtube.com\/embed\/18qDST2_Nh8?feature=oembed\" frameborder=\"0\" allow=\"accelerometer; autoplay; clipboard-write; encrypted-media; gyroscope; picture-in-picture; web-share\" referrerpolicy=\"strict-origin-when-cross-origin\" allowfullscreen><\/iframe><\/div>\n<\/div><\/figure>\n\n\n\n<h2 class=\"wp-block-heading\">Como Homem-Formiga e a Vespa contribuem para a trama de Thunderbolts?<\/h2>\n\n\n\n<p>Embora muitas vezes subestimado, <strong>Homem-Formiga e a Vespa<\/strong> desempenha um papel crucial na constru\u00e7\u00e3o do universo de <strong>Thunderbolts<\/strong>. A personagem <strong>Ava Starr<\/strong>, conhecida como <strong>Fantasma<\/strong>, \u00e9 introduzida neste filme com uma hist\u00f3ria de fundo tr\u00e1gica que a torna uma figura complexa e interessante. Sua habilidade de se tornar <strong>intang\u00edvel<\/strong> e sua luta pessoal s\u00e3o exploradas novamente em <strong>Thunderbolts<\/strong>, onde ela retorna como uma personagem de destaque.<\/p>\n\n\n\n<p>A trama de <strong>Homem-Formiga e a Vespa<\/strong> tamb\u00e9m explora conceitos de <strong>f\u00edsica qu\u00e2ntica<\/strong> e <strong>tecnologia avan\u00e7ada<\/strong>, elementos que s\u00e3o frequentemente revisitados no <strong>UCM<\/strong> e que influenciam diretamente os eventos de <strong>Thunderbolts<\/strong>.<\/p>\n\n\n\n<h2 class=\"wp-block-heading\">Por que algumas produ\u00e7\u00f5es s\u00e3o consideradas opcionais?<\/h2>\n\n\n\n<p>Embora algumas produ\u00e7\u00f5es sejam essenciais para a compreens\u00e3o de <strong>Thunderbolts<\/strong>, outras s\u00e3o consideradas <strong>opcionais<\/strong>. Isso se deve ao fato de que, embora n\u00e3o sejam cruciais para a trama principal, elas enriquecem a experi\u00eancia do espectador ao fornecer contexto adicional e desenvolvimento de personagens. Um exemplo disso \u00e9 o filme mais recente do <strong>Capit\u00e3o Am\u00e9rica<\/strong>, que, embora ainda em cartaz em poucos cinemas, oferece um arco narrativo que conecta diretamente com <strong>Thunderbolts<\/strong>.<\/p>\n\n\n\n<p>Essas produ\u00e7\u00f5es <strong>opcionais<\/strong> permitem que os f\u00e3s mais dedicados mergulhem ainda mais fundo no universo <strong>Marvel<\/strong>, descobrindo detalhes e conex\u00f5es que podem passar despercebidos para o p\u00fablico em geral.<\/p>\n\n\n\n<h2 class=\"wp-block-heading\">O futuro do Universo Cinematogr\u00e1fico Marvel com Thunderbolts<\/h2>\n\n\n\n<p>Com a estreia de <strong>Thunderbolts<\/strong>, o <strong>UCM<\/strong> continua a expandir suas fronteiras, introduzindo novas din\u00e2micas e personagens. Este filme n\u00e3o apenas celebra o legado das produ\u00e7\u00f5es anteriores, mas tamb\u00e9m abre caminho para futuras hist\u00f3rias e desenvolvimentos. A interconex\u00e3o entre filmes e s\u00e9ries \u00e9 uma marca registrada da <strong>Marvel<\/strong>, garantindo que cada nova produ\u00e7\u00e3o enrique\u00e7a o universo como um todo.<\/p>\n\n\n\n<p>Assim, <strong>Thunderbolts<\/strong> promete ser mais um cap\u00edtulo emocionante e inovador na saga cont\u00ednua do <strong>UCM<\/strong>, oferecendo aos f\u00e3s novas aventuras e mist\u00e9rios a serem desvendados.<\/p>\n","protected":false},"excerpt":{"rendered":"<p>O lan\u00e7amento de Thunderbolts nos cinemas traz uma nova perspectiva para o Universo Cinematogr\u00e1fico Marvel (UCM). Este filme, que estreia oficialmente em 1\u00ba de junho de 2025, promete integrar elementos de v\u00e1rias produ\u00e7\u00f5es anteriores da Marvel, criando uma narrativa rica e interconectada. Para aqueles que desejam compreender plenamente a trama, \u00e9 essencial revisitar algumas obras [&hellip;]<\/p>\n","protected":false},"author":8,"featured_media":30268,"comment_status":"open","ping_status":"open","sticky":false,"template":"","format":"standard","meta":{"jnews-multi-image_gallery":[],"jnews_single_post":{"format":"standard"},"jnews_primary_category":[],"jnews_social_meta":[],"jnews_override_counter":[],"footnotes":""},"categories":[140],"post_tag":[410,568,4020],"class_list":["post-30252","post","type-post","status-publish","format-standard","has-post-thumbnail","hentry","category-entretenimento","tag-marvel","tag-series-e-filmes","tag-thunderbolts"],"yoast_head":"<!-- This site is optimized with the Yoast SEO plugin v24.6 - https:\/\/yoast.com\/wordpress\/plugins\/seo\/ -->\n<title>Thunderbolts lan\u00e7ou? Veja o que assistir antes do novo filme da Marvel - Correio Braziliense - Radar<\/title>\n<meta name=\"description\" content=\"Thunderbolts vem a\u00ed e n\u00e3o \u00e9 qualquer f\u00e3 que vai estar preparado. Veja o que assistir antes para acompanhar e pegar todas as refer\u00eancias.\" \/>\n<meta name=\"robots\" content=\"index, follow, max-snippet:-1, max-image-preview:large, max-video-preview:-1\" \/>\n<link rel=\"canonical\" href=\"https:\/\/www.correiobraziliense.com.br\/cbradar\/thunderbolts-lancou-veja-o-que-assistir-antes-do-novo-filme-da-marvel\/\" \/>\n<meta property=\"og:locale\" content=\"pt_BR\" \/>\n<meta property=\"og:type\" content=\"article\" \/>\n<meta property=\"og:title\" content=\"Thunderbolts lan\u00e7ou? Veja o que assistir antes do novo filme da Marvel - Correio Braziliense - Radar\" \/>\n<meta property=\"og:description\" content=\"Thunderbolts vem a\u00ed e n\u00e3o \u00e9 qualquer f\u00e3 que vai estar preparado. Veja o que assistir antes para acompanhar e pegar todas as refer\u00eancias.\" \/>\n<meta property=\"og:url\" content=\"https:\/\/www.correiobraziliense.com.br\/cbradar\/thunderbolts-lancou-veja-o-que-assistir-antes-do-novo-filme-da-marvel\/\" \/>\n<meta property=\"og:site_name\" content=\"Correio Braziliense - Radar\" \/>\n<meta property=\"article:published_time\" content=\"2025-04-30T12:50:00+00:00\" \/>\n<meta property=\"og:image\" content=\"https:\/\/www.correiobraziliense.com.br\/cbradar\/wp-content\/uploads\/2025\/04\/Edicoes-11-2.png\" \/>\n\t<meta property=\"og:image:width\" content=\"1280\" \/>\n\t<meta property=\"og:image:height\" content=\"720\" \/>\n\t<meta property=\"og:image:type\" content=\"image\/png\" \/>\n<meta name=\"author\" content=\"Maura Pereira\" \/>\n<meta name=\"twitter:card\" content=\"summary_large_image\" \/>\n<meta name=\"twitter:label1\" content=\"Escrito por\" \/>\n\t<meta name=\"twitter:data1\" content=\"Maura Pereira\" \/>\n\t<meta name=\"twitter:label2\" content=\"Est. tempo de leitura\" \/>\n\t<meta name=\"twitter:data2\" content=\"4 minutos\" \/>\n<!-- \/ Yoast SEO plugin. -->","yoast_head_json":{"title":"Thunderbolts lan\u00e7ou? Veja o que assistir antes do novo filme da Marvel - Correio Braziliense - Radar","description":"Thunderbolts vem a\u00ed e n\u00e3o \u00e9 qualquer f\u00e3 que vai estar preparado. Veja o que assistir antes para acompanhar e pegar todas as refer\u00eancias.","robots":{"index":"index","follow":"follow","max-snippet":"max-snippet:-1","max-image-preview":"max-image-preview:large","max-video-preview":"max-video-preview:-1"},"canonical":"https:\/\/www.correiobraziliense.com.br\/cbradar\/thunderbolts-lancou-veja-o-que-assistir-antes-do-novo-filme-da-marvel\/","og_locale":"pt_BR","og_type":"article","og_title":"Thunderbolts lan\u00e7ou? Veja o que assistir antes do novo filme da Marvel - Correio Braziliense - Radar","og_description":"Thunderbolts vem a\u00ed e n\u00e3o \u00e9 qualquer f\u00e3 que vai estar preparado. Veja o que assistir antes para acompanhar e pegar todas as refer\u00eancias.","og_url":"https:\/\/www.correiobraziliense.com.br\/cbradar\/thunderbolts-lancou-veja-o-que-assistir-antes-do-novo-filme-da-marvel\/","og_site_name":"Correio Braziliense - Radar","article_published_time":"2025-04-30T12:50:00+00:00","og_image":[{"width":1280,"height":720,"url":"https:\/\/www.correiobraziliense.com.br\/cbradar\/wp-content\/uploads\/2025\/04\/Edicoes-11-2.png","type":"image\/png"}],"author":"Maura Pereira","twitter_card":"summary_large_image","twitter_misc":{"Escrito por":"Maura Pereira","Est. tempo de leitura":"4 minutos"},"schema":{"@context":"https:\/\/schema.org","@graph":[{"@type":"WebPage","@id":"https:\/\/www.correiobraziliense.com.br\/cbradar\/thunderbolts-lancou-veja-o-que-assistir-antes-do-novo-filme-da-marvel\/","url":"https:\/\/www.correiobraziliense.com.br\/cbradar\/thunderbolts-lancou-veja-o-que-assistir-antes-do-novo-filme-da-marvel\/","name":"Thunderbolts lan\u00e7ou? Veja o que assistir antes do novo filme da Marvel - Correio Braziliense - Radar","isPartOf":{"@id":"https:\/\/www.correiobraziliense.com.br\/cbradar\/#website"},"primaryImageOfPage":{"@id":"https:\/\/www.correiobraziliense.com.br\/cbradar\/thunderbolts-lancou-veja-o-que-assistir-antes-do-novo-filme-da-marvel\/#primaryimage"},"image":{"@id":"https:\/\/www.correiobraziliense.com.br\/cbradar\/thunderbolts-lancou-veja-o-que-assistir-antes-do-novo-filme-da-marvel\/#primaryimage"},"thumbnailUrl":"https:\/\/www.correiobraziliense.com.br\/cbradar\/wp-content\/uploads\/2025\/04\/Edicoes-11-2.png","datePublished":"2025-04-30T12:50:00+00:00","author":{"@id":"https:\/\/www.correiobraziliense.com.br\/cbradar\/#\/schema\/person\/4053c651a9bfc785afc6f4cbc9032fd3"},"description":"Thunderbolts vem a\u00ed e n\u00e3o \u00e9 qualquer f\u00e3 que vai estar preparado. Veja o que assistir antes para acompanhar e pegar todas as refer\u00eancias.","breadcrumb":{"@id":"https:\/\/www.correiobraziliense.com.br\/cbradar\/thunderbolts-lancou-veja-o-que-assistir-antes-do-novo-filme-da-marvel\/#breadcrumb"},"inLanguage":"pt-BR","potentialAction":[{"@type":"ReadAction","target":["https:\/\/www.correiobraziliense.com.br\/cbradar\/thunderbolts-lancou-veja-o-que-assistir-antes-do-novo-filme-da-marvel\/"]}]},{"@type":"ImageObject","inLanguage":"pt-BR","@id":"https:\/\/www.correiobraziliense.com.br\/cbradar\/thunderbolts-lancou-veja-o-que-assistir-antes-do-novo-filme-da-marvel\/#primaryimage","url":"https:\/\/www.correiobraziliense.com.br\/cbradar\/wp-content\/uploads\/2025\/04\/Edicoes-11-2.png","contentUrl":"https:\/\/www.correiobraziliense.com.br\/cbradar\/wp-content\/uploads\/2025\/04\/Edicoes-11-2.png","width":1280,"height":720,"caption":"Thunderbolts \/\/ Reprodu\u00e7\u00e3o: IMDb (Foto\/Divulga\u00e7\u00e3o)"},{"@type":"BreadcrumbList","@id":"https:\/\/www.correiobraziliense.com.br\/cbradar\/thunderbolts-lancou-veja-o-que-assistir-antes-do-novo-filme-da-marvel\/#breadcrumb","itemListElement":[{"@type":"ListItem","position":1,"name":"In\u00edcio","item":"https:\/\/www.correiobraziliense.com.br\/cbradar\/"},{"@type":"ListItem","position":2,"name":"Thunderbolts lan\u00e7ou? Veja o que assistir antes do novo filme da Marvel"}]},{"@type":"WebSite","@id":"https:\/\/www.correiobraziliense.com.br\/cbradar\/#website","url":"https:\/\/www.correiobraziliense.com.br\/cbradar\/","name":"Correio Braziliense - Radar","description":"Acompanhe as \u00faltimas not\u00edcias e fique bem informado sobre tudo o que acontece no Brasil e no mundo.","potentialAction":[{"@type":"SearchAction","target":{"@type":"EntryPoint","urlTemplate":"https:\/\/www.correiobraziliense.com.br\/cbradar\/?s={search_term_string}"},"query-input":{"@type":"PropertyValueSpecification","valueRequired":true,"valueName":"search_term_string"}}],"inLanguage":"pt-BR"},{"@type":"Person","@id":"https:\/\/www.correiobraziliense.com.br\/cbradar\/#\/schema\/person\/4053c651a9bfc785afc6f4cbc9032fd3","name":"Maura Pereira","image":{"@type":"ImageObject","inLanguage":"pt-BR","@id":"https:\/\/www.correiobraziliense.com.br\/cbradar\/#\/schema\/person\/image\/","url":"https:\/\/secure.gravatar.com\/avatar\/3effd6bdadfa447f15089c7f7144eaa6?s=96&d=mm&r=g","contentUrl":"https:\/\/secure.gravatar.com\/avatar\/3effd6bdadfa447f15089c7f7144eaa6?s=96&d=mm&r=g","caption":"Maura Pereira"},"sameAs":["https:\/\/www.correiobraziliense.com.br\/"],"url":"https:\/\/www.correiobraziliense.com.br\/cbradar\/author\/mauramyth\/"}]}},"_links":{"self":[{"href":"https:\/\/www.correiobraziliense.com.br\/cbradar\/wp-json\/wp\/v2\/posts\/30252","targetHints":{"allow":["GET"]}}],"collection":[{"href":"https:\/\/www.correiobraziliense.com.br\/cbradar\/wp-json\/wp\/v2\/posts"}],"about":[{"href":"https:\/\/www.correiobraziliense.com.br\/cbradar\/wp-json\/wp\/v2\/types\/post"}],"author":[{"embeddable":true,"href":"https:\/\/www.correiobraziliense.com.br\/cbradar\/wp-json\/wp\/v2\/users\/8"}],"replies":[{"embeddable":true,"href":"https:\/\/www.correiobraziliense.com.br\/cbradar\/wp-json\/wp\/v2\/comments?post=30252"}],"version-history":[{"count":6,"href":"https:\/\/www.correiobraziliense.com.br\/cbradar\/wp-json\/wp\/v2\/posts\/30252\/revisions"}],"predecessor-version":[{"id":30272,"href":"https:\/\/www.correiobraziliense.com.br\/cbradar\/wp-json\/wp\/v2\/posts\/30252\/revisions\/30272"}],"wp:featuredmedia":[{"embeddable":true,"href":"https:\/\/www.correiobraziliense.com.br\/cbradar\/wp-json\/wp\/v2\/media\/30268"}],"wp:attachment":[{"href":"https:\/\/www.correiobraziliense.com.br\/cbradar\/wp-json\/wp\/v2\/media?parent=30252"}],"wp:term":[{"taxonomy":"category","embeddable":true,"href":"https:\/\/www.correiobraziliense.com.br\/cbradar\/wp-json\/wp\/v2\/categories?post=30252"},{"taxonomy":"post_tag","embeddable":true,"href":"https:\/\/www.correiobraziliense.com.br\/cbradar\/wp-json\/wp\/v2\/post_tag?post=30252"}],"curies":[{"name":"wp","href":"https:\/\/api.w.org\/{rel}","templated":true}]}}