{"id":30254,"date":"2025-04-30T06:50:00","date_gmt":"2025-04-30T09:50:00","guid":{"rendered":"https:\/\/www.correiobraziliense.com.br\/cbradar\/?p=30254"},"modified":"2025-07-02T11:58:09","modified_gmt":"2025-07-02T14:58:09","slug":"a-emocionante-serie-sobre-jesus-que-conquistou-milhoes-de-brasileiros","status":"publish","type":"post","link":"https:\/\/www.correiobraziliense.com.br\/cbradar\/a-emocionante-serie-sobre-jesus-que-conquistou-milhoes-de-brasileiros\/","title":{"rendered":"A emocionante s\u00e9rie sobre Jesus que conquistou milh\u00f5es de brasileiros"},"content":{"rendered":"\n<p><strong><a href=\"https:\/\/www.imdb.com\/pt\/title\/tt5622316\/\" target=\"_blank\" rel=\"noreferrer noopener\">The Chosen<\/a><\/strong> est\u00e1 de volta e promete emocionar como nunca. A quinta temporada, chamada <strong>\u00daltima Ceia<\/strong>, chegou aos cinemas brasileiros no dia 10 de abril e j\u00e1 est\u00e1 fazendo um sucesso tremendo. <strong>Jonathan Roumie<\/strong> volta como <strong>Jesus<\/strong> numa das fases mais desafiadoras da s\u00e9rie. A temporada conta os \u00faltimos dias de <strong>Cristo<\/strong> em <strong>Jerusal\u00e9m<\/strong>, desde a entrada triunfal at\u00e9 os eventos que antecederam a crucifica\u00e7\u00e3o.<\/p>\n\n\n\n<p>A produ\u00e7\u00e3o de <strong>Dallas Jenkins<\/strong> conseguiu algo incr\u00edvel: transformar um dos per\u00edodos mais conhecidos da <strong>B\u00edblia<\/strong> numa experi\u00eancia cinematogr\u00e1fica emocionante. Desta vez, a s\u00e9rie mostra um lado de <strong>Jesus<\/strong> que ainda n\u00e3o t\u00ednhamos visto: mais intenso, mais humano e enfrentando os maiores desafios de sua miss\u00e3o. Os primeiros n\u00fameros j\u00e1 impressionam: s\u00f3 nos primeiros tr\u00eas dias nos <strong><a href=\"https:\/\/www.correiobraziliense.com.br\/cbradar\/esse-estado-dos-estados-unidos-possui-a-4a-maior-economia-do-mundo\/\" target=\"_blank\" rel=\"noreferrer noopener\">Estados Unidos<\/a><\/strong>, a temporada arrecadou <strong>US$ 11 milh\u00f5es<\/strong>.<\/p>\n\n\n\n<h2 class=\"wp-block-heading\">Por que esta temporada \u00e9 considerada a mais intensa?<\/h2>\n\n\n\n<p><strong>Dallas Jenkins<\/strong>, criador da s\u00e9rie, n\u00e3o escondeu que esta \u00e9 a temporada mais desafiadora que j\u00e1 produziram. A quinta temporada aborda a <strong>Semana Santa<\/strong>, per\u00edodo mais impactante da hist\u00f3ria crist\u00e3. <strong>Jerusal\u00e9m<\/strong> vira um barril de p\u00f3lvora com mais de um milh\u00e3o de peregrinos, seguidores de <strong>Jesus<\/strong> e seus inimigos reunidos num lugar pequeno.<\/p>\n\n\n\n<p><strong>Jonathan Roumie<\/strong> descreveu a temporada como uma montanha-russa emocional. Ele disse que \u00e9 intensidade pura do come\u00e7o ao fim, com <strong>Jesus<\/strong> enfrentando conflitos crescentes com as autoridades e frustra\u00e7\u00f5es com os disc\u00edpulos. O ator at\u00e9 trouxe seu diretor espiritual para acompanhar as filmagens da <strong>\u00daltima Ceia<\/strong> e do <strong>Jardim de Getseman\u00ed<\/strong>, buscando for\u00e7a espiritual para interpretar esses momentos cruciais.<\/p>\n\n\n\n<h2 class=\"wp-block-heading\">O que esperar dos novos epis\u00f3dios?<\/h2>\n\n\n\n<p>A quinta temporada come\u00e7a com a entrada triunfal de <strong>Jesus<\/strong> em <strong>Jerusal\u00e9m<\/strong> montado num jumento, cercado pelos gritos de &#8220;Hosana&#8221; do povo. Mas logo a tens\u00e3o aumenta quando <strong>Jesus<\/strong> encontra o templo transformado num mercado corrupto. A s\u00e9rie mostra o momento em que <strong>Cristo<\/strong> vira as mesas dos comerciantes, expulsando todos do local sagrado.<\/p>\n\n\n\n<p>Os epis\u00f3dios seguem explorando os crescentes conflitos entre <strong>Jesus<\/strong> e os l\u00edderes religiosos. <strong>Caif\u00e1s<\/strong> e outros sumos sacerdotes se sentem amea\u00e7ados pela popularidade de <strong>Jesus<\/strong> e come\u00e7am a tramar contra ele. A temporada culmina na <strong>\u00daltima Ceia<\/strong>, momento em que <strong>Jesus<\/strong> se despede dos disc\u00edpulos e anuncia sua trai\u00e7\u00e3o. \u00c9 neste jantar que <strong>Judas<\/strong> toma a decis\u00e3o que mudar\u00e1 a hist\u00f3ria para sempre.<\/p>\n\n\n\n<h2 class=\"wp-block-heading\">Como foi a recep\u00e7\u00e3o nos cinemas brasileiros?<\/h2>\n\n\n\n<p>O <strong>Brasil<\/strong> se tornou um dos mercados mais importantes para <strong>The Chosen<\/strong> no mundo. Pesquisas mostram que 54% da popula\u00e7\u00e3o brasileira j\u00e1 ouviu falar da s\u00e9rie, n\u00famero maior que em qualquer outro pa\u00eds. A terceira temporada vendeu 120 mil ingressos em apenas uma semana, dez vezes mais que o esperado.<\/p>\n\n\n\n<p>A quarta temporada foi ainda melhor, permanecendo em cartaz por mais de quatro semanas e liderando a bilheteria nacional logo na estreia. Foram vendidos cerca de 1 milh\u00e3o de ingressos, crescimento de 700% comparado \u00e0 temporada anterior. Esse sucesso mostra como o p\u00fablico brasileiro se conectou com a forma \u00fanica que a s\u00e9rie tem de contar hist\u00f3rias b\u00edblicas.<\/p>\n\n\n\n<h2 class=\"wp-block-heading\">Quando chega ao streaming?<\/h2>\n\n\n\n<figure class=\"wp-block-embed is-type-video is-provider-youtube wp-block-embed-youtube wp-embed-aspect-16-9 wp-has-aspect-ratio\"><div class=\"wp-block-embed__wrapper\">\n<div class=\"jeg_video_container jeg_video_content\"><iframe loading=\"lazy\" title=\"The Chosen: \u00daltima Ceia (Temporada 5) | TRAILER DUBLADO\" width=\"500\" height=\"281\" src=\"https:\/\/www.youtube.com\/embed\/o519C3i0Jng?feature=oembed\" frameborder=\"0\" allow=\"accelerometer; autoplay; clipboard-write; encrypted-media; gyroscope; picture-in-picture; web-share\" referrerpolicy=\"strict-origin-when-cross-origin\" allowfullscreen><\/iframe><\/div>\n<\/div><\/figure>\n\n\n\n<p>Para quem perdeu nos cinemas, n\u00e3o precisa se desesperar. A quinta temporada estreia no <strong>Prime Video<\/strong> em 13 de julho de 2025, exclusivamente na plataforma por 90 dias. Depois desse per\u00edodo, os epis\u00f3dios tamb\u00e9m ficam dispon\u00edveis gratuitamente no aplicativo oficial de <strong>The Chosen<\/strong>.<\/p>\n\n\n\n<p>Nos <strong>Estados Unidos<\/strong>, a temporada chega ao streaming mais cedo, em 15 de junho. Ser\u00e3o oito epis\u00f3dios divididos em tr\u00eas partes, lan\u00e7adas semanalmente. As quatro temporadas anteriores j\u00e1 est\u00e3o dispon\u00edveis no <strong>Prime Video<\/strong> e na <strong>Netflix<\/strong> para quem quiser maratonar antes da nova temporada.<\/p>\n\n\n\n<h2 class=\"wp-block-heading\">O que vem depois da quinta temporada?<\/h2>\n\n\n\n<p>A boa not\u00edcia \u00e9 que <strong>The Chosen<\/strong> ainda tem muito ch\u00e3o pela frente. A sexta temporada j\u00e1 est\u00e1 em produ\u00e7\u00e3o e ser\u00e1 a pen\u00faltima da s\u00e9rie. <strong>Dallas Jenkins<\/strong> sempre disse que planeja sete temporadas para contar toda a hist\u00f3ria de <strong>Jesus<\/strong>, desde o nascimento at\u00e9 a ressurrei\u00e7\u00e3o.<\/p>\n\n\n\n<p>A s\u00e9rie tamb\u00e9m est\u00e1 expandindo seu universo. <strong>Jenkins<\/strong> dirigiu <strong>The Best Christmas Pageant Ever<\/strong>, filme natalino que chega aos cinemas em novembro. Al\u00e9m disso, os n\u00fameros de bilheteria mostram que existe um p\u00fablico gigante para esse tipo de conte\u00fado. Somando todas as temporadas, <strong>The Chosen<\/strong> j\u00e1 arrecadou quase <strong>US$ 140 milh\u00f5es<\/strong> em 55 pa\u00edses apenas com exibi\u00e7\u00f5es cinematogr\u00e1ficas.<\/p>\n","protected":false},"excerpt":{"rendered":"<p>The Chosen est\u00e1 de volta e promete emocionar como nunca. A quinta temporada, chamada \u00daltima Ceia, chegou aos cinemas brasileiros no dia 10 de abril e j\u00e1 est\u00e1 fazendo um sucesso tremendo. Jonathan Roumie volta como Jesus numa das fases mais desafiadoras da s\u00e9rie. A temporada conta os \u00faltimos dias de Cristo em Jerusal\u00e9m, desde [&hellip;]<\/p>\n","protected":false},"author":8,"featured_media":30265,"comment_status":"open","ping_status":"open","sticky":false,"template":"","format":"standard","meta":{"_yoast_wpseo_focuskw":"Jesus","_yoast_wpseo_title":"","_yoast_wpseo_metadesc":"A hist\u00f3ria de Jesus Cristo ganhou nova vida nesta s\u00e9rie que est\u00e1 entre as mais vistas do pa\u00eds. Veja por que ela comove tanta gente.","jnews-multi-image_gallery":[],"jnews_single_post":{"format":"standard"},"jnews_primary_category":[],"jnews_social_meta":[],"jnews_override_counter":[],"footnotes":""},"categories":[140],"tags":[4017,568,2040],"class_list":["post-30254","post","type-post","status-publish","format-standard","has-post-thumbnail","hentry","category-entretenimento","tag-jesus-cristo","tag-series-e-filmes","tag-the-chosen"],"yoast_head":"<!-- This site is optimized with the Yoast SEO plugin v24.6 - https:\/\/yoast.com\/wordpress\/plugins\/seo\/ -->\n<title>A emocionante s\u00e9rie sobre Jesus que conquistou milh\u00f5es de brasileiros - Correio Braziliense - Radar<\/title>\n<meta name=\"description\" content=\"A hist\u00f3ria de Jesus Cristo ganhou nova vida nesta s\u00e9rie que est\u00e1 entre as mais vistas do pa\u00eds. Veja por que ela comove tanta gente.\" \/>\n<meta name=\"robots\" content=\"index, follow, max-snippet:-1, max-image-preview:large, max-video-preview:-1\" \/>\n<link rel=\"canonical\" href=\"https:\/\/www.correiobraziliense.com.br\/cbradar\/a-emocionante-serie-sobre-jesus-que-conquistou-milhoes-de-brasileiros\/\" \/>\n<meta property=\"og:locale\" content=\"pt_BR\" \/>\n<meta property=\"og:type\" content=\"article\" \/>\n<meta property=\"og:title\" content=\"A emocionante s\u00e9rie sobre Jesus que conquistou milh\u00f5es de brasileiros - Correio Braziliense - Radar\" \/>\n<meta property=\"og:description\" content=\"A hist\u00f3ria de Jesus Cristo ganhou nova vida nesta s\u00e9rie que est\u00e1 entre as mais vistas do pa\u00eds. Veja por que ela comove tanta gente.\" \/>\n<meta property=\"og:url\" content=\"https:\/\/www.correiobraziliense.com.br\/cbradar\/a-emocionante-serie-sobre-jesus-que-conquistou-milhoes-de-brasileiros\/\" \/>\n<meta property=\"og:site_name\" content=\"Correio Braziliense - Radar\" \/>\n<meta property=\"article:published_time\" content=\"2025-04-30T09:50:00+00:00\" \/>\n<meta property=\"article:modified_time\" content=\"2025-07-02T14:58:09+00:00\" \/>\n<meta property=\"og:image\" content=\"https:\/\/www.correiobraziliense.com.br\/cbradar\/wp-content\/uploads\/2025\/04\/Edicoes-10-2.png\" \/>\n\t<meta property=\"og:image:width\" content=\"1280\" \/>\n\t<meta property=\"og:image:height\" content=\"720\" \/>\n\t<meta property=\"og:image:type\" content=\"image\/png\" \/>\n<meta name=\"author\" content=\"Maura Pereira\" \/>\n<meta name=\"twitter:card\" content=\"summary_large_image\" \/>\n<meta name=\"twitter:label1\" content=\"Escrito por\" \/>\n\t<meta name=\"twitter:data1\" content=\"Maura Pereira\" \/>\n\t<meta name=\"twitter:label2\" content=\"Est. tempo de leitura\" \/>\n\t<meta name=\"twitter:data2\" content=\"5 minutos\" \/>\n<!-- \/ Yoast SEO plugin. -->","yoast_head_json":{"title":"A emocionante s\u00e9rie sobre Jesus que conquistou milh\u00f5es de brasileiros - Correio Braziliense - Radar","description":"A hist\u00f3ria de Jesus Cristo ganhou nova vida nesta s\u00e9rie que est\u00e1 entre as mais vistas do pa\u00eds. Veja por que ela comove tanta gente.","robots":{"index":"index","follow":"follow","max-snippet":"max-snippet:-1","max-image-preview":"max-image-preview:large","max-video-preview":"max-video-preview:-1"},"canonical":"https:\/\/www.correiobraziliense.com.br\/cbradar\/a-emocionante-serie-sobre-jesus-que-conquistou-milhoes-de-brasileiros\/","og_locale":"pt_BR","og_type":"article","og_title":"A emocionante s\u00e9rie sobre Jesus que conquistou milh\u00f5es de brasileiros - Correio Braziliense - Radar","og_description":"A hist\u00f3ria de Jesus Cristo ganhou nova vida nesta s\u00e9rie que est\u00e1 entre as mais vistas do pa\u00eds. Veja por que ela comove tanta gente.","og_url":"https:\/\/www.correiobraziliense.com.br\/cbradar\/a-emocionante-serie-sobre-jesus-que-conquistou-milhoes-de-brasileiros\/","og_site_name":"Correio Braziliense - Radar","article_published_time":"2025-04-30T09:50:00+00:00","article_modified_time":"2025-07-02T14:58:09+00:00","og_image":[{"width":1280,"height":720,"url":"https:\/\/www.correiobraziliense.com.br\/cbradar\/wp-content\/uploads\/2025\/04\/Edicoes-10-2.png","type":"image\/png"}],"author":"Maura Pereira","twitter_card":"summary_large_image","twitter_misc":{"Escrito por":"Maura Pereira","Est. tempo de leitura":"5 minutos"},"schema":{"@context":"https:\/\/schema.org","@graph":[{"@type":"WebPage","@id":"https:\/\/www.correiobraziliense.com.br\/cbradar\/a-emocionante-serie-sobre-jesus-que-conquistou-milhoes-de-brasileiros\/","url":"https:\/\/www.correiobraziliense.com.br\/cbradar\/a-emocionante-serie-sobre-jesus-que-conquistou-milhoes-de-brasileiros\/","name":"A emocionante s\u00e9rie sobre Jesus que conquistou milh\u00f5es de brasileiros - Correio Braziliense - Radar","isPartOf":{"@id":"https:\/\/www.correiobraziliense.com.br\/cbradar\/#website"},"primaryImageOfPage":{"@id":"https:\/\/www.correiobraziliense.com.br\/cbradar\/a-emocionante-serie-sobre-jesus-que-conquistou-milhoes-de-brasileiros\/#primaryimage"},"image":{"@id":"https:\/\/www.correiobraziliense.com.br\/cbradar\/a-emocionante-serie-sobre-jesus-que-conquistou-milhoes-de-brasileiros\/#primaryimage"},"thumbnailUrl":"https:\/\/www.correiobraziliense.com.br\/cbradar\/wp-content\/uploads\/2025\/04\/Edicoes-10-2.png","datePublished":"2025-04-30T09:50:00+00:00","dateModified":"2025-07-02T14:58:09+00:00","author":{"@id":"https:\/\/www.correiobraziliense.com.br\/cbradar\/#\/schema\/person\/4053c651a9bfc785afc6f4cbc9032fd3"},"description":"A hist\u00f3ria de Jesus Cristo ganhou nova vida nesta s\u00e9rie que est\u00e1 entre as mais vistas do pa\u00eds. Veja por que ela comove tanta gente.","breadcrumb":{"@id":"https:\/\/www.correiobraziliense.com.br\/cbradar\/a-emocionante-serie-sobre-jesus-que-conquistou-milhoes-de-brasileiros\/#breadcrumb"},"inLanguage":"pt-BR","potentialAction":[{"@type":"ReadAction","target":["https:\/\/www.correiobraziliense.com.br\/cbradar\/a-emocionante-serie-sobre-jesus-que-conquistou-milhoes-de-brasileiros\/"]}]},{"@type":"ImageObject","inLanguage":"pt-BR","@id":"https:\/\/www.correiobraziliense.com.br\/cbradar\/a-emocionante-serie-sobre-jesus-que-conquistou-milhoes-de-brasileiros\/#primaryimage","url":"https:\/\/www.correiobraziliense.com.br\/cbradar\/wp-content\/uploads\/2025\/04\/Edicoes-10-2.png","contentUrl":"https:\/\/www.correiobraziliense.com.br\/cbradar\/wp-content\/uploads\/2025\/04\/Edicoes-10-2.png","width":1280,"height":720,"caption":"The Chosen \/\/ Reprodu\u00e7\u00e3o: IMDb (Foto\/Divulga\u00e7\u00e3o)"},{"@type":"BreadcrumbList","@id":"https:\/\/www.correiobraziliense.com.br\/cbradar\/a-emocionante-serie-sobre-jesus-que-conquistou-milhoes-de-brasileiros\/#breadcrumb","itemListElement":[{"@type":"ListItem","position":1,"name":"In\u00edcio","item":"https:\/\/www.correiobraziliense.com.br\/cbradar\/"},{"@type":"ListItem","position":2,"name":"A emocionante s\u00e9rie sobre Jesus que conquistou milh\u00f5es de brasileiros"}]},{"@type":"WebSite","@id":"https:\/\/www.correiobraziliense.com.br\/cbradar\/#website","url":"https:\/\/www.correiobraziliense.com.br\/cbradar\/","name":"Correio Braziliense - Radar","description":"Acompanhe as \u00faltimas not\u00edcias e fique bem informado sobre tudo o que acontece no Brasil e no mundo.","potentialAction":[{"@type":"SearchAction","target":{"@type":"EntryPoint","urlTemplate":"https:\/\/www.correiobraziliense.com.br\/cbradar\/?s={search_term_string}"},"query-input":{"@type":"PropertyValueSpecification","valueRequired":true,"valueName":"search_term_string"}}],"inLanguage":"pt-BR"},{"@type":"Person","@id":"https:\/\/www.correiobraziliense.com.br\/cbradar\/#\/schema\/person\/4053c651a9bfc785afc6f4cbc9032fd3","name":"Maura Pereira","image":{"@type":"ImageObject","inLanguage":"pt-BR","@id":"https:\/\/www.correiobraziliense.com.br\/cbradar\/#\/schema\/person\/image\/","url":"https:\/\/secure.gravatar.com\/avatar\/3effd6bdadfa447f15089c7f7144eaa6?s=96&d=mm&r=g","contentUrl":"https:\/\/secure.gravatar.com\/avatar\/3effd6bdadfa447f15089c7f7144eaa6?s=96&d=mm&r=g","caption":"Maura Pereira"},"sameAs":["https:\/\/www.correiobraziliense.com.br\/"],"url":"https:\/\/www.correiobraziliense.com.br\/cbradar\/author\/mauramyth\/"}]}},"_links":{"self":[{"href":"https:\/\/www.correiobraziliense.com.br\/cbradar\/wp-json\/wp\/v2\/posts\/30254","targetHints":{"allow":["GET"]}}],"collection":[{"href":"https:\/\/www.correiobraziliense.com.br\/cbradar\/wp-json\/wp\/v2\/posts"}],"about":[{"href":"https:\/\/www.correiobraziliense.com.br\/cbradar\/wp-json\/wp\/v2\/types\/post"}],"author":[{"embeddable":true,"href":"https:\/\/www.correiobraziliense.com.br\/cbradar\/wp-json\/wp\/v2\/users\/8"}],"replies":[{"embeddable":true,"href":"https:\/\/www.correiobraziliense.com.br\/cbradar\/wp-json\/wp\/v2\/comments?post=30254"}],"version-history":[{"count":9,"href":"https:\/\/www.correiobraziliense.com.br\/cbradar\/wp-json\/wp\/v2\/posts\/30254\/revisions"}],"predecessor-version":[{"id":63311,"href":"https:\/\/www.correiobraziliense.com.br\/cbradar\/wp-json\/wp\/v2\/posts\/30254\/revisions\/63311"}],"wp:featuredmedia":[{"embeddable":true,"href":"https:\/\/www.correiobraziliense.com.br\/cbradar\/wp-json\/wp\/v2\/media\/30265"}],"wp:attachment":[{"href":"https:\/\/www.correiobraziliense.com.br\/cbradar\/wp-json\/wp\/v2\/media?parent=30254"}],"wp:term":[{"taxonomy":"category","embeddable":true,"href":"https:\/\/www.correiobraziliense.com.br\/cbradar\/wp-json\/wp\/v2\/categories?post=30254"},{"taxonomy":"post_tag","embeddable":true,"href":"https:\/\/www.correiobraziliense.com.br\/cbradar\/wp-json\/wp\/v2\/tags?post=30254"}],"curies":[{"name":"wp","href":"https:\/\/api.w.org\/{rel}","templated":true}]}}