{"id":30375,"date":"2025-05-03T11:23:00","date_gmt":"2025-05-03T14:23:00","guid":{"rendered":"https:\/\/www.correiobraziliense.com.br\/cbradar\/?p=30375"},"modified":"2025-05-01T13:51:40","modified_gmt":"2025-05-01T16:51:40","slug":"o-kit-que-vai-salvar-suas-gripes-e-resfriados-doencas-comuns-que-podem-ser-resolvidas-facilmente","status":"publish","type":"post","link":"https:\/\/www.correiobraziliense.com.br\/cbradar\/o-kit-que-vai-salvar-suas-gripes-e-resfriados-doencas-comuns-que-podem-ser-resolvidas-facilmente\/","title":{"rendered":"O kit que vai salvar suas gripes e resfriados! Doen\u00e7as comuns que podem ser resolvidas facilmente!"},"content":{"rendered":"\n<p><strong>Gripes e <\/strong><a href=\"https:\/\/pt.wikipedia.org\/wiki\/Constipa\u00e7\u00e3o\" target=\"_blank\" rel=\"noreferrer noopener\"><strong>Resfriados<\/strong> <\/a>s\u00e3o as doen\u00e7as mais comuns na <strong>inf\u00e2ncia<\/strong>. Tosse, <strong>nariz escorrendo ou entupido<\/strong>, <strong>febre<\/strong> e <strong>irritabilidade<\/strong> s\u00e3o sintomas frequentes que causam <strong>desconforto<\/strong> aos pequenos e preocupa\u00e7\u00e3o aos pais. Embora sejam geralmente causadas por v\u00edrus e se curem sozinhas, \u00e9 <strong>FUNDAMENTAL<\/strong> entender que <strong>CRIAN\u00c7AS COM SINTOMAS DE GRIPE OU RESFRIADO SEMPRE REQUEREM AVALIA\u00c7\u00c3O M\u00c9DICA<\/strong>. O <strong>pediatra<\/strong> \u00e9 o \u00fanico profissional capaz de diagnosticar corretamente, acompanhar a evolu\u00e7\u00e3o e indicar o tratamento adequado, descartando <strong>complica\u00e7\u00f5es<\/strong> ou outras <strong>condi\u00e7\u00f5es<\/strong> que podem se manifestar com <strong>sintomas<\/strong> semelhantes. Para <strong>aliviar o desconforto leve<\/strong> e <strong>suportar a recupera\u00e7\u00e3o<\/strong> sob supervis\u00e3o <a href=\"https:\/\/www.correiobraziliense.com.br\/cbradar\/quem-ingere-esses-nutrientes-pode-dormir-ate-10x-melhor-todas-as-noites\/\" target=\"_blank\" rel=\"noreferrer noopener\">m\u00e9dica<\/a>, alguns <strong>m\u00e9todos naturais<\/strong> seguros para <strong>crian\u00e7as<\/strong> <strong>podem ser utilizados<\/strong>.<\/p>\n\n\n\n<p>Este guia apresenta sugest\u00f5es de <strong>m\u00e9todos naturais<\/strong> seguros para <strong>aliviar sintomas leves a moderados<\/strong> de <strong>Gripes<\/strong> e <strong>Resfriados<\/strong> em <strong>crian\u00e7as<\/strong>, como <strong>suporte<\/strong> ao tratamento e acompanhamento m\u00e9dico.<\/p>\n\n\n\n<p><strong>AVISO IMPORTANTE:<\/strong> As informa\u00e7\u00f5es aqui contidas s\u00e3o sobre <strong>m\u00e9todos naturais<\/strong> para <strong>aliviar <em>sintomas leves e tempor\u00e1rios<\/em> de Gripes e Resfriados em Crian\u00e7as<\/strong> como <strong>suporte<\/strong> ao cuidado m\u00e9dico. <strong>Eles N\u00c3O substituem o diagn\u00f3stico, tratamento ou aconselhamento m\u00e9dico profissional.<\/strong> <strong>CRIAN\u00c7AS COM QUALQUER SINTOMA DE GRIPE OU RESFRIADO DEVEM SER AVALIADAS PELO PEDIATRA.<\/strong> <strong>N\u00c3O use mel em crian\u00e7as menores de 1 ano.<\/strong> <strong>N\u00c3O use ch\u00e1s ou rem\u00e9dios naturais n\u00e3o especificamente indicados como seguros para crian\u00e7as sem orienta\u00e7\u00e3o pedi\u00e1trica.<\/strong><\/p>\n\n\n\n<h2 class=\"wp-block-heading\">Kit seguro de m\u00e9todos naturais para al\u00edvio de sintomas (crian\u00e7as)<\/h2>\n\n\n<div class=\"wp-block-image\">\n<figure class=\"aligncenter size-large\"><img decoding=\"async\" width=\"1024\" height=\"576\" src=\"https:\/\/www.correiobraziliense.com.br\/cbradar\/wp-content\/uploads\/2025\/03\/crianca_1741265231512-1024x576.jpg\" alt=\"O kit que vai salvar suas gripes e resfriados! Doen\u00e7as comuns que podem ser resolvidas facilmente!\" class=\"wp-image-9502\" srcset=\"https:\/\/www.correiobraziliense.com.br\/cbradar\/wp-content\/uploads\/2025\/03\/crianca_1741265231512-1024x576.jpg 1024w, https:\/\/www.correiobraziliense.com.br\/cbradar\/wp-content\/uploads\/2025\/03\/crianca_1741265231512-300x169.jpg 300w, https:\/\/www.correiobraziliense.com.br\/cbradar\/wp-content\/uploads\/2025\/03\/crianca_1741265231512-768x432.jpg 768w, https:\/\/www.correiobraziliense.com.br\/cbradar\/wp-content\/uploads\/2025\/03\/crianca_1741265231512-750x422.jpg 750w, https:\/\/www.correiobraziliense.com.br\/cbradar\/wp-content\/uploads\/2025\/03\/crianca_1741265231512-1140x641.jpg 1140w, https:\/\/www.correiobraziliense.com.br\/cbradar\/wp-content\/uploads\/2025\/03\/crianca_1741265231512.jpg 1280w\" sizes=\"(max-width: 1024px) 100vw, 1024px\" \/><figcaption class=\"wp-element-caption\">Crian\u00e7a &#8211; Cr\u00e9ditos: depositphotos.com \/ AlexLipa<\/figcaption><\/figure><\/div>\n\n\n<p>Tenha estes itens \u00e0 m\u00e3o para <strong>aliviar desconforto leve<\/strong> em <strong>crian\u00e7as<\/strong>, <strong>SEMPRE SOB ORIENTA\u00c7\u00c3O E SUPERVIS\u00c3O PEDI\u00c1TRICA<\/strong>:<\/p>\n\n\n\n<h3 class=\"wp-block-heading\">Para limpeza e desobstru\u00e7\u00e3o nasal<\/h3>\n\n\n\n<p>A <strong>congest\u00e3o nasal<\/strong> \u00e9 muito inc\u00f4moda para <strong>crian\u00e7as<\/strong>. <strong>Desobstruir<\/strong> o nariz <strong>ajuda na respira\u00e7\u00e3o<\/strong>, <strong>alimenta\u00e7\u00e3o<\/strong> e <strong>sono<\/strong>.<\/p>\n\n\n\n<ul class=\"wp-block-list\">\n<li><strong>Solu\u00e7\u00e3o Salina (Soro Fisiol\u00f3gico):<\/strong> \u00c9 o m\u00e9todo natural mais <strong>seguro<\/strong> e <strong>eficaz<\/strong> para <strong>crian\u00e7as<\/strong> de todas as idades. Limpa as vias nasais, <strong>reduz a congest\u00e3o<\/strong> e <strong>facilita a respira\u00e7\u00e3o<\/strong>.\n<ul class=\"wp-block-list\">\n<li><strong>Como usar:<\/strong> Use <strong>soro fisiol\u00f3gico 0,9%<\/strong> (em doses individuais ou frasco) com uma seringa sem agulha ou frasco aplicador espec\u00edfico para <strong>lavagem nasal infantil<\/strong>. Para beb\u00eas, use pequena quantidade em conta-gotas ou spray nasal infantil espec\u00edfico antes de aspirar suavemente o muco com um aspirador nasal. A <strong>\u00e1gua<\/strong> utilizada para misturar solu\u00e7\u00f5es salinas deve ser destilada, est\u00e9ril ou fervida e resfriada.<\/li>\n<\/ul>\n<\/li>\n\n\n\n<li><strong>Inala\u00e7\u00e3o de vapor:<\/strong> O <strong>vapor<\/strong><strong>hidrata<\/strong> as vias a\u00e9reas e pode <strong>ajudar a soltar o muco<\/strong>.\n<ul class=\"wp-block-list\">\n<li><strong>Como usar:<\/strong> Leve a <strong>crian\u00e7a<\/strong> para o banheiro e ligue o chuveiro quente, mantendo a porta fechada para criar <strong>vapor<\/strong>. Fique no banheiro com a <strong>crian\u00e7a<\/strong> por 10-15 minutos. <strong>NUNCA use tigelas com \u00e1gua quente para inala\u00e7\u00e3o em crian\u00e7as pelo risco de queimaduras.<\/strong><\/li>\n<\/ul>\n<\/li>\n<\/ul>\n\n\n\n<h3 class=\"wp-block-heading\">Para al\u00edvio da garganta irritada e tosse (suporte)<\/h3>\n\n\n\n<ul class=\"wp-block-list\">\n<li><strong>Hidrata\u00e7\u00e3o:<\/strong> Fundamental para manter as mucosas \u00famidas e <strong>ajudar a soltar o muco<\/strong>.\n<ul class=\"wp-block-list\">\n<li><strong>O que fazer:<\/strong> Ofere\u00e7a <strong>\u00e1gua<\/strong> com frequ\u00eancia. Para <strong>beb\u00eas<\/strong>, <strong>leite materno<\/strong> ou <strong>f\u00f3rmula infantil<\/strong> s\u00e3o a principal fonte de <strong>hidrata\u00e7\u00e3o<\/strong>. Para <strong>crian\u00e7as maiores<\/strong>, sucos de fruta natural dilu\u00eddos ou caldos de legumes mornos <strong>podem ajudar<\/strong>.<\/li>\n<\/ul>\n<\/li>\n\n\n\n<li><strong>Ch\u00e1s suaves (SEMPRE SOB ORIENTA\u00c7\u00c3O PEDI\u00c1TRICA):<\/strong> APENAS <strong>ch\u00e1s muito suaves<\/strong>, como <strong>Ch\u00e1 de Camomila<\/strong> puro (sem a\u00e7\u00facar) <strong>podem ser considerados<\/strong> para <strong>crian\u00e7as maiores<\/strong> (acima de 6 meses, dependendo da recomenda\u00e7\u00e3o do <strong>pediatra<\/strong>) para <strong>promover relaxamento<\/strong> e <strong>aliviar a irrita\u00e7\u00e3o<\/strong> na garganta. <strong>NUNCA use outros ch\u00e1s sem orienta\u00e7\u00e3o pedi\u00e1trica, muitos s\u00e3o perigosos para crian\u00e7as.<\/strong><\/li>\n\n\n\n<li><strong>Mel (APENAS PARA CRIAN\u00c7AS ACIMA DE 1 ANO E COM ORIENTA\u00c7\u00c3O PEDI\u00c1TRICA):<\/strong> <strong>N\u00c3O MEL PARA CRIAN\u00c7AS MENORES DE 1 ANO (risco de botulismo).<\/strong> Para <strong>crian\u00e7as maiores<\/strong> (acima de 1 ano), uma pequena quantidade de <strong>mel<\/strong> <strong>pode ajudar a acalmar a tosse<\/strong> e a garganta.<\/li>\n<\/ul>\n\n\n\n<h3 class=\"wp-block-heading\">Para conforto geral<\/h3>\n\n\n\n<ul class=\"wp-block-list\">\n<li><strong>Repouso:<\/strong> O <strong>corpo<\/strong> precisa de <strong>energia<\/strong> para se recuperar.<\/li>\n\n\n\n<li><strong>Ambiente aconchegante:<\/strong> Um ambiente tranquilo e confort\u00e1vel <strong>ajuda a crian\u00e7a a descansar<\/strong>.<\/li>\n\n\n\n<li><strong>Elevar a cabe\u00e7a:<\/strong> Para <strong>crian\u00e7as maiores<\/strong>, um travesseiro extra. Para <strong>beb\u00eas<\/strong>, elevar o colch\u00e3o na cabeceira do ber\u00e7o (com seguran\u00e7a, colocando algo firme sob o colch\u00e3o).<\/li>\n<\/ul>\n\n\n\n<p>Estes <strong>m\u00e9todos naturais<\/strong> s\u00e3o para <strong>aliviar sintomas leves a moderados<\/strong> de <strong>Gripes<\/strong> e <strong>Resfriados<\/strong> em <strong>crian\u00e7as<\/strong>, como <strong>suporte<\/strong> ao acompanhamento m\u00e9dico. <strong>Sinais de alerta requerem aten\u00e7\u00e3o m\u00e9dica imediata.<\/strong><\/p>\n\n\n\n<h2 class=\"wp-block-heading\">Quando buscar ajuda m\u00e9dica (IMEDIATAMENTE para crian\u00e7as)<\/h2>\n\n\n\n<p><strong>CRIAN\u00c7AS COM QUALQUER SINTOMA DE GRIPE OU RESFRIADO DEVEM SER AVALIADAS PELO PEDIATRA.<\/strong> <strong>Procure atendimento m\u00e9dico IMEDIATAMENTE<\/strong> se a <strong>crian\u00e7a<\/strong> apresentar:<\/p>\n\n\n\n<ul class=\"wp-block-list\">\n<li><strong>Febre alta<\/strong> (especialmente em <strong>beb\u00eas<\/strong> menores de 3 meses, qualquer <strong>febre<\/strong> <strong>requer m\u00e9dico<\/strong>).<\/li>\n\n\n\n<li><strong>Dificuldade para respirar<\/strong>, <strong>respira\u00e7\u00e3o r\u00e1pida<\/strong> ou <strong>ofegante<\/strong>.<\/li>\n\n\n\n<li><strong>L\u00e1bios ou pele azulados<\/strong>.<\/li>\n\n\n\n<li><strong>Tosse severa<\/strong> ou <strong>persistente<\/strong>.<\/li>\n\n\n\n<li><strong>Recusa alimentar<\/strong> ou <strong>sinais de desidrata\u00e7\u00e3o<\/strong> (menos urina, choro sem l\u00e1grimas).<\/li>\n\n\n\n<li><strong>Irritabilidade excessiva<\/strong> ou <strong>letargia<\/strong> (sonol\u00eancia incomum, dificuldade para despertar).<\/li>\n\n\n\n<li>Dor severa.<\/li>\n\n\n\n<li><strong>Sintomas que pioram<\/strong> ou <strong>n\u00e3o melhoram<\/strong> ap\u00f3s alguns dias.<\/li>\n\n\n\n<li>Dor de ouvido.<\/li>\n\n\n\n<li>Qualquer outra <strong>preocupa\u00e7\u00e3o<\/strong> dos pais.<\/li>\n<\/ul>\n\n\n\n<h2 class=\"wp-block-heading\">Perguntas frequentes sobre gripes, resfriados e m\u00e9todos naturais em crian\u00e7as<\/h2>\n\n\n\n<h3 class=\"wp-block-heading\">Lavagem nasal \u00e9 segura para beb\u00eas e crian\u00e7as?<\/h3>\n\n\n\n<p><strong>SIM<\/strong>, \u00e9 um dos m\u00e9todos <strong>mais seguros<\/strong> e <strong>altamente eficazes<\/strong> para <strong>aliviar a congest\u00e3o nasal<\/strong> em <strong>crian\u00e7as<\/strong> de todas as idades, <strong>melhorando a respira\u00e7\u00e3o<\/strong> e o <strong>conforto<\/strong>. Use <strong>soro fisiol\u00f3gico 0,9%<\/strong> e t\u00e9cnica suave adequada \u00e0 idade.<\/p>\n\n\n\n<h3 class=\"wp-block-heading\">Posso usar mel para tosse em meu beb\u00ea?<\/h3>\n\n\n\n<p><strong>N\u00c3O, JAMAIS d\u00ea mel a crian\u00e7as menores de 1 ano<\/strong> devido ao risco de botulismo infantil. Para <strong>crian\u00e7as maiores<\/strong> (acima de 1 ano), <strong>pode ser usado com orienta\u00e7\u00e3o pedi\u00e1trica<\/strong> em pequena quantidade para <strong>aliviar a tosse<\/strong>.<\/p>\n\n\n\n<h3 class=\"wp-block-heading\">Ch\u00e1s s\u00e3o seguros para crian\u00e7as doentes?<\/h3>\n\n\n\n<p><strong>APENAS ch\u00e1s muito suaves<\/strong> (como <strong>Ch\u00e1 de Camomila<\/strong> puro) <strong>podem ser considerados<\/strong> para <strong>crian\u00e7as maiores<\/strong> (acima de 6 meses, dependendo da recomenda\u00e7\u00e3o) <strong>SEMPRE sob orienta\u00e7\u00e3o e supervis\u00e3o pedi\u00e1trica<\/strong>. Muitos ch\u00e1s seguros para adultos <strong>s\u00e3o perigosos para crian\u00e7as<\/strong>.<\/p>\n\n\n\n<h3 class=\"wp-block-heading\">Quando um Resfriado ou Gripe em crian\u00e7a precisa de m\u00e9dico?<\/h3>\n\n\n\n<p><strong>SEMPRE<\/strong>. <strong>Crian\u00e7as com sintomas de Gripe ou Resfriado requerem avalia\u00e7\u00e3o pedi\u00e1trica<\/strong>. O <strong>pediatra<\/strong> acompanhar\u00e1 e indicar\u00e1 o que fazer. <strong>Sinais de alerta<\/strong> (febre alta, <strong>dificuldade respirat\u00f3ria<\/strong>, <strong>letargia<\/strong>, etc.) <strong>requerem avalia\u00e7\u00e3o IMEDIATA<\/strong>.<\/p>\n\n\n\n<h3 class=\"wp-block-heading\">Antibi\u00f3ticos s\u00e3o sempre necess\u00e1rios para Gripes\/Resfriados em crian\u00e7as?<\/h3>\n\n\n\n<p><strong>N\u00c3O<\/strong>. <strong>Gripes e Resfriados<\/strong> s\u00e3o virais e <strong>antibi\u00f3ticos n\u00e3o tratam v\u00edrus<\/strong>. <strong>Antibi\u00f3ticos<\/strong> s\u00e3o indicados APENAS se houver uma infec\u00e7\u00e3o bacteriana secund\u00e1ria (como pneumonia bacteriana ou otite bacteriana), diagnosticada pelo <strong>pediatra<\/strong>.<\/p>\n","protected":false},"excerpt":{"rendered":"<p>Gripes e Resfriados s\u00e3o as doen\u00e7as mais comuns na inf\u00e2ncia. Tosse, nariz escorrendo ou entupido, febre e irritabilidade s\u00e3o sintomas frequentes que causam desconforto aos pequenos e preocupa\u00e7\u00e3o aos pais. Embora sejam geralmente causadas por v\u00edrus e se curem sozinhas, \u00e9 FUNDAMENTAL entender que CRIAN\u00c7AS COM SINTOMAS DE GRIPE OU RESFRIADO SEMPRE REQUEREM AVALIA\u00c7\u00c3O M\u00c9DICA. [&hellip;]<\/p>\n","protected":false},"author":11,"featured_media":19021,"comment_status":"open","ping_status":"open","sticky":false,"template":"","format":"standard","meta":{"_yoast_wpseo_focuskw":"Kit natural","_yoast_wpseo_title":"","_yoast_wpseo_metadesc":"Kit natural com itens simples e eficazes promete aliviar os sintomas das gripes e resfriados de forma r\u00e1pida e acess\u00edvel.","jnews-multi-image_gallery":[],"jnews_single_post":{"format":"standard"},"jnews_primary_category":[],"jnews_social_meta":[],"jnews_override_counter":[],"footnotes":""},"categories":[119],"tags":[120,3104,565],"class_list":["post-30375","post","type-post","status-publish","format-standard","has-post-thumbnail","hentry","category-bem-estar","tag-bem-estar","tag-gripe","tag-saude"],"yoast_head":"<!-- This site is optimized with the Yoast SEO plugin v24.6 - https:\/\/yoast.com\/wordpress\/plugins\/seo\/ -->\n<title>O kit que vai salvar suas gripes e resfriados! Doen\u00e7as comuns que podem ser resolvidas facilmente! - Correio Braziliense - Radar<\/title>\n<meta name=\"description\" content=\"Kit natural com itens simples e eficazes promete aliviar os sintomas das gripes e resfriados de forma r\u00e1pida e acess\u00edvel.\" \/>\n<meta name=\"robots\" content=\"index, follow, max-snippet:-1, max-image-preview:large, max-video-preview:-1\" \/>\n<link rel=\"canonical\" href=\"https:\/\/www.correiobraziliense.com.br\/cbradar\/o-kit-que-vai-salvar-suas-gripes-e-resfriados-doencas-comuns-que-podem-ser-resolvidas-facilmente\/\" \/>\n<meta property=\"og:locale\" content=\"pt_BR\" \/>\n<meta property=\"og:type\" content=\"article\" \/>\n<meta property=\"og:title\" content=\"O kit que vai salvar suas gripes e resfriados! Doen\u00e7as comuns que podem ser resolvidas facilmente! - Correio Braziliense - Radar\" \/>\n<meta property=\"og:description\" content=\"Kit natural com itens simples e eficazes promete aliviar os sintomas das gripes e resfriados de forma r\u00e1pida e acess\u00edvel.\" \/>\n<meta property=\"og:url\" content=\"https:\/\/www.correiobraziliense.com.br\/cbradar\/o-kit-que-vai-salvar-suas-gripes-e-resfriados-doencas-comuns-que-podem-ser-resolvidas-facilmente\/\" \/>\n<meta property=\"og:site_name\" content=\"Correio Braziliense - Radar\" \/>\n<meta property=\"article:published_time\" content=\"2025-05-03T14:23:00+00:00\" \/>\n<meta property=\"og:image\" content=\"https:\/\/www.correiobraziliense.com.br\/cbradar\/wp-content\/uploads\/2025\/04\/mindfulness-crianca_1743686797788.jpg\" \/>\n\t<meta property=\"og:image:width\" content=\"1280\" \/>\n\t<meta property=\"og:image:height\" content=\"720\" \/>\n\t<meta property=\"og:image:type\" content=\"image\/jpeg\" \/>\n<meta name=\"author\" content=\"Paulo Custodio\" \/>\n<meta name=\"twitter:card\" content=\"summary_large_image\" \/>\n<meta name=\"twitter:label1\" content=\"Escrito por\" \/>\n\t<meta name=\"twitter:data1\" content=\"Paulo Custodio\" \/>\n\t<meta name=\"twitter:label2\" content=\"Est. tempo de leitura\" \/>\n\t<meta name=\"twitter:data2\" content=\"6 minutos\" \/>\n<!-- \/ Yoast SEO plugin. -->","yoast_head_json":{"title":"O kit que vai salvar suas gripes e resfriados! Doen\u00e7as comuns que podem ser resolvidas facilmente! - Correio Braziliense - Radar","description":"Kit natural com itens simples e eficazes promete aliviar os sintomas das gripes e resfriados de forma r\u00e1pida e acess\u00edvel.","robots":{"index":"index","follow":"follow","max-snippet":"max-snippet:-1","max-image-preview":"max-image-preview:large","max-video-preview":"max-video-preview:-1"},"canonical":"https:\/\/www.correiobraziliense.com.br\/cbradar\/o-kit-que-vai-salvar-suas-gripes-e-resfriados-doencas-comuns-que-podem-ser-resolvidas-facilmente\/","og_locale":"pt_BR","og_type":"article","og_title":"O kit que vai salvar suas gripes e resfriados! Doen\u00e7as comuns que podem ser resolvidas facilmente! - Correio Braziliense - Radar","og_description":"Kit natural com itens simples e eficazes promete aliviar os sintomas das gripes e resfriados de forma r\u00e1pida e acess\u00edvel.","og_url":"https:\/\/www.correiobraziliense.com.br\/cbradar\/o-kit-que-vai-salvar-suas-gripes-e-resfriados-doencas-comuns-que-podem-ser-resolvidas-facilmente\/","og_site_name":"Correio Braziliense - Radar","article_published_time":"2025-05-03T14:23:00+00:00","og_image":[{"width":1280,"height":720,"url":"https:\/\/www.correiobraziliense.com.br\/cbradar\/wp-content\/uploads\/2025\/04\/mindfulness-crianca_1743686797788.jpg","type":"image\/jpeg"}],"author":"Paulo Custodio","twitter_card":"summary_large_image","twitter_misc":{"Escrito por":"Paulo Custodio","Est. tempo de leitura":"6 minutos"},"schema":{"@context":"https:\/\/schema.org","@graph":[{"@type":"WebPage","@id":"https:\/\/www.correiobraziliense.com.br\/cbradar\/o-kit-que-vai-salvar-suas-gripes-e-resfriados-doencas-comuns-que-podem-ser-resolvidas-facilmente\/","url":"https:\/\/www.correiobraziliense.com.br\/cbradar\/o-kit-que-vai-salvar-suas-gripes-e-resfriados-doencas-comuns-que-podem-ser-resolvidas-facilmente\/","name":"O kit que vai salvar suas gripes e resfriados! Doen\u00e7as comuns que podem ser resolvidas facilmente! - Correio Braziliense - Radar","isPartOf":{"@id":"https:\/\/www.correiobraziliense.com.br\/cbradar\/#website"},"primaryImageOfPage":{"@id":"https:\/\/www.correiobraziliense.com.br\/cbradar\/o-kit-que-vai-salvar-suas-gripes-e-resfriados-doencas-comuns-que-podem-ser-resolvidas-facilmente\/#primaryimage"},"image":{"@id":"https:\/\/www.correiobraziliense.com.br\/cbradar\/o-kit-que-vai-salvar-suas-gripes-e-resfriados-doencas-comuns-que-podem-ser-resolvidas-facilmente\/#primaryimage"},"thumbnailUrl":"https:\/\/www.correiobraziliense.com.br\/cbradar\/wp-content\/uploads\/2025\/04\/mindfulness-crianca_1743686797788.jpg","datePublished":"2025-05-03T14:23:00+00:00","author":{"@id":"https:\/\/www.correiobraziliense.com.br\/cbradar\/#\/schema\/person\/4cec7857301a9a1a2ef249893cd908d3"},"description":"Kit natural com itens simples e eficazes promete aliviar os sintomas das gripes e resfriados de forma r\u00e1pida e acess\u00edvel.","breadcrumb":{"@id":"https:\/\/www.correiobraziliense.com.br\/cbradar\/o-kit-que-vai-salvar-suas-gripes-e-resfriados-doencas-comuns-que-podem-ser-resolvidas-facilmente\/#breadcrumb"},"inLanguage":"pt-BR","potentialAction":[{"@type":"ReadAction","target":["https:\/\/www.correiobraziliense.com.br\/cbradar\/o-kit-que-vai-salvar-suas-gripes-e-resfriados-doencas-comuns-que-podem-ser-resolvidas-facilmente\/"]}]},{"@type":"ImageObject","inLanguage":"pt-BR","@id":"https:\/\/www.correiobraziliense.com.br\/cbradar\/o-kit-que-vai-salvar-suas-gripes-e-resfriados-doencas-comuns-que-podem-ser-resolvidas-facilmente\/#primaryimage","url":"https:\/\/www.correiobraziliense.com.br\/cbradar\/wp-content\/uploads\/2025\/04\/mindfulness-crianca_1743686797788.jpg","contentUrl":"https:\/\/www.correiobraziliense.com.br\/cbradar\/wp-content\/uploads\/2025\/04\/mindfulness-crianca_1743686797788.jpg","width":1280,"height":720,"caption":"Mindfulness - Cr\u00e9ditos: depositphotos.com \/ saran_poroong"},{"@type":"BreadcrumbList","@id":"https:\/\/www.correiobraziliense.com.br\/cbradar\/o-kit-que-vai-salvar-suas-gripes-e-resfriados-doencas-comuns-que-podem-ser-resolvidas-facilmente\/#breadcrumb","itemListElement":[{"@type":"ListItem","position":1,"name":"In\u00edcio","item":"https:\/\/www.correiobraziliense.com.br\/cbradar\/"},{"@type":"ListItem","position":2,"name":"O kit que vai salvar suas gripes e resfriados! Doen\u00e7as comuns que podem ser resolvidas facilmente!"}]},{"@type":"WebSite","@id":"https:\/\/www.correiobraziliense.com.br\/cbradar\/#website","url":"https:\/\/www.correiobraziliense.com.br\/cbradar\/","name":"Correio Braziliense - Radar","description":"Acompanhe as \u00faltimas not\u00edcias e fique bem informado sobre tudo o que acontece no Brasil e no mundo.","potentialAction":[{"@type":"SearchAction","target":{"@type":"EntryPoint","urlTemplate":"https:\/\/www.correiobraziliense.com.br\/cbradar\/?s={search_term_string}"},"query-input":{"@type":"PropertyValueSpecification","valueRequired":true,"valueName":"search_term_string"}}],"inLanguage":"pt-BR"},{"@type":"Person","@id":"https:\/\/www.correiobraziliense.com.br\/cbradar\/#\/schema\/person\/4cec7857301a9a1a2ef249893cd908d3","name":"Paulo Custodio","image":{"@type":"ImageObject","inLanguage":"pt-BR","@id":"https:\/\/www.correiobraziliense.com.br\/cbradar\/#\/schema\/person\/image\/","url":"https:\/\/secure.gravatar.com\/avatar\/bcd67168d1534e8fcf4f45c726a87cea?s=96&d=mm&r=g","contentUrl":"https:\/\/secure.gravatar.com\/avatar\/bcd67168d1534e8fcf4f45c726a87cea?s=96&d=mm&r=g","caption":"Paulo Custodio"},"sameAs":["https:\/\/www.correiobraziliense.com.br\/cbradar"],"url":"https:\/\/www.correiobraziliense.com.br\/cbradar\/author\/paulomyth\/"}]}},"_links":{"self":[{"href":"https:\/\/www.correiobraziliense.com.br\/cbradar\/wp-json\/wp\/v2\/posts\/30375","targetHints":{"allow":["GET"]}}],"collection":[{"href":"https:\/\/www.correiobraziliense.com.br\/cbradar\/wp-json\/wp\/v2\/posts"}],"about":[{"href":"https:\/\/www.correiobraziliense.com.br\/cbradar\/wp-json\/wp\/v2\/types\/post"}],"author":[{"embeddable":true,"href":"https:\/\/www.correiobraziliense.com.br\/cbradar\/wp-json\/wp\/v2\/users\/11"}],"replies":[{"embeddable":true,"href":"https:\/\/www.correiobraziliense.com.br\/cbradar\/wp-json\/wp\/v2\/comments?post=30375"}],"version-history":[{"count":2,"href":"https:\/\/www.correiobraziliense.com.br\/cbradar\/wp-json\/wp\/v2\/posts\/30375\/revisions"}],"predecessor-version":[{"id":30479,"href":"https:\/\/www.correiobraziliense.com.br\/cbradar\/wp-json\/wp\/v2\/posts\/30375\/revisions\/30479"}],"wp:featuredmedia":[{"embeddable":true,"href":"https:\/\/www.correiobraziliense.com.br\/cbradar\/wp-json\/wp\/v2\/media\/19021"}],"wp:attachment":[{"href":"https:\/\/www.correiobraziliense.com.br\/cbradar\/wp-json\/wp\/v2\/media?parent=30375"}],"wp:term":[{"taxonomy":"category","embeddable":true,"href":"https:\/\/www.correiobraziliense.com.br\/cbradar\/wp-json\/wp\/v2\/categories?post=30375"},{"taxonomy":"post_tag","embeddable":true,"href":"https:\/\/www.correiobraziliense.com.br\/cbradar\/wp-json\/wp\/v2\/tags?post=30375"}],"curies":[{"name":"wp","href":"https:\/\/api.w.org\/{rel}","templated":true}]}}