{"id":30403,"date":"2025-05-01T17:30:00","date_gmt":"2025-05-01T20:30:00","guid":{"rendered":"https:\/\/www.correiobraziliense.com.br\/cbradar\/?p=30403"},"modified":"2025-04-30T16:32:04","modified_gmt":"2025-04-30T19:32:04","slug":"pasta-de-amendoim-traz-beneficios-surpreendentes-para-sua-saude-conheca","status":"publish","type":"post","link":"https:\/\/www.correiobraziliense.com.br\/cbradar\/pasta-de-amendoim-traz-beneficios-surpreendentes-para-sua-saude-conheca\/","title":{"rendered":"Pasta de amendoim traz benef\u00edcios surpreendentes para sua sa\u00fade, conhe\u00e7a"},"content":{"rendered":"\n<p>A pasta de amendoim \u00e9 um alimento que, apesar de ser cal\u00f3rico, oferece uma variedade de nutrientes essenciais. Rica em gorduras saud\u00e1veis, prote\u00ednas, vitaminas e minerais, ela se destaca como uma op\u00e7\u00e3o nutritiva para diversas dietas. Entre os minerais presentes, destacam-se o magn\u00e9sio, o ferro e o zinco, que desempenham pap\u00e9is cruciais no funcionamento do organismo.<\/p>\n\n\n\n<p>Este alimento \u00e9 especialmente ben\u00e9fico para aqueles que praticam atividades f\u00edsicas regularmente. A pasta de amendoim auxilia na hipertrofia muscular, previne c\u00e3ibras e reduz a fadiga muscular, sendo uma excelente aliada para quem busca melhorar o desempenho nos treinos. Al\u00e9m disso, o magn\u00e9sio presente na pasta de amendoim contribui para o fortalecimento dos ossos e combate a perda \u00f3ssea.<\/p>\n\n\n\n<h2 class=\"wp-block-heading\"><strong>Como a pasta de amendoim fortalece o sistema imunol\u00f3gico?<\/strong><\/h2>\n\n\n\n<p>A pasta de amendoim \u00e9 uma fonte rica de vitamina E, B6 e antioxidantes, nutrientes que s\u00e3o fundamentais para o fortalecimento do sistema imunol\u00f3gico. Esses componentes ajudam a proteger as c\u00e9lulas do corpo contra danos, promovendo uma resposta imunol\u00f3gica mais eficaz. O consumo regular desse alimento pode, portanto, ser uma estrat\u00e9gia eficaz para refor\u00e7ar as defesas naturais do organismo.<\/p>\n\n\n\n<figure class=\"wp-block-image size-large\"><img decoding=\"async\" width=\"1024\" height=\"576\" src=\"https:\/\/www.correiobraziliense.com.br\/cbradar\/wp-content\/uploads\/2025\/04\/Pasta-de-Amendoim_1746021777170-1024x576.jpg\" alt=\"Pasta de amendoim traz benef\u00edcios surpreendentes para sua sa\u00fade, conhe\u00e7a\" class=\"wp-image-30404\" srcset=\"https:\/\/www.correiobraziliense.com.br\/cbradar\/wp-content\/uploads\/2025\/04\/Pasta-de-Amendoim_1746021777170-1024x576.jpg 1024w, https:\/\/www.correiobraziliense.com.br\/cbradar\/wp-content\/uploads\/2025\/04\/Pasta-de-Amendoim_1746021777170-300x169.jpg 300w, https:\/\/www.correiobraziliense.com.br\/cbradar\/wp-content\/uploads\/2025\/04\/Pasta-de-Amendoim_1746021777170-768x432.jpg 768w, https:\/\/www.correiobraziliense.com.br\/cbradar\/wp-content\/uploads\/2025\/04\/Pasta-de-Amendoim_1746021777170-750x422.jpg 750w, https:\/\/www.correiobraziliense.com.br\/cbradar\/wp-content\/uploads\/2025\/04\/Pasta-de-Amendoim_1746021777170-1140x641.jpg 1140w, https:\/\/www.correiobraziliense.com.br\/cbradar\/wp-content\/uploads\/2025\/04\/Pasta-de-Amendoim_1746021777170.jpg 1280w\" sizes=\"(max-width: 1024px) 100vw, 1024px\" \/><figcaption class=\"wp-element-caption\">Pasta de Amendoim.Cr\u00e9ditos: depositphotos.com \/ AntonMatyukha<\/figcaption><\/figure>\n\n\n\n<p>Al\u00e9m disso, o consumo frequente de pasta de amendoim est\u00e1 associado a uma redu\u00e7\u00e3o significativa no risco de desenvolver diabetes tipo 2. Isso se deve \u00e0 presen\u00e7a de fibras e \u00f4mega 9, que ajudam a regular os n\u00edveis de a\u00e7\u00facar no sangue e melhoram a sensibilidade \u00e0 insulina.<\/p>\n\n\n\n<h2 class=\"wp-block-heading\"><strong>Quais s\u00e3o os efeitos da pasta de amendoim no controle de peso?<\/strong><\/h2>\n\n\n\n<p>Embora a pasta de amendoim seja cal\u00f3rica, ela pode ser uma aliada na perda de peso. Isso ocorre porque ela aumenta a sensa\u00e7\u00e3o de saciedade, o que pode levar a uma redu\u00e7\u00e3o na ingest\u00e3o cal\u00f3rica total. Al\u00e9m disso, a pasta de amendoim estimula a queima de gordura localizada, contribuindo para um controle de peso mais eficaz.<\/p>\n\n\n\n<p>Outro benef\u00edcio importante \u00e9 a prote\u00e7\u00e3o que a pasta de amendoim oferece ao c\u00e9rebro. Rica em niacina, ela ajuda a preservar a mem\u00f3ria e pode proteger contra doen\u00e7as neurodegenerativas, como o Alzheimer.<\/p>\n\n\n\n<h2 class=\"wp-block-heading\"><strong>Cuidados ao consumir pasta de amendoim<\/strong><\/h2>\n\n\n\n<p>Apesar dos in\u00fameros benef\u00edcios, \u00e9 importante consumir a pasta de amendoim com modera\u00e7\u00e3o. \u00c9 essencial escolher produtos de boa proced\u00eancia, prestando aten\u00e7\u00e3o aos r\u00f3tulos para evitar a\u00e7\u00facares adicionados, aditivos e outros ingredientes indesej\u00e1veis. A escolha de uma pasta de amendoim natural, sem conservantes, garante que os benef\u00edcios sejam aproveitados ao m\u00e1ximo.<\/p>\n\n\n\n<p>Por fim, a pasta de amendoim tamb\u00e9m contribui para a sa\u00fade do cora\u00e7\u00e3o. Ela ajuda a equilibrar os n\u00edveis de colesterol e a reduzir os triglic\u00e9rides, promovendo uma melhor sa\u00fade cardiovascular. Portanto, quando consumida de forma adequada, a pasta de amendoim pode ser uma adi\u00e7\u00e3o valiosa a uma dieta equilibrada.<\/p>\n","protected":false},"excerpt":{"rendered":"<p>Descubra os benef\u00edcios da pasta de amendoim para a sa\u00fade, desempenho esportivo, sistema imunol\u00f3gico e controle de peso.<\/p>\n","protected":false},"author":3,"featured_media":30406,"comment_status":"open","ping_status":"open","sticky":false,"template":"","format":"standard","meta":{"_yoast_wpseo_focuskw":"Benef\u00edcios da Pasta de Amendoim","_yoast_wpseo_title":"%%title%%","_yoast_wpseo_metadesc":"Descubra os benef\u00edcios da pasta de amendoim para a sa\u00fade, desempenho esportivo, sistema imunol\u00f3gico e controle de peso.","jnews-multi-image_gallery":[],"jnews_single_post":{"format":"standard"},"jnews_primary_category":[],"jnews_social_meta":[],"jnews_override_counter":[],"footnotes":""},"categories":[112],"post_tag":[281,4048],"class_list":["post-30403","post","type-post","status-publish","format-standard","has-post-thumbnail","hentry","category-curiosidades","tag-alimentacao","tag-pasta-de-amendoim"],"yoast_head":"<!-- This site is optimized with the Yoast SEO plugin v24.6 - https:\/\/yoast.com\/wordpress\/plugins\/seo\/ -->\n<title>Pasta de amendoim traz benef\u00edcios surpreendentes para sua sa\u00fade, conhe\u00e7a<\/title>\n<meta name=\"description\" content=\"Descubra os benef\u00edcios da pasta de amendoim para a sa\u00fade, desempenho esportivo, sistema imunol\u00f3gico e controle de peso.\" \/>\n<meta name=\"robots\" content=\"index, follow, max-snippet:-1, max-image-preview:large, max-video-preview:-1\" \/>\n<link rel=\"canonical\" href=\"https:\/\/www.correiobraziliense.com.br\/cbradar\/pasta-de-amendoim-traz-beneficios-surpreendentes-para-sua-saude-conheca\/\" \/>\n<meta property=\"og:locale\" content=\"pt_BR\" \/>\n<meta property=\"og:type\" content=\"article\" \/>\n<meta property=\"og:title\" content=\"Pasta de amendoim traz benef\u00edcios surpreendentes para sua sa\u00fade, conhe\u00e7a\" \/>\n<meta property=\"og:description\" content=\"Descubra os benef\u00edcios da pasta de amendoim para a sa\u00fade, desempenho esportivo, sistema imunol\u00f3gico e controle de peso.\" \/>\n<meta property=\"og:url\" content=\"https:\/\/www.correiobraziliense.com.br\/cbradar\/pasta-de-amendoim-traz-beneficios-surpreendentes-para-sua-saude-conheca\/\" \/>\n<meta property=\"og:site_name\" content=\"Correio Braziliense - Radar\" \/>\n<meta property=\"article:published_time\" content=\"2025-05-01T20:30:00+00:00\" \/>\n<meta property=\"og:image\" content=\"https:\/\/www.correiobraziliense.com.br\/cbradar\/wp-content\/uploads\/2025\/04\/Pasta-de-Amendoim_1746021913120.jpg\" \/>\n\t<meta property=\"og:image:width\" content=\"1280\" \/>\n\t<meta property=\"og:image:height\" content=\"720\" \/>\n\t<meta property=\"og:image:type\" content=\"image\/jpeg\" \/>\n<meta name=\"author\" content=\"Larissa Carvalho\" \/>\n<meta name=\"twitter:card\" content=\"summary_large_image\" \/>\n<meta name=\"twitter:label1\" content=\"Escrito por\" \/>\n\t<meta name=\"twitter:data1\" content=\"Larissa Carvalho\" \/>\n\t<meta name=\"twitter:label2\" content=\"Est. tempo de leitura\" \/>\n\t<meta name=\"twitter:data2\" content=\"3 minutos\" \/>\n<!-- \/ Yoast SEO plugin. -->","yoast_head_json":{"title":"Pasta de amendoim traz benef\u00edcios surpreendentes para sua sa\u00fade, conhe\u00e7a","description":"Descubra os benef\u00edcios da pasta de amendoim para a sa\u00fade, desempenho esportivo, sistema imunol\u00f3gico e controle de peso.","robots":{"index":"index","follow":"follow","max-snippet":"max-snippet:-1","max-image-preview":"max-image-preview:large","max-video-preview":"max-video-preview:-1"},"canonical":"https:\/\/www.correiobraziliense.com.br\/cbradar\/pasta-de-amendoim-traz-beneficios-surpreendentes-para-sua-saude-conheca\/","og_locale":"pt_BR","og_type":"article","og_title":"Pasta de amendoim traz benef\u00edcios surpreendentes para sua sa\u00fade, conhe\u00e7a","og_description":"Descubra os benef\u00edcios da pasta de amendoim para a sa\u00fade, desempenho esportivo, sistema imunol\u00f3gico e controle de peso.","og_url":"https:\/\/www.correiobraziliense.com.br\/cbradar\/pasta-de-amendoim-traz-beneficios-surpreendentes-para-sua-saude-conheca\/","og_site_name":"Correio Braziliense - Radar","article_published_time":"2025-05-01T20:30:00+00:00","og_image":[{"width":1280,"height":720,"url":"https:\/\/www.correiobraziliense.com.br\/cbradar\/wp-content\/uploads\/2025\/04\/Pasta-de-Amendoim_1746021913120.jpg","type":"image\/jpeg"}],"author":"Larissa Carvalho","twitter_card":"summary_large_image","twitter_misc":{"Escrito por":"Larissa Carvalho","Est. tempo de leitura":"3 minutos"},"schema":{"@context":"https:\/\/schema.org","@graph":[{"@type":"WebPage","@id":"https:\/\/www.correiobraziliense.com.br\/cbradar\/pasta-de-amendoim-traz-beneficios-surpreendentes-para-sua-saude-conheca\/","url":"https:\/\/www.correiobraziliense.com.br\/cbradar\/pasta-de-amendoim-traz-beneficios-surpreendentes-para-sua-saude-conheca\/","name":"Pasta de amendoim traz benef\u00edcios surpreendentes para sua sa\u00fade, conhe\u00e7a","isPartOf":{"@id":"https:\/\/www.correiobraziliense.com.br\/cbradar\/#website"},"primaryImageOfPage":{"@id":"https:\/\/www.correiobraziliense.com.br\/cbradar\/pasta-de-amendoim-traz-beneficios-surpreendentes-para-sua-saude-conheca\/#primaryimage"},"image":{"@id":"https:\/\/www.correiobraziliense.com.br\/cbradar\/pasta-de-amendoim-traz-beneficios-surpreendentes-para-sua-saude-conheca\/#primaryimage"},"thumbnailUrl":"https:\/\/www.correiobraziliense.com.br\/cbradar\/wp-content\/uploads\/2025\/04\/Pasta-de-Amendoim_1746021913120.jpg","datePublished":"2025-05-01T20:30:00+00:00","author":{"@id":"https:\/\/www.correiobraziliense.com.br\/cbradar\/#\/schema\/person\/58422787644df994b53a19d3e56c1513"},"description":"Descubra os benef\u00edcios da pasta de amendoim para a sa\u00fade, desempenho esportivo, sistema imunol\u00f3gico e controle de peso.","breadcrumb":{"@id":"https:\/\/www.correiobraziliense.com.br\/cbradar\/pasta-de-amendoim-traz-beneficios-surpreendentes-para-sua-saude-conheca\/#breadcrumb"},"inLanguage":"pt-BR","potentialAction":[{"@type":"ReadAction","target":["https:\/\/www.correiobraziliense.com.br\/cbradar\/pasta-de-amendoim-traz-beneficios-surpreendentes-para-sua-saude-conheca\/"]}]},{"@type":"ImageObject","inLanguage":"pt-BR","@id":"https:\/\/www.correiobraziliense.com.br\/cbradar\/pasta-de-amendoim-traz-beneficios-surpreendentes-para-sua-saude-conheca\/#primaryimage","url":"https:\/\/www.correiobraziliense.com.br\/cbradar\/wp-content\/uploads\/2025\/04\/Pasta-de-Amendoim_1746021913120.jpg","contentUrl":"https:\/\/www.correiobraziliense.com.br\/cbradar\/wp-content\/uploads\/2025\/04\/Pasta-de-Amendoim_1746021913120.jpg","width":1280,"height":720,"caption":"Pasta de Amendoim.Cr\u00e9ditos: depositphotos.com \/ AntonMatyukha"},{"@type":"BreadcrumbList","@id":"https:\/\/www.correiobraziliense.com.br\/cbradar\/pasta-de-amendoim-traz-beneficios-surpreendentes-para-sua-saude-conheca\/#breadcrumb","itemListElement":[{"@type":"ListItem","position":1,"name":"In\u00edcio","item":"https:\/\/www.correiobraziliense.com.br\/cbradar\/"},{"@type":"ListItem","position":2,"name":"Pasta de amendoim traz benef\u00edcios surpreendentes para sua sa\u00fade, conhe\u00e7a"}]},{"@type":"WebSite","@id":"https:\/\/www.correiobraziliense.com.br\/cbradar\/#website","url":"https:\/\/www.correiobraziliense.com.br\/cbradar\/","name":"Correio Braziliense - Radar","description":"Acompanhe as \u00faltimas not\u00edcias e fique bem informado sobre tudo o que acontece no Brasil e no mundo.","potentialAction":[{"@type":"SearchAction","target":{"@type":"EntryPoint","urlTemplate":"https:\/\/www.correiobraziliense.com.br\/cbradar\/?s={search_term_string}"},"query-input":{"@type":"PropertyValueSpecification","valueRequired":true,"valueName":"search_term_string"}}],"inLanguage":"pt-BR"},{"@type":"Person","@id":"https:\/\/www.correiobraziliense.com.br\/cbradar\/#\/schema\/person\/58422787644df994b53a19d3e56c1513","name":"Larissa Carvalho","image":{"@type":"ImageObject","inLanguage":"pt-BR","@id":"https:\/\/www.correiobraziliense.com.br\/cbradar\/#\/schema\/person\/image\/","url":"https:\/\/secure.gravatar.com\/avatar\/fe4f91a0de32b52a838d0d612abdc1aa?s=96&d=mm&r=g","contentUrl":"https:\/\/secure.gravatar.com\/avatar\/fe4f91a0de32b52a838d0d612abdc1aa?s=96&d=mm&r=g","caption":"Larissa Carvalho"},"url":"https:\/\/www.correiobraziliense.com.br\/cbradar\/author\/larissamyth\/"}]}},"_links":{"self":[{"href":"https:\/\/www.correiobraziliense.com.br\/cbradar\/wp-json\/wp\/v2\/posts\/30403","targetHints":{"allow":["GET"]}}],"collection":[{"href":"https:\/\/www.correiobraziliense.com.br\/cbradar\/wp-json\/wp\/v2\/posts"}],"about":[{"href":"https:\/\/www.correiobraziliense.com.br\/cbradar\/wp-json\/wp\/v2\/types\/post"}],"author":[{"embeddable":true,"href":"https:\/\/www.correiobraziliense.com.br\/cbradar\/wp-json\/wp\/v2\/users\/3"}],"replies":[{"embeddable":true,"href":"https:\/\/www.correiobraziliense.com.br\/cbradar\/wp-json\/wp\/v2\/comments?post=30403"}],"version-history":[{"count":2,"href":"https:\/\/www.correiobraziliense.com.br\/cbradar\/wp-json\/wp\/v2\/posts\/30403\/revisions"}],"predecessor-version":[{"id":30511,"href":"https:\/\/www.correiobraziliense.com.br\/cbradar\/wp-json\/wp\/v2\/posts\/30403\/revisions\/30511"}],"wp:featuredmedia":[{"embeddable":true,"href":"https:\/\/www.correiobraziliense.com.br\/cbradar\/wp-json\/wp\/v2\/media\/30406"}],"wp:attachment":[{"href":"https:\/\/www.correiobraziliense.com.br\/cbradar\/wp-json\/wp\/v2\/media?parent=30403"}],"wp:term":[{"taxonomy":"category","embeddable":true,"href":"https:\/\/www.correiobraziliense.com.br\/cbradar\/wp-json\/wp\/v2\/categories?post=30403"},{"taxonomy":"post_tag","embeddable":true,"href":"https:\/\/www.correiobraziliense.com.br\/cbradar\/wp-json\/wp\/v2\/post_tag?post=30403"}],"curies":[{"name":"wp","href":"https:\/\/api.w.org\/{rel}","templated":true}]}}