{"id":30458,"date":"2025-05-01T08:10:00","date_gmt":"2025-05-01T11:10:00","guid":{"rendered":"https:\/\/www.correiobraziliense.com.br\/cbradar\/?p=30458"},"modified":"2025-04-30T12:28:49","modified_gmt":"2025-04-30T15:28:49","slug":"conheca-as-ferramentas-essenciais-para-cuidar-da-sua-horta-em-casa","status":"publish","type":"post","link":"https:\/\/www.correiobraziliense.com.br\/cbradar\/conheca-as-ferramentas-essenciais-para-cuidar-da-sua-horta-em-casa\/","title":{"rendered":"Conhe\u00e7a as ferramentas essenciais para cuidar da sua horta em casa"},"content":{"rendered":"\n<p><strong>Montar e cuidar de uma horta <\/strong>exige mais do que dedica\u00e7\u00e3o e carinho pelas plantas: requer tamb\u00e9m o uso correto das ferramentas. Seja para <strong>cavar<\/strong>, <strong>plantar<\/strong>, <a href=\"https:\/\/www.correiobraziliense.com.br\/cbradar\/como-usar-borra-de-cafe-na-horta-para-fortalecer-suas-plantas\/\" target=\"_blank\" rel=\"noreferrer noopener\">adubar <\/a>ou manter tudo limpo e saud\u00e1vel, as ferramentas certas fazem toda a diferen\u00e7a na produtividade, na ergonomia e na sa\u00fade das plantas. Com os utens\u00edlios adequados, o trabalho na horta se torna mais leve, eficiente e prazeroso.<\/p>\n\n\n\n<h2 class=\"wp-block-heading\">Quais s\u00e3o as ferramentas essenciais para iniciar uma horta?<\/h2>\n\n\n\n<p>Para quem est\u00e1 come\u00e7ando, \u00e9 importante ter um conjunto b\u00e1sico de ferramentas que atendam \u00e0s principais atividades da horta:<\/p>\n\n\n\n<ul class=\"wp-block-list\">\n<li><strong>Pazinha de m\u00e3o<\/strong>: utilizada para cavar buracos pequenos, plantar mudas e manusear o solo em vasos ou canteiros.<\/li>\n\n\n\n<li><strong>Garfo de m\u00e3o<\/strong>: \u00f3timo para afofar a terra e descompactar o solo sem danificar as ra\u00edzes.<\/li>\n\n\n\n<li><strong>Tesoura de poda<\/strong>: essencial para cortar folhas, galhos finos e colher hortali\u00e7as com precis\u00e3o.<\/li>\n\n\n\n<li><strong>Regador ou mangueira com bico dosador<\/strong>: garante uma irriga\u00e7\u00e3o controlada e uniforme.<\/li>\n\n\n\n<li><strong>Luvas de jardinagem<\/strong>: protegem as m\u00e3os de espinhos, sujeira e produtos qu\u00edmicos.<\/li>\n<\/ul>\n\n\n\n<p>Essas ferramentas s\u00e3o ideais para hortas dom\u00e9sticas, seja em quintais, varandas ou at\u00e9 mesmo hortas verticais.<\/p>\n\n\n\n<h2 class=\"wp-block-heading\">Como escolher ferramentas de boa qualidade para sua horta?<\/h2>\n\n\n\n<p>A durabilidade e a efici\u00eancia das ferramentas dependem diretamente dos materiais com que s\u00e3o feitas. Ao escolher, d\u00ea prefer\u00eancia a modelos com as seguintes caracter\u00edsticas:<\/p>\n\n\n\n<ul class=\"wp-block-list\">\n<li>Cabos em <strong>madeira tratada<\/strong>, <strong>metal<\/strong> ou <strong>fibra de vidro<\/strong>, que oferecem maior resist\u00eancia.<\/li>\n\n\n\n<li>L\u00e2minas em <strong>a\u00e7o inoxid\u00e1vel<\/strong> ou <strong>a\u00e7o carbono temperado<\/strong>, que n\u00e3o enferrujam facilmente.<\/li>\n\n\n\n<li>Empunhaduras ergon\u00f4micas e antiderrapantes para evitar les\u00f5es.<\/li>\n\n\n\n<li>Marcas com boa reputa\u00e7\u00e3o, como <strong>Tramontina<\/strong>, <strong>Fiskars<\/strong>, <strong>Bellota<\/strong> ou <strong>Trapp<\/strong>, garantem maior seguran\u00e7a e durabilidade.<\/li>\n<\/ul>\n\n\n\n<h2 class=\"wp-block-heading\">Quais ferramentas ajudam no preparo do solo da horta?<\/h2>\n\n\n\n<p>Antes de plantar, \u00e9 fundamental preparar o solo com ferramentas espec\u00edficas para garantir a aera\u00e7\u00e3o e a fertilidade:<\/p>\n\n\n\n<ul class=\"wp-block-list\">\n<li><strong>Enxada<\/strong>: usada para revolver a terra, misturar adubos e formar canteiros.<\/li>\n\n\n\n<li><strong>Sacho<\/strong>: ideal para capinar \u00e1reas pequenas e quebrar torr\u00f5es.<\/li>\n\n\n\n<li><strong>Cultivador de tr\u00eas dentes<\/strong>: muito \u00fatil para soltar a terra entre as plantas sem danificar ra\u00edzes.<\/li>\n\n\n\n<li><strong>Ancinho de jardim<\/strong>: utilizado para nivelar a terra e remover folhas ou restos org\u00e2nicos do solo.<\/li>\n<\/ul>\n\n\n\n<p>Essas ferramentas s\u00e3o indispens\u00e1veis para criar um ambiente favor\u00e1vel ao crescimento das plantas.<\/p>\n\n\n<div class=\"wp-block-image\">\n<figure class=\"aligncenter size-large\"><img decoding=\"async\" width=\"1024\" height=\"576\" src=\"https:\/\/www.correiobraziliense.com.br\/cbradar\/wp-content\/uploads\/2025\/05\/ferramentas-horta_1746026784929-1024x576.jpg\" alt=\"Conhe\u00e7a as ferramentas essenciais para cuidar da sua horta em casa\" class=\"wp-image-30483\" srcset=\"https:\/\/www.correiobraziliense.com.br\/cbradar\/wp-content\/uploads\/2025\/05\/ferramentas-horta_1746026784929-1024x576.jpg 1024w, https:\/\/www.correiobraziliense.com.br\/cbradar\/wp-content\/uploads\/2025\/05\/ferramentas-horta_1746026784929-300x169.jpg 300w, https:\/\/www.correiobraziliense.com.br\/cbradar\/wp-content\/uploads\/2025\/05\/ferramentas-horta_1746026784929-768x432.jpg 768w, https:\/\/www.correiobraziliense.com.br\/cbradar\/wp-content\/uploads\/2025\/05\/ferramentas-horta_1746026784929-750x422.jpg 750w, https:\/\/www.correiobraziliense.com.br\/cbradar\/wp-content\/uploads\/2025\/05\/ferramentas-horta_1746026784929-1140x641.jpg 1140w, https:\/\/www.correiobraziliense.com.br\/cbradar\/wp-content\/uploads\/2025\/05\/ferramentas-horta_1746026784929.jpg 1280w\" sizes=\"(max-width: 1024px) 100vw, 1024px\" \/><figcaption class=\"wp-element-caption\">Ferramentas &#8211; Cr\u00e9ditos: depositphotos.com \/ HayDmitriy<\/figcaption><\/figure><\/div>\n\n\n<h2 class=\"wp-block-heading\">Existem ferramentas espec\u00edficas para hortas em vasos ou verticais?<\/h2>\n\n\n\n<p>Sim. Para hortas compactas, \u00e9 poss\u00edvel usar vers\u00f5es menores e adaptadas:<\/p>\n\n\n\n<ul class=\"wp-block-list\">\n<li><strong>Kit de jardinagem com mini ferramentas<\/strong>: geralmente vem com pazinha, garfo e rastelo pequenos.<\/li>\n\n\n\n<li><strong>Pulverizador manual<\/strong>: \u00f3timo para aplicar adubos l\u00edquidos ou defensivos naturais em hortas suspensas.<\/li>\n\n\n\n<li><strong>Estilete ou faca de poda<\/strong>: ideal para cortes precisos em locais de dif\u00edcil acesso.<\/li>\n\n\n\n<li><strong>Medidor de umidade do solo<\/strong>: ferramenta \u00fatil para evitar o excesso de \u00e1gua, muito comum em vasos.<\/li>\n<\/ul>\n\n\n\n<p>Esses instrumentos garantem que o manejo em pequenos espa\u00e7os seja feito com precis\u00e3o.<\/p>\n\n\n\n<h2 class=\"wp-block-heading\">Como manter e conservar suas ferramentas de horta?<\/h2>\n\n\n\n<p>A manuten\u00e7\u00e3o correta aumenta a vida \u00fatil das ferramentas e melhora o desempenho:<\/p>\n\n\n\n<ul class=\"wp-block-list\">\n<li>Limpe as ferramentas ap\u00f3s o uso, removendo terra, seiva e umidade.<\/li>\n\n\n\n<li>Seque bem antes de guardar para evitar ferrugem.<\/li>\n\n\n\n<li>Aplique \u00f3leo mineral em partes met\u00e1licas para prote\u00e7\u00e3o contra oxida\u00e7\u00e3o.<\/li>\n\n\n\n<li>Guarde em local seco, de prefer\u00eancia penduradas ou em caixas organizadoras.<\/li>\n\n\n\n<li>Afile as l\u00e2minas da tesoura de poda periodicamente para manter o corte afiado.<\/li>\n<\/ul>\n\n\n\n<p>Com esses cuidados, suas ferramentas estar\u00e3o sempre prontas para o uso e dur\u00e1veis por muitos anos.<\/p>\n\n\n\n<h2 class=\"wp-block-heading\">Quais acess\u00f3rios podem ajudar na organiza\u00e7\u00e3o da horta?<\/h2>\n\n\n\n<p>Al\u00e9m das ferramentas, alguns acess\u00f3rios s\u00e3o extremamente \u00fateis:<\/p>\n\n\n\n<ul class=\"wp-block-list\">\n<li><strong>Cinto porta-ferramentas<\/strong>: permite carregar os itens essenciais com facilidade.<\/li>\n\n\n\n<li><strong>Caixa de ferramentas de jardinagem<\/strong>: mant\u00e9m tudo organizado e acess\u00edvel.<\/li>\n\n\n\n<li><strong>Balde ou carrinho de m\u00e3o<\/strong>: facilita o transporte de solo, adubos e colheitas.<\/li>\n\n\n\n<li><strong>Tapete ou joelheira de espuma<\/strong>: protege os joelhos durante longas sess\u00f5es de plantio.<\/li>\n<\/ul>\n\n\n\n<p>Esses acess\u00f3rios otimizam o tempo e tornam a rotina da horta mais confort\u00e1vel.<\/p>\n\n\n\n<h2 class=\"wp-block-heading\">FAQ<\/h2>\n\n\n\n<p><strong>1. Preciso comprar todas as ferramentas de uma vez?<\/strong><br>N\u00e3o. Voc\u00ea pode come\u00e7ar com o b\u00e1sico (pazinha, regador, tesoura e luvas) e ir expandindo conforme sua horta cresce.<\/p>\n\n\n\n<p><strong>2. Posso usar ferramentas dom\u00e9sticas no lugar das de jardinagem?<\/strong><br>N\u00e3o \u00e9 recomendado. Ferramentas espec\u00edficas para jardinagem t\u00eam formatos e materiais pensados para n\u00e3o agredir as plantas nem causar les\u00f5es.<\/p>\n\n\n\n<p><strong>3. Como evitar que as ferramentas enferrujem?<\/strong><br>Sempre limpe, seque bem e, se poss\u00edvel, aplique uma camada leve de \u00f3leo mineral antes de guardar.<\/p>\n\n\n\n<p><strong>4. Onde guardar as ferramentas da horta?<\/strong><br>O ideal \u00e9 um local seco e protegido da chuva, como um arm\u00e1rio externo, estufa ou \u00e1rea coberta no quintal.<\/p>\n\n\n\n<p><strong>5. Ferramentas el\u00e9tricas s\u00e3o \u00fateis para hortas?<\/strong><br>Podem ser, em hortas maiores. Aparadores de grama, sopradores de folhas e pulverizadores el\u00e9tricos ajudam na produtividade, mas n\u00e3o s\u00e3o indispens\u00e1veis.<\/p>\n\n\n\n<h2 class=\"wp-block-heading\"><\/h2>\n","protected":false},"excerpt":{"rendered":"<p>Montar e cuidar de uma horta exige mais do que dedica\u00e7\u00e3o e carinho pelas plantas: requer tamb\u00e9m o uso correto das ferramentas. Seja para cavar, plantar, adubar ou manter tudo limpo e saud\u00e1vel, as ferramentas certas fazem toda a diferen\u00e7a na produtividade, na ergonomia e na sa\u00fade das plantas. Com os utens\u00edlios adequados, o trabalho [&hellip;]<\/p>\n","protected":false},"author":9,"featured_media":30482,"comment_status":"open","ping_status":"open","sticky":false,"template":"","format":"standard","meta":{"_yoast_wpseo_focuskw":"ferramentas","_yoast_wpseo_title":"%%title%% %%page%%","_yoast_wpseo_metadesc":"Escolha as ferramentas certas para sua horta, cuide delas corretamente e aproveite um cultivo mais eficiente e prazeroso.","jnews-multi-image_gallery":[],"jnews_single_post":{"format":"standard"},"jnews_primary_category":[],"jnews_social_meta":[],"jnews_override_counter":[],"footnotes":""},"categories":[136],"post_tag":[1507,4027,2334,4028],"class_list":["post-30458","post","type-post","status-publish","format-standard","has-post-thumbnail","hentry","category-jardinagem","tag-cultivo-domestico","tag-ferramentas-de-jardinagem","tag-horta-em-casa","tag-utensilios-para-plantar"],"yoast_head":"<!-- This site is optimized with the Yoast SEO plugin v24.6 - https:\/\/yoast.com\/wordpress\/plugins\/seo\/ -->\n<title>Conhe\u00e7a as ferramentas essenciais para cuidar da sua horta em casa<\/title>\n<meta name=\"description\" content=\"Escolha as ferramentas certas para sua horta, cuide delas corretamente e aproveite um cultivo mais eficiente e prazeroso.\" \/>\n<meta name=\"robots\" content=\"index, follow, max-snippet:-1, max-image-preview:large, max-video-preview:-1\" \/>\n<link rel=\"canonical\" href=\"https:\/\/www.correiobraziliense.com.br\/cbradar\/conheca-as-ferramentas-essenciais-para-cuidar-da-sua-horta-em-casa\/\" \/>\n<meta property=\"og:locale\" content=\"pt_BR\" \/>\n<meta property=\"og:type\" content=\"article\" \/>\n<meta property=\"og:title\" content=\"Conhe\u00e7a as ferramentas essenciais para cuidar da sua horta em casa\" \/>\n<meta property=\"og:description\" content=\"Escolha as ferramentas certas para sua horta, cuide delas corretamente e aproveite um cultivo mais eficiente e prazeroso.\" \/>\n<meta property=\"og:url\" content=\"https:\/\/www.correiobraziliense.com.br\/cbradar\/conheca-as-ferramentas-essenciais-para-cuidar-da-sua-horta-em-casa\/\" \/>\n<meta property=\"og:site_name\" content=\"Correio Braziliense - Radar\" \/>\n<meta property=\"article:published_time\" content=\"2025-05-01T11:10:00+00:00\" \/>\n<meta property=\"og:image\" content=\"https:\/\/www.correiobraziliense.com.br\/cbradar\/wp-content\/uploads\/2025\/05\/ferramentas-horta_1746026749234.jpg\" \/>\n\t<meta property=\"og:image:width\" content=\"1280\" \/>\n\t<meta property=\"og:image:height\" content=\"720\" \/>\n\t<meta property=\"og:image:type\" content=\"image\/jpeg\" \/>\n<meta name=\"author\" content=\"Daniely Cardoso\" \/>\n<meta name=\"twitter:card\" content=\"summary_large_image\" \/>\n<meta name=\"twitter:label1\" content=\"Escrito por\" \/>\n\t<meta name=\"twitter:data1\" content=\"Daniely Cardoso\" \/>\n\t<meta name=\"twitter:label2\" content=\"Est. tempo de leitura\" \/>\n\t<meta name=\"twitter:data2\" content=\"5 minutos\" \/>\n<!-- \/ Yoast SEO plugin. -->","yoast_head_json":{"title":"Conhe\u00e7a as ferramentas essenciais para cuidar da sua horta em casa","description":"Escolha as ferramentas certas para sua horta, cuide delas corretamente e aproveite um cultivo mais eficiente e prazeroso.","robots":{"index":"index","follow":"follow","max-snippet":"max-snippet:-1","max-image-preview":"max-image-preview:large","max-video-preview":"max-video-preview:-1"},"canonical":"https:\/\/www.correiobraziliense.com.br\/cbradar\/conheca-as-ferramentas-essenciais-para-cuidar-da-sua-horta-em-casa\/","og_locale":"pt_BR","og_type":"article","og_title":"Conhe\u00e7a as ferramentas essenciais para cuidar da sua horta em casa","og_description":"Escolha as ferramentas certas para sua horta, cuide delas corretamente e aproveite um cultivo mais eficiente e prazeroso.","og_url":"https:\/\/www.correiobraziliense.com.br\/cbradar\/conheca-as-ferramentas-essenciais-para-cuidar-da-sua-horta-em-casa\/","og_site_name":"Correio Braziliense - Radar","article_published_time":"2025-05-01T11:10:00+00:00","og_image":[{"width":1280,"height":720,"url":"https:\/\/www.correiobraziliense.com.br\/cbradar\/wp-content\/uploads\/2025\/05\/ferramentas-horta_1746026749234.jpg","type":"image\/jpeg"}],"author":"Daniely Cardoso","twitter_card":"summary_large_image","twitter_misc":{"Escrito por":"Daniely Cardoso","Est. tempo de leitura":"5 minutos"},"schema":{"@context":"https:\/\/schema.org","@graph":[{"@type":"WebPage","@id":"https:\/\/www.correiobraziliense.com.br\/cbradar\/conheca-as-ferramentas-essenciais-para-cuidar-da-sua-horta-em-casa\/","url":"https:\/\/www.correiobraziliense.com.br\/cbradar\/conheca-as-ferramentas-essenciais-para-cuidar-da-sua-horta-em-casa\/","name":"Conhe\u00e7a as ferramentas essenciais para cuidar da sua horta em casa","isPartOf":{"@id":"https:\/\/www.correiobraziliense.com.br\/cbradar\/#website"},"primaryImageOfPage":{"@id":"https:\/\/www.correiobraziliense.com.br\/cbradar\/conheca-as-ferramentas-essenciais-para-cuidar-da-sua-horta-em-casa\/#primaryimage"},"image":{"@id":"https:\/\/www.correiobraziliense.com.br\/cbradar\/conheca-as-ferramentas-essenciais-para-cuidar-da-sua-horta-em-casa\/#primaryimage"},"thumbnailUrl":"https:\/\/www.correiobraziliense.com.br\/cbradar\/wp-content\/uploads\/2025\/05\/ferramentas-horta_1746026749234.jpg","datePublished":"2025-05-01T11:10:00+00:00","author":{"@id":"https:\/\/www.correiobraziliense.com.br\/cbradar\/#\/schema\/person\/7356666e12ec0ee53f348ee5db227032"},"description":"Escolha as ferramentas certas para sua horta, cuide delas corretamente e aproveite um cultivo mais eficiente e prazeroso.","breadcrumb":{"@id":"https:\/\/www.correiobraziliense.com.br\/cbradar\/conheca-as-ferramentas-essenciais-para-cuidar-da-sua-horta-em-casa\/#breadcrumb"},"inLanguage":"pt-BR","potentialAction":[{"@type":"ReadAction","target":["https:\/\/www.correiobraziliense.com.br\/cbradar\/conheca-as-ferramentas-essenciais-para-cuidar-da-sua-horta-em-casa\/"]}]},{"@type":"ImageObject","inLanguage":"pt-BR","@id":"https:\/\/www.correiobraziliense.com.br\/cbradar\/conheca-as-ferramentas-essenciais-para-cuidar-da-sua-horta-em-casa\/#primaryimage","url":"https:\/\/www.correiobraziliense.com.br\/cbradar\/wp-content\/uploads\/2025\/05\/ferramentas-horta_1746026749234.jpg","contentUrl":"https:\/\/www.correiobraziliense.com.br\/cbradar\/wp-content\/uploads\/2025\/05\/ferramentas-horta_1746026749234.jpg","width":1280,"height":720,"caption":"Ferramentas horta - Cr\u00e9ditos: depositphotos.com \/ SashaKhalabuzar"},{"@type":"BreadcrumbList","@id":"https:\/\/www.correiobraziliense.com.br\/cbradar\/conheca-as-ferramentas-essenciais-para-cuidar-da-sua-horta-em-casa\/#breadcrumb","itemListElement":[{"@type":"ListItem","position":1,"name":"In\u00edcio","item":"https:\/\/www.correiobraziliense.com.br\/cbradar\/"},{"@type":"ListItem","position":2,"name":"Conhe\u00e7a as ferramentas essenciais para cuidar da sua horta em casa"}]},{"@type":"WebSite","@id":"https:\/\/www.correiobraziliense.com.br\/cbradar\/#website","url":"https:\/\/www.correiobraziliense.com.br\/cbradar\/","name":"Correio Braziliense - Radar","description":"Acompanhe as \u00faltimas not\u00edcias e fique bem informado sobre tudo o que acontece no Brasil e no mundo.","potentialAction":[{"@type":"SearchAction","target":{"@type":"EntryPoint","urlTemplate":"https:\/\/www.correiobraziliense.com.br\/cbradar\/?s={search_term_string}"},"query-input":{"@type":"PropertyValueSpecification","valueRequired":true,"valueName":"search_term_string"}}],"inLanguage":"pt-BR"},{"@type":"Person","@id":"https:\/\/www.correiobraziliense.com.br\/cbradar\/#\/schema\/person\/7356666e12ec0ee53f348ee5db227032","name":"Daniely Cardoso","image":{"@type":"ImageObject","inLanguage":"pt-BR","@id":"https:\/\/www.correiobraziliense.com.br\/cbradar\/#\/schema\/person\/image\/","url":"https:\/\/secure.gravatar.com\/avatar\/4b80ddbd124d1f071b626d52d62e5dff?s=96&d=mm&r=g","contentUrl":"https:\/\/secure.gravatar.com\/avatar\/4b80ddbd124d1f071b626d52d62e5dff?s=96&d=mm&r=g","caption":"Daniely Cardoso"},"description":"Redatora nos portais CB Radar e EM Foco, formada pela Universidade Federal de Goi\u00e1s, em Goi\u00e2nia. Apaixonada por comunica\u00e7\u00e3o, arte, decora\u00e7\u00e3o e tend\u00eancias, atuo na produ\u00e7\u00e3o de conte\u00fados envolventes sobre curiosidades, moda, beleza e paisagismo, sempre com um olhar atento \u00e0s novidades do momento.","sameAs":["https:\/\/www.correiobraziliense.com.br\/cbradar"],"url":"https:\/\/www.correiobraziliense.com.br\/cbradar\/author\/danielymyth\/"}]}},"_links":{"self":[{"href":"https:\/\/www.correiobraziliense.com.br\/cbradar\/wp-json\/wp\/v2\/posts\/30458","targetHints":{"allow":["GET"]}}],"collection":[{"href":"https:\/\/www.correiobraziliense.com.br\/cbradar\/wp-json\/wp\/v2\/posts"}],"about":[{"href":"https:\/\/www.correiobraziliense.com.br\/cbradar\/wp-json\/wp\/v2\/types\/post"}],"author":[{"embeddable":true,"href":"https:\/\/www.correiobraziliense.com.br\/cbradar\/wp-json\/wp\/v2\/users\/9"}],"replies":[{"embeddable":true,"href":"https:\/\/www.correiobraziliense.com.br\/cbradar\/wp-json\/wp\/v2\/comments?post=30458"}],"version-history":[{"count":3,"href":"https:\/\/www.correiobraziliense.com.br\/cbradar\/wp-json\/wp\/v2\/posts\/30458\/revisions"}],"predecessor-version":[{"id":30486,"href":"https:\/\/www.correiobraziliense.com.br\/cbradar\/wp-json\/wp\/v2\/posts\/30458\/revisions\/30486"}],"wp:featuredmedia":[{"embeddable":true,"href":"https:\/\/www.correiobraziliense.com.br\/cbradar\/wp-json\/wp\/v2\/media\/30482"}],"wp:attachment":[{"href":"https:\/\/www.correiobraziliense.com.br\/cbradar\/wp-json\/wp\/v2\/media?parent=30458"}],"wp:term":[{"taxonomy":"category","embeddable":true,"href":"https:\/\/www.correiobraziliense.com.br\/cbradar\/wp-json\/wp\/v2\/categories?post=30458"},{"taxonomy":"post_tag","embeddable":true,"href":"https:\/\/www.correiobraziliense.com.br\/cbradar\/wp-json\/wp\/v2\/post_tag?post=30458"}],"curies":[{"name":"wp","href":"https:\/\/api.w.org\/{rel}","templated":true}]}}