{"id":30602,"date":"2025-05-01T09:50:00","date_gmt":"2025-05-01T12:50:00","guid":{"rendered":"https:\/\/www.correiobraziliense.com.br\/cbradar\/?p=30602"},"modified":"2025-07-02T16:05:44","modified_gmt":"2025-07-02T19:05:44","slug":"7-filmes-e-series-de-peso-que-chegam-na-netflix-nesta-semana","status":"publish","type":"post","link":"https:\/\/www.correiobraziliense.com.br\/cbradar\/7-filmes-e-series-de-peso-que-chegam-na-netflix-nesta-semana\/","title":{"rendered":"7 filmes e s\u00e9ries de peso que chegam na Netflix nesta semana!"},"content":{"rendered":"\n<p>Julho chegou e trouxe uma chuva de novidades para o <a href=\"https:\/\/www.correiobraziliense.com.br\/cbradar\/6-filmes-e-series-em-alta-na-netflix-para-assistir\/\" target=\"_blank\" rel=\"noreferrer noopener\">cat\u00e1logo<\/a> da <strong>Netflix<\/strong>. A plataforma investiu pesado em produ\u00e7\u00f5es que prometem conquistar diferentes tipos de audi\u00eancia, desde quem curte uma boa sequ\u00eancia de a\u00e7\u00e3o at\u00e9 os f\u00e3s de s\u00e9ries de fantasia. Com um mix que inclui desde document\u00e1rios investigativos at\u00e9 anima\u00e7\u00f5es, este m\u00eas se destaca como um dos mais movimentados do ano.<\/p>\n\n\n\n<p>A variedade \u00e9 impressionante e mostra como a <a href=\"https:\/\/www.netflix.com\/br\/\" target=\"_blank\" rel=\"noreferrer noopener\"><strong>Netflix<\/strong> <\/a>continua apostando em conte\u00fados diversificados. Entre as principais estreias, temos desde grandes produ\u00e7\u00f5es com or\u00e7amentos milion\u00e1rios at\u00e9 s\u00e9ries mais intimistas que exploram temas profundos. Para quem est\u00e1 em busca de entretenimento de qualidade, as op\u00e7\u00f5es n\u00e3o faltam neste julho.<\/p>\n\n\n\n<h2 class=\"wp-block-heading\">Quais s\u00e9ries de fantasia dominam o m\u00eas?<\/h2>\n\n\n\n<p>O grande destaque fica por conta da segunda temporada de <strong>Sandman<\/strong>, que chega dividida em duas partes. A primeira parte estreia no dia 3 de julho, enquanto a segunda chega em 24 de julho. Baseada nos quadrinhos de <strong>Neil Gaiman<\/strong>, a s\u00e9rie retorna com <strong>Tom Sturridge<\/strong> como <strong>Morfeo<\/strong>, enfrentando as consequ\u00eancias de suas decis\u00f5es passadas e lutando para reconstruir seu reino dos sonhos.<\/p>\n\n\n\n<p>Esta segunda temporada ser\u00e1 tamb\u00e9m a \u00faltima da s\u00e9rie, encerrando a jornada de <strong>Morfeo<\/strong> de forma definitiva. A produ\u00e7\u00e3o promete explorar ainda mais profundamente a mitologia criada por <strong>Gaiman<\/strong>, apresentando novos personagens dos <strong>Perp\u00e9tuos<\/strong> e aprofundando conflitos que foram apenas sugeridos na primeira temporada. O showrunner <strong>Allan Heinberg<\/strong> confirmou que a equipe teve liberdade total para adaptar fielmente o material original.<\/p>\n\n\n\n<h2 class=\"wp-block-heading\">Por que os filmes de a\u00e7\u00e3o est\u00e3o chamando aten\u00e7\u00e3o?<\/h2>\n\n\n\n<p><strong>The Old Guard 2<\/strong> marca o retorno triunfal de <strong>Charlize Theron<\/strong> como <strong>Andy<\/strong>, a guerreira imortal que agora enfrenta o desafio de sua pr\u00f3pria mortalidade. O filme estreia em 2 de julho e traz <strong>Uma Thurman<\/strong> e <strong>Henry Golding<\/strong> como novos integrantes do elenco. A sequ\u00eancia promete elevar o n\u00edvel de tens\u00e3o, especialmente porque <strong>Andy<\/strong> perdeu sua imortalidade e agora pode realmente morrer em combate.<\/p>\n\n\n\n<p>Com um or\u00e7amento de 140 milh\u00f5es de d\u00f3lares, a produ\u00e7\u00e3o representa uma das maiores apostas da <strong>Netflix<\/strong> para 2025. A dire\u00e7\u00e3o ficou por conta de <strong>Victoria Mahoney<\/strong>, que assume o lugar de <strong>Gina Prince-Bythewood<\/strong>. O filme enfrentou alguns atrasos na p\u00f3s-produ\u00e7\u00e3o devido a mudan\u00e7as internas na <strong>Netflix<\/strong>, mas o resultado final promete compensar a espera dos f\u00e3s da franquia.<\/p>\n\n\n\n<h2 class=\"wp-block-heading\">Que document\u00e1rios merecem destaque especial?<\/h2>\n\n\n\n<p>Entre os document\u00e1rios, <strong>Ataque em Londres: Os Atentados de 7 de Julho<\/strong> reconstitui os tr\u00e1gicos eventos de 2005 e a investiga\u00e7\u00e3o que se seguiu. A produ\u00e7\u00e3o chega no dia 1\u00ba de julho e promete uma abordagem respeitosa mas reveladora sobre um dos momentos mais marcantes da hist\u00f3ria brit\u00e2nica recente. O document\u00e1rio combina depoimentos exclusivos com material de arquivo in\u00e9dito.<\/p>\n\n\n\n<p>Outro destaque \u00e9 <strong>Desastre Total: A Seita da American Apparel<\/strong>, que investiga a ascens\u00e3o e queda controversa da marca de roupas que marcou os anos 2000. A produ\u00e7\u00e3o explora os bastidores da empresa que se tornou um fen\u00f4meno cultural, mas tamb\u00e9m enfrentou diversos esc\u00e2ndalos. O document\u00e1rio promete revelar detalhes in\u00e9ditos sobre a gest\u00e3o pol\u00eamica da marca e seu impacto na ind\u00fastria da moda.<\/p>\n\n\n\n<h2 class=\"wp-block-heading\">Como as produ\u00e7\u00f5es esportivas se destacam no cat\u00e1logo?<\/h2>\n\n\n\n<figure class=\"wp-block-embed aligncenter is-type-video is-provider-youtube wp-block-embed-youtube wp-embed-aspect-16-9 wp-has-aspect-ratio\"><div class=\"wp-block-embed__wrapper\">\n<div class=\"jeg_video_container jeg_video_content\"><iframe loading=\"lazy\" title=\"VELOZES E FURIOSOS 10 | Trailer Oficial (Universal Studios) - HD\" width=\"500\" height=\"281\" src=\"https:\/\/www.youtube.com\/embed\/a1w9x5U88jU?feature=oembed\" frameborder=\"0\" allow=\"accelerometer; autoplay; clipboard-write; encrypted-media; gyroscope; picture-in-picture; web-share\" referrerpolicy=\"strict-origin-when-cross-origin\" allowfullscreen><\/iframe><\/div>\n<\/div><\/figure>\n\n\n\n<p>A <strong>Netflix<\/strong> continua investindo forte em conte\u00fado esportivo com <strong>Quarterback<\/strong>, que retorna para mostrar os bastidores da <strong>NFL<\/strong>. A s\u00e9rie acompanha quarterbacks profissionais durante uma temporada inteira, revelando a press\u00e3o psicol\u00f3gica e f\u00edsica que enfrentam. A produ\u00e7\u00e3o oferece acesso exclusivo aos treinos, jogos e momentos \u00edntimos desses atletas de elite.<\/p>\n\n\n\n<p><strong>Tour de France: No Cora\u00e7\u00e3o do Pelot\u00e3o<\/strong> completa a trilogia documental sobre a mais famosa corrida cicl\u00edstica do mundo. Esta terceira e \u00faltima temporada promete revelar os momentos mais intensos da competi\u00e7\u00e3o de 2024, com c\u00e2meras posicionadas estrategicamente para capturar cada detalhe da batalha entre os ciclistas. Os f\u00e3s do esporte ter\u00e3o acesso a \u00e2ngulos nunca antes vistos da competi\u00e7\u00e3o.<\/p>\n\n\n\n<h2 class=\"wp-block-heading\">Quais novidades surpreendentes chegam \u00e0 plataforma?<\/h2>\n\n\n\n<p>Uma das grandes surpresas do m\u00eas \u00e9 <strong>Oppenheimer<\/strong>, o aclamado filme de <strong>Christopher Nolan<\/strong> que finalmente chega ao streaming. A cinebiografia sobre o f\u00edsico <strong>J. Robert Oppenheimer<\/strong>, criador da bomba at\u00f4mica, traz um elenco estrelado e uma reflex\u00e3o profunda sobre ci\u00eancia, moral e guerra. O longa se destacou na \u00faltima temporada de premia\u00e7\u00f5es e promete atrair novos olhares pela plataforma.<\/p>\n\n\n\n<p>Al\u00e9m disso, <strong>Solteiros Nunca Mais<\/strong> traz uma proposta inovadora de reality show onde pessoas solteiras tentam encontrar o amor verdadeiro em um ambiente controlado. O programa mistura elementos de competi\u00e7\u00e3o com romance genu\u00edno, criando situa\u00e7\u00f5es \u00fanicas que prometem gerar muita discuss\u00e3o nas redes sociais. A produ\u00e7\u00e3o aposta em diversidade e autenticidade para se destacar no saturado mercado de reality shows.<\/p>\n\n\n\n<p>\u00c9 interessante notar que a <strong>Netflix<\/strong> tem investido cada vez mais em estrat\u00e9gias de lan\u00e7amento dividido, como visto em <strong>Sandman<\/strong>. Essa abordagem, que j\u00e1 foi utilizada em sucessos como <strong>Stranger Things<\/strong>, mant\u00e9m o p\u00fablico engajado por mais tempo e gera mais discuss\u00f5es online. A plataforma tamb\u00e9m tem apostado em document\u00e1rios investigativos como forma de se diferenciar da concorr\u00eancia, oferecendo conte\u00fado que vai al\u00e9m do entretenimento puro e simples.<\/p>\n","protected":false},"excerpt":{"rendered":"<p>Julho chegou e trouxe uma chuva de novidades para o cat\u00e1logo da Netflix. A plataforma investiu pesado em produ\u00e7\u00f5es que prometem conquistar diferentes tipos de audi\u00eancia, desde quem curte uma boa sequ\u00eancia de a\u00e7\u00e3o at\u00e9 os f\u00e3s de s\u00e9ries de fantasia. Com um mix que inclui desde document\u00e1rios investigativos at\u00e9 anima\u00e7\u00f5es, este m\u00eas se destaca [&hellip;]<\/p>\n","protected":false},"author":8,"featured_media":7854,"comment_status":"open","ping_status":"open","sticky":false,"template":"","format":"standard","meta":{"_yoast_wpseo_focuskw":"Netflix","_yoast_wpseo_title":"","_yoast_wpseo_metadesc":"Confira os 7 filmes e s\u00e9ries de peso que chegam na Netflix esta semana e n\u00e3o perca nenhuma novidade que vai agitar o cat\u00e1logo.","jnews-multi-image_gallery":[],"jnews_single_post":{"format":"standard"},"jnews_primary_category":[],"jnews_social_meta":[],"jnews_override_counter":[],"footnotes":""},"categories":[140],"post_tag":[141,568],"class_list":["post-30602","post","type-post","status-publish","format-standard","has-post-thumbnail","hentry","category-entretenimento","tag-netflix","tag-series-e-filmes"],"yoast_head":"<!-- This site is optimized with the Yoast SEO plugin v24.6 - https:\/\/yoast.com\/wordpress\/plugins\/seo\/ -->\n<title>7 filmes e s\u00e9ries de peso que chegam na Netflix nesta semana! - Correio Braziliense - Radar<\/title>\n<meta name=\"description\" content=\"Confira os 7 filmes e s\u00e9ries de peso que chegam na Netflix esta semana e n\u00e3o perca nenhuma novidade que vai agitar o cat\u00e1logo.\" \/>\n<meta name=\"robots\" content=\"index, follow, max-snippet:-1, max-image-preview:large, max-video-preview:-1\" \/>\n<link rel=\"canonical\" href=\"https:\/\/www.correiobraziliense.com.br\/cbradar\/7-filmes-e-series-de-peso-que-chegam-na-netflix-nesta-semana\/\" \/>\n<meta property=\"og:locale\" content=\"pt_BR\" \/>\n<meta property=\"og:type\" content=\"article\" \/>\n<meta property=\"og:title\" content=\"7 filmes e s\u00e9ries de peso que chegam na Netflix nesta semana! - Correio Braziliense - Radar\" \/>\n<meta property=\"og:description\" content=\"Confira os 7 filmes e s\u00e9ries de peso que chegam na Netflix esta semana e n\u00e3o perca nenhuma novidade que vai agitar o cat\u00e1logo.\" \/>\n<meta property=\"og:url\" content=\"https:\/\/www.correiobraziliense.com.br\/cbradar\/7-filmes-e-series-de-peso-que-chegam-na-netflix-nesta-semana\/\" \/>\n<meta property=\"og:site_name\" content=\"Correio Braziliense - Radar\" \/>\n<meta property=\"article:published_time\" content=\"2025-05-01T12:50:00+00:00\" \/>\n<meta property=\"article:modified_time\" content=\"2025-07-02T19:05:44+00:00\" \/>\n<meta property=\"og:image\" content=\"https:\/\/www.correiobraziliense.com.br\/cbradar\/wp-content\/uploads\/2025\/02\/netflix_1740792505574.jpg\" \/>\n\t<meta property=\"og:image:width\" content=\"1280\" \/>\n\t<meta property=\"og:image:height\" content=\"720\" \/>\n\t<meta property=\"og:image:type\" content=\"image\/jpeg\" \/>\n<meta name=\"author\" content=\"Maura Pereira\" \/>\n<meta name=\"twitter:card\" content=\"summary_large_image\" \/>\n<meta name=\"twitter:label1\" content=\"Escrito por\" \/>\n\t<meta name=\"twitter:data1\" content=\"Maura Pereira\" \/>\n\t<meta name=\"twitter:label2\" content=\"Est. tempo de leitura\" \/>\n\t<meta name=\"twitter:data2\" content=\"5 minutos\" \/>\n<!-- \/ Yoast SEO plugin. -->","yoast_head_json":{"title":"7 filmes e s\u00e9ries de peso que chegam na Netflix nesta semana! - Correio Braziliense - Radar","description":"Confira os 7 filmes e s\u00e9ries de peso que chegam na Netflix esta semana e n\u00e3o perca nenhuma novidade que vai agitar o cat\u00e1logo.","robots":{"index":"index","follow":"follow","max-snippet":"max-snippet:-1","max-image-preview":"max-image-preview:large","max-video-preview":"max-video-preview:-1"},"canonical":"https:\/\/www.correiobraziliense.com.br\/cbradar\/7-filmes-e-series-de-peso-que-chegam-na-netflix-nesta-semana\/","og_locale":"pt_BR","og_type":"article","og_title":"7 filmes e s\u00e9ries de peso que chegam na Netflix nesta semana! - Correio Braziliense - Radar","og_description":"Confira os 7 filmes e s\u00e9ries de peso que chegam na Netflix esta semana e n\u00e3o perca nenhuma novidade que vai agitar o cat\u00e1logo.","og_url":"https:\/\/www.correiobraziliense.com.br\/cbradar\/7-filmes-e-series-de-peso-que-chegam-na-netflix-nesta-semana\/","og_site_name":"Correio Braziliense - Radar","article_published_time":"2025-05-01T12:50:00+00:00","article_modified_time":"2025-07-02T19:05:44+00:00","og_image":[{"width":1280,"height":720,"url":"https:\/\/www.correiobraziliense.com.br\/cbradar\/wp-content\/uploads\/2025\/02\/netflix_1740792505574.jpg","type":"image\/jpeg"}],"author":"Maura Pereira","twitter_card":"summary_large_image","twitter_misc":{"Escrito por":"Maura Pereira","Est. tempo de leitura":"5 minutos"},"schema":{"@context":"https:\/\/schema.org","@graph":[{"@type":"WebPage","@id":"https:\/\/www.correiobraziliense.com.br\/cbradar\/7-filmes-e-series-de-peso-que-chegam-na-netflix-nesta-semana\/","url":"https:\/\/www.correiobraziliense.com.br\/cbradar\/7-filmes-e-series-de-peso-que-chegam-na-netflix-nesta-semana\/","name":"7 filmes e s\u00e9ries de peso que chegam na Netflix nesta semana! - Correio Braziliense - Radar","isPartOf":{"@id":"https:\/\/www.correiobraziliense.com.br\/cbradar\/#website"},"primaryImageOfPage":{"@id":"https:\/\/www.correiobraziliense.com.br\/cbradar\/7-filmes-e-series-de-peso-que-chegam-na-netflix-nesta-semana\/#primaryimage"},"image":{"@id":"https:\/\/www.correiobraziliense.com.br\/cbradar\/7-filmes-e-series-de-peso-que-chegam-na-netflix-nesta-semana\/#primaryimage"},"thumbnailUrl":"https:\/\/www.correiobraziliense.com.br\/cbradar\/wp-content\/uploads\/2025\/02\/netflix_1740792505574.jpg","datePublished":"2025-05-01T12:50:00+00:00","dateModified":"2025-07-02T19:05:44+00:00","author":{"@id":"https:\/\/www.correiobraziliense.com.br\/cbradar\/#\/schema\/person\/4053c651a9bfc785afc6f4cbc9032fd3"},"description":"Confira os 7 filmes e s\u00e9ries de peso que chegam na Netflix esta semana e n\u00e3o perca nenhuma novidade que vai agitar o cat\u00e1logo.","breadcrumb":{"@id":"https:\/\/www.correiobraziliense.com.br\/cbradar\/7-filmes-e-series-de-peso-que-chegam-na-netflix-nesta-semana\/#breadcrumb"},"inLanguage":"pt-BR","potentialAction":[{"@type":"ReadAction","target":["https:\/\/www.correiobraziliense.com.br\/cbradar\/7-filmes-e-series-de-peso-que-chegam-na-netflix-nesta-semana\/"]}]},{"@type":"ImageObject","inLanguage":"pt-BR","@id":"https:\/\/www.correiobraziliense.com.br\/cbradar\/7-filmes-e-series-de-peso-que-chegam-na-netflix-nesta-semana\/#primaryimage","url":"https:\/\/www.correiobraziliense.com.br\/cbradar\/wp-content\/uploads\/2025\/02\/netflix_1740792505574.jpg","contentUrl":"https:\/\/www.correiobraziliense.com.br\/cbradar\/wp-content\/uploads\/2025\/02\/netflix_1740792505574.jpg","width":1280,"height":720,"caption":"Netflix \/\/ Cr\u00e9ditos: depositphotos.com \/ Info@vantagedrones.co.uk"},{"@type":"BreadcrumbList","@id":"https:\/\/www.correiobraziliense.com.br\/cbradar\/7-filmes-e-series-de-peso-que-chegam-na-netflix-nesta-semana\/#breadcrumb","itemListElement":[{"@type":"ListItem","position":1,"name":"In\u00edcio","item":"https:\/\/www.correiobraziliense.com.br\/cbradar\/"},{"@type":"ListItem","position":2,"name":"7 filmes e s\u00e9ries de peso que chegam na Netflix nesta semana!"}]},{"@type":"WebSite","@id":"https:\/\/www.correiobraziliense.com.br\/cbradar\/#website","url":"https:\/\/www.correiobraziliense.com.br\/cbradar\/","name":"Correio Braziliense - Radar","description":"Acompanhe as \u00faltimas not\u00edcias e fique bem informado sobre tudo o que acontece no Brasil e no mundo.","potentialAction":[{"@type":"SearchAction","target":{"@type":"EntryPoint","urlTemplate":"https:\/\/www.correiobraziliense.com.br\/cbradar\/?s={search_term_string}"},"query-input":{"@type":"PropertyValueSpecification","valueRequired":true,"valueName":"search_term_string"}}],"inLanguage":"pt-BR"},{"@type":"Person","@id":"https:\/\/www.correiobraziliense.com.br\/cbradar\/#\/schema\/person\/4053c651a9bfc785afc6f4cbc9032fd3","name":"Maura Pereira","image":{"@type":"ImageObject","inLanguage":"pt-BR","@id":"https:\/\/www.correiobraziliense.com.br\/cbradar\/#\/schema\/person\/image\/","url":"https:\/\/secure.gravatar.com\/avatar\/3effd6bdadfa447f15089c7f7144eaa6?s=96&d=mm&r=g","contentUrl":"https:\/\/secure.gravatar.com\/avatar\/3effd6bdadfa447f15089c7f7144eaa6?s=96&d=mm&r=g","caption":"Maura Pereira"},"sameAs":["https:\/\/www.correiobraziliense.com.br\/"],"url":"https:\/\/www.correiobraziliense.com.br\/cbradar\/author\/mauramyth\/"}]}},"_links":{"self":[{"href":"https:\/\/www.correiobraziliense.com.br\/cbradar\/wp-json\/wp\/v2\/posts\/30602","targetHints":{"allow":["GET"]}}],"collection":[{"href":"https:\/\/www.correiobraziliense.com.br\/cbradar\/wp-json\/wp\/v2\/posts"}],"about":[{"href":"https:\/\/www.correiobraziliense.com.br\/cbradar\/wp-json\/wp\/v2\/types\/post"}],"author":[{"embeddable":true,"href":"https:\/\/www.correiobraziliense.com.br\/cbradar\/wp-json\/wp\/v2\/users\/8"}],"replies":[{"embeddable":true,"href":"https:\/\/www.correiobraziliense.com.br\/cbradar\/wp-json\/wp\/v2\/comments?post=30602"}],"version-history":[{"count":8,"href":"https:\/\/www.correiobraziliense.com.br\/cbradar\/wp-json\/wp\/v2\/posts\/30602\/revisions"}],"predecessor-version":[{"id":63468,"href":"https:\/\/www.correiobraziliense.com.br\/cbradar\/wp-json\/wp\/v2\/posts\/30602\/revisions\/63468"}],"wp:featuredmedia":[{"embeddable":true,"href":"https:\/\/www.correiobraziliense.com.br\/cbradar\/wp-json\/wp\/v2\/media\/7854"}],"wp:attachment":[{"href":"https:\/\/www.correiobraziliense.com.br\/cbradar\/wp-json\/wp\/v2\/media?parent=30602"}],"wp:term":[{"taxonomy":"category","embeddable":true,"href":"https:\/\/www.correiobraziliense.com.br\/cbradar\/wp-json\/wp\/v2\/categories?post=30602"},{"taxonomy":"post_tag","embeddable":true,"href":"https:\/\/www.correiobraziliense.com.br\/cbradar\/wp-json\/wp\/v2\/post_tag?post=30602"}],"curies":[{"name":"wp","href":"https:\/\/api.w.org\/{rel}","templated":true}]}}