{"id":30648,"date":"2025-05-02T18:23:00","date_gmt":"2025-05-02T21:23:00","guid":{"rendered":"https:\/\/www.correiobraziliense.com.br\/cbradar\/?p=30648"},"modified":"2025-05-01T13:48:26","modified_gmt":"2025-05-01T16:48:26","slug":"quem-esta-na-terceira-idade-ja-pode-comemorar-a-nova-rotina-de-exercicios-renovadores","status":"publish","type":"post","link":"https:\/\/www.correiobraziliense.com.br\/cbradar\/quem-esta-na-terceira-idade-ja-pode-comemorar-a-nova-rotina-de-exercicios-renovadores\/","title":{"rendered":"Quem est\u00e1 na terceira idade j\u00e1 pode comemorar a nova rotina de exerc\u00edcios renovadores"},"content":{"rendered":"\n<p>Manter um bom <strong>equil\u00edbrio<\/strong> e <strong><a href=\"https:\/\/pt.wikipedia.org\/wiki\/M\u00fasculo\" target=\"_blank\" rel=\"noreferrer noopener\">m\u00fasculos <\/a>fortes<\/strong> \u00e9 fundamental para a <strong>seguran\u00e7a<\/strong>, <strong>independ\u00eancia<\/strong> e <strong>qualidade de vida<\/strong> na <strong>terceira idade<\/strong>. A perda de <strong>equil\u00edbrio<\/strong> e a fraqueza muscular s\u00e3o <strong>fatores de risco<\/strong> importantes para <strong>quedas<\/strong>, que podem ter consequ\u00eancias s\u00e9rias. No entanto, a perda de <strong>equil\u00edbrio<\/strong> e <strong>for\u00e7a<\/strong> <strong>n\u00e3o \u00e9 uma parte inevit\u00e1vel do envelhecimento<\/strong> e <strong>pode ser significativamente melhorada<\/strong> com a <strong>pr\u00e1tica regular<\/strong> de <strong>exerc\u00edcios seguros e adaptados<\/strong>. <strong>Exerc\u00edcios<\/strong> que combinam <strong>fortalecimento suave<\/strong> e desafios de <strong>equil\u00edbrio<\/strong>, realizados com <strong>seguran\u00e7a<\/strong> e <strong>apoio<\/strong>, s\u00e3o uma das formas mais eficazes de <strong>reduzir o risco de quedas<\/strong> e <strong>melhorar a estabilidade<\/strong>.<\/p>\n\n\n\n<p>Este guia apresenta uma rotina de <strong>exerc\u00edcios de fortalecimento<\/strong> e <strong>equil\u00edbrio<\/strong> projetada para <strong>pessoas na terceira idade<\/strong>, com foco na <strong>seguran\u00e7a<\/strong> e no uso de <strong>apoio<\/strong>.<\/p>\n\n\n\n<p><strong>AVISO IMPORTANTE:<\/strong> Este guia oferece exemplos de <strong>exerc\u00edcios seguros<\/strong> para <strong>pessoas na terceira idade<\/strong> visando <strong>melhorar o equil\u00edbrio<\/strong>. <strong>N\u00c3O substitui avalia\u00e7\u00e3o m\u00e9dica completa, diagn\u00f3stico ou tratamento de condi\u00e7\u00f5es subjacentes que afetam o equil\u00edbrio.<\/strong> <strong>Quedas<\/strong> na <strong>terceira idade<\/strong> <strong>podem ter m\u00faltiplas causas<\/strong> que <strong>requerem investiga\u00e7\u00e3o m\u00e9dica (m\u00e9dico geriatra, cl\u00ednico geral)<\/strong>. <\/p>\n\n\n\n<p><strong>SEMPRE consulte seu m\u00e9dico e um fisioterapeuta ou profissional de educa\u00e7\u00e3o f\u00edsica especializado em geriatria ou equil\u00edbrio<\/strong> antes de iniciar qualquer novo programa de <strong>exerc\u00edcios<\/strong>, especialmente se voc\u00ea tiver <strong>problemas de equil\u00edbrio<\/strong>, <strong>hist\u00f3rico de quedas<\/strong>, <strong>condi\u00e7\u00f5es m\u00e9dicas<\/strong> (neurol\u00f3gicas, card\u00edacas, problemas de vis\u00e3o ou audi\u00e7\u00e3o, tontura), usar m\u00faltiplos <strong>medicamentos<\/strong>, ou sentir <strong>dor<\/strong>. <strong>Pratique TODOS estes exerc\u00edcios com M\u00c1XIMA SEGURAN\u00c7A, SEMPRE pr\u00f3ximo a um ponto de apoio firme (cadeira resistente, parede, corrim\u00e3o) e, idealmente, com a supervis\u00e3o inicial de um profissional qualificado.<\/strong> <strong>NUNCA realize um exerc\u00edcio que cause dor ou tontura.<\/strong><\/p>\n\n\n\n<h2 class=\"wp-block-heading\">M\u00fasculos essenciais e exerc\u00edcios para o equil\u00edbrio na terceira idade (com apoio)<\/h2>\n\n\n<div class=\"wp-block-image\">\n<figure class=\"aligncenter size-large\"><img decoding=\"async\" width=\"1024\" height=\"576\" src=\"https:\/\/www.correiobraziliense.com.br\/cbradar\/wp-content\/uploads\/2025\/05\/idoso-exercicios_1746116731095-1024x576.jpg\" alt=\"Quem est\u00e1 na terceira idade j\u00e1 pode comemorar a nova rotina de exerc\u00edcios renovadores\" class=\"wp-image-30691\" srcset=\"https:\/\/www.correiobraziliense.com.br\/cbradar\/wp-content\/uploads\/2025\/05\/idoso-exercicios_1746116731095-1024x576.jpg 1024w, https:\/\/www.correiobraziliense.com.br\/cbradar\/wp-content\/uploads\/2025\/05\/idoso-exercicios_1746116731095-300x169.jpg 300w, https:\/\/www.correiobraziliense.com.br\/cbradar\/wp-content\/uploads\/2025\/05\/idoso-exercicios_1746116731095-768x432.jpg 768w, https:\/\/www.correiobraziliense.com.br\/cbradar\/wp-content\/uploads\/2025\/05\/idoso-exercicios_1746116731095-750x422.jpg 750w, https:\/\/www.correiobraziliense.com.br\/cbradar\/wp-content\/uploads\/2025\/05\/idoso-exercicios_1746116731095-1140x641.jpg 1140w, https:\/\/www.correiobraziliense.com.br\/cbradar\/wp-content\/uploads\/2025\/05\/idoso-exercicios_1746116731095.jpg 1280w\" sizes=\"(max-width: 1024px) 100vw, 1024px\" \/><figcaption class=\"wp-element-caption\">Idoso exerc\u00edcios &#8211; Cr\u00e9ditos: depositphotos.com \/ Nomadsoul1<\/figcaption><\/figure><\/div>\n\n\n<p><strong>Pernas fortes<\/strong> e um <strong>core<\/strong> forte s\u00e3o a base do <strong>equil\u00edbrio<\/strong>. Estes <strong>exerc\u00edcios<\/strong> usam o <strong>peso corporal<\/strong> e <strong>apoio<\/strong> para <strong>fortalecer<\/strong> e desafiar o <strong>equil\u00edbrio<\/strong>. Realize de 8 a 10 repeti\u00e7\u00f5es ou segure a posi\u00e7\u00e3o pelo tempo indicado (comece com menos), 2 a 3 vezes por semana.<\/p>\n\n\n\n<h3 class=\"wp-block-heading\">Sentar e levantar da cadeira (fortalece pernas e equil\u00edbrio funcional)<\/h3>\n\n\n\n<p>Essencial para a <strong>independ\u00eancia<\/strong> em <strong>atividades di\u00e1rias<\/strong>.<\/p>\n\n\n\n<ul class=\"wp-block-list\">\n<li><strong>Como fazer (Descri\u00e7\u00e3o para ilustra\u00e7\u00e3o):<\/strong> Sente-se em uma cadeira firme e est\u00e1vel, com os p\u00e9s no ch\u00e3o, afastados na largura dos quadris. Use os bra\u00e7os da cadeira para <strong>apoio<\/strong> ou estenda-os para a frente. Lentamente, levante-se da cadeira usando a <strong>for\u00e7a<\/strong> das <strong>pernas<\/strong>. Mantenha o <strong>tronco reto<\/strong>. Lentamente, sente-se de volta na cadeira de forma <strong>controlada<\/strong>. Fa\u00e7a 8-10 repeti\u00e7\u00f5es.<\/li>\n<\/ul>\n\n\n\n<h3 class=\"wp-block-heading\">Apoio unipodal com apoio (desafia o equil\u00edbrio)<\/h3>\n\n\n\n<p>Trabalha o <strong>equil\u00edbrio<\/strong> em uma perna.<\/p>\n\n\n\n<ul class=\"wp-block-list\">\n<li><strong>Como fazer (Descri\u00e7\u00e3o para ilustra\u00e7\u00e3o):<\/strong> Fique em p\u00e9 pr\u00f3ximo a uma parede ou cadeira firme. Segure no <strong>apoio<\/strong> com uma ou ambas as m\u00e3os. Lentamente, levante um p\u00e9 do ch\u00e3o, mantendo-se equilibrado sobre a outra <strong>perna<\/strong>. Mantenha a posi\u00e7\u00e3o por 10-20 segundos (comece com 5-10s). <strong>Respire calmamente<\/strong>. Repita na outra <strong>perna<\/strong>. <strong>Progress\u00e3o:<\/strong> Se sentir seguro, diminua gradualmente o <strong>apoio<\/strong> das m\u00e3os.<\/li>\n<\/ul>\n\n\n\n<h3 class=\"wp-block-heading\">Eleva\u00e7\u00e3o na ponta dos p\u00e9s com apoio (fortalece panturrilhas e melhora estabilidade)<\/h3>\n\n\n\n<p>Importante para caminhar e o <strong>equil\u00edbrio<\/strong>.<\/p>\n\n\n\n<ul class=\"wp-block-list\">\n<li><strong>Como fazer (Descri\u00e7\u00e3o para ilustra\u00e7\u00e3o):<\/strong> Fique em p\u00e9 pr\u00f3ximo a um <strong>apoio<\/strong>. Segure no <strong>apoio<\/strong>. Lentamente, levante-se na ponta dos p\u00e9s, elevando os calcanhares do ch\u00e3o. Mantenha a <strong>posi\u00e7\u00e3o<\/strong> por um momento. Abaixe controladamente. Fa\u00e7a 10-15 repeti\u00e7\u00f5es.<\/li>\n<\/ul>\n\n\n\n<h3 class=\"wp-block-heading\">Marcha estacion\u00e1ria com apoio (coordena\u00e7\u00e3o e equil\u00edbrio)<\/h3>\n\n\n\n<p>Melhora a <strong>coordena\u00e7\u00e3o<\/strong> e o <strong>equil\u00edbrio<\/strong> ao levantar os p\u00e9s do ch\u00e3o.<\/p>\n\n\n\n<ul class=\"wp-block-list\">\n<li><strong>Como fazer (Descri\u00e7\u00e3o para ilustra\u00e7\u00e3o):<\/strong> Fique em p\u00e9 pr\u00f3ximo a um <strong>apoio<\/strong>. Segure no <strong>apoio<\/strong>. Lentamente, levante um joelho em dire\u00e7\u00e3o ao peito (como marchar no lugar). Mantenha-se equilibrado na outra <strong>perna<\/strong>. Abaixe controladamente e repita com o outro joelho. Mantenha o <strong>tronco ereto<\/strong>. Fa\u00e7a 10-15 repeti\u00e7\u00f5es de cada lado.<\/li>\n<\/ul>\n\n\n\n<h3 class=\"wp-block-heading\">Eleva\u00e7\u00e3o de perna lateral com apoio (fortalece quadril e suporta equil\u00edbrio)<\/h3>\n\n\n\n<p><strong>Fortalece<\/strong> os <strong>m\u00fasculos<\/strong> laterais do quadril, importantes para o <strong>equil\u00edbrio<\/strong> ao andar.<\/p>\n\n\n\n<ul class=\"wp-block-list\">\n<li><strong>Como fazer (Descri\u00e7\u00e3o para ilustra\u00e7\u00e3o):<\/strong> Fique em p\u00e9 pr\u00f3ximo a um <strong>apoio<\/strong>. Segure no <strong>apoio<\/strong>. Lentamente, eleve uma <strong>perna<\/strong> estendida para o lado, mantendo o <strong>corpo<\/strong> reto. N\u00e3o eleve muito; o movimento deve ser <strong>controlado<\/strong>. Abaixe controladamente. Fa\u00e7a 10-15 repeti\u00e7\u00f5es. Repita do outro lado.<\/li>\n<\/ul>\n\n\n\n<h3 class=\"wp-block-heading\">Posi\u00e7\u00e3o tandem (calcanhar-dedo) com apoio (desafia equil\u00edbrio em base estreita)<\/h3>\n\n\n\n<p>Desafia o <strong>equil\u00edbrio<\/strong> em uma linha.<\/p>\n\n\n\n<ul class=\"wp-block-list\">\n<li><strong>Como fazer (Descri\u00e7\u00e3o para ilustra\u00e7\u00e3o):<\/strong> Fique em p\u00e9 pr\u00f3ximo a um <strong>apoio<\/strong>. Segure no <strong>apoio<\/strong>. Coloque um p\u00e9 diretamente na frente do outro, com o calcanhar do p\u00e9 da frente tocando os dedos do p\u00e9 de tr\u00e1s. Mantenha a <strong>posi\u00e7\u00e3o<\/strong> por 10-20 segundos (comece com 5-10s). Repita trocando a <strong>posi\u00e7\u00e3o<\/strong> dos p\u00e9s.<\/li>\n<\/ul>\n\n\n\n<h2 class=\"wp-block-heading\">Princ\u00edpios essenciais de seguran\u00e7a e dicas para rotina<\/h2>\n\n\n\n<ul class=\"wp-block-list\">\n<li><strong>SEMPRE com apoio:<\/strong> <strong>NUNCA<\/strong> fa\u00e7a <strong>exerc\u00edcios<\/strong> de <strong>equil\u00edbrio<\/strong> sem ter um ponto de <strong>apoio firme<\/strong> pr\u00f3ximo.<\/li>\n\n\n\n<li><strong>Progress\u00e3o MUITO gradual:<\/strong> Aumente o tempo, repeti\u00e7\u00f5es, ou diminua o <strong>apoio<\/strong> (sempre mantendo-o acess\u00edvel) <strong>somente<\/strong> quando se sentir <strong>MUITO seguro<\/strong>.<\/li>\n\n\n\n<li><strong>Ambiente seguro:<\/strong> Pratique em piso firme, <strong>bem iluminado<\/strong>, sem obst\u00e1culos.<\/li>\n\n\n\n<li><strong>Cal\u00e7ados adequados:<\/strong> Use sapatos fechados, confort\u00e1veis, est\u00e1veis e com solado antiderrapante.<\/li>\n\n\n\n<li><strong>Ou\u00e7a seu corpo:<\/strong> <strong>NUNCA<\/strong> continue um <strong>exerc\u00edcio<\/strong> se sentir <strong>dor<\/strong> ou <strong>tontura<\/strong>.<\/li>\n\n\n\n<li><strong>Consist\u00eancia:<\/strong> Pratique regularmente, 3-5 vezes por semana. Mesmo <strong>poucos minutos<\/strong> trazem <strong>benef\u00edcios<\/strong>.<\/li>\n<\/ul>\n\n\n\n<h2 class=\"wp-block-heading\">A import\u00e2ncia da orienta\u00e7\u00e3o profissional especializada<\/h2>\n\n\n\n<p>Um <strong>m\u00e9dico<\/strong> (geriatra) e um <strong>fisioterapeuta<\/strong> ou <strong>profissional de educa\u00e7\u00e3o f\u00edsica especializado em geriatria<\/strong> s\u00e3o cruciais. Eles podem fazer uma avalia\u00e7\u00e3o completa, identificar as <strong>causas<\/strong> dos <strong>problemas de equil\u00edbrio<\/strong>, adaptar os <strong>exerc\u00edcios<\/strong> \u00e0s suas <strong>condi\u00e7\u00f5es de <\/strong><a href=\"https:\/\/www.correiobraziliense.com.br\/cbradar\/quem-sofre-com-problemas-de-sono-pode-montar-um-kit-desses-para-uma-rapida-solucao\/\" target=\"_blank\" rel=\"noreferrer noopener\"><strong>sa\u00fade<\/strong> <\/a>e <strong>limita\u00e7\u00f5es<\/strong>, e criar um <strong>plano seguro<\/strong> e <strong>eficaz<\/strong> de <strong>exerc\u00edcios<\/strong> e <strong>preven\u00e7\u00e3o de quedas<\/strong>.<\/p>\n\n\n\n<h2 class=\"wp-block-heading\">Quando buscar ajuda m\u00e9dica (imediatamente)<\/h2>\n\n\n\n<p><strong>Causas<\/strong> de <strong>quedas<\/strong> <strong>podem ser s\u00e9rias<\/strong>. <strong>Procure um m\u00e9dico IMEDIATAMENTE<\/strong> se tiver:<\/p>\n\n\n\n<ul class=\"wp-block-list\">\n<li><strong>Quedas<\/strong> recentes ou frequentes.<\/li>\n\n\n\n<li><strong>Tontura<\/strong> frequente ou <strong>s\u00fabita<\/strong>.<\/li>\n\n\n\n<li><strong>Problemas de vis\u00e3o ou audi\u00e7\u00e3o<\/strong> que afetam o <strong>equil\u00edbrio<\/strong>.<\/li>\n\n\n\n<li><strong>Sinais neurol\u00f3gicos<\/strong> (dorm\u00eancia, formigamento, fraqueza).<\/li>\n\n\n\n<li><strong>Dor severa<\/strong>.<\/li>\n\n\n\n<li><strong>Qualquer preocupa\u00e7\u00e3o significativa com o equil\u00edbrio<\/strong>.<\/li>\n<\/ul>\n\n\n\n<h2 class=\"wp-block-heading\">Perguntas frequentes sobre exerc\u00edcios de equil\u00edbrio na terceira idade<\/h2>\n\n\n\n<h3 class=\"wp-block-heading\">Equil\u00edbrio pode ser melhorado em idosos?<\/h3>\n\n\n\n<p><strong>SIM, MUITO<\/strong>. <strong>Exerc\u00edcios<\/strong> adequados e seguros, com <strong>apoio<\/strong>, <strong>podem melhorar o equil\u00edbrio<\/strong> e <strong>reduzir o risco de quedas<\/strong> na <strong>terceira idade<\/strong>.<\/p>\n\n\n\n<h3 class=\"wp-block-heading\">Preciso ir \u00e0 academia?<\/h3>\n\n\n\n<p><strong>N\u00c3O<\/strong>. Muitos <strong>exerc\u00edcios seguros e eficazes<\/strong> podem ser feitos em casa com <strong>apoio<\/strong>. <strong>Mais importante \u00e9 ter orienta\u00e7\u00e3o profissional especializada<\/strong>.<\/p>\n\n\n\n<h3 class=\"wp-block-heading\">Qual a frequ\u00eancia ideal?<\/h3>\n\n\n\n<p>Regularmente, <strong>3-5 vezes por semana<\/strong>. Mesmo por curtos per\u00edodos. A <strong>consist\u00eancia<\/strong> \u00e9 chave.<\/p>\n\n\n\n<h3 class=\"wp-block-heading\">\u00c9 normal sentir tontura ao fazer exerc\u00edcios de equil\u00edbrio?<\/h3>\n\n\n\n<p><strong>N\u00c3O \u00e9 normal<\/strong> e <strong>requer aten\u00e7\u00e3o m\u00e9dica<\/strong> para investigar a <strong>causa<\/strong>. Se sentir <strong>tontura<\/strong>, pare e <strong>consulte um m\u00e9dico<\/strong>. Fa\u00e7a <strong>exerc\u00edcios<\/strong> <strong>sempre com apoio<\/strong> para <strong>seguran\u00e7a<\/strong>.<\/p>\n\n\n\n<h3 class=\"wp-block-heading\">Quedas na terceira idade s\u00e3o normais e inevit\u00e1veis?<\/h3>\n\n\n\n<p><strong>N\u00c3O<\/strong>. S\u00e3o comuns, mas <strong>N\u00c3O s\u00e3o normais ou inevit\u00e1veis<\/strong>. Muitos <strong>fatores de risco<\/strong> s\u00e3o <strong>modific\u00e1veis<\/strong> com <strong>exerc\u00edcios<\/strong>, <strong>avalia\u00e7\u00e3o m\u00e9dica<\/strong> e <strong>adapta\u00e7\u00f5es<\/strong> no ambiente. <strong>Queda \u00e9 um sinal de alerta que requer investiga\u00e7\u00e3o m\u00e9dica<\/strong>.<\/p>\n","protected":false},"excerpt":{"rendered":"<p>Manter um bom equil\u00edbrio e m\u00fasculos fortes \u00e9 fundamental para a seguran\u00e7a, independ\u00eancia e qualidade de vida na terceira idade. A perda de equil\u00edbrio e a fraqueza muscular s\u00e3o fatores de risco importantes para quedas, que podem ter consequ\u00eancias s\u00e9rias. No entanto, a perda de equil\u00edbrio e for\u00e7a n\u00e3o \u00e9 uma parte inevit\u00e1vel do envelhecimento [&hellip;]<\/p>\n","protected":false},"author":11,"featured_media":8093,"comment_status":"open","ping_status":"open","sticky":false,"template":"","format":"standard","meta":{"_yoast_wpseo_focuskw":"rotina","_yoast_wpseo_title":"","_yoast_wpseo_metadesc":"Nova rotina promete transformar os dias de quem est\u00e1 na terceira idade \u2014 o segredo est\u00e1 nos detalhes do m\u00e9todo revelado.","jnews-multi-image_gallery":[],"jnews_single_post":{"format":"standard"},"jnews_primary_category":[],"jnews_social_meta":[],"jnews_override_counter":[],"footnotes":""},"categories":[119],"post_tag":[120,565,201],"class_list":["post-30648","post","type-post","status-publish","format-standard","has-post-thumbnail","hentry","category-bem-estar","tag-bem-estar","tag-saude","tag-terceira-idade"],"yoast_head":"<!-- This site is optimized with the Yoast SEO plugin v24.6 - https:\/\/yoast.com\/wordpress\/plugins\/seo\/ -->\n<title>Quem est\u00e1 na terceira idade j\u00e1 pode comemorar a nova rotina de exerc\u00edcios renovadores - Correio Braziliense - Radar<\/title>\n<meta name=\"description\" content=\"Nova rotina promete transformar os dias de quem est\u00e1 na terceira idade \u2014 o segredo est\u00e1 nos detalhes do m\u00e9todo revelado.\" \/>\n<meta name=\"robots\" content=\"index, follow, max-snippet:-1, max-image-preview:large, max-video-preview:-1\" \/>\n<link rel=\"canonical\" href=\"https:\/\/www.correiobraziliense.com.br\/cbradar\/quem-esta-na-terceira-idade-ja-pode-comemorar-a-nova-rotina-de-exercicios-renovadores\/\" \/>\n<meta property=\"og:locale\" content=\"pt_BR\" \/>\n<meta property=\"og:type\" content=\"article\" \/>\n<meta property=\"og:title\" content=\"Quem est\u00e1 na terceira idade j\u00e1 pode comemorar a nova rotina de exerc\u00edcios renovadores - Correio Braziliense - Radar\" \/>\n<meta property=\"og:description\" content=\"Nova rotina promete transformar os dias de quem est\u00e1 na terceira idade \u2014 o segredo est\u00e1 nos detalhes do m\u00e9todo revelado.\" \/>\n<meta property=\"og:url\" content=\"https:\/\/www.correiobraziliense.com.br\/cbradar\/quem-esta-na-terceira-idade-ja-pode-comemorar-a-nova-rotina-de-exercicios-renovadores\/\" \/>\n<meta property=\"og:site_name\" content=\"Correio Braziliense - Radar\" \/>\n<meta property=\"article:published_time\" content=\"2025-05-02T21:23:00+00:00\" \/>\n<meta property=\"og:image\" content=\"https:\/\/www.correiobraziliense.com.br\/cbradar\/wp-content\/uploads\/2025\/03\/bem-estar_1740849055919.jpg\" \/>\n\t<meta property=\"og:image:width\" content=\"1280\" \/>\n\t<meta property=\"og:image:height\" content=\"720\" \/>\n\t<meta property=\"og:image:type\" content=\"image\/jpeg\" \/>\n<meta name=\"author\" content=\"Paulo Custodio\" \/>\n<meta name=\"twitter:card\" content=\"summary_large_image\" \/>\n<meta name=\"twitter:label1\" content=\"Escrito por\" \/>\n\t<meta name=\"twitter:data1\" content=\"Paulo Custodio\" \/>\n\t<meta name=\"twitter:label2\" content=\"Est. tempo de leitura\" \/>\n\t<meta name=\"twitter:data2\" content=\"7 minutos\" \/>\n<!-- \/ Yoast SEO plugin. -->","yoast_head_json":{"title":"Quem est\u00e1 na terceira idade j\u00e1 pode comemorar a nova rotina de exerc\u00edcios renovadores - Correio Braziliense - Radar","description":"Nova rotina promete transformar os dias de quem est\u00e1 na terceira idade \u2014 o segredo est\u00e1 nos detalhes do m\u00e9todo revelado.","robots":{"index":"index","follow":"follow","max-snippet":"max-snippet:-1","max-image-preview":"max-image-preview:large","max-video-preview":"max-video-preview:-1"},"canonical":"https:\/\/www.correiobraziliense.com.br\/cbradar\/quem-esta-na-terceira-idade-ja-pode-comemorar-a-nova-rotina-de-exercicios-renovadores\/","og_locale":"pt_BR","og_type":"article","og_title":"Quem est\u00e1 na terceira idade j\u00e1 pode comemorar a nova rotina de exerc\u00edcios renovadores - Correio Braziliense - Radar","og_description":"Nova rotina promete transformar os dias de quem est\u00e1 na terceira idade \u2014 o segredo est\u00e1 nos detalhes do m\u00e9todo revelado.","og_url":"https:\/\/www.correiobraziliense.com.br\/cbradar\/quem-esta-na-terceira-idade-ja-pode-comemorar-a-nova-rotina-de-exercicios-renovadores\/","og_site_name":"Correio Braziliense - Radar","article_published_time":"2025-05-02T21:23:00+00:00","og_image":[{"width":1280,"height":720,"url":"https:\/\/www.correiobraziliense.com.br\/cbradar\/wp-content\/uploads\/2025\/03\/bem-estar_1740849055919.jpg","type":"image\/jpeg"}],"author":"Paulo Custodio","twitter_card":"summary_large_image","twitter_misc":{"Escrito por":"Paulo Custodio","Est. tempo de leitura":"7 minutos"},"schema":{"@context":"https:\/\/schema.org","@graph":[{"@type":"WebPage","@id":"https:\/\/www.correiobraziliense.com.br\/cbradar\/quem-esta-na-terceira-idade-ja-pode-comemorar-a-nova-rotina-de-exercicios-renovadores\/","url":"https:\/\/www.correiobraziliense.com.br\/cbradar\/quem-esta-na-terceira-idade-ja-pode-comemorar-a-nova-rotina-de-exercicios-renovadores\/","name":"Quem est\u00e1 na terceira idade j\u00e1 pode comemorar a nova rotina de exerc\u00edcios renovadores - Correio Braziliense - Radar","isPartOf":{"@id":"https:\/\/www.correiobraziliense.com.br\/cbradar\/#website"},"primaryImageOfPage":{"@id":"https:\/\/www.correiobraziliense.com.br\/cbradar\/quem-esta-na-terceira-idade-ja-pode-comemorar-a-nova-rotina-de-exercicios-renovadores\/#primaryimage"},"image":{"@id":"https:\/\/www.correiobraziliense.com.br\/cbradar\/quem-esta-na-terceira-idade-ja-pode-comemorar-a-nova-rotina-de-exercicios-renovadores\/#primaryimage"},"thumbnailUrl":"https:\/\/www.correiobraziliense.com.br\/cbradar\/wp-content\/uploads\/2025\/03\/bem-estar_1740849055919.jpg","datePublished":"2025-05-02T21:23:00+00:00","author":{"@id":"https:\/\/www.correiobraziliense.com.br\/cbradar\/#\/schema\/person\/4cec7857301a9a1a2ef249893cd908d3"},"description":"Nova rotina promete transformar os dias de quem est\u00e1 na terceira idade \u2014 o segredo est\u00e1 nos detalhes do m\u00e9todo revelado.","breadcrumb":{"@id":"https:\/\/www.correiobraziliense.com.br\/cbradar\/quem-esta-na-terceira-idade-ja-pode-comemorar-a-nova-rotina-de-exercicios-renovadores\/#breadcrumb"},"inLanguage":"pt-BR","potentialAction":[{"@type":"ReadAction","target":["https:\/\/www.correiobraziliense.com.br\/cbradar\/quem-esta-na-terceira-idade-ja-pode-comemorar-a-nova-rotina-de-exercicios-renovadores\/"]}]},{"@type":"ImageObject","inLanguage":"pt-BR","@id":"https:\/\/www.correiobraziliense.com.br\/cbradar\/quem-esta-na-terceira-idade-ja-pode-comemorar-a-nova-rotina-de-exercicios-renovadores\/#primaryimage","url":"https:\/\/www.correiobraziliense.com.br\/cbradar\/wp-content\/uploads\/2025\/03\/bem-estar_1740849055919.jpg","contentUrl":"https:\/\/www.correiobraziliense.com.br\/cbradar\/wp-content\/uploads\/2025\/03\/bem-estar_1740849055919.jpg","width":1280,"height":720,"caption":"Idoso e crian\u00e7a - Cr\u00e9ditos: depositphotos.com \/ adriaticphoto"},{"@type":"BreadcrumbList","@id":"https:\/\/www.correiobraziliense.com.br\/cbradar\/quem-esta-na-terceira-idade-ja-pode-comemorar-a-nova-rotina-de-exercicios-renovadores\/#breadcrumb","itemListElement":[{"@type":"ListItem","position":1,"name":"In\u00edcio","item":"https:\/\/www.correiobraziliense.com.br\/cbradar\/"},{"@type":"ListItem","position":2,"name":"Quem est\u00e1 na terceira idade j\u00e1 pode comemorar a nova rotina de exerc\u00edcios renovadores"}]},{"@type":"WebSite","@id":"https:\/\/www.correiobraziliense.com.br\/cbradar\/#website","url":"https:\/\/www.correiobraziliense.com.br\/cbradar\/","name":"Correio Braziliense - Radar","description":"Acompanhe as \u00faltimas not\u00edcias e fique bem informado sobre tudo o que acontece no Brasil e no mundo.","potentialAction":[{"@type":"SearchAction","target":{"@type":"EntryPoint","urlTemplate":"https:\/\/www.correiobraziliense.com.br\/cbradar\/?s={search_term_string}"},"query-input":{"@type":"PropertyValueSpecification","valueRequired":true,"valueName":"search_term_string"}}],"inLanguage":"pt-BR"},{"@type":"Person","@id":"https:\/\/www.correiobraziliense.com.br\/cbradar\/#\/schema\/person\/4cec7857301a9a1a2ef249893cd908d3","name":"Paulo Custodio","image":{"@type":"ImageObject","inLanguage":"pt-BR","@id":"https:\/\/www.correiobraziliense.com.br\/cbradar\/#\/schema\/person\/image\/","url":"https:\/\/secure.gravatar.com\/avatar\/bcd67168d1534e8fcf4f45c726a87cea?s=96&d=mm&r=g","contentUrl":"https:\/\/secure.gravatar.com\/avatar\/bcd67168d1534e8fcf4f45c726a87cea?s=96&d=mm&r=g","caption":"Paulo Custodio"},"sameAs":["https:\/\/www.correiobraziliense.com.br\/cbradar"],"url":"https:\/\/www.correiobraziliense.com.br\/cbradar\/author\/paulomyth\/"}]}},"_links":{"self":[{"href":"https:\/\/www.correiobraziliense.com.br\/cbradar\/wp-json\/wp\/v2\/posts\/30648","targetHints":{"allow":["GET"]}}],"collection":[{"href":"https:\/\/www.correiobraziliense.com.br\/cbradar\/wp-json\/wp\/v2\/posts"}],"about":[{"href":"https:\/\/www.correiobraziliense.com.br\/cbradar\/wp-json\/wp\/v2\/types\/post"}],"author":[{"embeddable":true,"href":"https:\/\/www.correiobraziliense.com.br\/cbradar\/wp-json\/wp\/v2\/users\/11"}],"replies":[{"embeddable":true,"href":"https:\/\/www.correiobraziliense.com.br\/cbradar\/wp-json\/wp\/v2\/comments?post=30648"}],"version-history":[{"count":2,"href":"https:\/\/www.correiobraziliense.com.br\/cbradar\/wp-json\/wp\/v2\/posts\/30648\/revisions"}],"predecessor-version":[{"id":30698,"href":"https:\/\/www.correiobraziliense.com.br\/cbradar\/wp-json\/wp\/v2\/posts\/30648\/revisions\/30698"}],"wp:featuredmedia":[{"embeddable":true,"href":"https:\/\/www.correiobraziliense.com.br\/cbradar\/wp-json\/wp\/v2\/media\/8093"}],"wp:attachment":[{"href":"https:\/\/www.correiobraziliense.com.br\/cbradar\/wp-json\/wp\/v2\/media?parent=30648"}],"wp:term":[{"taxonomy":"category","embeddable":true,"href":"https:\/\/www.correiobraziliense.com.br\/cbradar\/wp-json\/wp\/v2\/categories?post=30648"},{"taxonomy":"post_tag","embeddable":true,"href":"https:\/\/www.correiobraziliense.com.br\/cbradar\/wp-json\/wp\/v2\/post_tag?post=30648"}],"curies":[{"name":"wp","href":"https:\/\/api.w.org\/{rel}","templated":true}]}}