{"id":30650,"date":"2025-05-02T20:23:00","date_gmt":"2025-05-02T23:23:00","guid":{"rendered":"https:\/\/www.correiobraziliense.com.br\/cbradar\/?p=30650"},"modified":"2025-05-02T06:02:30","modified_gmt":"2025-05-02T09:02:30","slug":"a-flores-secas-que-podem-te-render-um-cha-milagroso-para-melhorar-a-sua-qualidade-de-vida","status":"publish","type":"post","link":"https:\/\/www.correiobraziliense.com.br\/cbradar\/a-flores-secas-que-podem-te-render-um-cha-milagroso-para-melhorar-a-sua-qualidade-de-vida\/","title":{"rendered":"A flores secas que podem te render um ch\u00e1 milagroso para melhorar a sua qualidade de vida"},"content":{"rendered":"\n<p>O <strong><a href=\"https:\/\/pt.wikipedia.org\/wiki\/Ch\u00e1\" target=\"_blank\" rel=\"noreferrer noopener\">Ch\u00e1 <\/a>de Passiflora<\/strong>, feito a partir das folhas e flores secas da <strong>Passiflora incarnata<\/strong>, uma esp\u00e9cie de maracuj\u00e1, \u00e9 tradicionalmente usado por suas propriedades <strong>calmantes<\/strong> e <strong>relaxantes<\/strong>. Conhecido por <strong>aliviar o nervosismo<\/strong> e <strong>ajudar a dormir<\/strong>, o <strong>Ch\u00e1 de Passiflora<\/strong> \u00e9 uma bebida popular para quem busca <strong>reduzir a ansiedade<\/strong> e <strong>promover o relaxamento muscular<\/strong>. Seus efeitos s\u00e3o atribu\u00eddos a compostos como <strong>flavonoides<\/strong> e <strong>alcaloides<\/strong>, que <strong>podem influenciar neurotransmissores<\/strong> como o <strong>GABA<\/strong>, associado ao <strong>relaxamento<\/strong>.<\/p>\n\n\n\n<p>Este guia explora os potenciais <strong>benef\u00edcios<\/strong> do <strong>Ch\u00e1 de Passiflora<\/strong> para a <strong><a href=\"https:\/\/www.correiobraziliense.com.br\/cbradar\/quem-sofre-com-problemas-de-sono-pode-montar-um-kit-desses-para-uma-rapida-solucao\/\" target=\"_blank\" rel=\"noreferrer noopener\">sa\u00fade<\/a><\/strong>, com foco na <strong>ansiedade<\/strong>, no <strong>sono<\/strong> e no <strong>relaxamento muscular<\/strong>.<\/p>\n\n\n\n<p><strong>AVISO IMPORTANTE:<\/strong> As informa\u00e7\u00f5es aqui s\u00e3o sobre os <strong>benef\u00edcios potenciais<\/strong> do <strong>Ch\u00e1 de Passiflora<\/strong> para <strong>sintomas leves e tempor\u00e1rios<\/strong>. <strong>Eles N\u00c3O substituem diagn\u00f3stico, tratamento ou aconselhamento m\u00e9dico, ou psicol\u00f3gico profissional.<\/strong> <strong>Ins\u00f4nia cr\u00f4nica<\/strong>, <strong>ansiedade severa<\/strong>, <strong>depress\u00e3o<\/strong>, dist\u00farbios do <strong>sono<\/strong>, <strong>doen\u00e7as musculares<\/strong>, <strong>c\u00f3licas<\/strong> severas ou <strong>condi\u00e7\u00f5es de sa\u00fade<\/strong> subjacentes, <strong>requerem avalia\u00e7\u00e3o e tratamento profissional<\/strong>. O <strong>Ch\u00e1 de Passiflora<\/strong> <strong>pode ter efeitos<\/strong> e <strong>intera\u00e7\u00f5es<\/strong>.<\/p>\n\n\n\n<h2 class=\"wp-block-heading\">Benef\u00edcios potenciais do ch\u00e1 de passiflora<\/h2>\n\n\n<div class=\"wp-block-image\">\n<figure class=\"aligncenter size-large\"><img decoding=\"async\" width=\"1024\" height=\"576\" src=\"https:\/\/www.correiobraziliense.com.br\/cbradar\/wp-content\/uploads\/2025\/04\/chas-erva_1745507027369-1024x576.jpg\" alt=\"A flores secas que podem te render um ch\u00e1 milagroso para melhorar a sua qualidade de vida\" class=\"wp-image-27796\" srcset=\"https:\/\/www.correiobraziliense.com.br\/cbradar\/wp-content\/uploads\/2025\/04\/chas-erva_1745507027369-1024x576.jpg 1024w, https:\/\/www.correiobraziliense.com.br\/cbradar\/wp-content\/uploads\/2025\/04\/chas-erva_1745507027369-300x169.jpg 300w, https:\/\/www.correiobraziliense.com.br\/cbradar\/wp-content\/uploads\/2025\/04\/chas-erva_1745507027369-768x432.jpg 768w, https:\/\/www.correiobraziliense.com.br\/cbradar\/wp-content\/uploads\/2025\/04\/chas-erva_1745507027369-750x422.jpg 750w, https:\/\/www.correiobraziliense.com.br\/cbradar\/wp-content\/uploads\/2025\/04\/chas-erva_1745507027369-1140x641.jpg 1140w, https:\/\/www.correiobraziliense.com.br\/cbradar\/wp-content\/uploads\/2025\/04\/chas-erva_1745507027369.jpg 1280w\" sizes=\"(max-width: 1024px) 100vw, 1024px\" \/><figcaption class=\"wp-element-caption\">Ch\u00e1 &#8211; Cr\u00e9ditos: depositphotos.com \/ joaninha777<\/figcaption><\/figure><\/div>\n\n\n<p>Os potenciais <strong>benef\u00edcios<\/strong> do <strong>Ch\u00e1 de Passiflora<\/strong> incluem:<\/p>\n\n\n\n<ol class=\"wp-block-list\">\n<li><strong>Benef\u00edcios para a Ansiedade:<\/strong> Estudos e <strong>uso tradicional<\/strong> sugerem que <strong>pode ajudar a reduzir sintomas leves a moderados de ansiedade<\/strong>, <strong>nervosismo<\/strong> e <strong>agita\u00e7\u00e3o<\/strong>, <strong>promovendo calma<\/strong>.<\/li>\n\n\n\n<li><strong>Benef\u00edcios para o Sono:<\/strong> Associado ao <strong>relaxamento<\/strong>, <strong>pode ajudar a melhorar a qualidade do sono<\/strong> e <strong>reduzir a dificuldade em adormecer<\/strong> em casos de <strong>ins\u00f4nia leve<\/strong> e ocasional.<\/li>\n\n\n\n<li><strong>Benef\u00edcios para o Relaxamento Muscular:<\/strong> Possui <strong>efeito antiespasm\u00f3dico suave<\/strong>, <strong>pode ajudar a relaxar m\u00fasculos tensos<\/strong> e <strong>aliviar c\u00f3licas leves<\/strong> (digestivas ou menstruais).<\/li>\n\n\n\n<li><strong>Ajuda a Aliviar o Estresse:<\/strong> Relacionado ao <strong>efeito calmante<\/strong> e <strong>ansiol\u00edtico<\/strong> suave, <strong>pode ajudar a reduzir a tens\u00e3o<\/strong> associada ao <strong>estresse<\/strong>.<\/li>\n\n\n\n<li><strong>Pode Reduzir a Inquieta\u00e7\u00e3o:<\/strong> O <strong>efeito relaxante<\/strong> <strong>pode ajudar a reduzir a agita\u00e7\u00e3o<\/strong> e a dificuldade em relaxar.<\/li>\n\n\n\n<li><strong>Pode Aliviar Dores de Cabe\u00e7a Tensionais:<\/strong> O <strong>relaxamento muscular<\/strong> induzido <strong>pode aliviar dores de cabe\u00e7a tensionais<\/strong> leves.<\/li>\n\n\n\n<li><strong>Pode Ajudar na Digest\u00e3o Relacionada ao Estresse:<\/strong> Ao <strong>reduzir o estresse<\/strong> e <strong>promover relaxamento<\/strong>, <strong>pode indiretamente ajudar a aliviar desconfortos digestivos<\/strong> leves relacionados a estados de <strong>tens\u00e3o<\/strong>.<\/li>\n<\/ol>\n\n\n\n<h2 class=\"wp-block-heading\">Como preparar o ch\u00e1 de passiflora<\/h2>\n\n\n\n<p>Preparar o <strong>Ch\u00e1 de Passiflora<\/strong> \u00e9 simples:<\/p>\n\n\n\n<ul class=\"wp-block-list\">\n<li>Use 1 a 2 colheres de ch\u00e1 de folhas ou flores secas (ou 1-2 sach\u00eas) para 1 x\u00edcara de <strong>\u00e1gua quente<\/strong>.<\/li>\n\n\n\n<li>Tampe e deixe em infus\u00e3o por <strong>10 a 15 minutos<\/strong>. Coe.<\/li>\n\n\n\n<li>Beba <strong>morno<\/strong> para <strong>promover relaxamento<\/strong>, <strong>aliviar c\u00f3licas<\/strong> ou antes de dormir para <strong>ins\u00f4nia leve<\/strong>.<\/li>\n<\/ul>\n\n\n\n<h2 class=\"wp-block-heading\">Precau\u00e7\u00f5es e contraindica\u00e7\u00f5es<\/h2>\n\n\n\n<p>O <strong>Ch\u00e1 de Passiflora<\/strong> \u00e9 geralmente seguro para uso de <strong>curto prazo<\/strong> em adultos, em quantidades moderadas.<\/p>\n\n\n\n<ul class=\"wp-block-list\">\n<li><strong>Efeitos Colaterais:<\/strong> Podem incluir <strong>sonol\u00eancia<\/strong>, <strong>tontura<\/strong>, <strong>dor de cabe\u00e7a<\/strong> ou <strong>desconforto digestivo<\/strong> leve.<\/li>\n\n\n\n<li><strong>Sonol\u00eancia:<\/strong> <strong>Pode causar sonol\u00eancia<\/strong>, <strong>use com cautela<\/strong> antes de dirigir ou operar m\u00e1quinas.<\/li>\n\n\n\n<li><strong>Contraindica\u00e7\u00f5es:<\/strong> <strong>N\u00c3O use<\/strong> durante <strong>gravidez<\/strong> ou <strong>amamenta\u00e7\u00e3o<\/strong> (falta de estudos de seguran\u00e7a).<\/li>\n\n\n\n<li><strong>Intera\u00e7\u00f5es Medicamentosas:<\/strong> <strong>Pode aumentar o efeito sedativo<\/strong> de <strong>sedativos<\/strong>, <strong>ansiol\u00edticos<\/strong>, <strong>antidepressivos<\/strong>, <strong>\u00e1lcool<\/strong> e <strong>medicamentos para dormir<\/strong>. <strong>Pode interagir<\/strong> com <strong>medicamentos<\/strong> para <strong>press\u00e3o arterial<\/strong> (potencializa efeito). <strong>SEMPRE consulte seu m\u00e9dico<\/strong> se tomar <strong>medicamentos<\/strong> ou tiver <strong>condi\u00e7\u00f5es de sa\u00fade<\/strong> (depress\u00e3o, <strong>ansiedade<\/strong>, <strong>problemas card\u00edacos<\/strong>).<\/li>\n<\/ul>\n\n\n\n<h2 class=\"wp-block-heading\">Quando buscar ajuda profissional<\/h2>\n\n\n\n<p>Para <strong>ins\u00f4nia cr\u00f4nica<\/strong>, <strong>ansiedade severa<\/strong>, <strong>depress\u00e3o<\/strong>, <strong>c\u00f3licas<\/strong> severas ou persistentes, <strong>problemas musculares<\/strong> ou <strong>digestivos<\/strong> persistentes, ou se experimentar <strong>efeitos colaterais<\/strong> da <strong>Passiflora<\/strong>, <strong>busque avalia\u00e7\u00e3o m\u00e9dica<\/strong>.<\/p>\n\n\n\n<h2 class=\"wp-block-heading\">Perguntas frequentes sobre ch\u00e1 de passiflora<\/h2>\n\n\n\n<blockquote class=\"instagram-media\" data-instgrm-captioned data-instgrm-permalink=\"https:\/\/www.instagram.com\/reel\/DC9wdvpRRi5\/?utm_source=ig_embed&amp;utm_campaign=loading\" data-instgrm-version=\"14\" style=\" background:#FFF; border:0; border-radius:3px; box-shadow:0 0 1px 0 rgba(0,0,0,0.5),0 1px 10px 0 rgba(0,0,0,0.15); margin: 1px; max-width:540px; min-width:326px; padding:0; width:99.375%; width:-webkit-calc(100% - 2px); width:calc(100% - 2px);\"><div style=\"padding:16px;\"> <a href=\"https:\/\/www.instagram.com\/reel\/DC9wdvpRRi5\/?utm_source=ig_embed&amp;utm_campaign=loading\" style=\" background:#FFFFFF; line-height:0; padding:0 0; text-align:center; text-decoration:none; width:100%;\" target=\"_blank\"> <div style=\" display: flex; flex-direction: row; align-items: center;\"> <div style=\"background-color: #F4F4F4; border-radius: 50%; flex-grow: 0; height: 40px; margin-right: 14px; width: 40px;\"><\/div> <div style=\"display: flex; flex-direction: column; flex-grow: 1; justify-content: center;\"> <div style=\" background-color: #F4F4F4; border-radius: 4px; flex-grow: 0; height: 14px; margin-bottom: 6px; width: 100px;\"><\/div> <div style=\" background-color: #F4F4F4; border-radius: 4px; flex-grow: 0; height: 14px; width: 60px;\"><\/div><\/div><\/div><div style=\"padding: 19% 0;\"><\/div> <div style=\"display:block; height:50px; margin:0 auto 12px; width:50px;\"><svg width=\"50px\" height=\"50px\" viewBox=\"0 0 60 60\" version=\"1.1\" xmlns=\"https:\/\/www.w3.org\/2000\/svg\" xmlns:xlink=\"https:\/\/www.w3.org\/1999\/xlink\"><g stroke=\"none\" stroke-width=\"1\" fill=\"none\" fill-rule=\"evenodd\"><g transform=\"translate(-511.000000, -20.000000)\" fill=\"#000000\"><g><path d=\"M556.869,30.41 C554.814,30.41 553.148,32.076 553.148,34.131 C553.148,36.186 554.814,37.852 556.869,37.852 C558.924,37.852 560.59,36.186 560.59,34.131 C560.59,32.076 558.924,30.41 556.869,30.41 M541,60.657 C535.114,60.657 530.342,55.887 530.342,50 C530.342,44.114 535.114,39.342 541,39.342 C546.887,39.342 551.658,44.114 551.658,50 C551.658,55.887 546.887,60.657 541,60.657 M541,33.886 C532.1,33.886 524.886,41.1 524.886,50 C524.886,58.899 532.1,66.113 541,66.113 C549.9,66.113 557.115,58.899 557.115,50 C557.115,41.1 549.9,33.886 541,33.886 M565.378,62.101 C565.244,65.022 564.756,66.606 564.346,67.663 C563.803,69.06 563.154,70.057 562.106,71.106 C561.058,72.155 560.06,72.803 558.662,73.347 C557.607,73.757 556.021,74.244 553.102,74.378 C549.944,74.521 548.997,74.552 541,74.552 C533.003,74.552 532.056,74.521 528.898,74.378 C525.979,74.244 524.393,73.757 523.338,73.347 C521.94,72.803 520.942,72.155 519.894,71.106 C518.846,70.057 518.197,69.06 517.654,67.663 C517.244,66.606 516.755,65.022 516.623,62.101 C516.479,58.943 516.448,57.996 516.448,50 C516.448,42.003 516.479,41.056 516.623,37.899 C516.755,34.978 517.244,33.391 517.654,32.338 C518.197,30.938 518.846,29.942 519.894,28.894 C520.942,27.846 521.94,27.196 523.338,26.654 C524.393,26.244 525.979,25.756 528.898,25.623 C532.057,25.479 533.004,25.448 541,25.448 C548.997,25.448 549.943,25.479 553.102,25.623 C556.021,25.756 557.607,26.244 558.662,26.654 C560.06,27.196 561.058,27.846 562.106,28.894 C563.154,29.942 563.803,30.938 564.346,32.338 C564.756,33.391 565.244,34.978 565.378,37.899 C565.522,41.056 565.552,42.003 565.552,50 C565.552,57.996 565.522,58.943 565.378,62.101 M570.82,37.631 C570.674,34.438 570.167,32.258 569.425,30.349 C568.659,28.377 567.633,26.702 565.965,25.035 C564.297,23.368 562.623,22.342 560.652,21.575 C558.743,20.834 556.562,20.326 553.369,20.18 C550.169,20.033 549.148,20 541,20 C532.853,20 531.831,20.033 528.631,20.18 C525.438,20.326 523.257,20.834 521.349,21.575 C519.376,22.342 517.703,23.368 516.035,25.035 C514.368,26.702 513.342,28.377 512.574,30.349 C511.834,32.258 511.326,34.438 511.181,37.631 C511.035,40.831 511,41.851 511,50 C511,58.147 511.035,59.17 511.181,62.369 C511.326,65.562 511.834,67.743 512.574,69.651 C513.342,71.625 514.368,73.296 516.035,74.965 C517.703,76.634 519.376,77.658 521.349,78.425 C523.257,79.167 525.438,79.673 528.631,79.82 C531.831,79.965 532.853,80.001 541,80.001 C549.148,80.001 550.169,79.965 553.369,79.82 C556.562,79.673 558.743,79.167 560.652,78.425 C562.623,77.658 564.297,76.634 565.965,74.965 C567.633,73.296 568.659,71.625 569.425,69.651 C570.167,67.743 570.674,65.562 570.82,62.369 C570.966,59.17 571,58.147 571,50 C571,41.851 570.966,40.831 570.82,37.631\"><\/path><\/g><\/g><\/g><\/svg><\/div><div style=\"padding-top: 8px;\"> <div style=\" color:#3897f0; font-family:Arial,sans-serif; font-size:14px; font-style:normal; font-weight:550; line-height:18px;\">Ver essa foto no Instagram<\/div><\/div><div style=\"padding: 12.5% 0;\"><\/div> <div style=\"display: flex; flex-direction: row; margin-bottom: 14px; align-items: center;\"><div> <div style=\"background-color: #F4F4F4; border-radius: 50%; height: 12.5px; width: 12.5px; transform: translateX(0px) translateY(7px);\"><\/div> <div style=\"background-color: #F4F4F4; height: 12.5px; transform: rotate(-45deg) translateX(3px) translateY(1px); width: 12.5px; flex-grow: 0; margin-right: 14px; margin-left: 2px;\"><\/div> <div style=\"background-color: #F4F4F4; border-radius: 50%; height: 12.5px; width: 12.5px; transform: translateX(9px) translateY(-18px);\"><\/div><\/div><div style=\"margin-left: 8px;\"> <div style=\" background-color: #F4F4F4; border-radius: 50%; flex-grow: 0; height: 20px; width: 20px;\"><\/div> <div style=\" width: 0; height: 0; border-top: 2px solid transparent; border-left: 6px solid #f4f4f4; border-bottom: 2px solid transparent; transform: translateX(16px) translateY(-4px) rotate(30deg)\"><\/div><\/div><div style=\"margin-left: auto;\"> <div style=\" width: 0px; border-top: 8px solid #F4F4F4; border-right: 8px solid transparent; transform: translateY(16px);\"><\/div> <div style=\" background-color: #F4F4F4; flex-grow: 0; height: 12px; width: 16px; transform: translateY(-4px);\"><\/div> <div style=\" width: 0; height: 0; border-top: 8px solid #F4F4F4; border-left: 8px solid transparent; transform: translateY(-4px) translateX(8px);\"><\/div><\/div><\/div> <div style=\"display: flex; flex-direction: column; flex-grow: 1; justify-content: center; margin-bottom: 24px;\"> <div style=\" background-color: #F4F4F4; border-radius: 4px; flex-grow: 0; height: 14px; margin-bottom: 6px; width: 224px;\"><\/div> <div style=\" background-color: #F4F4F4; border-radius: 4px; flex-grow: 0; height: 14px; width: 144px;\"><\/div><\/div><\/a><p style=\" color:#c9c8cd; font-family:Arial,sans-serif; font-size:14px; line-height:17px; margin-bottom:0; margin-top:8px; overflow:hidden; padding:8px 0 7px; text-align:center; text-overflow:ellipsis; white-space:nowrap;\"><a href=\"https:\/\/www.instagram.com\/reel\/DC9wdvpRRi5\/?utm_source=ig_embed&amp;utm_campaign=loading\" style=\" color:#c9c8cd; font-family:Arial,sans-serif; font-size:14px; font-style:normal; font-weight:normal; line-height:17px; text-decoration:none;\" target=\"_blank\">Uma publica\u00e7\u00e3o compartilhada por Andrea Santa Rosa (@andreasantarosagarcia)<\/a><\/p><\/div><\/blockquote>\n<script async src=\"\/\/www.instagram.com\/embed.js\"><\/script>\n\n\n\n<h3 class=\"wp-block-heading\">Passiflora causa depend\u00eancia?<\/h3>\n\n\n\n<p>N\u00e3o \u00e9 considerada viciante como alguns medicamentos. <strong>Uso prolongado<\/strong> <strong>requer orienta\u00e7\u00e3o profissional<\/strong>.<\/p>\n\n\n\n<h3 class=\"wp-block-heading\">Passiflora \u00e9 o mesmo que maracuj\u00e1?<\/h3>\n\n\n\n<p><strong>Passiflora incarnata<\/strong> (usada para o <strong>ch\u00e1<\/strong>) \u00e9 uma esp\u00e9cie de maracuj\u00e1. O maracuj\u00e1 comum que comemos \u00e9 de outras esp\u00e9cies. O <strong>ch\u00e1<\/strong> medicinal \u00e9 feito das folhas\/flores de <em>P. incarnata<\/em>.<\/p>\n\n\n\n<h3 class=\"wp-block-heading\">Passiflora ajuda a dormir profundamente?<\/h3>\n\n\n\n<p><strong>Pode ajudar a reduzir o tempo para adormecer<\/strong> e <strong>melhorar a qualidade<\/strong> em casos <strong>leves<\/strong>. <strong>N\u00e3o garante sono profundo<\/strong> ou resolve <strong>ins\u00f4nia cr\u00f4nica<\/strong>.<\/p>\n\n\n\n<h3 class=\"wp-block-heading\">Passiflora interage com medicamentos?<\/h3>\n\n\n\n<p><strong>SIM<\/strong>. Especialmente com <strong>sedativos<\/strong>, <strong>ansiol\u00edticos<\/strong>, <strong>antidepressivos<\/strong>, <strong>\u00e1lcool<\/strong>, <strong>medicamentos para dormir<\/strong> ou <strong>press\u00e3o<\/strong>. <strong>SEMPRE CONSULTAR M\u00c9DICO\/Farmac\u00eautico<\/strong>.<\/p>\n\n\n\n<h3 class=\"wp-block-heading\">Gr\u00e1vidas podem usar Ch\u00e1 de Passiflora?<\/h3>\n\n\n\n<p><strong>N\u00c3O recomendado<\/strong> devido \u00e0 falta de estudos de seguran\u00e7a. <strong>Consulte m\u00e9dico<\/strong>.<\/p>\n","protected":false},"excerpt":{"rendered":"<p>O Ch\u00e1 de Passiflora, feito a partir das folhas e flores secas da Passiflora incarnata, uma esp\u00e9cie de maracuj\u00e1, \u00e9 tradicionalmente usado por suas propriedades calmantes e relaxantes. Conhecido por aliviar o nervosismo e ajudar a dormir, o Ch\u00e1 de Passiflora \u00e9 uma bebida popular para quem busca reduzir a ansiedade e promover o relaxamento [&hellip;]<\/p>\n","protected":false},"author":11,"featured_media":30693,"comment_status":"open","ping_status":"open","sticky":false,"template":"","format":"standard","meta":{"_yoast_wpseo_focuskw":"Flores secas","_yoast_wpseo_title":"","_yoast_wpseo_metadesc":"Flores secas que podem ser a chave para um ch\u00e1 revitalizante \u2014 um toque natural para melhorar sua qualidade de vida.","jnews-multi-image_gallery":[],"jnews_single_post":{"format":"standard"},"jnews_primary_category":[],"jnews_social_meta":[],"jnews_override_counter":[],"footnotes":""},"categories":[119],"tags":[120,223,565],"class_list":["post-30650","post","type-post","status-publish","format-standard","has-post-thumbnail","hentry","category-bem-estar","tag-bem-estar","tag-flores","tag-saude"],"yoast_head":"<!-- This site is optimized with the Yoast SEO plugin v24.6 - https:\/\/yoast.com\/wordpress\/plugins\/seo\/ -->\n<title>A flores secas que podem te render um ch\u00e1 milagroso para melhorar a sua qualidade de vida - Correio Braziliense - Radar<\/title>\n<meta name=\"description\" content=\"Flores secas que podem ser a chave para um ch\u00e1 revitalizante \u2014 um toque natural para melhorar sua qualidade de vida.\" \/>\n<meta name=\"robots\" content=\"index, follow, max-snippet:-1, max-image-preview:large, max-video-preview:-1\" \/>\n<link rel=\"canonical\" href=\"https:\/\/www.correiobraziliense.com.br\/cbradar\/a-flores-secas-que-podem-te-render-um-cha-milagroso-para-melhorar-a-sua-qualidade-de-vida\/\" \/>\n<meta property=\"og:locale\" content=\"pt_BR\" \/>\n<meta property=\"og:type\" content=\"article\" \/>\n<meta property=\"og:title\" content=\"A flores secas que podem te render um ch\u00e1 milagroso para melhorar a sua qualidade de vida - Correio Braziliense - Radar\" \/>\n<meta property=\"og:description\" content=\"Flores secas que podem ser a chave para um ch\u00e1 revitalizante \u2014 um toque natural para melhorar sua qualidade de vida.\" \/>\n<meta property=\"og:url\" content=\"https:\/\/www.correiobraziliense.com.br\/cbradar\/a-flores-secas-que-podem-te-render-um-cha-milagroso-para-melhorar-a-sua-qualidade-de-vida\/\" \/>\n<meta property=\"og:site_name\" content=\"Correio Braziliense - Radar\" \/>\n<meta property=\"article:published_time\" content=\"2025-05-02T23:23:00+00:00\" \/>\n<meta property=\"og:image\" content=\"https:\/\/www.correiobraziliense.com.br\/cbradar\/wp-content\/uploads\/2025\/05\/Passiflora-incarnata_1746116807745.jpg\" \/>\n\t<meta property=\"og:image:width\" content=\"1280\" \/>\n\t<meta property=\"og:image:height\" content=\"720\" \/>\n\t<meta property=\"og:image:type\" content=\"image\/jpeg\" \/>\n<meta name=\"author\" content=\"Paulo Custodio\" \/>\n<meta name=\"twitter:card\" content=\"summary_large_image\" \/>\n<meta name=\"twitter:label1\" content=\"Escrito por\" \/>\n\t<meta name=\"twitter:data1\" content=\"Paulo Custodio\" \/>\n\t<meta name=\"twitter:label2\" content=\"Est. tempo de leitura\" \/>\n\t<meta name=\"twitter:data2\" content=\"4 minutos\" \/>\n<!-- \/ Yoast SEO plugin. -->","yoast_head_json":{"title":"A flores secas que podem te render um ch\u00e1 milagroso para melhorar a sua qualidade de vida - Correio Braziliense - Radar","description":"Flores secas que podem ser a chave para um ch\u00e1 revitalizante \u2014 um toque natural para melhorar sua qualidade de vida.","robots":{"index":"index","follow":"follow","max-snippet":"max-snippet:-1","max-image-preview":"max-image-preview:large","max-video-preview":"max-video-preview:-1"},"canonical":"https:\/\/www.correiobraziliense.com.br\/cbradar\/a-flores-secas-que-podem-te-render-um-cha-milagroso-para-melhorar-a-sua-qualidade-de-vida\/","og_locale":"pt_BR","og_type":"article","og_title":"A flores secas que podem te render um ch\u00e1 milagroso para melhorar a sua qualidade de vida - Correio Braziliense - Radar","og_description":"Flores secas que podem ser a chave para um ch\u00e1 revitalizante \u2014 um toque natural para melhorar sua qualidade de vida.","og_url":"https:\/\/www.correiobraziliense.com.br\/cbradar\/a-flores-secas-que-podem-te-render-um-cha-milagroso-para-melhorar-a-sua-qualidade-de-vida\/","og_site_name":"Correio Braziliense - Radar","article_published_time":"2025-05-02T23:23:00+00:00","og_image":[{"width":1280,"height":720,"url":"https:\/\/www.correiobraziliense.com.br\/cbradar\/wp-content\/uploads\/2025\/05\/Passiflora-incarnata_1746116807745.jpg","type":"image\/jpeg"}],"author":"Paulo Custodio","twitter_card":"summary_large_image","twitter_misc":{"Escrito por":"Paulo Custodio","Est. tempo de leitura":"4 minutos"},"schema":{"@context":"https:\/\/schema.org","@graph":[{"@type":"WebPage","@id":"https:\/\/www.correiobraziliense.com.br\/cbradar\/a-flores-secas-que-podem-te-render-um-cha-milagroso-para-melhorar-a-sua-qualidade-de-vida\/","url":"https:\/\/www.correiobraziliense.com.br\/cbradar\/a-flores-secas-que-podem-te-render-um-cha-milagroso-para-melhorar-a-sua-qualidade-de-vida\/","name":"A flores secas que podem te render um ch\u00e1 milagroso para melhorar a sua qualidade de vida - Correio Braziliense - Radar","isPartOf":{"@id":"https:\/\/www.correiobraziliense.com.br\/cbradar\/#website"},"primaryImageOfPage":{"@id":"https:\/\/www.correiobraziliense.com.br\/cbradar\/a-flores-secas-que-podem-te-render-um-cha-milagroso-para-melhorar-a-sua-qualidade-de-vida\/#primaryimage"},"image":{"@id":"https:\/\/www.correiobraziliense.com.br\/cbradar\/a-flores-secas-que-podem-te-render-um-cha-milagroso-para-melhorar-a-sua-qualidade-de-vida\/#primaryimage"},"thumbnailUrl":"https:\/\/www.correiobraziliense.com.br\/cbradar\/wp-content\/uploads\/2025\/05\/Passiflora-incarnata_1746116807745.jpg","datePublished":"2025-05-02T23:23:00+00:00","author":{"@id":"https:\/\/www.correiobraziliense.com.br\/cbradar\/#\/schema\/person\/4cec7857301a9a1a2ef249893cd908d3"},"description":"Flores secas que podem ser a chave para um ch\u00e1 revitalizante \u2014 um toque natural para melhorar sua qualidade de vida.","breadcrumb":{"@id":"https:\/\/www.correiobraziliense.com.br\/cbradar\/a-flores-secas-que-podem-te-render-um-cha-milagroso-para-melhorar-a-sua-qualidade-de-vida\/#breadcrumb"},"inLanguage":"pt-BR","potentialAction":[{"@type":"ReadAction","target":["https:\/\/www.correiobraziliense.com.br\/cbradar\/a-flores-secas-que-podem-te-render-um-cha-milagroso-para-melhorar-a-sua-qualidade-de-vida\/"]}]},{"@type":"ImageObject","inLanguage":"pt-BR","@id":"https:\/\/www.correiobraziliense.com.br\/cbradar\/a-flores-secas-que-podem-te-render-um-cha-milagroso-para-melhorar-a-sua-qualidade-de-vida\/#primaryimage","url":"https:\/\/www.correiobraziliense.com.br\/cbradar\/wp-content\/uploads\/2025\/05\/Passiflora-incarnata_1746116807745.jpg","contentUrl":"https:\/\/www.correiobraziliense.com.br\/cbradar\/wp-content\/uploads\/2025\/05\/Passiflora-incarnata_1746116807745.jpg","width":1280,"height":720,"caption":"Passiflora incarnata - Cr\u00e9ditos: depositphotos.com \/ ribeiroantonio"},{"@type":"BreadcrumbList","@id":"https:\/\/www.correiobraziliense.com.br\/cbradar\/a-flores-secas-que-podem-te-render-um-cha-milagroso-para-melhorar-a-sua-qualidade-de-vida\/#breadcrumb","itemListElement":[{"@type":"ListItem","position":1,"name":"In\u00edcio","item":"https:\/\/www.correiobraziliense.com.br\/cbradar\/"},{"@type":"ListItem","position":2,"name":"A flores secas que podem te render um ch\u00e1 milagroso para melhorar a sua qualidade de vida"}]},{"@type":"WebSite","@id":"https:\/\/www.correiobraziliense.com.br\/cbradar\/#website","url":"https:\/\/www.correiobraziliense.com.br\/cbradar\/","name":"Correio Braziliense - Radar","description":"Acompanhe as \u00faltimas not\u00edcias e fique bem informado sobre tudo o que acontece no Brasil e no mundo.","potentialAction":[{"@type":"SearchAction","target":{"@type":"EntryPoint","urlTemplate":"https:\/\/www.correiobraziliense.com.br\/cbradar\/?s={search_term_string}"},"query-input":{"@type":"PropertyValueSpecification","valueRequired":true,"valueName":"search_term_string"}}],"inLanguage":"pt-BR"},{"@type":"Person","@id":"https:\/\/www.correiobraziliense.com.br\/cbradar\/#\/schema\/person\/4cec7857301a9a1a2ef249893cd908d3","name":"Paulo Custodio","image":{"@type":"ImageObject","inLanguage":"pt-BR","@id":"https:\/\/www.correiobraziliense.com.br\/cbradar\/#\/schema\/person\/image\/","url":"https:\/\/secure.gravatar.com\/avatar\/bcd67168d1534e8fcf4f45c726a87cea?s=96&d=mm&r=g","contentUrl":"https:\/\/secure.gravatar.com\/avatar\/bcd67168d1534e8fcf4f45c726a87cea?s=96&d=mm&r=g","caption":"Paulo Custodio"},"sameAs":["https:\/\/www.correiobraziliense.com.br\/cbradar"],"url":"https:\/\/www.correiobraziliense.com.br\/cbradar\/author\/paulomyth\/"}]}},"_links":{"self":[{"href":"https:\/\/www.correiobraziliense.com.br\/cbradar\/wp-json\/wp\/v2\/posts\/30650","targetHints":{"allow":["GET"]}}],"collection":[{"href":"https:\/\/www.correiobraziliense.com.br\/cbradar\/wp-json\/wp\/v2\/posts"}],"about":[{"href":"https:\/\/www.correiobraziliense.com.br\/cbradar\/wp-json\/wp\/v2\/types\/post"}],"author":[{"embeddable":true,"href":"https:\/\/www.correiobraziliense.com.br\/cbradar\/wp-json\/wp\/v2\/users\/11"}],"replies":[{"embeddable":true,"href":"https:\/\/www.correiobraziliense.com.br\/cbradar\/wp-json\/wp\/v2\/comments?post=30650"}],"version-history":[{"count":4,"href":"https:\/\/www.correiobraziliense.com.br\/cbradar\/wp-json\/wp\/v2\/posts\/30650\/revisions"}],"predecessor-version":[{"id":31036,"href":"https:\/\/www.correiobraziliense.com.br\/cbradar\/wp-json\/wp\/v2\/posts\/30650\/revisions\/31036"}],"wp:featuredmedia":[{"embeddable":true,"href":"https:\/\/www.correiobraziliense.com.br\/cbradar\/wp-json\/wp\/v2\/media\/30693"}],"wp:attachment":[{"href":"https:\/\/www.correiobraziliense.com.br\/cbradar\/wp-json\/wp\/v2\/media?parent=30650"}],"wp:term":[{"taxonomy":"category","embeddable":true,"href":"https:\/\/www.correiobraziliense.com.br\/cbradar\/wp-json\/wp\/v2\/categories?post=30650"},{"taxonomy":"post_tag","embeddable":true,"href":"https:\/\/www.correiobraziliense.com.br\/cbradar\/wp-json\/wp\/v2\/tags?post=30650"}],"curies":[{"name":"wp","href":"https:\/\/api.w.org\/{rel}","templated":true}]}}