{"id":30655,"date":"2025-05-03T20:23:00","date_gmt":"2025-05-03T23:23:00","guid":{"rendered":"https:\/\/www.correiobraziliense.com.br\/cbradar\/?p=30655"},"modified":"2025-05-01T13:52:43","modified_gmt":"2025-05-01T16:52:43","slug":"a-planta-com-aparencia-pre-historica-que-vai-mudar-o-seu-dia-a-dia","status":"publish","type":"post","link":"https:\/\/www.correiobraziliense.com.br\/cbradar\/a-planta-com-aparencia-pre-historica-que-vai-mudar-o-seu-dia-a-dia\/","title":{"rendered":"A planta com apar\u00eancia pr\u00e9-hist\u00f3rica que vai mudar o seu dia a dia"},"content":{"rendered":"\n<p>A <strong>Cavalinha<\/strong> (<em>Equisetum arvense<\/em>) \u00e9 uma planta fascinante, com apar\u00eancia pr\u00e9-hist\u00f3rica, valorizada h\u00e1 s\u00e9culos na <strong>medicina tradicional<\/strong> por suas propriedades terap\u00eauticas. \u00c9 particularmente conhecida por ser uma fonte rica em <strong>s\u00edlica<\/strong> e por seu <strong>efeito diur\u00e9tico<\/strong>. O <strong>Ch\u00e1 de Cavalinha<\/strong> \u00e9 popularmente associado a <strong>benef\u00edcios<\/strong> para a <strong>sa\u00fade dos cabelos<\/strong>, <strong>unhas<\/strong>, <strong>ossos<\/strong> e <strong><a href=\"https:\/\/pt.wikipedia.org\/wiki\/Rim\" target=\"_blank\" rel=\"noreferrer noopener\">rins<\/a><\/strong>, embora seu uso exija precau\u00e7\u00f5es, especialmente devido ao seu <strong>efeito diur\u00e9tico<\/strong> e potencial impacto no balan\u00e7o de <strong>eletr\u00f3litos<\/strong> no <strong>corpo<\/strong>.<\/p>\n\n\n\n<p>Este guia explora os potenciais <strong>benef\u00edcios<\/strong> do <strong>Ch\u00e1 de Cavalinha<\/strong>, como ele pode ser inclu\u00eddo na <strong>rotina<\/strong>, e, crucialmente, as precau\u00e7\u00f5es e contraindica\u00e7\u00f5es importantes.<\/p>\n\n\n\n<p><strong>AVISO IMPORTANTE:<\/strong> As informa\u00e7\u00f5es aqui s\u00e3o sobre os <strong>benef\u00edcios potenciais<\/strong> do <strong>Ch\u00e1 de Cavalinha<\/strong> como <strong>suporte<\/strong> a uma <strong>dieta<\/strong> e <strong>estilo de vida saud\u00e1vel<\/strong>. <strong>Eles N\u00c3O substituem diagn\u00f3stico, tratamento ou aconselhamento m\u00e9dico especializado.<\/strong> <strong>Problemas renais<\/strong> (incluindo <strong>pedras nos rins<\/strong>), <strong>problemas card\u00edacos<\/strong>, <strong>diabetes<\/strong>, <strong>problemas de press\u00e3o arterial<\/strong>, <strong>desequil\u00edbrios eletrol\u00edticos<\/strong>, <strong>problemas de <a href=\"https:\/\/www.correiobraziliense.com.br\/cbradar\/quem-sofre-com-problemas-de-sono-pode-montar-um-kit-desses-para-uma-rapida-solucao\/\" target=\"_blank\" rel=\"noreferrer noopener\">sa\u00fade <\/a>dos cabelos<\/strong> ou <strong>unhas<\/strong> persistentes, ou outras <strong>condi\u00e7\u00f5es de sa\u00fade<\/strong>, <strong>requerem avalia\u00e7\u00e3o e tratamento m\u00e9dico profissional<\/strong>. O <strong>Ch\u00e1 de Cavalinha<\/strong> tem <strong>efeito diur\u00e9tico<\/strong> e <strong>pode ser perigoso<\/strong> em certas <strong>condi\u00e7\u00f5es<\/strong> ou com certos <strong>medicamentos<\/strong>. <strong>Consulte sempre um m\u00e9dico<\/strong> ou <strong>farmac\u00eautico<\/strong> antes de usar <strong>Ch\u00e1 de Cavalinha<\/strong> regularmente, especialmente se tomar <strong>medicamentos<\/strong> ou tiver <strong>condi\u00e7\u00f5es de sa\u00fade<\/strong>.<\/p>\n\n\n\n<h2 class=\"wp-block-heading\">Benef\u00edcios potenciais do ch\u00e1 de cavalinha<\/h2>\n\n\n<div class=\"wp-block-image\">\n<figure class=\"aligncenter size-large\"><img decoding=\"async\" width=\"1024\" height=\"576\" src=\"https:\/\/www.correiobraziliense.com.br\/cbradar\/wp-content\/uploads\/2025\/03\/c_1740846770348-1024x576.jpg\" alt=\"A planta com apar\u00eancia pr\u00e9-hist\u00f3rica que via mudar o seu dia a dia\" class=\"wp-image-8055\" srcset=\"https:\/\/www.correiobraziliense.com.br\/cbradar\/wp-content\/uploads\/2025\/03\/c_1740846770348-1024x576.jpg 1024w, https:\/\/www.correiobraziliense.com.br\/cbradar\/wp-content\/uploads\/2025\/03\/c_1740846770348-300x169.jpg 300w, https:\/\/www.correiobraziliense.com.br\/cbradar\/wp-content\/uploads\/2025\/03\/c_1740846770348-768x432.jpg 768w, https:\/\/www.correiobraziliense.com.br\/cbradar\/wp-content\/uploads\/2025\/03\/c_1740846770348-750x422.jpg 750w, https:\/\/www.correiobraziliense.com.br\/cbradar\/wp-content\/uploads\/2025\/03\/c_1740846770348-1140x641.jpg 1140w, https:\/\/www.correiobraziliense.com.br\/cbradar\/wp-content\/uploads\/2025\/03\/c_1740846770348.jpg 1280w\" sizes=\"(max-width: 1024px) 100vw, 1024px\" \/><figcaption class=\"wp-element-caption\">Ch\u00e1 &#8211; Cr\u00e9ditos: depositphotos.com \/ ViktoriaSapata<\/figcaption><\/figure><\/div>\n\n\n<p>Os potenciais <strong>benef\u00edcios<\/strong> do <strong>Ch\u00e1 de Cavalinha<\/strong> incluem:<\/p>\n\n\n\n<ol class=\"wp-block-list\">\n<li><strong>Potencial para Melhorar a Sa\u00fade de Cabelos e Unhas:<\/strong> Devido ao seu alto teor de <strong>s\u00edlica<\/strong>, um mineral importante para a forma\u00e7\u00e3o de <strong>col\u00e1geno<\/strong>, o <strong>Ch\u00e1 de Cavalinha<\/strong> <strong>pode ajudar a fortalecer cabelos<\/strong> (reduzir a quebra, <strong>melhorar brilho<\/strong>) e <strong>unhas<\/strong> (reduzir fragilidade e quebra).<\/li>\n\n\n\n<li><strong>Potencial Suporte \u00e0 Sa\u00fade dos Rins e Vias Urin\u00e1rias:<\/strong> Tradicionalmente usado como um <strong>diur\u00e9tico leve<\/strong>, <strong>pode ajudar a aumentar a produ\u00e7\u00e3o de urina<\/strong> e o fluxo urin\u00e1rio, o que <strong>pode ser ben\u00e9fico<\/strong> para <strong>aliviar infec\u00e7\u00f5es leves do trato urin\u00e1rio<\/strong> (cistite) como <strong>complemento<\/strong> ao tratamento m\u00e9dico. <strong>N\u00c3O trata infec\u00e7\u00f5es renais ou graves, nem substitui antibi\u00f3ticos.<\/strong><\/li>\n\n\n\n<li><strong>Potencial para Ajuda na Preven\u00e7\u00e3o de Pedras nos Rins:<\/strong> Ao <strong>aumentar o fluxo urin\u00e1rio<\/strong> (efeito <strong>diur\u00e9tico<\/strong>), <strong>pode ajudar a diluir subst\u00e2ncias<\/strong> que formam <strong>pedras nos rins<\/strong> e <strong>prevenir a forma\u00e7\u00e3o<\/strong> de certos tipos de <strong>pedras<\/strong>. <strong>N\u00c3O dissolve pedras existentes.<\/strong> <strong>Consulte m\u00e9dico<\/strong> se tiver hist\u00f3rico de <strong>pedras nos rins<\/strong> ou <strong>problemas renais<\/strong>.<\/li>\n\n\n\n<li><strong>Pode Suportar a Sa\u00fade \u00d3ssea:<\/strong> A <strong>s\u00edlica<\/strong> na <strong>Cavalinha<\/strong> est\u00e1 envolvida na forma\u00e7\u00e3o de <strong>col\u00e1geno<\/strong> e na mineraliza\u00e7\u00e3o \u00f3ssea, o que <strong>pode dar suporte \u00e0 sa\u00fade \u00f3ssea<\/strong>. <strong>N\u00c3O trata osteoporose.<\/strong><\/li>\n\n\n\n<li><strong>Propriedades Antioxidantes:<\/strong> Cont\u00e9m <strong>flavonoides<\/strong> e outros <strong>antioxidantes<\/strong> que ajudam a <strong>proteger as c\u00e9lulas<\/strong> do <strong>corpo<\/strong> contra danos.<\/li>\n\n\n\n<li><strong>Potencial Cicatrizante (Uso Tradicional\/Estudos):<\/strong> Tradicionalmente usada para <strong>ajudar na cicatriza\u00e7\u00e3o<\/strong> de feridas (uso t\u00f3pico) e <strong>\u00falceras<\/strong> (uso interno). Relacionado \u00e0 <strong>s\u00edlica<\/strong> e propriedades <strong>anti-inflamat\u00f3rias<\/strong>\/antioxidantes.<\/li>\n\n\n\n<li><strong>Pode Ajudar a Reduzir Incha\u00e7o\/Reten\u00e7\u00e3o de L\u00edquidos:<\/strong> Devido ao seu <strong>efeito diur\u00e9tico<\/strong>, <strong>pode ajudar a eliminar o excesso de l\u00edquidos<\/strong> e <strong>reduzir o incha\u00e7o<\/strong> leve e tempor\u00e1rio. <strong>N\u00c3O trata a causa do incha\u00e7o e n\u00e3o \u00e9 para perda de peso de gordura.<\/strong><\/li>\n<\/ol>\n\n\n\n<h2 class=\"wp-block-heading\">Como preparar o ch\u00e1 de cavalinha<\/h2>\n\n\n\n<p>Preparar o <strong>Ch\u00e1 de Cavalinha<\/strong> \u00e9 simples:<\/p>\n\n\n\n<ul class=\"wp-block-list\">\n<li>Use 1 a 2 colheres de ch\u00e1 de partes a\u00e9reas secas de <strong>Cavalinha<\/strong> para 1 x\u00edcara de <strong>\u00e1gua quente<\/strong>.<\/li>\n\n\n\n<li>Deixe em infus\u00e3o por <strong>5 a 10 minutos<\/strong>. Coe.<\/li>\n\n\n\n<li>Beba <strong>morno<\/strong>.<\/li>\n<\/ul>\n\n\n\n<h2 class=\"wp-block-heading\">Considera\u00e7\u00f5es importantes: efeito diur\u00e9tico e eletr\u00f3litos<\/h2>\n\n\n\n<p>O <strong>efeito diur\u00e9tico<\/strong> da <strong>Cavalinha<\/strong> \u00e9 seu principal mecanismo de a\u00e7\u00e3o para alguns <strong>benef\u00edcios<\/strong>, mas <strong>requer cautela<\/strong>. Pode levar \u00e0 <strong>perda de pot\u00e1ssio<\/strong> e outros <strong>eletr\u00f3litos<\/strong> importantes, o que <strong>pode ser perigoso<\/strong>, especialmente para pessoas com <strong>problemas card\u00edacos<\/strong> ou que tomam <strong>medicamentos<\/strong> que afetam os <strong>eletr\u00f3litos<\/strong> ou a <strong>fun\u00e7\u00e3o renal<\/strong>.<\/p>\n\n\n\n<h2 class=\"wp-block-heading\">Precau\u00e7\u00f5es e contraindica\u00e7\u00f5es<\/h2>\n\n\n\n<p>O <strong>Ch\u00e1 de Cavalinha<\/strong> \u00e9 geralmente seguro em quantidades moderadas para uso de <strong>curto prazo<\/strong> em adultos <strong>sem condi\u00e7\u00f5es de sa\u00fade<\/strong>. No entanto:<\/p>\n\n\n\n<ul class=\"wp-block-list\">\n<li><strong>Contraindica\u00e7\u00f5es S\u00c9RIAS:<\/strong> <strong>N\u00c3O use<\/strong> se tiver <strong>insufici\u00eancia renal<\/strong> ou <strong>problemas card\u00edacos<\/strong> <strong>graves<\/strong> (insufici\u00eancia card\u00edaca), <strong>desequil\u00edbrios eletrol\u00edticos<\/strong>, ou <strong>desidrata\u00e7\u00e3o<\/strong>.<\/li>\n\n\n\n<li><strong>Gravidez e Amamenta\u00e7\u00e3o:<\/strong> <strong>N\u00e3o recomendado<\/strong> devido \u00e0 falta de estudos de seguran\u00e7a.<\/li>\n\n\n\n<li><strong>Problemas de Coagula\u00e7\u00e3o:<\/strong> Algumas pesquisas sugerem que a <strong>Cavalinha<\/strong> <strong>pode afetar a coagula\u00e7\u00e3o<\/strong> em doses altas. <strong>Consulte m\u00e9dico<\/strong> se tomar <strong>anticoagulantes<\/strong>.<\/li>\n\n\n\n<li><strong>Defici\u00eancia de Vitamina B1 (Tiamina):<\/strong> O uso <strong>prolongado<\/strong> ou em <strong>altas doses<\/strong> <strong>pode teoricamente levar \u00e0 defici\u00eancia<\/strong> devido a uma enzima (<strong>tiaminase<\/strong>) presente na <strong>Cavalinha<\/strong> (o risco \u00e9 baixo com o <strong>ch\u00e1<\/strong> usual, mas existe).<\/li>\n\n\n\n<li><strong>Intera\u00e7\u00f5es Medicamentosas S\u00c9RIAS:<\/strong> <strong>Pode interagir<\/strong> com <strong>medicamentos diur\u00e9ticos<\/strong> (aumenta efeito, risco de <strong>desidrata\u00e7\u00e3o<\/strong> severa e <strong>eletr\u00f3litos<\/strong>), <strong>medicamentos para o cora\u00e7\u00e3o<\/strong> (risco de arritmias por perda de <strong>pot\u00e1ssio<\/strong>), <strong>l\u00edtio<\/strong> (reduz excre\u00e7\u00e3o, aumenta n\u00edveis), <strong>medicamentos para press\u00e3o<\/strong> e <strong>diabetes<\/strong>. <strong>SEMPRE consulte seu m\u00e9dico<\/strong> ou <strong>farmac\u00eautico<\/strong> se tomar <strong>qualquer medicamento<\/strong>.<\/li>\n<\/ul>\n\n\n\n<h2 class=\"wp-block-heading\">Quando buscar ajuda m\u00e9dica<\/h2>\n\n\n\n<p>Para <strong>problemas renais<\/strong>, <strong>problemas card\u00edacos<\/strong>, <strong>diabetes<\/strong>, <strong>problemas de press\u00e3o<\/strong>, <strong>sintomas urin\u00e1rios<\/strong> persistentes (dor, <strong>sangue na urina<\/strong>), <strong>incha\u00e7o<\/strong> persistente, <strong>dores<\/strong> inexplicadas, ou se experimentar <strong>efeitos colaterais<\/strong> (tontura, fraqueza, <strong>c\u00e3ibras<\/strong> musculares, <strong>desconforto digestivo<\/strong> <strong>severo<\/strong>) do <strong>Ch\u00e1 de Cavalinha<\/strong>.<\/p>\n\n\n\n<h2 class=\"wp-block-heading\">Perguntas frequentes sobre ch\u00e1 de cavalinha<\/h2>\n\n\n\n<h3 class=\"wp-block-heading\">Ch\u00e1 de Cavalinha ajuda a crescer cabelo?<\/h3>\n\n\n\n<p><strong>N\u00c3O causa crescimento<\/strong>. A <strong>s\u00edlica<\/strong> <strong>pode ajudar a fortalecer cabelos<\/strong> e <strong>unhas<\/strong> existentes, <strong>reduzindo quebra\/fragilidade<\/strong>. \u00c9 um <strong>suporte<\/strong>.<\/p>\n\n\n\n<h3 class=\"wp-block-heading\">\u00c9 bom para pedras nos rins?<\/h3>\n\n\n\n<p><strong>Pode ajudar a PREVENIR<\/strong> (efeito <strong>diur\u00e9tico<\/strong>), mas <strong>N\u00c3O dissolve pedras existentes<\/strong>. <strong>N\u00e3o para tratamento<\/strong>. <strong>Consulte m\u00e9dico<\/strong>.<\/p>\n\n\n\n<h3 class=\"wp-block-heading\">Ch\u00e1 de Cavalinha emagrece?<\/h3>\n\n\n\n<p><strong>Pode causar perda de peso de \u00e1gua<\/strong> (<strong>diur\u00e9tico<\/strong>), que \u00e9 <strong>tempor\u00e1rio<\/strong>, <strong>N\u00c3O perda de gordura<\/strong>. <strong>N\u00e3o \u00e9 para perda de peso significativa<\/strong>.<\/p>\n\n\n\n<h3 class=\"wp-block-heading\">\u00c9 seguro tomar Ch\u00e1 de Cavalinha todos os dias?<\/h3>\n\n\n\n<p><strong>N\u00c3O recomendado para uso cr\u00f4nico sem orienta\u00e7\u00e3o m\u00e9dica<\/strong> devido ao <strong>efeito diur\u00e9tico<\/strong>, potencial perda de <strong>pot\u00e1ssio<\/strong>, e <strong>preocupa\u00e7\u00e3o<\/strong> com tiamina em doses altas\/uso <strong>prolongado<\/strong>. <strong>Consulte m\u00e9dico\/nutricionista<\/strong>.<\/p>\n\n\n\n<h3 class=\"wp-block-heading\">Ch\u00e1 de Cavalinha interage com medicamentos?<\/h3>\n\n\n\n<p><strong>SIM, IMPORTANTES<\/strong>. Especialmente <strong>diur\u00e9ticos<\/strong>, para <strong>cora\u00e7\u00e3o<\/strong>, <strong>l\u00edtio<\/strong>, <strong>press\u00e3o<\/strong>, <strong>diabetes<\/strong>. <strong>SEMPRE CONSULTAR M\u00c9DICO\/Farmac\u00eautico<\/strong>.<\/p>\n","protected":false},"excerpt":{"rendered":"<p>A Cavalinha (Equisetum arvense) \u00e9 uma planta fascinante, com apar\u00eancia pr\u00e9-hist\u00f3rica, valorizada h\u00e1 s\u00e9culos na medicina tradicional por suas propriedades terap\u00eauticas. \u00c9 particularmente conhecida por ser uma fonte rica em s\u00edlica e por seu efeito diur\u00e9tico. O Ch\u00e1 de Cavalinha \u00e9 popularmente associado a benef\u00edcios para a sa\u00fade dos cabelos, unhas, ossos e rins, embora [&hellip;]<\/p>\n","protected":false},"author":11,"featured_media":30707,"comment_status":"open","ping_status":"open","sticky":false,"template":"","format":"standard","meta":{"_yoast_wpseo_focuskw":"planta","_yoast_wpseo_title":"","_yoast_wpseo_metadesc":"Uma planta com apar\u00eancia pr\u00e9-hist\u00f3rica que pode transformar sua rotina \u2014 um segredo natural que voc\u00ea precisa conhecer.","jnews-multi-image_gallery":[],"jnews_single_post":{"format":"standard"},"jnews_primary_category":[],"jnews_social_meta":[],"jnews_override_counter":[],"footnotes":""},"categories":[119],"tags":[120,866,565],"class_list":["post-30655","post","type-post","status-publish","format-standard","has-post-thumbnail","hentry","category-bem-estar","tag-bem-estar","tag-planta","tag-saude"],"yoast_head":"<!-- This site is optimized with the Yoast SEO plugin v24.6 - https:\/\/yoast.com\/wordpress\/plugins\/seo\/ -->\n<title>A planta com apar\u00eancia pr\u00e9-hist\u00f3rica que vai mudar o seu dia a dia - Correio Braziliense - Radar<\/title>\n<meta name=\"description\" content=\"Uma planta com apar\u00eancia pr\u00e9-hist\u00f3rica que pode transformar sua rotina \u2014 um segredo natural que voc\u00ea precisa conhecer.\" \/>\n<meta name=\"robots\" content=\"index, follow, max-snippet:-1, max-image-preview:large, max-video-preview:-1\" \/>\n<link rel=\"canonical\" href=\"https:\/\/www.correiobraziliense.com.br\/cbradar\/a-planta-com-aparencia-pre-historica-que-vai-mudar-o-seu-dia-a-dia\/\" \/>\n<meta property=\"og:locale\" content=\"pt_BR\" \/>\n<meta property=\"og:type\" content=\"article\" \/>\n<meta property=\"og:title\" content=\"A planta com apar\u00eancia pr\u00e9-hist\u00f3rica que vai mudar o seu dia a dia - Correio Braziliense - Radar\" \/>\n<meta property=\"og:description\" content=\"Uma planta com apar\u00eancia pr\u00e9-hist\u00f3rica que pode transformar sua rotina \u2014 um segredo natural que voc\u00ea precisa conhecer.\" \/>\n<meta property=\"og:url\" content=\"https:\/\/www.correiobraziliense.com.br\/cbradar\/a-planta-com-aparencia-pre-historica-que-vai-mudar-o-seu-dia-a-dia\/\" \/>\n<meta property=\"og:site_name\" content=\"Correio Braziliense - Radar\" \/>\n<meta property=\"article:published_time\" content=\"2025-05-03T23:23:00+00:00\" \/>\n<meta property=\"og:image\" content=\"https:\/\/www.correiobraziliense.com.br\/cbradar\/wp-content\/uploads\/2025\/05\/Equisetum-arvense_1746117388009.jpg\" \/>\n\t<meta property=\"og:image:width\" content=\"1280\" \/>\n\t<meta property=\"og:image:height\" content=\"720\" \/>\n\t<meta property=\"og:image:type\" content=\"image\/jpeg\" \/>\n<meta name=\"author\" content=\"Paulo Custodio\" \/>\n<meta name=\"twitter:card\" content=\"summary_large_image\" \/>\n<meta name=\"twitter:label1\" content=\"Escrito por\" \/>\n\t<meta name=\"twitter:data1\" content=\"Paulo Custodio\" \/>\n\t<meta name=\"twitter:label2\" content=\"Est. tempo de leitura\" \/>\n\t<meta name=\"twitter:data2\" content=\"6 minutos\" \/>\n<!-- \/ Yoast SEO plugin. -->","yoast_head_json":{"title":"A planta com apar\u00eancia pr\u00e9-hist\u00f3rica que vai mudar o seu dia a dia - Correio Braziliense - Radar","description":"Uma planta com apar\u00eancia pr\u00e9-hist\u00f3rica que pode transformar sua rotina \u2014 um segredo natural que voc\u00ea precisa conhecer.","robots":{"index":"index","follow":"follow","max-snippet":"max-snippet:-1","max-image-preview":"max-image-preview:large","max-video-preview":"max-video-preview:-1"},"canonical":"https:\/\/www.correiobraziliense.com.br\/cbradar\/a-planta-com-aparencia-pre-historica-que-vai-mudar-o-seu-dia-a-dia\/","og_locale":"pt_BR","og_type":"article","og_title":"A planta com apar\u00eancia pr\u00e9-hist\u00f3rica que vai mudar o seu dia a dia - Correio Braziliense - Radar","og_description":"Uma planta com apar\u00eancia pr\u00e9-hist\u00f3rica que pode transformar sua rotina \u2014 um segredo natural que voc\u00ea precisa conhecer.","og_url":"https:\/\/www.correiobraziliense.com.br\/cbradar\/a-planta-com-aparencia-pre-historica-que-vai-mudar-o-seu-dia-a-dia\/","og_site_name":"Correio Braziliense - Radar","article_published_time":"2025-05-03T23:23:00+00:00","og_image":[{"width":1280,"height":720,"url":"https:\/\/www.correiobraziliense.com.br\/cbradar\/wp-content\/uploads\/2025\/05\/Equisetum-arvense_1746117388009.jpg","type":"image\/jpeg"}],"author":"Paulo Custodio","twitter_card":"summary_large_image","twitter_misc":{"Escrito por":"Paulo Custodio","Est. tempo de leitura":"6 minutos"},"schema":{"@context":"https:\/\/schema.org","@graph":[{"@type":"WebPage","@id":"https:\/\/www.correiobraziliense.com.br\/cbradar\/a-planta-com-aparencia-pre-historica-que-vai-mudar-o-seu-dia-a-dia\/","url":"https:\/\/www.correiobraziliense.com.br\/cbradar\/a-planta-com-aparencia-pre-historica-que-vai-mudar-o-seu-dia-a-dia\/","name":"A planta com apar\u00eancia pr\u00e9-hist\u00f3rica que vai mudar o seu dia a dia - Correio Braziliense - Radar","isPartOf":{"@id":"https:\/\/www.correiobraziliense.com.br\/cbradar\/#website"},"primaryImageOfPage":{"@id":"https:\/\/www.correiobraziliense.com.br\/cbradar\/a-planta-com-aparencia-pre-historica-que-vai-mudar-o-seu-dia-a-dia\/#primaryimage"},"image":{"@id":"https:\/\/www.correiobraziliense.com.br\/cbradar\/a-planta-com-aparencia-pre-historica-que-vai-mudar-o-seu-dia-a-dia\/#primaryimage"},"thumbnailUrl":"https:\/\/www.correiobraziliense.com.br\/cbradar\/wp-content\/uploads\/2025\/05\/Equisetum-arvense_1746117388009.jpg","datePublished":"2025-05-03T23:23:00+00:00","author":{"@id":"https:\/\/www.correiobraziliense.com.br\/cbradar\/#\/schema\/person\/4cec7857301a9a1a2ef249893cd908d3"},"description":"Uma planta com apar\u00eancia pr\u00e9-hist\u00f3rica que pode transformar sua rotina \u2014 um segredo natural que voc\u00ea precisa conhecer.","breadcrumb":{"@id":"https:\/\/www.correiobraziliense.com.br\/cbradar\/a-planta-com-aparencia-pre-historica-que-vai-mudar-o-seu-dia-a-dia\/#breadcrumb"},"inLanguage":"pt-BR","potentialAction":[{"@type":"ReadAction","target":["https:\/\/www.correiobraziliense.com.br\/cbradar\/a-planta-com-aparencia-pre-historica-que-vai-mudar-o-seu-dia-a-dia\/"]}]},{"@type":"ImageObject","inLanguage":"pt-BR","@id":"https:\/\/www.correiobraziliense.com.br\/cbradar\/a-planta-com-aparencia-pre-historica-que-vai-mudar-o-seu-dia-a-dia\/#primaryimage","url":"https:\/\/www.correiobraziliense.com.br\/cbradar\/wp-content\/uploads\/2025\/05\/Equisetum-arvense_1746117388009.jpg","contentUrl":"https:\/\/www.correiobraziliense.com.br\/cbradar\/wp-content\/uploads\/2025\/05\/Equisetum-arvense_1746117388009.jpg","width":1280,"height":720,"caption":"Equisetum - Cr\u00e9ditos: depositphotos.com \/ dessinsjeanlandry.gmail.com"},{"@type":"BreadcrumbList","@id":"https:\/\/www.correiobraziliense.com.br\/cbradar\/a-planta-com-aparencia-pre-historica-que-vai-mudar-o-seu-dia-a-dia\/#breadcrumb","itemListElement":[{"@type":"ListItem","position":1,"name":"In\u00edcio","item":"https:\/\/www.correiobraziliense.com.br\/cbradar\/"},{"@type":"ListItem","position":2,"name":"A planta com apar\u00eancia pr\u00e9-hist\u00f3rica que vai mudar o seu dia a dia"}]},{"@type":"WebSite","@id":"https:\/\/www.correiobraziliense.com.br\/cbradar\/#website","url":"https:\/\/www.correiobraziliense.com.br\/cbradar\/","name":"Correio Braziliense - Radar","description":"Acompanhe as \u00faltimas not\u00edcias e fique bem informado sobre tudo o que acontece no Brasil e no mundo.","potentialAction":[{"@type":"SearchAction","target":{"@type":"EntryPoint","urlTemplate":"https:\/\/www.correiobraziliense.com.br\/cbradar\/?s={search_term_string}"},"query-input":{"@type":"PropertyValueSpecification","valueRequired":true,"valueName":"search_term_string"}}],"inLanguage":"pt-BR"},{"@type":"Person","@id":"https:\/\/www.correiobraziliense.com.br\/cbradar\/#\/schema\/person\/4cec7857301a9a1a2ef249893cd908d3","name":"Paulo Custodio","image":{"@type":"ImageObject","inLanguage":"pt-BR","@id":"https:\/\/www.correiobraziliense.com.br\/cbradar\/#\/schema\/person\/image\/","url":"https:\/\/secure.gravatar.com\/avatar\/bcd67168d1534e8fcf4f45c726a87cea?s=96&d=mm&r=g","contentUrl":"https:\/\/secure.gravatar.com\/avatar\/bcd67168d1534e8fcf4f45c726a87cea?s=96&d=mm&r=g","caption":"Paulo Custodio"},"sameAs":["https:\/\/www.correiobraziliense.com.br\/cbradar"],"url":"https:\/\/www.correiobraziliense.com.br\/cbradar\/author\/paulomyth\/"}]}},"_links":{"self":[{"href":"https:\/\/www.correiobraziliense.com.br\/cbradar\/wp-json\/wp\/v2\/posts\/30655","targetHints":{"allow":["GET"]}}],"collection":[{"href":"https:\/\/www.correiobraziliense.com.br\/cbradar\/wp-json\/wp\/v2\/posts"}],"about":[{"href":"https:\/\/www.correiobraziliense.com.br\/cbradar\/wp-json\/wp\/v2\/types\/post"}],"author":[{"embeddable":true,"href":"https:\/\/www.correiobraziliense.com.br\/cbradar\/wp-json\/wp\/v2\/users\/11"}],"replies":[{"embeddable":true,"href":"https:\/\/www.correiobraziliense.com.br\/cbradar\/wp-json\/wp\/v2\/comments?post=30655"}],"version-history":[{"count":3,"href":"https:\/\/www.correiobraziliense.com.br\/cbradar\/wp-json\/wp\/v2\/posts\/30655\/revisions"}],"predecessor-version":[{"id":30719,"href":"https:\/\/www.correiobraziliense.com.br\/cbradar\/wp-json\/wp\/v2\/posts\/30655\/revisions\/30719"}],"wp:featuredmedia":[{"embeddable":true,"href":"https:\/\/www.correiobraziliense.com.br\/cbradar\/wp-json\/wp\/v2\/media\/30707"}],"wp:attachment":[{"href":"https:\/\/www.correiobraziliense.com.br\/cbradar\/wp-json\/wp\/v2\/media?parent=30655"}],"wp:term":[{"taxonomy":"category","embeddable":true,"href":"https:\/\/www.correiobraziliense.com.br\/cbradar\/wp-json\/wp\/v2\/categories?post=30655"},{"taxonomy":"post_tag","embeddable":true,"href":"https:\/\/www.correiobraziliense.com.br\/cbradar\/wp-json\/wp\/v2\/tags?post=30655"}],"curies":[{"name":"wp","href":"https:\/\/api.w.org\/{rel}","templated":true}]}}