{"id":30658,"date":"2025-05-02T06:30:00","date_gmt":"2025-05-02T09:30:00","guid":{"rendered":"https:\/\/www.correiobraziliense.com.br\/cbradar\/?p=30658"},"modified":"2025-05-01T22:45:10","modified_gmt":"2025-05-02T01:45:10","slug":"fossil-de-formiga-mais-antiga-do-mundo-pode-ter-sido-descoberto-no-brasil","status":"publish","type":"post","link":"https:\/\/www.correiobraziliense.com.br\/cbradar\/fossil-de-formiga-mais-antiga-do-mundo-pode-ter-sido-descoberto-no-brasil\/","title":{"rendered":"F\u00f3ssil de formiga mais antiga do mundo pode ter sido descoberto no Brasil"},"content":{"rendered":"\n<p>Uma equipe de cientistas fez uma descoberta surpreendente na <strong>Chapada do Araripe<\/strong>, localizada no <strong>Cear\u00e1<\/strong>, <strong>Brasil<\/strong>. Eles encontraram o f\u00f3ssil da formiga mais antiga j\u00e1 registrada, uma nova esp\u00e9cie chamada\u00a0<em><strong>Vulcanidris cratensis<\/strong><\/em>. Este achado, com uma idade estimada de 113 milh\u00f5es de anos, foi publicado na revista\u00a0<strong><em><a href=\"https:\/\/www.cell.com\/current-biology\/home\" target=\"_blank\" rel=\"noreferrer noopener\">Current Biology<\/a><\/em>\u00a0<\/strong>e representa um marco significativo na paleontologia, antecipando em mais de 13 milh\u00f5es de anos o registro f\u00f3ssil anterior mais antigo da fam\u00edlia Formicidae.<\/p>\n\n\n\n<p>O f\u00f3ssil foi desenterrado na Forma\u00e7\u00e3o Crato, um famoso dep\u00f3sito geol\u00f3gico da Bacia do Araripe. Atualmente, ele faz parte da cole\u00e7\u00e3o do Museu de Zoologia da Universidade de <strong>S\u00e3o Paulo<\/strong> (<strong>USP<\/strong>). A an\u00e1lise detalhada do f\u00f3ssil foi realizada atrav\u00e9s de tomografia computadorizada, permitindo aos pesquisadores examinar minuciosamente a estrutura do inseto e confirmar sua classifica\u00e7\u00e3o como a mais antiga representante da subfam\u00edlia extinta Haidomyrmecinae.<\/p>\n\n\n\n<h2 class=\"wp-block-heading\"><strong>Caracter\u00edsticas Distintivas da&nbsp;<em>Vulcanidris cratensis<\/em><\/strong><\/h2>\n\n\n\n<p>As formigas-do-inferno, como a&nbsp;<em>Vulcanidris cratensis<\/em>, s\u00e3o conhecidas por suas mand\u00edbulas em forma de foice, que se destacam por sua apar\u00eancia peculiar. Essas mand\u00edbulas, combinadas com proje\u00e7\u00f5es faciais, eram provavelmente usadas para capturar presas. A nova esp\u00e9cie se diferencia por possuir caracter\u00edsticas \u00fanicas, como antenas longas, asas com veias espec\u00edficas e um corpo mais robusto do que outras formigas f\u00f3sseis conhecidas. O exemplar encontrado \u00e9 uma f\u00eamea alada com aproximadamente 13,5 mm de comprimento.<\/p>\n\n\n\n<figure class=\"wp-block-image size-large\"><img decoding=\"async\" width=\"1024\" height=\"576\" src=\"https:\/\/www.correiobraziliense.com.br\/cbradar\/wp-content\/uploads\/2025\/05\/Formiga-_1746114344810-1024x576.jpg\" alt=\"Formiga mais antiga do mundo pode ter sido descoberta no Brasil\" class=\"wp-image-30675\" srcset=\"https:\/\/www.correiobraziliense.com.br\/cbradar\/wp-content\/uploads\/2025\/05\/Formiga-_1746114344810-1024x576.jpg 1024w, https:\/\/www.correiobraziliense.com.br\/cbradar\/wp-content\/uploads\/2025\/05\/Formiga-_1746114344810-300x169.jpg 300w, https:\/\/www.correiobraziliense.com.br\/cbradar\/wp-content\/uploads\/2025\/05\/Formiga-_1746114344810-768x432.jpg 768w, https:\/\/www.correiobraziliense.com.br\/cbradar\/wp-content\/uploads\/2025\/05\/Formiga-_1746114344810-750x422.jpg 750w, https:\/\/www.correiobraziliense.com.br\/cbradar\/wp-content\/uploads\/2025\/05\/Formiga-_1746114344810-1140x641.jpg 1140w, https:\/\/www.correiobraziliense.com.br\/cbradar\/wp-content\/uploads\/2025\/05\/Formiga-_1746114344810.jpg 1280w\" sizes=\"(max-width: 1024px) 100vw, 1024px\" \/><figcaption class=\"wp-element-caption\">Formiga.Cr\u00e9ditos: depositphotos.com \/ Gucio_55<\/figcaption><\/figure>\n\n\n\n<p>Os pesquisadores, incluindo o entomologista Anderson Lepeco, destacam que essa descoberta amplia significativamente o conhecimento sobre a evolu\u00e7\u00e3o das formigas. A an\u00e1lise filogen\u00e9tica sugere uma rela\u00e7\u00e3o pr\u00f3xima com esp\u00e9cies encontradas em \u00e2mbar birman\u00eas, indicando poss\u00edveis conex\u00f5es biogeogr\u00e1ficas entre a Am\u00e9rica do Sul e a \u00c1sia no passado distante.<\/p>\n\n\n\n<h2 class=\"wp-block-heading\"><strong>O ambiente da forma\u00e7\u00e3o crato<\/strong><\/h2>\n\n\n\n<p>A Forma\u00e7\u00e3o Crato, onde o f\u00f3ssil foi encontrado, \u00e9 conhecida por sua rica diversidade de f\u00f3sseis. Durante o per\u00edodo em que a&nbsp;<em>Vulcanidris cratensis<\/em>&nbsp;viveu, a regi\u00e3o abrigava uma variedade de seres vivos, incluindo aranhas, mil\u00edpedes, centopeias, crust\u00e1ceos, tartarugas, crocodilos, pterossauros, aves e dinossauros. Este ecossistema diversificado fornecia um habitat complexo para a vida selvagem da \u00e9poca.<\/p>\n\n\n\n<p>Hoje, as formigas s\u00e3o encontradas em quase todos os ecossistemas do planeta. Estima-se que existam cerca de 20 quatrilh\u00f5es de formigas em todo o mundo, destacando-se como um dos grupos mais abundantes nos ambientes terrestres.<\/p>\n\n\n\n<h2 class=\"wp-block-heading\"><strong>Import\u00e2ncia da descoberta para a ci\u00eancia<\/strong><\/h2>\n\n\n\n<p>A descoberta da&nbsp;<em>Vulcanidris cratensis<\/em>&nbsp;oferece novas perspectivas sobre a evolu\u00e7\u00e3o e dispers\u00e3o das formigas. Ela n\u00e3o apenas redefine a cronologia evolutiva desses insetos, mas tamb\u00e9m sugere que as formigas j\u00e1 estavam amplamente distribu\u00eddas durante o Cret\u00e1ceo Inferior. Este achado desafia teorias anteriores e proporciona uma compreens\u00e3o mais profunda da hist\u00f3ria evolutiva das formigas.<\/p>\n\n\n\n<p>Al\u00e9m disso, a an\u00e1lise detalhada da morfologia da&nbsp;<em>Vulcanidris cratensis<\/em>&nbsp;fornece informa\u00e7\u00f5es valiosas sobre as caracter\u00edsticas f\u00edsicas e comportamentais das formigas primitivas, contribuindo para um entendimento mais abrangente da evolu\u00e7\u00e3o dos insetos.<\/p>\n","protected":false},"excerpt":{"rendered":"<p>Um f\u00f3ssil de formiga de 113 milh\u00f5es de anos, chamado Vulcanidris cratensis, foi descoberto na Chapada do Araripe, no Brasil.<\/p>\n","protected":false},"author":3,"featured_media":30674,"comment_status":"open","ping_status":"open","sticky":false,"template":"","format":"standard","meta":{"_yoast_wpseo_focuskw":"F\u00f3ssil de Formiga","_yoast_wpseo_title":"%%title%%","_yoast_wpseo_metadesc":"Um f\u00f3ssil de formiga de 113 milh\u00f5es de anos, chamado Vulcanidris cratensis, foi descoberto na Chapada do Araripe, no Brasil.","jnews-multi-image_gallery":[],"jnews_single_post":{"format":"standard"},"jnews_primary_category":[],"jnews_social_meta":[],"jnews_override_counter":[],"footnotes":""},"categories":[112],"tags":[4089,4088,3710],"class_list":["post-30658","post","type-post","status-publish","format-standard","has-post-thumbnail","hentry","category-curiosidades","tag-animai","tag-formigas","tag-fossil"],"yoast_head":"<!-- This site is optimized with the Yoast SEO plugin v24.6 - https:\/\/yoast.com\/wordpress\/plugins\/seo\/ -->\n<title>F\u00f3ssil de formiga mais antiga do mundo pode ter sido descoberto no Brasil<\/title>\n<meta name=\"description\" content=\"Um f\u00f3ssil de formiga de 113 milh\u00f5es de anos, chamado Vulcanidris cratensis, foi descoberto na Chapada do Araripe, no Brasil.\" \/>\n<meta name=\"robots\" content=\"index, follow, max-snippet:-1, max-image-preview:large, max-video-preview:-1\" \/>\n<link rel=\"canonical\" href=\"https:\/\/www.correiobraziliense.com.br\/cbradar\/fossil-de-formiga-mais-antiga-do-mundo-pode-ter-sido-descoberto-no-brasil\/\" \/>\n<meta property=\"og:locale\" content=\"pt_BR\" \/>\n<meta property=\"og:type\" content=\"article\" \/>\n<meta property=\"og:title\" content=\"F\u00f3ssil de formiga mais antiga do mundo pode ter sido descoberto no Brasil\" \/>\n<meta property=\"og:description\" content=\"Um f\u00f3ssil de formiga de 113 milh\u00f5es de anos, chamado Vulcanidris cratensis, foi descoberto na Chapada do Araripe, no Brasil.\" \/>\n<meta property=\"og:url\" content=\"https:\/\/www.correiobraziliense.com.br\/cbradar\/fossil-de-formiga-mais-antiga-do-mundo-pode-ter-sido-descoberto-no-brasil\/\" \/>\n<meta property=\"og:site_name\" content=\"Correio Braziliense - Radar\" \/>\n<meta property=\"article:published_time\" content=\"2025-05-02T09:30:00+00:00\" \/>\n<meta property=\"og:image\" content=\"https:\/\/www.correiobraziliense.com.br\/cbradar\/wp-content\/uploads\/2025\/05\/Formiga-_1746113976369.jpg\" \/>\n\t<meta property=\"og:image:width\" content=\"1279\" \/>\n\t<meta property=\"og:image:height\" content=\"720\" \/>\n\t<meta property=\"og:image:type\" content=\"image\/jpeg\" \/>\n<meta name=\"author\" content=\"Larissa Carvalho\" \/>\n<meta name=\"twitter:card\" content=\"summary_large_image\" \/>\n<meta name=\"twitter:label1\" content=\"Escrito por\" \/>\n\t<meta name=\"twitter:data1\" content=\"Larissa Carvalho\" \/>\n\t<meta name=\"twitter:label2\" content=\"Est. tempo de leitura\" \/>\n\t<meta name=\"twitter:data2\" content=\"3 minutos\" \/>\n<!-- \/ Yoast SEO plugin. -->","yoast_head_json":{"title":"F\u00f3ssil de formiga mais antiga do mundo pode ter sido descoberto no Brasil","description":"Um f\u00f3ssil de formiga de 113 milh\u00f5es de anos, chamado Vulcanidris cratensis, foi descoberto na Chapada do Araripe, no Brasil.","robots":{"index":"index","follow":"follow","max-snippet":"max-snippet:-1","max-image-preview":"max-image-preview:large","max-video-preview":"max-video-preview:-1"},"canonical":"https:\/\/www.correiobraziliense.com.br\/cbradar\/fossil-de-formiga-mais-antiga-do-mundo-pode-ter-sido-descoberto-no-brasil\/","og_locale":"pt_BR","og_type":"article","og_title":"F\u00f3ssil de formiga mais antiga do mundo pode ter sido descoberto no Brasil","og_description":"Um f\u00f3ssil de formiga de 113 milh\u00f5es de anos, chamado Vulcanidris cratensis, foi descoberto na Chapada do Araripe, no Brasil.","og_url":"https:\/\/www.correiobraziliense.com.br\/cbradar\/fossil-de-formiga-mais-antiga-do-mundo-pode-ter-sido-descoberto-no-brasil\/","og_site_name":"Correio Braziliense - Radar","article_published_time":"2025-05-02T09:30:00+00:00","og_image":[{"width":1279,"height":720,"url":"https:\/\/www.correiobraziliense.com.br\/cbradar\/wp-content\/uploads\/2025\/05\/Formiga-_1746113976369.jpg","type":"image\/jpeg"}],"author":"Larissa Carvalho","twitter_card":"summary_large_image","twitter_misc":{"Escrito por":"Larissa Carvalho","Est. tempo de leitura":"3 minutos"},"schema":{"@context":"https:\/\/schema.org","@graph":[{"@type":"WebPage","@id":"https:\/\/www.correiobraziliense.com.br\/cbradar\/fossil-de-formiga-mais-antiga-do-mundo-pode-ter-sido-descoberto-no-brasil\/","url":"https:\/\/www.correiobraziliense.com.br\/cbradar\/fossil-de-formiga-mais-antiga-do-mundo-pode-ter-sido-descoberto-no-brasil\/","name":"F\u00f3ssil de formiga mais antiga do mundo pode ter sido descoberto no Brasil","isPartOf":{"@id":"https:\/\/www.correiobraziliense.com.br\/cbradar\/#website"},"primaryImageOfPage":{"@id":"https:\/\/www.correiobraziliense.com.br\/cbradar\/fossil-de-formiga-mais-antiga-do-mundo-pode-ter-sido-descoberto-no-brasil\/#primaryimage"},"image":{"@id":"https:\/\/www.correiobraziliense.com.br\/cbradar\/fossil-de-formiga-mais-antiga-do-mundo-pode-ter-sido-descoberto-no-brasil\/#primaryimage"},"thumbnailUrl":"https:\/\/www.correiobraziliense.com.br\/cbradar\/wp-content\/uploads\/2025\/05\/Formiga-_1746113976369.jpg","datePublished":"2025-05-02T09:30:00+00:00","author":{"@id":"https:\/\/www.correiobraziliense.com.br\/cbradar\/#\/schema\/person\/58422787644df994b53a19d3e56c1513"},"description":"Um f\u00f3ssil de formiga de 113 milh\u00f5es de anos, chamado Vulcanidris cratensis, foi descoberto na Chapada do Araripe, no Brasil.","breadcrumb":{"@id":"https:\/\/www.correiobraziliense.com.br\/cbradar\/fossil-de-formiga-mais-antiga-do-mundo-pode-ter-sido-descoberto-no-brasil\/#breadcrumb"},"inLanguage":"pt-BR","potentialAction":[{"@type":"ReadAction","target":["https:\/\/www.correiobraziliense.com.br\/cbradar\/fossil-de-formiga-mais-antiga-do-mundo-pode-ter-sido-descoberto-no-brasil\/"]}]},{"@type":"ImageObject","inLanguage":"pt-BR","@id":"https:\/\/www.correiobraziliense.com.br\/cbradar\/fossil-de-formiga-mais-antiga-do-mundo-pode-ter-sido-descoberto-no-brasil\/#primaryimage","url":"https:\/\/www.correiobraziliense.com.br\/cbradar\/wp-content\/uploads\/2025\/05\/Formiga-_1746113976369.jpg","contentUrl":"https:\/\/www.correiobraziliense.com.br\/cbradar\/wp-content\/uploads\/2025\/05\/Formiga-_1746113976369.jpg","width":1279,"height":720,"caption":"Formiga.Cr\u00e9ditos: depositphotos.com \/ kosmos111"},{"@type":"BreadcrumbList","@id":"https:\/\/www.correiobraziliense.com.br\/cbradar\/fossil-de-formiga-mais-antiga-do-mundo-pode-ter-sido-descoberto-no-brasil\/#breadcrumb","itemListElement":[{"@type":"ListItem","position":1,"name":"In\u00edcio","item":"https:\/\/www.correiobraziliense.com.br\/cbradar\/"},{"@type":"ListItem","position":2,"name":"F\u00f3ssil de formiga mais antiga do mundo pode ter sido descoberto no Brasil"}]},{"@type":"WebSite","@id":"https:\/\/www.correiobraziliense.com.br\/cbradar\/#website","url":"https:\/\/www.correiobraziliense.com.br\/cbradar\/","name":"Correio Braziliense - Radar","description":"Acompanhe as \u00faltimas not\u00edcias e fique bem informado sobre tudo o que acontece no Brasil e no mundo.","potentialAction":[{"@type":"SearchAction","target":{"@type":"EntryPoint","urlTemplate":"https:\/\/www.correiobraziliense.com.br\/cbradar\/?s={search_term_string}"},"query-input":{"@type":"PropertyValueSpecification","valueRequired":true,"valueName":"search_term_string"}}],"inLanguage":"pt-BR"},{"@type":"Person","@id":"https:\/\/www.correiobraziliense.com.br\/cbradar\/#\/schema\/person\/58422787644df994b53a19d3e56c1513","name":"Larissa Carvalho","image":{"@type":"ImageObject","inLanguage":"pt-BR","@id":"https:\/\/www.correiobraziliense.com.br\/cbradar\/#\/schema\/person\/image\/","url":"https:\/\/secure.gravatar.com\/avatar\/fe4f91a0de32b52a838d0d612abdc1aa?s=96&d=mm&r=g","contentUrl":"https:\/\/secure.gravatar.com\/avatar\/fe4f91a0de32b52a838d0d612abdc1aa?s=96&d=mm&r=g","caption":"Larissa Carvalho"},"url":"https:\/\/www.correiobraziliense.com.br\/cbradar\/author\/larissamyth\/"}]}},"_links":{"self":[{"href":"https:\/\/www.correiobraziliense.com.br\/cbradar\/wp-json\/wp\/v2\/posts\/30658","targetHints":{"allow":["GET"]}}],"collection":[{"href":"https:\/\/www.correiobraziliense.com.br\/cbradar\/wp-json\/wp\/v2\/posts"}],"about":[{"href":"https:\/\/www.correiobraziliense.com.br\/cbradar\/wp-json\/wp\/v2\/types\/post"}],"author":[{"embeddable":true,"href":"https:\/\/www.correiobraziliense.com.br\/cbradar\/wp-json\/wp\/v2\/users\/3"}],"replies":[{"embeddable":true,"href":"https:\/\/www.correiobraziliense.com.br\/cbradar\/wp-json\/wp\/v2\/comments?post=30658"}],"version-history":[{"count":2,"href":"https:\/\/www.correiobraziliense.com.br\/cbradar\/wp-json\/wp\/v2\/posts\/30658\/revisions"}],"predecessor-version":[{"id":31019,"href":"https:\/\/www.correiobraziliense.com.br\/cbradar\/wp-json\/wp\/v2\/posts\/30658\/revisions\/31019"}],"wp:featuredmedia":[{"embeddable":true,"href":"https:\/\/www.correiobraziliense.com.br\/cbradar\/wp-json\/wp\/v2\/media\/30674"}],"wp:attachment":[{"href":"https:\/\/www.correiobraziliense.com.br\/cbradar\/wp-json\/wp\/v2\/media?parent=30658"}],"wp:term":[{"taxonomy":"category","embeddable":true,"href":"https:\/\/www.correiobraziliense.com.br\/cbradar\/wp-json\/wp\/v2\/categories?post=30658"},{"taxonomy":"post_tag","embeddable":true,"href":"https:\/\/www.correiobraziliense.com.br\/cbradar\/wp-json\/wp\/v2\/tags?post=30658"}],"curies":[{"name":"wp","href":"https:\/\/api.w.org\/{rel}","templated":true}]}}