{"id":3071,"date":"2025-02-17T20:50:00","date_gmt":"2025-02-17T23:50:00","guid":{"rendered":"https:\/\/www.correiobraziliense.com.br\/cbradar\/?p=3071"},"modified":"2025-02-14T23:35:09","modified_gmt":"2025-02-15T02:35:09","slug":"laifen-mini-um-secador-de-cabelo-portatil-e-tecnologico","status":"publish","type":"post","link":"https:\/\/www.correiobraziliense.com.br\/cbradar\/laifen-mini-um-secador-de-cabelo-portatil-e-tecnologico\/","title":{"rendered":"Laifen Mini: um secador de cabelo port\u00e1til e tecnol\u00f3gico"},"content":{"rendered":"\n<p>Nos \u00faltimos anos, a<strong> <a href=\"https:\/\/www.laifentech.com\/\" target=\"_blank\" rel=\"noreferrer noopener\">Laifen<\/a><\/strong> se destacou no mercado de secadores de <a href=\"https:\/\/www.correiobraziliense.com.br\/cbradar\/20-dicas-poderosas-para-estimular-o-crescimento-do-cabelo-um-guia-completo-e-eficaz\/\" target=\"_blank\" rel=\"noreferrer noopener\"><strong>cabelo<\/strong><\/a> com suas inova\u00e7\u00f5es tecnol\u00f3gicas e design moderno. Um dos produtos que tem chamado a aten\u00e7\u00e3o \u00e9 o <strong>Laifen Mini<\/strong>, um secador compacto que promete oferecer a qualidade da marca em um formato mais acess\u00edvel e pr\u00e1tico. Este artigo explora as caracter\u00edsticas desse pequeno secador, suas funcionalidades e como ele se posiciona em rela\u00e7\u00e3o aos outros modelos da marca.<\/p>\n\n\n\n<p>O Laifen Mini \u00e9 projetado para ser uma op\u00e7\u00e3o leve e port\u00e1til, ideal para o uso di\u00e1rio e viagens. Com apenas <strong>299 gramas<\/strong>, ele \u00e9 f\u00e1cil de transportar e usar, sem comprometer a qualidade do cuidado com o cabelo. A estrutura em nylon com fibra de vidro garante durabilidade, enquanto o design minimalista e elegante se adapta a diferentes estilos de vida.<\/p>\n\n\n\n<h2 class=\"wp-block-heading\"><strong>Quais s\u00e3o as caracter\u00edsticas do Laifen Mini?<\/strong><\/h2>\n\n\n\n<p>Se destaca por seu design ergon\u00f4mico e leveza, tornando-o ideal para quem busca praticidade. Com um motor de alta velocidade que atinge <strong>110.000 RPM<\/strong>, ele oferece uma secagem r\u00e1pida e eficiente. O jato de ar a <strong>19 m\/s <\/strong>\u00e9 suficiente para a maioria dos tipos de cabelo, embora possa n\u00e3o ser o ideal para cabelos muito volumosos ou grossos.<\/p>\n\n\n\n<p>Uma das funcionalidades mais not\u00e1veis \u00e9 o controle inteligente de temperatura, que ajusta o calor <strong>100 vezes por segundo<\/strong>. Isso evita o superaquecimento e protege o cabelo dos danos causados pelo calor excessivo. Essa caracter\u00edstica \u00e9 especialmente importante para cabelos finos ou sens\u00edveis.<\/p>\n\n\n\n<figure class=\"wp-block-embed aligncenter is-type-video is-provider-youtube wp-block-embed-youtube wp-embed-aspect-16-9 wp-has-aspect-ratio\"><div class=\"wp-block-embed__wrapper\">\n<div class=\"jeg_video_container jeg_video_content\"><iframe loading=\"lazy\" title=\"Features in Laifen Mini\" width=\"500\" height=\"281\" src=\"https:\/\/www.youtube.com\/embed\/SRdWO_6k3PY?feature=oembed\" frameborder=\"0\" allow=\"accelerometer; autoplay; clipboard-write; encrypted-media; gyroscope; picture-in-picture; web-share\" referrerpolicy=\"strict-origin-when-cross-origin\" allowfullscreen><\/iframe><\/div>\n<\/div><\/figure>\n\n\n\n<h2 class=\"wp-block-heading\"><strong>Como o Laifen Mini se compara a outros modelos da marca?<\/strong><\/h2>\n\n\n\n<p>Comparado a outros modelos da Laifen, o Mini \u00e9 o mais leve e acess\u00edvel. No entanto, ele possui uma pot\u00eancia de <strong>1100W<\/strong>, inferior aos modelos <strong>Swift Special<\/strong> e <strong>SE<\/strong>, que variam entre <strong>1400W<\/strong> e <strong>1600W<\/strong>. Isso significa que o Mini pode n\u00e3o ser a melhor escolha para quem precisa de um secador com pot\u00eancia profissional.<\/p>\n\n\n\n<ul class=\"wp-block-list\">\n<li><strong>Leveza:<\/strong>\u00a0Com 299 gramas, \u00e9 o mais leve da linha, ideal para viagens e uso di\u00e1rio.<\/li>\n\n\n\n<li><strong>Pre\u00e7o:<\/strong>\u00a0Mais acess\u00edvel que outros modelos, sendo uma boa porta de entrada para a tecnologia Laifen.<\/li>\n\n\n\n<li><strong>Modo infantil:<\/strong>\u00a0Exclusivo do Mini, ajusta a temperatura para uma secagem segura para crian\u00e7as.<\/li>\n<\/ul>\n\n\n\n<h2 class=\"wp-block-heading\"><strong>Quais s\u00e3o as vantagens e desvantagens do Laifen Mini?<\/strong><\/h2>\n\n\n\n<p>O Laifen Mini oferece v\u00e1rias vantagens, como design leve, pre\u00e7o acess\u00edvel e funcionalidades de seguran\u00e7a. No entanto, h\u00e1 algumas limita\u00e7\u00f5es a serem consideradas antes da compra.<\/p>\n\n\n\n<ol class=\"wp-block-list\">\n<li><strong>Vantagens:<\/strong>\n<ul class=\"wp-block-list\">\n<li>Design leve e ergon\u00f4mico, f\u00e1cil de transportar.<\/li>\n\n\n\n<li>Controle inteligente de temperatura para prote\u00e7\u00e3o do cabelo.<\/li>\n\n\n\n<li>Modo infantil para uso seguro em crian\u00e7as.<\/li>\n<\/ul>\n<\/li>\n\n\n\n<li><strong>Desvantagens:<\/strong>\n<ul class=\"wp-block-list\">\n<li>Pot\u00eancia limitada, n\u00e3o ideal para cabelos volumosos.<\/li>\n\n\n\n<li>Jato de ar mais lento comparado a modelos mais potentes.<\/li>\n\n\n\n<li>Falta de difusor, o que pode ser um problema para cabelos encaracolados.<\/li>\n<\/ul>\n<\/li>\n<\/ol>\n\n\n\n<h2 class=\"wp-block-heading\"><strong>Para quem o Laifen Mini \u00e9 ideal?<\/strong><\/h2>\n\n\n\n<p>O Laifen Mini \u00e9 uma excelente escolha para quem busca um secador leve e pr\u00e1tico para o dia a dia. \u00c9 ideal para fam\u00edlias, especialmente aquelas com crian\u00e7as, devido ao modo infantil. No entanto, para quem precisa de mais pot\u00eancia ou usa o secador profissionalmente, os modelos Swift Special ou SE podem ser mais adequados.<\/p>\n\n\n\n<p>Em resumo, o Laifen Mini combina design ergon\u00f4mico e tecnologia em um formato compacto, sendo uma op\u00e7\u00e3o confi\u00e1vel para quem prioriza praticidade e seguran\u00e7a no cuidado di\u00e1rio com o cabelo.<\/p>\n","protected":false},"excerpt":{"rendered":"<p>Nos \u00faltimos anos, a Laifen se destacou no mercado de secadores de cabelo com suas inova\u00e7\u00f5es tecnol\u00f3gicas e design moderno. Um dos produtos que tem chamado a aten\u00e7\u00e3o \u00e9 o Laifen Mini, um secador compacto que promete oferecer a qualidade da marca em um formato mais acess\u00edvel e pr\u00e1tico. Este artigo explora as caracter\u00edsticas desse [&hellip;]<\/p>\n","protected":false},"author":8,"featured_media":3162,"comment_status":"open","ping_status":"open","sticky":false,"template":"","format":"standard","meta":{"_yoast_wpseo_focuskw":"Laifen Mini","_yoast_wpseo_title":"","_yoast_wpseo_metadesc":"\"Conhe\u00e7a o Laifen Mini, o secador de cabelo port\u00e1til e tecnol\u00f3gico que oferece desempenho de qualidade em um design compacto e pr\u00e1tico.\"","jnews-multi-image_gallery":[],"jnews_single_post":{"format":"standard"},"jnews_primary_category":[],"jnews_social_meta":[],"jnews_override_counter":[],"footnotes":""},"categories":[124,169,115],"tags":[125,731,114],"class_list":["post-3071","post","type-post","status-publish","format-standard","has-post-thumbnail","hentry","category-beleza","category-noticias","category-tecnologia","tag-beleza","tag-laifen-mini","tag-tecnologia"],"yoast_head":"<!-- This site is optimized with the Yoast SEO plugin v24.6 - https:\/\/yoast.com\/wordpress\/plugins\/seo\/ -->\n<title>Laifen Mini: um secador de cabelo port\u00e1til e tecnol\u00f3gico - Correio Braziliense - Radar<\/title>\n<meta name=\"description\" content=\"&quot;Conhe\u00e7a o Laifen Mini, o secador de cabelo port\u00e1til e tecnol\u00f3gico que oferece desempenho de qualidade em um design compacto e pr\u00e1tico.&quot;\" \/>\n<meta name=\"robots\" content=\"index, follow, max-snippet:-1, max-image-preview:large, max-video-preview:-1\" \/>\n<link rel=\"canonical\" href=\"https:\/\/www.correiobraziliense.com.br\/cbradar\/laifen-mini-um-secador-de-cabelo-portatil-e-tecnologico\/\" \/>\n<meta property=\"og:locale\" content=\"pt_BR\" \/>\n<meta property=\"og:type\" content=\"article\" \/>\n<meta property=\"og:title\" content=\"Laifen Mini: um secador de cabelo port\u00e1til e tecnol\u00f3gico - Correio Braziliense - Radar\" \/>\n<meta property=\"og:description\" content=\"&quot;Conhe\u00e7a o Laifen Mini, o secador de cabelo port\u00e1til e tecnol\u00f3gico que oferece desempenho de qualidade em um design compacto e pr\u00e1tico.&quot;\" \/>\n<meta property=\"og:url\" content=\"https:\/\/www.correiobraziliense.com.br\/cbradar\/laifen-mini-um-secador-de-cabelo-portatil-e-tecnologico\/\" \/>\n<meta property=\"og:site_name\" content=\"Correio Braziliense - Radar\" \/>\n<meta property=\"article:published_time\" content=\"2025-02-17T23:50:00+00:00\" \/>\n<meta property=\"og:image\" content=\"https:\/\/www.correiobraziliense.com.br\/cbradar\/wp-content\/uploads\/2025\/02\/Samsung-Galaxy-A55-3.png\" \/>\n\t<meta property=\"og:image:width\" content=\"1280\" \/>\n\t<meta property=\"og:image:height\" content=\"720\" \/>\n\t<meta property=\"og:image:type\" content=\"image\/png\" \/>\n<meta name=\"author\" content=\"Maura Pereira\" \/>\n<meta name=\"twitter:card\" content=\"summary_large_image\" \/>\n<meta name=\"twitter:label1\" content=\"Escrito por\" \/>\n\t<meta name=\"twitter:data1\" content=\"Maura Pereira\" \/>\n\t<meta name=\"twitter:label2\" content=\"Est. tempo de leitura\" \/>\n\t<meta name=\"twitter:data2\" content=\"4 minutos\" \/>\n<!-- \/ Yoast SEO plugin. -->","yoast_head_json":{"title":"Laifen Mini: um secador de cabelo port\u00e1til e tecnol\u00f3gico - Correio Braziliense - Radar","description":"\"Conhe\u00e7a o Laifen Mini, o secador de cabelo port\u00e1til e tecnol\u00f3gico que oferece desempenho de qualidade em um design compacto e pr\u00e1tico.\"","robots":{"index":"index","follow":"follow","max-snippet":"max-snippet:-1","max-image-preview":"max-image-preview:large","max-video-preview":"max-video-preview:-1"},"canonical":"https:\/\/www.correiobraziliense.com.br\/cbradar\/laifen-mini-um-secador-de-cabelo-portatil-e-tecnologico\/","og_locale":"pt_BR","og_type":"article","og_title":"Laifen Mini: um secador de cabelo port\u00e1til e tecnol\u00f3gico - Correio Braziliense - Radar","og_description":"\"Conhe\u00e7a o Laifen Mini, o secador de cabelo port\u00e1til e tecnol\u00f3gico que oferece desempenho de qualidade em um design compacto e pr\u00e1tico.\"","og_url":"https:\/\/www.correiobraziliense.com.br\/cbradar\/laifen-mini-um-secador-de-cabelo-portatil-e-tecnologico\/","og_site_name":"Correio Braziliense - Radar","article_published_time":"2025-02-17T23:50:00+00:00","og_image":[{"width":1280,"height":720,"url":"https:\/\/www.correiobraziliense.com.br\/cbradar\/wp-content\/uploads\/2025\/02\/Samsung-Galaxy-A55-3.png","type":"image\/png"}],"author":"Maura Pereira","twitter_card":"summary_large_image","twitter_misc":{"Escrito por":"Maura Pereira","Est. tempo de leitura":"4 minutos"},"schema":{"@context":"https:\/\/schema.org","@graph":[{"@type":"WebPage","@id":"https:\/\/www.correiobraziliense.com.br\/cbradar\/laifen-mini-um-secador-de-cabelo-portatil-e-tecnologico\/","url":"https:\/\/www.correiobraziliense.com.br\/cbradar\/laifen-mini-um-secador-de-cabelo-portatil-e-tecnologico\/","name":"Laifen Mini: um secador de cabelo port\u00e1til e tecnol\u00f3gico - Correio Braziliense - Radar","isPartOf":{"@id":"https:\/\/www.correiobraziliense.com.br\/cbradar\/#website"},"primaryImageOfPage":{"@id":"https:\/\/www.correiobraziliense.com.br\/cbradar\/laifen-mini-um-secador-de-cabelo-portatil-e-tecnologico\/#primaryimage"},"image":{"@id":"https:\/\/www.correiobraziliense.com.br\/cbradar\/laifen-mini-um-secador-de-cabelo-portatil-e-tecnologico\/#primaryimage"},"thumbnailUrl":"https:\/\/www.correiobraziliense.com.br\/cbradar\/wp-content\/uploads\/2025\/02\/Samsung-Galaxy-A55-3.png","datePublished":"2025-02-17T23:50:00+00:00","author":{"@id":"https:\/\/www.correiobraziliense.com.br\/cbradar\/#\/schema\/person\/4053c651a9bfc785afc6f4cbc9032fd3"},"description":"\"Conhe\u00e7a o Laifen Mini, o secador de cabelo port\u00e1til e tecnol\u00f3gico que oferece desempenho de qualidade em um design compacto e pr\u00e1tico.\"","breadcrumb":{"@id":"https:\/\/www.correiobraziliense.com.br\/cbradar\/laifen-mini-um-secador-de-cabelo-portatil-e-tecnologico\/#breadcrumb"},"inLanguage":"pt-BR","potentialAction":[{"@type":"ReadAction","target":["https:\/\/www.correiobraziliense.com.br\/cbradar\/laifen-mini-um-secador-de-cabelo-portatil-e-tecnologico\/"]}]},{"@type":"ImageObject","inLanguage":"pt-BR","@id":"https:\/\/www.correiobraziliense.com.br\/cbradar\/laifen-mini-um-secador-de-cabelo-portatil-e-tecnologico\/#primaryimage","url":"https:\/\/www.correiobraziliense.com.br\/cbradar\/wp-content\/uploads\/2025\/02\/Samsung-Galaxy-A55-3.png","contentUrl":"https:\/\/www.correiobraziliense.com.br\/cbradar\/wp-content\/uploads\/2025\/02\/Samsung-Galaxy-A55-3.png","width":1280,"height":720,"caption":"Laifen Mini \/\/ Reprodu\u00e7\u00e3o: Laifen Oficial"},{"@type":"BreadcrumbList","@id":"https:\/\/www.correiobraziliense.com.br\/cbradar\/laifen-mini-um-secador-de-cabelo-portatil-e-tecnologico\/#breadcrumb","itemListElement":[{"@type":"ListItem","position":1,"name":"In\u00edcio","item":"https:\/\/www.correiobraziliense.com.br\/cbradar\/"},{"@type":"ListItem","position":2,"name":"Laifen Mini: um secador de cabelo port\u00e1til e tecnol\u00f3gico"}]},{"@type":"WebSite","@id":"https:\/\/www.correiobraziliense.com.br\/cbradar\/#website","url":"https:\/\/www.correiobraziliense.com.br\/cbradar\/","name":"Correio Braziliense - Radar","description":"Acompanhe as \u00faltimas not\u00edcias e fique bem informado sobre tudo o que acontece no Brasil e no mundo.","potentialAction":[{"@type":"SearchAction","target":{"@type":"EntryPoint","urlTemplate":"https:\/\/www.correiobraziliense.com.br\/cbradar\/?s={search_term_string}"},"query-input":{"@type":"PropertyValueSpecification","valueRequired":true,"valueName":"search_term_string"}}],"inLanguage":"pt-BR"},{"@type":"Person","@id":"https:\/\/www.correiobraziliense.com.br\/cbradar\/#\/schema\/person\/4053c651a9bfc785afc6f4cbc9032fd3","name":"Maura Pereira","image":{"@type":"ImageObject","inLanguage":"pt-BR","@id":"https:\/\/www.correiobraziliense.com.br\/cbradar\/#\/schema\/person\/image\/","url":"https:\/\/secure.gravatar.com\/avatar\/3effd6bdadfa447f15089c7f7144eaa6?s=96&d=mm&r=g","contentUrl":"https:\/\/secure.gravatar.com\/avatar\/3effd6bdadfa447f15089c7f7144eaa6?s=96&d=mm&r=g","caption":"Maura Pereira"},"sameAs":["https:\/\/www.correiobraziliense.com.br\/"],"url":"https:\/\/www.correiobraziliense.com.br\/cbradar\/author\/mauramyth\/"}]}},"_links":{"self":[{"href":"https:\/\/www.correiobraziliense.com.br\/cbradar\/wp-json\/wp\/v2\/posts\/3071","targetHints":{"allow":["GET"]}}],"collection":[{"href":"https:\/\/www.correiobraziliense.com.br\/cbradar\/wp-json\/wp\/v2\/posts"}],"about":[{"href":"https:\/\/www.correiobraziliense.com.br\/cbradar\/wp-json\/wp\/v2\/types\/post"}],"author":[{"embeddable":true,"href":"https:\/\/www.correiobraziliense.com.br\/cbradar\/wp-json\/wp\/v2\/users\/8"}],"replies":[{"embeddable":true,"href":"https:\/\/www.correiobraziliense.com.br\/cbradar\/wp-json\/wp\/v2\/comments?post=3071"}],"version-history":[{"count":11,"href":"https:\/\/www.correiobraziliense.com.br\/cbradar\/wp-json\/wp\/v2\/posts\/3071\/revisions"}],"predecessor-version":[{"id":3163,"href":"https:\/\/www.correiobraziliense.com.br\/cbradar\/wp-json\/wp\/v2\/posts\/3071\/revisions\/3163"}],"wp:featuredmedia":[{"embeddable":true,"href":"https:\/\/www.correiobraziliense.com.br\/cbradar\/wp-json\/wp\/v2\/media\/3162"}],"wp:attachment":[{"href":"https:\/\/www.correiobraziliense.com.br\/cbradar\/wp-json\/wp\/v2\/media?parent=3071"}],"wp:term":[{"taxonomy":"category","embeddable":true,"href":"https:\/\/www.correiobraziliense.com.br\/cbradar\/wp-json\/wp\/v2\/categories?post=3071"},{"taxonomy":"post_tag","embeddable":true,"href":"https:\/\/www.correiobraziliense.com.br\/cbradar\/wp-json\/wp\/v2\/tags?post=3071"}],"curies":[{"name":"wp","href":"https:\/\/api.w.org\/{rel}","templated":true}]}}