{"id":30741,"date":"2025-05-02T21:30:00","date_gmt":"2025-05-03T00:30:00","guid":{"rendered":"https:\/\/www.correiobraziliense.com.br\/cbradar\/?p=30741"},"modified":"2025-05-01T22:41:18","modified_gmt":"2025-05-02T01:41:18","slug":"essa-cidadezinha-do-nordeste-encanta-turistas-com-suas-praias-desertas-e-calmas","status":"publish","type":"post","link":"https:\/\/www.correiobraziliense.com.br\/cbradar\/essa-cidadezinha-do-nordeste-encanta-turistas-com-suas-praias-desertas-e-calmas\/","title":{"rendered":"Essa cidadezinha do Nordeste encanta turistas com suas praias desertas e calmas"},"content":{"rendered":"\n<p>Localizada na foz do <strong>Rio Pregui\u00e7as<\/strong>, <strong>Atins <\/strong>\u00e9 uma pequena vila de pescadores situada no munic\u00edpio de <strong>Barreirinhas<\/strong>, no <strong>Maranh\u00e3o<\/strong>. Parte do <strong>Parque Nacional dos Len\u00e7\u00f3is Maranhenses<\/strong>, a regi\u00e3o \u00e9 cercada por dunas, lagoas cristalinas e praias desertas que impressionam pela beleza e serenidade.<\/p>\n\n\n\n<p>Com acesso restrito por estrada de areia ou barco, o vilarejo se manteve isolado por muito tempo, o que ajudou a preservar sua atmosfera r\u00fastica e tranquila. Em Atins, o tempo parece passar mais devagar, ao som do vento e do vai e vem das ondas.<\/p>\n\n\n\n<h2 class=\"wp-block-heading\">Praias desertas e paisagens intocadas<\/h2>\n\n\n\n<p>O principal atrativo de Atins s\u00e3o suas praias praticamente vazias, ideais para quem busca relaxar longe do agito. As faixas de areia s\u00e3o extensas e planas, banhadas por um mar calmo e morno, perfeitas para caminhadas, banhos de sol e banhos de mar sem pressa.<\/p>\n\n\n\n<p>A regi\u00e3o tamb\u00e9m \u00e9 ponto de encontro para praticantes de kitesurf, gra\u00e7as aos ventos constantes e \u00e0 ampla faixa litor\u00e2nea. No entanto, mesmo durante a alta temporada, o clima de sossego predomina, com pouca movimenta\u00e7\u00e3o e paisagens quase selvagens.<\/p>\n\n\n\n<h2 class=\"wp-block-heading\">Cultura simples e acolhimento local<\/h2>\n\n\n\n<p>Os moradores de Atins vivem principalmente da pesca artesanal e do turismo de base comunit\u00e1ria. A vila possui um clima acolhedor, onde todos se conhecem e recebem os visitantes com simpatia e respeito.<\/p>\n\n\n\n<p>A arquitetura r\u00fastica das casas, constru\u00eddas com madeira e palha, e a simplicidade do cotidiano revelam um estilo de vida conectado \u00e0 natureza e ao essencial. Essa autenticidade \u00e9 um dos grandes encantos do lugar.<\/p>\n\n\n\n<figure class=\"wp-block-image size-large\"><img decoding=\"async\" width=\"1024\" height=\"576\" src=\"https:\/\/www.correiobraziliense.com.br\/cbradar\/wp-content\/uploads\/2025\/05\/Atins-Maranhao_1746119890029-1024x576.jpg\" alt=\"Essa cidadezinha do Nordeste encanta turistas com suas praias desertas e calmas\" class=\"wp-image-30744\" srcset=\"https:\/\/www.correiobraziliense.com.br\/cbradar\/wp-content\/uploads\/2025\/05\/Atins-Maranhao_1746119890029-1024x576.jpg 1024w, https:\/\/www.correiobraziliense.com.br\/cbradar\/wp-content\/uploads\/2025\/05\/Atins-Maranhao_1746119890029-300x169.jpg 300w, https:\/\/www.correiobraziliense.com.br\/cbradar\/wp-content\/uploads\/2025\/05\/Atins-Maranhao_1746119890029-768x432.jpg 768w, https:\/\/www.correiobraziliense.com.br\/cbradar\/wp-content\/uploads\/2025\/05\/Atins-Maranhao_1746119890029-750x422.jpg 750w, https:\/\/www.correiobraziliense.com.br\/cbradar\/wp-content\/uploads\/2025\/05\/Atins-Maranhao_1746119890029-1140x641.jpg 1140w, https:\/\/www.correiobraziliense.com.br\/cbradar\/wp-content\/uploads\/2025\/05\/Atins-Maranhao_1746119890029.jpg 1280w\" sizes=\"(max-width: 1024px) 100vw, 1024px\" \/><figcaption class=\"wp-element-caption\">Atins Maranh\u00e3o. Cr\u00e9ditos: depositphotos.com \/ Fotoember<\/figcaption><\/figure>\n\n\n\n<h2 class=\"wp-block-heading\">Gastronomia com sabores do mar<\/h2>\n\n\n\n<p>A culin\u00e1ria local \u00e9 baseada em peixes frescos, camar\u00f5es, caranguejos e frutos do mar preparados de forma caseira. Restaurantes familiares servem pratos tradicionais, como moquecas e arroz de cux\u00e1, com temperos regionais que encantam os paladares.<\/p>\n\n\n\n<p>Um dos destaques de Atins \u00e9 o famoso camar\u00e3o grelhado, servido em diversas vers\u00f5es e considerado por muitos turistas como o melhor da regi\u00e3o. O clima simples e o atendimento pessoal completam a experi\u00eancia gastron\u00f4mica.<\/p>\n\n\n\n<h2 class=\"wp-block-heading\">Hospedagens sustent\u00e1veis e em harmonia com a paisagem<\/h2>\n\n\n\n<p>As op\u00e7\u00f5es de hospedagem em Atins seguem um estilo ecol\u00f3gico e integrado \u00e0 natureza. Pousadas, bangal\u00f4s e campings se espalham entre a vegeta\u00e7\u00e3o nativa, sem agredir o ambiente local.<\/p>\n\n\n\n<p>Muitas acomoda\u00e7\u00f5es utilizam energia solar, reaproveitamento de \u00e1gua e materiais naturais. Os espa\u00e7os s\u00e3o pensados para oferecer conforto sem abrir m\u00e3o da simplicidade e da proposta de contato direto com a paisagem.<\/p>\n\n\n\n<h2 class=\"wp-block-heading\">Curiosidades sobre Atins<\/h2>\n\n\n\n<ul class=\"wp-block-list\">\n<li>O acesso \u00e9 feito por barco ou ve\u00edculos 4&#215;4, a partir de Barreirinhas.<\/li>\n\n\n\n<li>A vila n\u00e3o possui ruas asfaltadas nem sinal de celular constante.<\/li>\n\n\n\n<li>Atins faz parte da rota de travessias dos Len\u00e7\u00f3is Maranhenses a p\u00e9.<\/li>\n\n\n\n<li>O local atrai kitesurfistas de v\u00e1rios pa\u00edses durante o segundo semestre.<\/li>\n\n\n\n<li>A regi\u00e3o \u00e9 considerada um dos destinos mais sustent\u00e1veis do Brasil.<\/li>\n<\/ul>\n\n\n\n<h2 class=\"wp-block-heading\">Vale a pena visitar?<\/h2>\n\n\n\n<p>Sim. Atins \u00e9 o destino ideal para quem quer se desconectar do ritmo acelerado das cidades e mergulhar em uma experi\u00eancia de simplicidade, beleza natural e contato genu\u00edno com o meio ambiente.<\/p>\n\n\n\n<p>\u00c9 um lugar rom\u00e2ntico, silencioso e ainda pouco explorado pelo turismo de massa, o que garante uma visita tranquila e memor\u00e1vel em meio a um dos cen\u00e1rios mais bonitos do Nordeste brasileiro.<\/p>\n\n\n\n<h2 class=\"wp-block-heading\">Vale a pena morar?<\/h2>\n\n\n\n<p>Morar em Atins \u00e9 para quem busca um estilo de vida minimalista, longe da urbaniza\u00e7\u00e3o e perto da natureza. O acesso limitado, a falta de infraestrutura urbana e o isolamento podem ser desafiadores, mas tamb\u00e9m s\u00e3o parte do charme do lugar.<\/p>\n\n\n\n<p>Para quem valoriza liberdade, simplicidade e conviv\u00eancia comunit\u00e1ria, Atins representa um para\u00edso alternativo. A vida por l\u00e1 segue em outro ritmo, pautada pelo nascer e p\u00f4r do sol, pelas mar\u00e9s e pelo som constante do mar.<\/p>\n","protected":false},"excerpt":{"rendered":"<p>Atins, no Maranh\u00e3o, \u00e9 um para\u00edso escondido entre dunas e mar, com praias tranquilas e natureza intocada.<\/p>\n","protected":false},"author":3,"featured_media":30743,"comment_status":"open","ping_status":"open","sticky":false,"template":"","format":"standard","meta":{"_yoast_wpseo_focuskw":"cidadezinha nordeste turistas","_yoast_wpseo_title":"%%title%%","_yoast_wpseo_metadesc":"Atins, no Maranh\u00e3o, \u00e9 um para\u00edso escondido entre dunas e mar, com praias tranquilas e natureza intocada.","jnews-multi-image_gallery":[],"jnews_single_post":{"format":"standard"},"jnews_primary_category":[],"jnews_social_meta":[],"jnews_override_counter":[],"footnotes":""},"categories":[108],"post_tag":[109],"class_list":["post-30741","post","type-post","status-publish","format-standard","has-post-thumbnail","hentry","category-cidades","tag-cidades"],"yoast_head":"<!-- This site is optimized with the Yoast SEO plugin v24.6 - https:\/\/yoast.com\/wordpress\/plugins\/seo\/ -->\n<title>Essa cidadezinha do Nordeste encanta turistas com suas praias desertas e calmas<\/title>\n<meta name=\"description\" content=\"Atins, no Maranh\u00e3o, \u00e9 um para\u00edso escondido entre dunas e mar, com praias tranquilas e natureza intocada.\" \/>\n<meta name=\"robots\" content=\"index, follow, max-snippet:-1, max-image-preview:large, max-video-preview:-1\" \/>\n<link rel=\"canonical\" href=\"https:\/\/www.correiobraziliense.com.br\/cbradar\/essa-cidadezinha-do-nordeste-encanta-turistas-com-suas-praias-desertas-e-calmas\/\" \/>\n<meta property=\"og:locale\" content=\"pt_BR\" \/>\n<meta property=\"og:type\" content=\"article\" \/>\n<meta property=\"og:title\" content=\"Essa cidadezinha do Nordeste encanta turistas com suas praias desertas e calmas\" \/>\n<meta property=\"og:description\" content=\"Atins, no Maranh\u00e3o, \u00e9 um para\u00edso escondido entre dunas e mar, com praias tranquilas e natureza intocada.\" \/>\n<meta property=\"og:url\" content=\"https:\/\/www.correiobraziliense.com.br\/cbradar\/essa-cidadezinha-do-nordeste-encanta-turistas-com-suas-praias-desertas-e-calmas\/\" \/>\n<meta property=\"og:site_name\" content=\"Correio Braziliense - Radar\" \/>\n<meta property=\"article:published_time\" content=\"2025-05-03T00:30:00+00:00\" \/>\n<meta property=\"og:image\" content=\"https:\/\/www.correiobraziliense.com.br\/cbradar\/wp-content\/uploads\/2025\/05\/Atins-Maranhao_1746119791089.jpg\" \/>\n\t<meta property=\"og:image:width\" content=\"1280\" \/>\n\t<meta property=\"og:image:height\" content=\"720\" \/>\n\t<meta property=\"og:image:type\" content=\"image\/jpeg\" \/>\n<meta name=\"author\" content=\"Larissa Carvalho\" \/>\n<meta name=\"twitter:card\" content=\"summary_large_image\" \/>\n<meta name=\"twitter:label1\" content=\"Escrito por\" \/>\n\t<meta name=\"twitter:data1\" content=\"Larissa Carvalho\" \/>\n\t<meta name=\"twitter:label2\" content=\"Est. tempo de leitura\" \/>\n\t<meta name=\"twitter:data2\" content=\"4 minutos\" \/>\n<!-- \/ Yoast SEO plugin. -->","yoast_head_json":{"title":"Essa cidadezinha do Nordeste encanta turistas com suas praias desertas e calmas","description":"Atins, no Maranh\u00e3o, \u00e9 um para\u00edso escondido entre dunas e mar, com praias tranquilas e natureza intocada.","robots":{"index":"index","follow":"follow","max-snippet":"max-snippet:-1","max-image-preview":"max-image-preview:large","max-video-preview":"max-video-preview:-1"},"canonical":"https:\/\/www.correiobraziliense.com.br\/cbradar\/essa-cidadezinha-do-nordeste-encanta-turistas-com-suas-praias-desertas-e-calmas\/","og_locale":"pt_BR","og_type":"article","og_title":"Essa cidadezinha do Nordeste encanta turistas com suas praias desertas e calmas","og_description":"Atins, no Maranh\u00e3o, \u00e9 um para\u00edso escondido entre dunas e mar, com praias tranquilas e natureza intocada.","og_url":"https:\/\/www.correiobraziliense.com.br\/cbradar\/essa-cidadezinha-do-nordeste-encanta-turistas-com-suas-praias-desertas-e-calmas\/","og_site_name":"Correio Braziliense - Radar","article_published_time":"2025-05-03T00:30:00+00:00","og_image":[{"width":1280,"height":720,"url":"https:\/\/www.correiobraziliense.com.br\/cbradar\/wp-content\/uploads\/2025\/05\/Atins-Maranhao_1746119791089.jpg","type":"image\/jpeg"}],"author":"Larissa Carvalho","twitter_card":"summary_large_image","twitter_misc":{"Escrito por":"Larissa Carvalho","Est. tempo de leitura":"4 minutos"},"schema":{"@context":"https:\/\/schema.org","@graph":[{"@type":"WebPage","@id":"https:\/\/www.correiobraziliense.com.br\/cbradar\/essa-cidadezinha-do-nordeste-encanta-turistas-com-suas-praias-desertas-e-calmas\/","url":"https:\/\/www.correiobraziliense.com.br\/cbradar\/essa-cidadezinha-do-nordeste-encanta-turistas-com-suas-praias-desertas-e-calmas\/","name":"Essa cidadezinha do Nordeste encanta turistas com suas praias desertas e calmas","isPartOf":{"@id":"https:\/\/www.correiobraziliense.com.br\/cbradar\/#website"},"primaryImageOfPage":{"@id":"https:\/\/www.correiobraziliense.com.br\/cbradar\/essa-cidadezinha-do-nordeste-encanta-turistas-com-suas-praias-desertas-e-calmas\/#primaryimage"},"image":{"@id":"https:\/\/www.correiobraziliense.com.br\/cbradar\/essa-cidadezinha-do-nordeste-encanta-turistas-com-suas-praias-desertas-e-calmas\/#primaryimage"},"thumbnailUrl":"https:\/\/www.correiobraziliense.com.br\/cbradar\/wp-content\/uploads\/2025\/05\/Atins-Maranhao_1746119791089.jpg","datePublished":"2025-05-03T00:30:00+00:00","author":{"@id":"https:\/\/www.correiobraziliense.com.br\/cbradar\/#\/schema\/person\/58422787644df994b53a19d3e56c1513"},"description":"Atins, no Maranh\u00e3o, \u00e9 um para\u00edso escondido entre dunas e mar, com praias tranquilas e natureza intocada.","breadcrumb":{"@id":"https:\/\/www.correiobraziliense.com.br\/cbradar\/essa-cidadezinha-do-nordeste-encanta-turistas-com-suas-praias-desertas-e-calmas\/#breadcrumb"},"inLanguage":"pt-BR","potentialAction":[{"@type":"ReadAction","target":["https:\/\/www.correiobraziliense.com.br\/cbradar\/essa-cidadezinha-do-nordeste-encanta-turistas-com-suas-praias-desertas-e-calmas\/"]}]},{"@type":"ImageObject","inLanguage":"pt-BR","@id":"https:\/\/www.correiobraziliense.com.br\/cbradar\/essa-cidadezinha-do-nordeste-encanta-turistas-com-suas-praias-desertas-e-calmas\/#primaryimage","url":"https:\/\/www.correiobraziliense.com.br\/cbradar\/wp-content\/uploads\/2025\/05\/Atins-Maranhao_1746119791089.jpg","contentUrl":"https:\/\/www.correiobraziliense.com.br\/cbradar\/wp-content\/uploads\/2025\/05\/Atins-Maranhao_1746119791089.jpg","width":1280,"height":720,"caption":"Atins Maranh\u00e3o. Cr\u00e9ditos: depositphotos.com \/ xura"},{"@type":"BreadcrumbList","@id":"https:\/\/www.correiobraziliense.com.br\/cbradar\/essa-cidadezinha-do-nordeste-encanta-turistas-com-suas-praias-desertas-e-calmas\/#breadcrumb","itemListElement":[{"@type":"ListItem","position":1,"name":"In\u00edcio","item":"https:\/\/www.correiobraziliense.com.br\/cbradar\/"},{"@type":"ListItem","position":2,"name":"Essa cidadezinha do Nordeste encanta turistas com suas praias desertas e calmas"}]},{"@type":"WebSite","@id":"https:\/\/www.correiobraziliense.com.br\/cbradar\/#website","url":"https:\/\/www.correiobraziliense.com.br\/cbradar\/","name":"Correio Braziliense - Radar","description":"Acompanhe as \u00faltimas not\u00edcias e fique bem informado sobre tudo o que acontece no Brasil e no mundo.","potentialAction":[{"@type":"SearchAction","target":{"@type":"EntryPoint","urlTemplate":"https:\/\/www.correiobraziliense.com.br\/cbradar\/?s={search_term_string}"},"query-input":{"@type":"PropertyValueSpecification","valueRequired":true,"valueName":"search_term_string"}}],"inLanguage":"pt-BR"},{"@type":"Person","@id":"https:\/\/www.correiobraziliense.com.br\/cbradar\/#\/schema\/person\/58422787644df994b53a19d3e56c1513","name":"Larissa Carvalho","image":{"@type":"ImageObject","inLanguage":"pt-BR","@id":"https:\/\/www.correiobraziliense.com.br\/cbradar\/#\/schema\/person\/image\/","url":"https:\/\/secure.gravatar.com\/avatar\/fe4f91a0de32b52a838d0d612abdc1aa?s=96&d=mm&r=g","contentUrl":"https:\/\/secure.gravatar.com\/avatar\/fe4f91a0de32b52a838d0d612abdc1aa?s=96&d=mm&r=g","caption":"Larissa Carvalho"},"url":"https:\/\/www.correiobraziliense.com.br\/cbradar\/author\/larissamyth\/"}]}},"_links":{"self":[{"href":"https:\/\/www.correiobraziliense.com.br\/cbradar\/wp-json\/wp\/v2\/posts\/30741","targetHints":{"allow":["GET"]}}],"collection":[{"href":"https:\/\/www.correiobraziliense.com.br\/cbradar\/wp-json\/wp\/v2\/posts"}],"about":[{"href":"https:\/\/www.correiobraziliense.com.br\/cbradar\/wp-json\/wp\/v2\/types\/post"}],"author":[{"embeddable":true,"href":"https:\/\/www.correiobraziliense.com.br\/cbradar\/wp-json\/wp\/v2\/users\/3"}],"replies":[{"embeddable":true,"href":"https:\/\/www.correiobraziliense.com.br\/cbradar\/wp-json\/wp\/v2\/comments?post=30741"}],"version-history":[{"count":1,"href":"https:\/\/www.correiobraziliense.com.br\/cbradar\/wp-json\/wp\/v2\/posts\/30741\/revisions"}],"predecessor-version":[{"id":30745,"href":"https:\/\/www.correiobraziliense.com.br\/cbradar\/wp-json\/wp\/v2\/posts\/30741\/revisions\/30745"}],"wp:featuredmedia":[{"embeddable":true,"href":"https:\/\/www.correiobraziliense.com.br\/cbradar\/wp-json\/wp\/v2\/media\/30743"}],"wp:attachment":[{"href":"https:\/\/www.correiobraziliense.com.br\/cbradar\/wp-json\/wp\/v2\/media?parent=30741"}],"wp:term":[{"taxonomy":"category","embeddable":true,"href":"https:\/\/www.correiobraziliense.com.br\/cbradar\/wp-json\/wp\/v2\/categories?post=30741"},{"taxonomy":"post_tag","embeddable":true,"href":"https:\/\/www.correiobraziliense.com.br\/cbradar\/wp-json\/wp\/v2\/post_tag?post=30741"}],"curies":[{"name":"wp","href":"https:\/\/api.w.org\/{rel}","templated":true}]}}