{"id":30749,"date":"2025-05-02T19:10:00","date_gmt":"2025-05-02T22:10:00","guid":{"rendered":"https:\/\/www.correiobraziliense.com.br\/cbradar\/?p=30749"},"modified":"2025-05-01T22:42:14","modified_gmt":"2025-05-02T01:42:14","slug":"esse-e-o-jeito-certo-de-abrir-a-maquina-de-lavar-sem-correr-riscos","status":"publish","type":"post","link":"https:\/\/www.correiobraziliense.com.br\/cbradar\/esse-e-o-jeito-certo-de-abrir-a-maquina-de-lavar-sem-correr-riscos\/","title":{"rendered":"Esse \u00e9 o jeito certo de abrir a m\u00e1quina de lavar sem correr riscos"},"content":{"rendered":"\n<p>As m\u00e1quinas lava e seca modernas s\u00e3o equipadas com um sistema de seguran\u00e7a que trava automaticamente a porta durante o ciclo de lavagem e secagem. Este mecanismo \u00e9 essencial para prevenir acidentes, como vazamentos de \u00e1gua, e proteger o usu\u00e1rio de poss\u00edveis riscos. A porta s\u00f3 \u00e9 liberada quando o tambor est\u00e1 frio e sem \u00e1gua, garantindo que o processo foi conclu\u00eddo com seguran\u00e7a.<\/p>\n\n\n\n<p>Em algumas situa\u00e7\u00f5es, a porta pode n\u00e3o destravar mesmo ap\u00f3s o t\u00e9rmino do ciclo. Isso pode ocorrer devido a um ac\u00famulo de \u00e1gua ou se o ciclo n\u00e3o foi completamente finalizado. Nestes casos, recomenda-se selecionar a fun\u00e7\u00e3o de centrifuga\u00e7\u00e3o e aguardar o t\u00e9rmino do processo. Se o problema persistir, pode ser necess\u00e1rio procurar assist\u00eancia t\u00e9cnica, pois a m\u00e1quina pode estar com defeito.<\/p>\n\n\n\n<h2 class=\"wp-block-heading\"><strong>Quais os riscos de abrir a porta durante o ciclo?<\/strong><\/h2>\n\n\n\n<p>A abertura da porta durante o ciclo de lavagem ou secagem pode expor o usu\u00e1rio a riscos de queimaduras. A \u00e1gua quente, o vapor e as superf\u00edcies internas da m\u00e1quina podem causar ferimentos. Por isso, as m\u00e1quinas entram em um ciclo de resfriamento autom\u00e1tico ap\u00f3s a secagem, destravando a porta apenas quando a temperatura interna \u00e9 segura.<\/p>\n\n\n\n<figure class=\"wp-block-image size-large\"><img decoding=\"async\" width=\"1024\" height=\"576\" src=\"https:\/\/www.correiobraziliense.com.br\/cbradar\/wp-content\/uploads\/2025\/05\/Lava-e-Seca_1746120494977-1024x576.jpg\" alt=\"Esse \u00e9 o jeito certo de abrir a m\u00e1quina de lavar sem correr riscos\" class=\"wp-image-30770\" srcset=\"https:\/\/www.correiobraziliense.com.br\/cbradar\/wp-content\/uploads\/2025\/05\/Lava-e-Seca_1746120494977-1024x576.jpg 1024w, https:\/\/www.correiobraziliense.com.br\/cbradar\/wp-content\/uploads\/2025\/05\/Lava-e-Seca_1746120494977-300x169.jpg 300w, https:\/\/www.correiobraziliense.com.br\/cbradar\/wp-content\/uploads\/2025\/05\/Lava-e-Seca_1746120494977-768x432.jpg 768w, https:\/\/www.correiobraziliense.com.br\/cbradar\/wp-content\/uploads\/2025\/05\/Lava-e-Seca_1746120494977-750x422.jpg 750w, https:\/\/www.correiobraziliense.com.br\/cbradar\/wp-content\/uploads\/2025\/05\/Lava-e-Seca_1746120494977-1140x641.jpg 1140w, https:\/\/www.correiobraziliense.com.br\/cbradar\/wp-content\/uploads\/2025\/05\/Lava-e-Seca_1746120494977.jpg 1280w\" sizes=\"(max-width: 1024px) 100vw, 1024px\" \/><figcaption class=\"wp-element-caption\">Lava e Seca.Cr\u00e9ditos: depositphotos.com \/ simply<\/figcaption><\/figure>\n\n\n\n<p>Mesmo ao pausar ou desligar a m\u00e1quina durante a secagem, o ventilador interno continua operando para reduzir a temperatura e evitar danos. Este processo pode levar alguns minutos, e \u00e9 comum que uma mensagem ou c\u00f3digo apare\u00e7a no visor indicando que o resfriamento est\u00e1 em andamento.<\/p>\n\n\n\n<h2 class=\"wp-block-heading\"><strong>Como abrir a porta da m\u00e1quina com seguran\u00e7a?<\/strong><\/h2>\n\n\n\n<p>Para abrir a porta da m\u00e1quina de forma segura durante a lavagem, \u00e9 necess\u00e1rio pausar ou encerrar o ciclo. Caso a m\u00e1quina n\u00e3o comece a drenar a \u00e1gua automaticamente, deve-se selecionar manualmente a fun\u00e7\u00e3o de centrifuga\u00e7\u00e3o. Se o ciclo estiver no in\u00edcio e sem \u00e1gua, pode n\u00e3o ser necess\u00e1rio esperar pela drenagem.<\/p>\n\n\n\n<p>Durante a secagem, a porta s\u00f3 deve ser aberta ap\u00f3s a m\u00e1quina indicar que o resfriamento foi conclu\u00eddo. Isso geralmente \u00e9 sinalizado por uma mensagem no visor, que desaparece quando a temperatura interna est\u00e1 segura.<\/p>\n\n\n\n<h2 class=\"wp-block-heading\"><strong>Quais modelos de lava e seca est\u00e3o dispon\u00edveis no mercado?<\/strong><\/h2>\n\n\n\n<p>Existem diversos modelos de m\u00e1quinas lava e seca dispon\u00edveis no mercado, cada um com suas caracter\u00edsticas e funcionalidades espec\u00edficas. Alguns dos modelos populares incluem:<\/p>\n\n\n\n<ul class=\"wp-block-list\">\n<li>Electrolux LSP11 Perfect Care 11kg<\/li>\n\n\n\n<li>Midea Master Clean Smart 11kg MFM01D110WB\/TKBR<\/li>\n\n\n\n<li>Philco 11kg PLS11A Eco Invertplus<\/li>\n\n\n\n<li>Samsung WD11M 11 kg<\/li>\n\n\n\n<li>TCL 11kg C311WD<\/li>\n<\/ul>\n\n\n\n<p>Esses modelos variam em pre\u00e7o e funcionalidades, oferecendo op\u00e7\u00f5es para diferentes necessidades e or\u00e7amentos.<\/p>\n\n\n\n<h2 class=\"wp-block-heading\"><strong>Por que consultar o manual de instru\u00e7\u00f5es \u00e9 importante?<\/strong><\/h2>\n\n\n\n<p>Consultar o manual de instru\u00e7\u00f5es da m\u00e1quina \u00e9 fundamental para entender os c\u00f3digos e mensagens exibidos no visor durante o ciclo de lavagem e secagem. Cada fabricante utiliza c\u00f3digos espec\u00edficos para indicar o status da m\u00e1quina, como o resfriamento em andamento. Seguir as orienta\u00e7\u00f5es do manual ajuda a operar a m\u00e1quina de forma segura e eficiente, evitando danos ao aparelho e riscos ao usu\u00e1rio.<\/p>\n","protected":false},"excerpt":{"rendered":"<p>Entenda o mecanismo de seguran\u00e7a das m\u00e1quinas lava e seca que trava a porta durante os ciclos e descubra como abri-la com seguran\u00e7a.<\/p>\n","protected":false},"author":3,"featured_media":30761,"comment_status":"open","ping_status":"open","sticky":false,"template":"","format":"standard","meta":{"jnews-multi-image_gallery":[],"jnews_single_post":{"format":"standard"},"jnews_primary_category":[],"jnews_social_meta":[],"jnews_override_counter":[],"footnotes":""},"categories":[112],"post_tag":[4082],"class_list":["post-30749","post","type-post","status-publish","format-standard","has-post-thumbnail","hentry","category-curiosidades","tag-maquina-de-lavar"],"yoast_head":"<!-- This site is optimized with the Yoast SEO plugin v24.6 - https:\/\/yoast.com\/wordpress\/plugins\/seo\/ -->\n<title>Esse \u00e9 o jeito certo de abrir a m\u00e1quina de lavar sem correr riscos<\/title>\n<meta name=\"description\" content=\"Entenda o mecanismo de seguran\u00e7a das m\u00e1quinas lava e seca que trava a porta durante os ciclos e descubra como abri-la com seguran\u00e7a.\" \/>\n<meta name=\"robots\" content=\"index, follow, max-snippet:-1, max-image-preview:large, max-video-preview:-1\" \/>\n<link rel=\"canonical\" href=\"https:\/\/www.correiobraziliense.com.br\/cbradar\/esse-e-o-jeito-certo-de-abrir-a-maquina-de-lavar-sem-correr-riscos\/\" \/>\n<meta property=\"og:locale\" content=\"pt_BR\" \/>\n<meta property=\"og:type\" content=\"article\" \/>\n<meta property=\"og:title\" content=\"Esse \u00e9 o jeito certo de abrir a m\u00e1quina de lavar sem correr riscos\" \/>\n<meta property=\"og:description\" content=\"Entenda o mecanismo de seguran\u00e7a das m\u00e1quinas lava e seca que trava a porta durante os ciclos e descubra como abri-la com seguran\u00e7a.\" \/>\n<meta property=\"og:url\" content=\"https:\/\/www.correiobraziliense.com.br\/cbradar\/esse-e-o-jeito-certo-de-abrir-a-maquina-de-lavar-sem-correr-riscos\/\" \/>\n<meta property=\"og:site_name\" content=\"Correio Braziliense - Radar\" \/>\n<meta property=\"article:published_time\" content=\"2025-05-02T22:10:00+00:00\" \/>\n<meta property=\"og:image\" content=\"https:\/\/www.correiobraziliense.com.br\/cbradar\/wp-content\/uploads\/2025\/05\/Lava-e-Seca_1746120354142.jpg\" \/>\n\t<meta property=\"og:image:width\" content=\"1280\" \/>\n\t<meta property=\"og:image:height\" content=\"720\" \/>\n\t<meta property=\"og:image:type\" content=\"image\/jpeg\" \/>\n<meta name=\"author\" content=\"Larissa Carvalho\" \/>\n<meta name=\"twitter:card\" content=\"summary_large_image\" \/>\n<meta name=\"twitter:label1\" content=\"Escrito por\" \/>\n\t<meta name=\"twitter:data1\" content=\"Larissa Carvalho\" \/>\n\t<meta name=\"twitter:label2\" content=\"Est. tempo de leitura\" \/>\n\t<meta name=\"twitter:data2\" content=\"4 minutos\" \/>\n<!-- \/ Yoast SEO plugin. -->","yoast_head_json":{"title":"Esse \u00e9 o jeito certo de abrir a m\u00e1quina de lavar sem correr riscos","description":"Entenda o mecanismo de seguran\u00e7a das m\u00e1quinas lava e seca que trava a porta durante os ciclos e descubra como abri-la com seguran\u00e7a.","robots":{"index":"index","follow":"follow","max-snippet":"max-snippet:-1","max-image-preview":"max-image-preview:large","max-video-preview":"max-video-preview:-1"},"canonical":"https:\/\/www.correiobraziliense.com.br\/cbradar\/esse-e-o-jeito-certo-de-abrir-a-maquina-de-lavar-sem-correr-riscos\/","og_locale":"pt_BR","og_type":"article","og_title":"Esse \u00e9 o jeito certo de abrir a m\u00e1quina de lavar sem correr riscos","og_description":"Entenda o mecanismo de seguran\u00e7a das m\u00e1quinas lava e seca que trava a porta durante os ciclos e descubra como abri-la com seguran\u00e7a.","og_url":"https:\/\/www.correiobraziliense.com.br\/cbradar\/esse-e-o-jeito-certo-de-abrir-a-maquina-de-lavar-sem-correr-riscos\/","og_site_name":"Correio Braziliense - Radar","article_published_time":"2025-05-02T22:10:00+00:00","og_image":[{"width":1280,"height":720,"url":"https:\/\/www.correiobraziliense.com.br\/cbradar\/wp-content\/uploads\/2025\/05\/Lava-e-Seca_1746120354142.jpg","type":"image\/jpeg"}],"author":"Larissa Carvalho","twitter_card":"summary_large_image","twitter_misc":{"Escrito por":"Larissa Carvalho","Est. tempo de leitura":"4 minutos"},"schema":{"@context":"https:\/\/schema.org","@graph":[{"@type":"WebPage","@id":"https:\/\/www.correiobraziliense.com.br\/cbradar\/esse-e-o-jeito-certo-de-abrir-a-maquina-de-lavar-sem-correr-riscos\/","url":"https:\/\/www.correiobraziliense.com.br\/cbradar\/esse-e-o-jeito-certo-de-abrir-a-maquina-de-lavar-sem-correr-riscos\/","name":"Esse \u00e9 o jeito certo de abrir a m\u00e1quina de lavar sem correr riscos","isPartOf":{"@id":"https:\/\/www.correiobraziliense.com.br\/cbradar\/#website"},"primaryImageOfPage":{"@id":"https:\/\/www.correiobraziliense.com.br\/cbradar\/esse-e-o-jeito-certo-de-abrir-a-maquina-de-lavar-sem-correr-riscos\/#primaryimage"},"image":{"@id":"https:\/\/www.correiobraziliense.com.br\/cbradar\/esse-e-o-jeito-certo-de-abrir-a-maquina-de-lavar-sem-correr-riscos\/#primaryimage"},"thumbnailUrl":"https:\/\/www.correiobraziliense.com.br\/cbradar\/wp-content\/uploads\/2025\/05\/Lava-e-Seca_1746120354142.jpg","datePublished":"2025-05-02T22:10:00+00:00","author":{"@id":"https:\/\/www.correiobraziliense.com.br\/cbradar\/#\/schema\/person\/58422787644df994b53a19d3e56c1513"},"description":"Entenda o mecanismo de seguran\u00e7a das m\u00e1quinas lava e seca que trava a porta durante os ciclos e descubra como abri-la com seguran\u00e7a.","breadcrumb":{"@id":"https:\/\/www.correiobraziliense.com.br\/cbradar\/esse-e-o-jeito-certo-de-abrir-a-maquina-de-lavar-sem-correr-riscos\/#breadcrumb"},"inLanguage":"pt-BR","potentialAction":[{"@type":"ReadAction","target":["https:\/\/www.correiobraziliense.com.br\/cbradar\/esse-e-o-jeito-certo-de-abrir-a-maquina-de-lavar-sem-correr-riscos\/"]}]},{"@type":"ImageObject","inLanguage":"pt-BR","@id":"https:\/\/www.correiobraziliense.com.br\/cbradar\/esse-e-o-jeito-certo-de-abrir-a-maquina-de-lavar-sem-correr-riscos\/#primaryimage","url":"https:\/\/www.correiobraziliense.com.br\/cbradar\/wp-content\/uploads\/2025\/05\/Lava-e-Seca_1746120354142.jpg","contentUrl":"https:\/\/www.correiobraziliense.com.br\/cbradar\/wp-content\/uploads\/2025\/05\/Lava-e-Seca_1746120354142.jpg","width":1280,"height":720,"caption":"Lava e Seca.Cr\u00e9ditos: depositphotos.com \/ ChiccoDodiFC"},{"@type":"BreadcrumbList","@id":"https:\/\/www.correiobraziliense.com.br\/cbradar\/esse-e-o-jeito-certo-de-abrir-a-maquina-de-lavar-sem-correr-riscos\/#breadcrumb","itemListElement":[{"@type":"ListItem","position":1,"name":"In\u00edcio","item":"https:\/\/www.correiobraziliense.com.br\/cbradar\/"},{"@type":"ListItem","position":2,"name":"Esse \u00e9 o jeito certo de abrir a m\u00e1quina de lavar sem correr riscos"}]},{"@type":"WebSite","@id":"https:\/\/www.correiobraziliense.com.br\/cbradar\/#website","url":"https:\/\/www.correiobraziliense.com.br\/cbradar\/","name":"Correio Braziliense - Radar","description":"Acompanhe as \u00faltimas not\u00edcias e fique bem informado sobre tudo o que acontece no Brasil e no mundo.","potentialAction":[{"@type":"SearchAction","target":{"@type":"EntryPoint","urlTemplate":"https:\/\/www.correiobraziliense.com.br\/cbradar\/?s={search_term_string}"},"query-input":{"@type":"PropertyValueSpecification","valueRequired":true,"valueName":"search_term_string"}}],"inLanguage":"pt-BR"},{"@type":"Person","@id":"https:\/\/www.correiobraziliense.com.br\/cbradar\/#\/schema\/person\/58422787644df994b53a19d3e56c1513","name":"Larissa Carvalho","image":{"@type":"ImageObject","inLanguage":"pt-BR","@id":"https:\/\/www.correiobraziliense.com.br\/cbradar\/#\/schema\/person\/image\/","url":"https:\/\/secure.gravatar.com\/avatar\/fe4f91a0de32b52a838d0d612abdc1aa?s=96&d=mm&r=g","contentUrl":"https:\/\/secure.gravatar.com\/avatar\/fe4f91a0de32b52a838d0d612abdc1aa?s=96&d=mm&r=g","caption":"Larissa Carvalho"},"url":"https:\/\/www.correiobraziliense.com.br\/cbradar\/author\/larissamyth\/"}]}},"_links":{"self":[{"href":"https:\/\/www.correiobraziliense.com.br\/cbradar\/wp-json\/wp\/v2\/posts\/30749","targetHints":{"allow":["GET"]}}],"collection":[{"href":"https:\/\/www.correiobraziliense.com.br\/cbradar\/wp-json\/wp\/v2\/posts"}],"about":[{"href":"https:\/\/www.correiobraziliense.com.br\/cbradar\/wp-json\/wp\/v2\/types\/post"}],"author":[{"embeddable":true,"href":"https:\/\/www.correiobraziliense.com.br\/cbradar\/wp-json\/wp\/v2\/users\/3"}],"replies":[{"embeddable":true,"href":"https:\/\/www.correiobraziliense.com.br\/cbradar\/wp-json\/wp\/v2\/comments?post=30749"}],"version-history":[{"count":2,"href":"https:\/\/www.correiobraziliense.com.br\/cbradar\/wp-json\/wp\/v2\/posts\/30749\/revisions"}],"predecessor-version":[{"id":31029,"href":"https:\/\/www.correiobraziliense.com.br\/cbradar\/wp-json\/wp\/v2\/posts\/30749\/revisions\/31029"}],"wp:featuredmedia":[{"embeddable":true,"href":"https:\/\/www.correiobraziliense.com.br\/cbradar\/wp-json\/wp\/v2\/media\/30761"}],"wp:attachment":[{"href":"https:\/\/www.correiobraziliense.com.br\/cbradar\/wp-json\/wp\/v2\/media?parent=30749"}],"wp:term":[{"taxonomy":"category","embeddable":true,"href":"https:\/\/www.correiobraziliense.com.br\/cbradar\/wp-json\/wp\/v2\/categories?post=30749"},{"taxonomy":"post_tag","embeddable":true,"href":"https:\/\/www.correiobraziliense.com.br\/cbradar\/wp-json\/wp\/v2\/post_tag?post=30749"}],"curies":[{"name":"wp","href":"https:\/\/api.w.org\/{rel}","templated":true}]}}