{"id":30753,"date":"2025-05-02T07:23:00","date_gmt":"2025-05-02T10:23:00","guid":{"rendered":"https:\/\/www.correiobraziliense.com.br\/cbradar\/?p=30753"},"modified":"2025-05-01T22:45:02","modified_gmt":"2025-05-02T01:45:02","slug":"a-comedia-perfeita-para-maratonar-e-rir-com-toda-a-familia","status":"publish","type":"post","link":"https:\/\/www.correiobraziliense.com.br\/cbradar\/a-comedia-perfeita-para-maratonar-e-rir-com-toda-a-familia\/","title":{"rendered":"A com\u00e9dia perfeita para maratonar e rir com toda a fam\u00edlia"},"content":{"rendered":"\n<p><strong>Modern Family<\/strong> \u00e9 uma sitcom norte-americana que redefiniu o conceito de com\u00e9dia familiar ao apresentar, com leveza e intelig\u00eancia, os desafios e alegrias de uma fam\u00edlia moderna e diversa. Criada por <strong>Christopher Lloyd<\/strong> e <strong>Steven Levitan<\/strong>, a s\u00e9rie estreou em <strong>2009<\/strong> e conquistou p\u00fablicos do mundo todo com seu formato de falso document\u00e1rio e personagens carism\u00e1ticos.<\/p>\n\n\n\n<p>Ao longo de suas 11 temporadas, <em>Modern Family<\/em> equilibrou com maestria humor, cr\u00edtica social e emo\u00e7\u00e3o, tornando-se uma das s\u00e9ries mais premiadas da televis\u00e3o, incluindo cinco pr\u00eamios Emmy consecutivos de Melhor S\u00e9rie de Com\u00e9dia.<\/p>\n\n\n\n<h2 class=\"wp-block-heading\">Qual a hist\u00f3ria de Modern Family?<\/h2>\n\n\n\n<p>A s\u00e9rie acompanha tr\u00eas n\u00facleos familiares interligados:<\/p>\n\n\n\n<ul class=\"wp-block-list\">\n<li><strong>Jay Pritchett<\/strong>, um empres\u00e1rio mais velho casado com a colombiana <strong>Gloria<\/strong>, que tem um filho pr\u00e9-adolescente, <strong>Manny<\/strong>;<\/li>\n\n\n\n<li><strong>Claire<\/strong>, filha de Jay, casada com o atrapalhado <strong>Phil Dunphy<\/strong>, com quem tem tr\u00eas filhos: <strong>Haley<\/strong>, <strong>Alex<\/strong> e <strong>Luke<\/strong>;<\/li>\n\n\n\n<li><strong>Mitchell<\/strong>, tamb\u00e9m filho de Jay, vive com seu marido <strong>Cameron<\/strong> e a filha adotiva do casal, <strong>Lily<\/strong>.<\/li>\n<\/ul>\n\n\n\n<p>Juntos, esses personagens formam uma grande fam\u00edlia que lida com conflitos cotidianos, situa\u00e7\u00f5es inusitadas, choques culturais e desafios parentais \u2014 sempre com muito humor e cora\u00e7\u00e3o.<\/p>\n\n\n\n<figure class=\"wp-block-image size-large\"><img decoding=\"async\" width=\"1024\" height=\"576\" src=\"https:\/\/www.correiobraziliense.com.br\/cbradar\/wp-content\/uploads\/2025\/05\/Modern-Family-1024x576.png\" alt=\"A com\u00e9dia perfeita para maratonar e rir com toda a fam\u00edlia\" class=\"wp-image-30765\" srcset=\"https:\/\/www.correiobraziliense.com.br\/cbradar\/wp-content\/uploads\/2025\/05\/Modern-Family-1024x576.png 1024w, https:\/\/www.correiobraziliense.com.br\/cbradar\/wp-content\/uploads\/2025\/05\/Modern-Family-300x169.png 300w, https:\/\/www.correiobraziliense.com.br\/cbradar\/wp-content\/uploads\/2025\/05\/Modern-Family-768x432.png 768w, https:\/\/www.correiobraziliense.com.br\/cbradar\/wp-content\/uploads\/2025\/05\/Modern-Family-750x422.png 750w, https:\/\/www.correiobraziliense.com.br\/cbradar\/wp-content\/uploads\/2025\/05\/Modern-Family-1140x641.png 1140w, https:\/\/www.correiobraziliense.com.br\/cbradar\/wp-content\/uploads\/2025\/05\/Modern-Family.png 1280w\" sizes=\"(max-width: 1024px) 100vw, 1024px\" \/><figcaption class=\"wp-element-caption\">Modern Family. Fonte: divulga\u00e7\u00e3o \/ 20th Television<\/figcaption><\/figure>\n\n\n\n<h2 class=\"wp-block-heading\">Quais temas Modern Family aborda?<\/h2>\n\n\n\n<p>Apesar de ser uma com\u00e9dia, <em>Modern Family<\/em> \u00e9 uma s\u00e9rie rica em reflex\u00f5es sobre temas atuais e relevantes, como:<\/p>\n\n\n\n<ul class=\"wp-block-list\">\n<li>Diversidade familiar e inclus\u00e3o LGBTQIA+;<\/li>\n\n\n\n<li>Rela\u00e7\u00f5es entre pais e filhos em diferentes fases da vida;<\/li>\n\n\n\n<li>Choque de gera\u00e7\u00f5es e conflitos culturais;<\/li>\n\n\n\n<li>Equil\u00edbrio entre carreira, maternidade e casamento;<\/li>\n\n\n\n<li>Autoaceita\u00e7\u00e3o, amadurecimento e toler\u00e2ncia.<\/li>\n<\/ul>\n\n\n\n<p>Tudo isso \u00e9 apresentado com leveza e afeto, permitindo que o p\u00fablico se identifique e se emocione com as hist\u00f3rias.<\/p>\n\n\n\n<h2 class=\"wp-block-heading\">Vale a pena assistir Modern Family?<\/h2>\n\n\n\n<p>Sim \u2014 e muito. <em>Modern Family<\/em> \u00e9 uma daquelas s\u00e9ries perfeitas para qualquer momento: leve, engra\u00e7ada e cheia de epis\u00f3dios que aquecem o cora\u00e7\u00e3o.<\/p>\n\n\n\n<p>O elenco afiado, o timing c\u00f4mico impec\u00e1vel e a abordagem humana dos temas tornam a s\u00e9rie envolvente do in\u00edcio ao fim. \u00c9 ideal para maratonar, assistir em fam\u00edlia ou simplesmente rir depois de um dia dif\u00edcil.<\/p>\n\n\n\n<p>Al\u00e9m disso, \u00e9 uma \u00f3tima op\u00e7\u00e3o para quem gosta de com\u00e9dias que combinam humor com desenvolvimento de personagens ao longo do tempo.<\/p>\n\n\n\n<iframe loading=\"lazy\" width=\"560\" height=\"315\" src=\"https:\/\/www.youtube.com\/embed\/Ub_lfN2VMIo?si=dupN1hFk9o8rr03p\" title=\"YouTube video player\" frameborder=\"0\" allow=\"accelerometer; autoplay; clipboard-write; encrypted-media; gyroscope; picture-in-picture; web-share\" referrerpolicy=\"strict-origin-when-cross-origin\" allowfullscreen><\/iframe>\n\n\n\n<h2 class=\"wp-block-heading\">O que diferencia Modern Family de outras s\u00e9ries de com\u00e9dia?<\/h2>\n\n\n\n<p>O principal diferencial est\u00e1 no formato de falso document\u00e1rio, que aproxima os personagens do p\u00fablico por meio de olhares diretos para a c\u00e2mera e confiss\u00f5es \u00edntimas, criando uma sensa\u00e7\u00e3o de cumplicidade.<\/p>\n\n\n\n<p>Outro ponto forte \u00e9 a diversidade do elenco e a representatividade sem estere\u00f3tipos. <em>Modern Family<\/em> mostra que cada fam\u00edlia \u00e9 \u00fanica \u2014 e isso \u00e9 algo para se celebrar.<\/p>\n\n\n\n<p>A longevidade da s\u00e9rie tamb\u00e9m \u00e9 prova de sua qualidade: ela conseguiu se manter relevante e divertida por mais de uma d\u00e9cada, algo raro no g\u00eanero.<\/p>\n\n\n\n<h2 class=\"wp-block-heading\">FAQ &#8211; Perguntas Frequentes<\/h2>\n\n\n\n<ul class=\"wp-block-list\">\n<li><strong>Onde assistir?<\/strong><br><em>Modern Family<\/em> est\u00e1 dispon\u00edvel nas plataformas <strong>Star+<\/strong>, <strong>Globoplay<\/strong> e <strong>Amazon Prime Video<\/strong> (varia por regi\u00e3o).<\/li>\n\n\n\n<li><strong>Quem est\u00e1 no elenco?<\/strong>\n<ul class=\"wp-block-list\">\n<li><strong>Ed O&#8217;Neill<\/strong> como Jay Pritchett<\/li>\n\n\n\n<li><strong>Sof\u00eda Vergara<\/strong> como Gloria<\/li>\n\n\n\n<li><strong>Julie Bowen<\/strong> como Claire Dunphy<\/li>\n\n\n\n<li><strong>Ty Burrell<\/strong> como Phil Dunphy<\/li>\n\n\n\n<li><strong>Jesse Tyler Ferguson<\/strong> como Mitchell<\/li>\n\n\n\n<li><strong>Eric Stonestreet<\/strong> como Cameron<\/li>\n\n\n\n<li><strong>Sarah Hyland<\/strong>, <strong>Ariel Winter<\/strong>, <strong>Rico Rodriguez<\/strong>, <strong>Nolan Gould<\/strong>, entre outros.<\/li>\n<\/ul>\n<\/li>\n\n\n\n<li><strong>Quantas temporadas tem?<\/strong><br>A s\u00e9rie tem <strong>11 temporadas<\/strong>, com um total de 250 epis\u00f3dios.<\/li>\n\n\n\n<li><strong>J\u00e1 acabou?<\/strong><br>Sim. <em>Modern Family<\/em> foi encerrada em <strong>2020<\/strong>, com um epis\u00f3dio final emocionante e celebrativo.<\/li>\n\n\n\n<li><strong>Qual o ano de lan\u00e7amento?<\/strong><br>A s\u00e9rie estreou em <strong>2009<\/strong>.<\/li>\n\n\n\n<li><strong>Quem produziu a s\u00e9rie?<\/strong><br>Produzida pela <strong>20th Television<\/strong>, com cria\u00e7\u00e3o de <strong>Christopher Lloyd<\/strong> e <strong>Steven Levitan<\/strong>.<\/li>\n<\/ul>\n","protected":false},"excerpt":{"rendered":"<p>Modern Family \u00e9 uma com\u00e9dia inteligente e emocionante que retrata, com humor e afeto, os desafios e alegrias de uma fam\u00edlia moderna.<\/p>\n","protected":false},"author":3,"featured_media":30763,"comment_status":"open","ping_status":"open","sticky":false,"template":"","format":"standard","meta":{"_yoast_wpseo_focuskw":"Modern Family","_yoast_wpseo_title":"%%title%%","_yoast_wpseo_metadesc":"Modern Family \u00e9 uma com\u00e9dia inteligente e emocionante que retrata, com humor e afeto, os desafios e alegrias de uma fam\u00edlia moderna.","jnews-multi-image_gallery":[],"jnews_single_post":{"format":"standard"},"jnews_primary_category":[],"jnews_social_meta":[],"jnews_override_counter":[],"footnotes":""},"categories":[140],"post_tag":[568],"class_list":["post-30753","post","type-post","status-publish","format-standard","has-post-thumbnail","hentry","category-entretenimento","tag-series-e-filmes"],"yoast_head":"<!-- This site is optimized with the Yoast SEO plugin v24.6 - https:\/\/yoast.com\/wordpress\/plugins\/seo\/ -->\n<title>A com\u00e9dia perfeita para maratonar e rir com toda a fam\u00edlia<\/title>\n<meta name=\"description\" content=\"Modern Family \u00e9 uma com\u00e9dia inteligente e emocionante que retrata, com humor e afeto, os desafios e alegrias de uma fam\u00edlia moderna.\" \/>\n<meta name=\"robots\" content=\"index, follow, max-snippet:-1, max-image-preview:large, max-video-preview:-1\" \/>\n<link rel=\"canonical\" href=\"https:\/\/www.correiobraziliense.com.br\/cbradar\/a-comedia-perfeita-para-maratonar-e-rir-com-toda-a-familia\/\" \/>\n<meta property=\"og:locale\" content=\"pt_BR\" \/>\n<meta property=\"og:type\" content=\"article\" \/>\n<meta property=\"og:title\" content=\"A com\u00e9dia perfeita para maratonar e rir com toda a fam\u00edlia\" \/>\n<meta property=\"og:description\" content=\"Modern Family \u00e9 uma com\u00e9dia inteligente e emocionante que retrata, com humor e afeto, os desafios e alegrias de uma fam\u00edlia moderna.\" \/>\n<meta property=\"og:url\" content=\"https:\/\/www.correiobraziliense.com.br\/cbradar\/a-comedia-perfeita-para-maratonar-e-rir-com-toda-a-familia\/\" \/>\n<meta property=\"og:site_name\" content=\"Correio Braziliense - Radar\" \/>\n<meta property=\"article:published_time\" content=\"2025-05-02T10:23:00+00:00\" \/>\n<meta property=\"og:image\" content=\"https:\/\/www.correiobraziliense.com.br\/cbradar\/wp-content\/uploads\/2025\/05\/Modern-Family-2.png\" \/>\n\t<meta property=\"og:image:width\" content=\"1280\" \/>\n\t<meta property=\"og:image:height\" content=\"720\" \/>\n\t<meta property=\"og:image:type\" content=\"image\/png\" \/>\n<meta name=\"author\" content=\"Larissa Carvalho\" \/>\n<meta name=\"twitter:card\" content=\"summary_large_image\" \/>\n<meta name=\"twitter:label1\" content=\"Escrito por\" \/>\n\t<meta name=\"twitter:data1\" content=\"Larissa Carvalho\" \/>\n\t<meta name=\"twitter:label2\" content=\"Est. tempo de leitura\" \/>\n\t<meta name=\"twitter:data2\" content=\"4 minutos\" \/>\n<!-- \/ Yoast SEO plugin. -->","yoast_head_json":{"title":"A com\u00e9dia perfeita para maratonar e rir com toda a fam\u00edlia","description":"Modern Family \u00e9 uma com\u00e9dia inteligente e emocionante que retrata, com humor e afeto, os desafios e alegrias de uma fam\u00edlia moderna.","robots":{"index":"index","follow":"follow","max-snippet":"max-snippet:-1","max-image-preview":"max-image-preview:large","max-video-preview":"max-video-preview:-1"},"canonical":"https:\/\/www.correiobraziliense.com.br\/cbradar\/a-comedia-perfeita-para-maratonar-e-rir-com-toda-a-familia\/","og_locale":"pt_BR","og_type":"article","og_title":"A com\u00e9dia perfeita para maratonar e rir com toda a fam\u00edlia","og_description":"Modern Family \u00e9 uma com\u00e9dia inteligente e emocionante que retrata, com humor e afeto, os desafios e alegrias de uma fam\u00edlia moderna.","og_url":"https:\/\/www.correiobraziliense.com.br\/cbradar\/a-comedia-perfeita-para-maratonar-e-rir-com-toda-a-familia\/","og_site_name":"Correio Braziliense - Radar","article_published_time":"2025-05-02T10:23:00+00:00","og_image":[{"width":1280,"height":720,"url":"https:\/\/www.correiobraziliense.com.br\/cbradar\/wp-content\/uploads\/2025\/05\/Modern-Family-2.png","type":"image\/png"}],"author":"Larissa Carvalho","twitter_card":"summary_large_image","twitter_misc":{"Escrito por":"Larissa Carvalho","Est. tempo de leitura":"4 minutos"},"schema":{"@context":"https:\/\/schema.org","@graph":[{"@type":"WebPage","@id":"https:\/\/www.correiobraziliense.com.br\/cbradar\/a-comedia-perfeita-para-maratonar-e-rir-com-toda-a-familia\/","url":"https:\/\/www.correiobraziliense.com.br\/cbradar\/a-comedia-perfeita-para-maratonar-e-rir-com-toda-a-familia\/","name":"A com\u00e9dia perfeita para maratonar e rir com toda a fam\u00edlia","isPartOf":{"@id":"https:\/\/www.correiobraziliense.com.br\/cbradar\/#website"},"primaryImageOfPage":{"@id":"https:\/\/www.correiobraziliense.com.br\/cbradar\/a-comedia-perfeita-para-maratonar-e-rir-com-toda-a-familia\/#primaryimage"},"image":{"@id":"https:\/\/www.correiobraziliense.com.br\/cbradar\/a-comedia-perfeita-para-maratonar-e-rir-com-toda-a-familia\/#primaryimage"},"thumbnailUrl":"https:\/\/www.correiobraziliense.com.br\/cbradar\/wp-content\/uploads\/2025\/05\/Modern-Family-2.png","datePublished":"2025-05-02T10:23:00+00:00","author":{"@id":"https:\/\/www.correiobraziliense.com.br\/cbradar\/#\/schema\/person\/58422787644df994b53a19d3e56c1513"},"description":"Modern Family \u00e9 uma com\u00e9dia inteligente e emocionante que retrata, com humor e afeto, os desafios e alegrias de uma fam\u00edlia moderna.","breadcrumb":{"@id":"https:\/\/www.correiobraziliense.com.br\/cbradar\/a-comedia-perfeita-para-maratonar-e-rir-com-toda-a-familia\/#breadcrumb"},"inLanguage":"pt-BR","potentialAction":[{"@type":"ReadAction","target":["https:\/\/www.correiobraziliense.com.br\/cbradar\/a-comedia-perfeita-para-maratonar-e-rir-com-toda-a-familia\/"]}]},{"@type":"ImageObject","inLanguage":"pt-BR","@id":"https:\/\/www.correiobraziliense.com.br\/cbradar\/a-comedia-perfeita-para-maratonar-e-rir-com-toda-a-familia\/#primaryimage","url":"https:\/\/www.correiobraziliense.com.br\/cbradar\/wp-content\/uploads\/2025\/05\/Modern-Family-2.png","contentUrl":"https:\/\/www.correiobraziliense.com.br\/cbradar\/wp-content\/uploads\/2025\/05\/Modern-Family-2.png","width":1280,"height":720,"caption":"Modern Family. Fonte: divulga\u00e7\u00e3o \/ 20th Television"},{"@type":"BreadcrumbList","@id":"https:\/\/www.correiobraziliense.com.br\/cbradar\/a-comedia-perfeita-para-maratonar-e-rir-com-toda-a-familia\/#breadcrumb","itemListElement":[{"@type":"ListItem","position":1,"name":"In\u00edcio","item":"https:\/\/www.correiobraziliense.com.br\/cbradar\/"},{"@type":"ListItem","position":2,"name":"A com\u00e9dia perfeita para maratonar e rir com toda a fam\u00edlia"}]},{"@type":"WebSite","@id":"https:\/\/www.correiobraziliense.com.br\/cbradar\/#website","url":"https:\/\/www.correiobraziliense.com.br\/cbradar\/","name":"Correio Braziliense - Radar","description":"Acompanhe as \u00faltimas not\u00edcias e fique bem informado sobre tudo o que acontece no Brasil e no mundo.","potentialAction":[{"@type":"SearchAction","target":{"@type":"EntryPoint","urlTemplate":"https:\/\/www.correiobraziliense.com.br\/cbradar\/?s={search_term_string}"},"query-input":{"@type":"PropertyValueSpecification","valueRequired":true,"valueName":"search_term_string"}}],"inLanguage":"pt-BR"},{"@type":"Person","@id":"https:\/\/www.correiobraziliense.com.br\/cbradar\/#\/schema\/person\/58422787644df994b53a19d3e56c1513","name":"Larissa Carvalho","image":{"@type":"ImageObject","inLanguage":"pt-BR","@id":"https:\/\/www.correiobraziliense.com.br\/cbradar\/#\/schema\/person\/image\/","url":"https:\/\/secure.gravatar.com\/avatar\/fe4f91a0de32b52a838d0d612abdc1aa?s=96&d=mm&r=g","contentUrl":"https:\/\/secure.gravatar.com\/avatar\/fe4f91a0de32b52a838d0d612abdc1aa?s=96&d=mm&r=g","caption":"Larissa Carvalho"},"url":"https:\/\/www.correiobraziliense.com.br\/cbradar\/author\/larissamyth\/"}]}},"_links":{"self":[{"href":"https:\/\/www.correiobraziliense.com.br\/cbradar\/wp-json\/wp\/v2\/posts\/30753","targetHints":{"allow":["GET"]}}],"collection":[{"href":"https:\/\/www.correiobraziliense.com.br\/cbradar\/wp-json\/wp\/v2\/posts"}],"about":[{"href":"https:\/\/www.correiobraziliense.com.br\/cbradar\/wp-json\/wp\/v2\/types\/post"}],"author":[{"embeddable":true,"href":"https:\/\/www.correiobraziliense.com.br\/cbradar\/wp-json\/wp\/v2\/users\/3"}],"replies":[{"embeddable":true,"href":"https:\/\/www.correiobraziliense.com.br\/cbradar\/wp-json\/wp\/v2\/comments?post=30753"}],"version-history":[{"count":1,"href":"https:\/\/www.correiobraziliense.com.br\/cbradar\/wp-json\/wp\/v2\/posts\/30753\/revisions"}],"predecessor-version":[{"id":30768,"href":"https:\/\/www.correiobraziliense.com.br\/cbradar\/wp-json\/wp\/v2\/posts\/30753\/revisions\/30768"}],"wp:featuredmedia":[{"embeddable":true,"href":"https:\/\/www.correiobraziliense.com.br\/cbradar\/wp-json\/wp\/v2\/media\/30763"}],"wp:attachment":[{"href":"https:\/\/www.correiobraziliense.com.br\/cbradar\/wp-json\/wp\/v2\/media?parent=30753"}],"wp:term":[{"taxonomy":"category","embeddable":true,"href":"https:\/\/www.correiobraziliense.com.br\/cbradar\/wp-json\/wp\/v2\/categories?post=30753"},{"taxonomy":"post_tag","embeddable":true,"href":"https:\/\/www.correiobraziliense.com.br\/cbradar\/wp-json\/wp\/v2\/post_tag?post=30753"}],"curies":[{"name":"wp","href":"https:\/\/api.w.org\/{rel}","templated":true}]}}