{"id":30762,"date":"2025-05-02T09:10:00","date_gmt":"2025-05-02T12:10:00","guid":{"rendered":"https:\/\/www.correiobraziliense.com.br\/cbradar\/?p=30762"},"modified":"2025-05-01T16:08:09","modified_gmt":"2025-05-01T19:08:09","slug":"solucoes-naturais-para-eliminar-pragas-comuns-do-seu-jardim","status":"publish","type":"post","link":"https:\/\/www.correiobraziliense.com.br\/cbradar\/solucoes-naturais-para-eliminar-pragas-comuns-do-seu-jardim\/","title":{"rendered":"Solu\u00e7\u00f5es naturais para eliminar pragas comuns do seu jardim"},"content":{"rendered":"\n<p><strong>Pragas <\/strong>s\u00e3o uma das maiores preocupa\u00e7\u00f5es para quem cultiva <a href=\"https:\/\/www.correiobraziliense.com.br\/cbradar\/aprenda-a-fazer-uma-horta-rica-em-ferro-passo-a-passo\/\" target=\"_blank\" rel=\"noreferrer noopener\">hortas <\/a>e <strong>jardins<\/strong>. Insetos como pulg\u00f5es, cochonilhas, lagartas e formigas podem comprometer o desenvolvimento das plantas e reduzir a produ\u00e7\u00e3o de frutos e hortali\u00e7as. Felizmente, \u00e9 poss\u00edvel combater essas amea\u00e7as de maneira eficaz e ecol\u00f3gica, sem o uso de venenos qu\u00edmicos. Conhecer as pragas mais comuns e adotar pr\u00e1ticas naturais de controle \u00e9 essencial para manter um cultivo saud\u00e1vel, seguro e sustent\u00e1vel.<\/p>\n\n\n\n<h2 class=\"wp-block-heading\">Quais s\u00e3o as pragas mais comuns em hortas e jardins?<\/h2>\n\n\n\n<p>Algumas das pragas mais frequentes que atacam plantas dom\u00e9sticas s\u00e3o:<\/p>\n\n\n\n<ul class=\"wp-block-list\">\n<li><strong>Pulg\u00f5es<\/strong>: pequenos insetos verdes, pretos ou brancos que sugam a seiva das plantas, causando folhas enroladas e crescimento atrofiado.<\/li>\n\n\n\n<li><strong>Cochonilhas<\/strong>: parecem pequenas bolinhas brancas ou marrons e se fixam nas folhas e caules, excretando uma subst\u00e2ncia pegajosa.<\/li>\n\n\n\n<li><strong>Lagartas<\/strong>: alimentam-se das folhas, deixando buracos ou consumindo grandes \u00e1reas em pouco tempo.<\/li>\n\n\n\n<li><strong>Formigas<\/strong>: protegem pulg\u00f5es em troca da secre\u00e7\u00e3o adocicada e podem danificar ra\u00edzes.<\/li>\n\n\n\n<li><strong>Mosca-branca<\/strong>: insetos min\u00fasculos que voam em nuvens ao menor toque nas folhas, causando amarelamento e enfraquecimento das plantas.<\/li>\n<\/ul>\n\n\n\n<h2 class=\"wp-block-heading\">Como identificar os sinais de infesta\u00e7\u00e3o?<\/h2>\n\n\n\n<p>Observar as plantas com aten\u00e7\u00e3o \u00e9 fundamental. Alguns sinais claros incluem:<\/p>\n\n\n\n<ul class=\"wp-block-list\">\n<li>Folhas enroladas, manchadas ou amareladas.<\/li>\n\n\n\n<li>Presen\u00e7a de insetos vis\u00edveis na parte inferior das folhas.<\/li>\n\n\n\n<li>Subst\u00e2ncia pegajosa (honeydew) ou apar\u00eancia de mofo preto.<\/li>\n\n\n\n<li>Buracos nas folhas ou brotos.<\/li>\n\n\n\n<li>Redu\u00e7\u00e3o no crescimento da planta.<\/li>\n<\/ul>\n\n\n\n<p>Inspe\u00e7\u00f5es frequentes ajudam a detectar os problemas logo no in\u00edcio, facilitando o controle sem necessidade de produtos t\u00f3xicos.<\/p>\n\n\n<div class=\"wp-block-image\">\n<figure class=\"aligncenter size-large\"><img decoding=\"async\" width=\"1024\" height=\"576\" src=\"https:\/\/www.correiobraziliense.com.br\/cbradar\/wp-content\/uploads\/2025\/02\/Cochonilhas-jardim_1740512140720-1024x576.jpg\" alt=\"Solu\u00e7\u00f5es naturais para eliminar pragas comuns do seu jardim\" class=\"wp-image-6207\" srcset=\"https:\/\/www.correiobraziliense.com.br\/cbradar\/wp-content\/uploads\/2025\/02\/Cochonilhas-jardim_1740512140720-1024x576.jpg 1024w, https:\/\/www.correiobraziliense.com.br\/cbradar\/wp-content\/uploads\/2025\/02\/Cochonilhas-jardim_1740512140720-300x169.jpg 300w, https:\/\/www.correiobraziliense.com.br\/cbradar\/wp-content\/uploads\/2025\/02\/Cochonilhas-jardim_1740512140720-768x432.jpg 768w, https:\/\/www.correiobraziliense.com.br\/cbradar\/wp-content\/uploads\/2025\/02\/Cochonilhas-jardim_1740512140720-750x422.jpg 750w, https:\/\/www.correiobraziliense.com.br\/cbradar\/wp-content\/uploads\/2025\/02\/Cochonilhas-jardim_1740512140720-1140x641.jpg 1140w, https:\/\/www.correiobraziliense.com.br\/cbradar\/wp-content\/uploads\/2025\/02\/Cochonilhas-jardim_1740512140720.jpg 1280w\" sizes=\"(max-width: 1024px) 100vw, 1024px\" \/><figcaption class=\"wp-element-caption\">Pragas &#8211; Cr\u00e9ditos: depositphotos.com \/ utkarsh07<\/figcaption><\/figure><\/div>\n\n\n<h2 class=\"wp-block-heading\">Quais s\u00e3o os m\u00e9todos naturais para combater pragas?<\/h2>\n\n\n\n<p>H\u00e1 diversas solu\u00e7\u00f5es naturais e caseiras para o controle de pragas, entre elas:<\/p>\n\n\n\n<ul class=\"wp-block-list\">\n<li><strong>Calda de sab\u00e3o de coco<\/strong>: dilua 1 colher de sopa de sab\u00e3o em 1 litro de \u00e1gua e borrife sobre as plantas. Eficaz contra pulg\u00f5es, cochonilhas e mosca-branca.<\/li>\n\n\n\n<li><strong>\u00d3leo de neem<\/strong>: inseticida natural extra\u00eddo de \u00e1rvore indiana. Atua por contato e ingest\u00e3o, afetando diversas pragas.<\/li>\n\n\n\n<li><strong>Alho com pimenta<\/strong>: triture dentes de alho com pimenta e deixe em infus\u00e3o por 24 horas. Coe e aplique nas plantas.<\/li>\n\n\n\n<li><strong>Ch\u00e1 de folhas de tomateiro<\/strong>: possui compostos t\u00f3xicos para pulg\u00f5es e lagartas.<\/li>\n\n\n\n<li><strong>Armadilhas adesivas amarelas<\/strong>: atraem moscas-brancas e fungos.<\/li>\n<\/ul>\n\n\n\n<h2 class=\"wp-block-heading\">Como prevenir infesta\u00e7\u00f5es sem usar venenos?<\/h2>\n\n\n\n<p>A preven\u00e7\u00e3o \u00e9 a chave para um cultivo saud\u00e1vel. Algumas pr\u00e1ticas importantes s\u00e3o:<\/p>\n\n\n\n<ul class=\"wp-block-list\">\n<li>Manter o solo f\u00e9rtil e equilibrado.<\/li>\n\n\n\n<li>Garantir boa circula\u00e7\u00e3o de ar entre as plantas.<\/li>\n\n\n\n<li>Evitar o excesso de umidade nas folhas.<\/li>\n\n\n\n<li>Intercalar culturas (rota\u00e7\u00e3o de plantas) para evitar pragas espec\u00edficas.<\/li>\n\n\n\n<li>Atrair inimigos naturais, como <strong>joaninhas<\/strong>, <strong>louva-a-deus<\/strong> e <strong>sapos<\/strong>.<\/li>\n\n\n\n<li>Usar plantas repelentes como <strong>manjeric\u00e3o<\/strong>, <strong>alecrim<\/strong> e <strong>citronela<\/strong> ao redor da horta.<\/li>\n<\/ul>\n\n\n\n<h2 class=\"wp-block-heading\">Plantas medicinais ajudam no controle de pragas?<\/h2>\n\n\n\n<p>Sim. Algumas plantas t\u00eam propriedades repelentes e podem ser aliadas no controle ecol\u00f3gico:<\/p>\n\n\n\n<ul class=\"wp-block-list\">\n<li><strong>Citronela<\/strong>: afasta mosquitos e algumas pragas.<\/li>\n\n\n\n<li><strong>Hortel\u00e3<\/strong>: repele formigas e pulg\u00f5es.<\/li>\n\n\n\n<li><strong>Arruda<\/strong>: atua contra moscas e pulg\u00f5es.<\/li>\n\n\n\n<li><strong>Alho<\/strong>: al\u00e9m de ser ingrediente de caldas, seu cheiro repele insetos.<\/li>\n<\/ul>\n\n\n\n<p>Intercalar essas plantas na horta ajuda a criar um ambiente desfavor\u00e1vel para pragas.<\/p>\n\n\n\n<h2 class=\"wp-block-heading\">Quando reaplicar os preparados naturais?<\/h2>\n\n\n\n<p>A maioria das caldas naturais deve ser reaplicada a cada 5 a 7 dias ou ap\u00f3s chuvas fortes. A const\u00e2ncia \u00e9 importante para manter a efic\u00e1cia e interromper o ciclo de vida das pragas.<\/p>\n\n\n\n<h2 class=\"wp-block-heading\">FAQ<\/h2>\n\n\n\n<p><strong>1. Os m\u00e9todos naturais funcionam mesmo?<\/strong><br>Sim, desde que usados corretamente e com frequ\u00eancia adequada.<\/p>\n\n\n\n<p><strong>2. Posso aplicar caldas naturais em qualquer planta?<\/strong><br>Sim, mas \u00e9 sempre bom testar em uma folha antes para evitar rea\u00e7\u00f5es.<\/p>\n\n\n\n<p><strong>3. O \u00f3leo de neem \u00e9 seguro para hortali\u00e7as?<\/strong><br>Sim, \u00e9 seguro e amplamente utilizado na agricultura org\u00e2nica.<\/p>\n\n\n\n<p><strong>4. Joaninhas realmente ajudam a controlar pragas?<\/strong><br>Sim, elas se alimentam de pulg\u00f5es e outros insetos pequenos.<\/p>\n\n\n\n<p><strong>5. Caldas naturais t\u00eam cheiro forte?<\/strong><br>Algumas sim, como as de alho e pimenta, mas o cheiro desaparece rapidamente.<\/p>\n","protected":false},"excerpt":{"rendered":"<p>Pragas s\u00e3o uma das maiores preocupa\u00e7\u00f5es para quem cultiva hortas e jardins. Insetos como pulg\u00f5es, cochonilhas, lagartas e formigas podem comprometer o desenvolvimento das plantas e reduzir a produ\u00e7\u00e3o de frutos e hortali\u00e7as. Felizmente, \u00e9 poss\u00edvel combater essas amea\u00e7as de maneira eficaz e ecol\u00f3gica, sem o uso de venenos qu\u00edmicos. Conhecer as pragas mais comuns [&hellip;]<\/p>\n","protected":false},"author":9,"featured_media":6206,"comment_status":"open","ping_status":"open","sticky":false,"template":"","format":"standard","meta":{"_yoast_wpseo_focuskw":"pragas","_yoast_wpseo_title":"%%title%% %%page%%","_yoast_wpseo_metadesc":"Aprenda a identificar e combater pragas na horta com solu\u00e7\u00f5es naturais, seguras e eficazes, sem uso de venenos ou agrot\u00f3xicos.","jnews-multi-image_gallery":[],"jnews_single_post":{"format":"standard"},"jnews_primary_category":[],"jnews_social_meta":[],"jnews_override_counter":[],"footnotes":""},"categories":[136],"post_tag":[1116,4062,4063,4061],"class_list":["post-30762","post","type-post","status-publish","format-standard","has-post-thumbnail","hentry","category-jardinagem","tag-controle-de-pragas","tag-defensivos-organicos","tag-horta-sem-veneno","tag-jardinagem-natural"],"yoast_head":"<!-- This site is optimized with the Yoast SEO plugin v24.6 - https:\/\/yoast.com\/wordpress\/plugins\/seo\/ -->\n<title>Solu\u00e7\u00f5es naturais para eliminar pragas comuns do seu jardim<\/title>\n<meta name=\"description\" content=\"Aprenda a identificar e combater pragas na horta com solu\u00e7\u00f5es naturais, seguras e eficazes, sem uso de venenos ou agrot\u00f3xicos.\" \/>\n<meta name=\"robots\" content=\"index, follow, max-snippet:-1, max-image-preview:large, max-video-preview:-1\" \/>\n<link rel=\"canonical\" href=\"https:\/\/www.correiobraziliense.com.br\/cbradar\/solucoes-naturais-para-eliminar-pragas-comuns-do-seu-jardim\/\" \/>\n<meta property=\"og:locale\" content=\"pt_BR\" \/>\n<meta property=\"og:type\" content=\"article\" \/>\n<meta property=\"og:title\" content=\"Solu\u00e7\u00f5es naturais para eliminar pragas comuns do seu jardim\" \/>\n<meta property=\"og:description\" content=\"Aprenda a identificar e combater pragas na horta com solu\u00e7\u00f5es naturais, seguras e eficazes, sem uso de venenos ou agrot\u00f3xicos.\" \/>\n<meta property=\"og:url\" content=\"https:\/\/www.correiobraziliense.com.br\/cbradar\/solucoes-naturais-para-eliminar-pragas-comuns-do-seu-jardim\/\" \/>\n<meta property=\"og:site_name\" content=\"Correio Braziliense - Radar\" \/>\n<meta property=\"article:published_time\" content=\"2025-05-02T12:10:00+00:00\" \/>\n<meta property=\"og:image\" content=\"https:\/\/www.correiobraziliense.com.br\/cbradar\/wp-content\/uploads\/2025\/02\/pragas-jardim_1740512096288.jpg\" \/>\n\t<meta property=\"og:image:width\" content=\"1280\" \/>\n\t<meta property=\"og:image:height\" content=\"720\" \/>\n\t<meta property=\"og:image:type\" content=\"image\/jpeg\" \/>\n<meta name=\"author\" content=\"Daniely Cardoso\" \/>\n<meta name=\"twitter:card\" content=\"summary_large_image\" \/>\n<meta name=\"twitter:label1\" content=\"Escrito por\" \/>\n\t<meta name=\"twitter:data1\" content=\"Daniely Cardoso\" \/>\n\t<meta name=\"twitter:label2\" content=\"Est. tempo de leitura\" \/>\n\t<meta name=\"twitter:data2\" content=\"4 minutos\" \/>\n<!-- \/ Yoast SEO plugin. -->","yoast_head_json":{"title":"Solu\u00e7\u00f5es naturais para eliminar pragas comuns do seu jardim","description":"Aprenda a identificar e combater pragas na horta com solu\u00e7\u00f5es naturais, seguras e eficazes, sem uso de venenos ou agrot\u00f3xicos.","robots":{"index":"index","follow":"follow","max-snippet":"max-snippet:-1","max-image-preview":"max-image-preview:large","max-video-preview":"max-video-preview:-1"},"canonical":"https:\/\/www.correiobraziliense.com.br\/cbradar\/solucoes-naturais-para-eliminar-pragas-comuns-do-seu-jardim\/","og_locale":"pt_BR","og_type":"article","og_title":"Solu\u00e7\u00f5es naturais para eliminar pragas comuns do seu jardim","og_description":"Aprenda a identificar e combater pragas na horta com solu\u00e7\u00f5es naturais, seguras e eficazes, sem uso de venenos ou agrot\u00f3xicos.","og_url":"https:\/\/www.correiobraziliense.com.br\/cbradar\/solucoes-naturais-para-eliminar-pragas-comuns-do-seu-jardim\/","og_site_name":"Correio Braziliense - Radar","article_published_time":"2025-05-02T12:10:00+00:00","og_image":[{"width":1280,"height":720,"url":"https:\/\/www.correiobraziliense.com.br\/cbradar\/wp-content\/uploads\/2025\/02\/pragas-jardim_1740512096288.jpg","type":"image\/jpeg"}],"author":"Daniely Cardoso","twitter_card":"summary_large_image","twitter_misc":{"Escrito por":"Daniely Cardoso","Est. tempo de leitura":"4 minutos"},"schema":{"@context":"https:\/\/schema.org","@graph":[{"@type":"WebPage","@id":"https:\/\/www.correiobraziliense.com.br\/cbradar\/solucoes-naturais-para-eliminar-pragas-comuns-do-seu-jardim\/","url":"https:\/\/www.correiobraziliense.com.br\/cbradar\/solucoes-naturais-para-eliminar-pragas-comuns-do-seu-jardim\/","name":"Solu\u00e7\u00f5es naturais para eliminar pragas comuns do seu jardim","isPartOf":{"@id":"https:\/\/www.correiobraziliense.com.br\/cbradar\/#website"},"primaryImageOfPage":{"@id":"https:\/\/www.correiobraziliense.com.br\/cbradar\/solucoes-naturais-para-eliminar-pragas-comuns-do-seu-jardim\/#primaryimage"},"image":{"@id":"https:\/\/www.correiobraziliense.com.br\/cbradar\/solucoes-naturais-para-eliminar-pragas-comuns-do-seu-jardim\/#primaryimage"},"thumbnailUrl":"https:\/\/www.correiobraziliense.com.br\/cbradar\/wp-content\/uploads\/2025\/02\/pragas-jardim_1740512096288.jpg","datePublished":"2025-05-02T12:10:00+00:00","author":{"@id":"https:\/\/www.correiobraziliense.com.br\/cbradar\/#\/schema\/person\/7356666e12ec0ee53f348ee5db227032"},"description":"Aprenda a identificar e combater pragas na horta com solu\u00e7\u00f5es naturais, seguras e eficazes, sem uso de venenos ou agrot\u00f3xicos.","breadcrumb":{"@id":"https:\/\/www.correiobraziliense.com.br\/cbradar\/solucoes-naturais-para-eliminar-pragas-comuns-do-seu-jardim\/#breadcrumb"},"inLanguage":"pt-BR","potentialAction":[{"@type":"ReadAction","target":["https:\/\/www.correiobraziliense.com.br\/cbradar\/solucoes-naturais-para-eliminar-pragas-comuns-do-seu-jardim\/"]}]},{"@type":"ImageObject","inLanguage":"pt-BR","@id":"https:\/\/www.correiobraziliense.com.br\/cbradar\/solucoes-naturais-para-eliminar-pragas-comuns-do-seu-jardim\/#primaryimage","url":"https:\/\/www.correiobraziliense.com.br\/cbradar\/wp-content\/uploads\/2025\/02\/pragas-jardim_1740512096288.jpg","contentUrl":"https:\/\/www.correiobraziliense.com.br\/cbradar\/wp-content\/uploads\/2025\/02\/pragas-jardim_1740512096288.jpg","width":1280,"height":720,"caption":"Caracol - Cr\u00e9ditos: depositphotos.com \/ Kosobu"},{"@type":"BreadcrumbList","@id":"https:\/\/www.correiobraziliense.com.br\/cbradar\/solucoes-naturais-para-eliminar-pragas-comuns-do-seu-jardim\/#breadcrumb","itemListElement":[{"@type":"ListItem","position":1,"name":"In\u00edcio","item":"https:\/\/www.correiobraziliense.com.br\/cbradar\/"},{"@type":"ListItem","position":2,"name":"Solu\u00e7\u00f5es naturais para eliminar pragas comuns do seu jardim"}]},{"@type":"WebSite","@id":"https:\/\/www.correiobraziliense.com.br\/cbradar\/#website","url":"https:\/\/www.correiobraziliense.com.br\/cbradar\/","name":"Correio Braziliense - Radar","description":"Acompanhe as \u00faltimas not\u00edcias e fique bem informado sobre tudo o que acontece no Brasil e no mundo.","potentialAction":[{"@type":"SearchAction","target":{"@type":"EntryPoint","urlTemplate":"https:\/\/www.correiobraziliense.com.br\/cbradar\/?s={search_term_string}"},"query-input":{"@type":"PropertyValueSpecification","valueRequired":true,"valueName":"search_term_string"}}],"inLanguage":"pt-BR"},{"@type":"Person","@id":"https:\/\/www.correiobraziliense.com.br\/cbradar\/#\/schema\/person\/7356666e12ec0ee53f348ee5db227032","name":"Daniely Cardoso","image":{"@type":"ImageObject","inLanguage":"pt-BR","@id":"https:\/\/www.correiobraziliense.com.br\/cbradar\/#\/schema\/person\/image\/","url":"https:\/\/secure.gravatar.com\/avatar\/4b80ddbd124d1f071b626d52d62e5dff?s=96&d=mm&r=g","contentUrl":"https:\/\/secure.gravatar.com\/avatar\/4b80ddbd124d1f071b626d52d62e5dff?s=96&d=mm&r=g","caption":"Daniely Cardoso"},"description":"Redatora nos portais CB Radar e EM Foco, formada pela Universidade Federal de Goi\u00e1s, em Goi\u00e2nia. Apaixonada por comunica\u00e7\u00e3o, arte, decora\u00e7\u00e3o e tend\u00eancias, atuo na produ\u00e7\u00e3o de conte\u00fados envolventes sobre curiosidades, moda, beleza e paisagismo, sempre com um olhar atento \u00e0s novidades do momento.","sameAs":["https:\/\/www.correiobraziliense.com.br\/cbradar"],"url":"https:\/\/www.correiobraziliense.com.br\/cbradar\/author\/danielymyth\/"}]}},"_links":{"self":[{"href":"https:\/\/www.correiobraziliense.com.br\/cbradar\/wp-json\/wp\/v2\/posts\/30762","targetHints":{"allow":["GET"]}}],"collection":[{"href":"https:\/\/www.correiobraziliense.com.br\/cbradar\/wp-json\/wp\/v2\/posts"}],"about":[{"href":"https:\/\/www.correiobraziliense.com.br\/cbradar\/wp-json\/wp\/v2\/types\/post"}],"author":[{"embeddable":true,"href":"https:\/\/www.correiobraziliense.com.br\/cbradar\/wp-json\/wp\/v2\/users\/9"}],"replies":[{"embeddable":true,"href":"https:\/\/www.correiobraziliense.com.br\/cbradar\/wp-json\/wp\/v2\/comments?post=30762"}],"version-history":[{"count":3,"href":"https:\/\/www.correiobraziliense.com.br\/cbradar\/wp-json\/wp\/v2\/posts\/30762\/revisions"}],"predecessor-version":[{"id":30831,"href":"https:\/\/www.correiobraziliense.com.br\/cbradar\/wp-json\/wp\/v2\/posts\/30762\/revisions\/30831"}],"wp:featuredmedia":[{"embeddable":true,"href":"https:\/\/www.correiobraziliense.com.br\/cbradar\/wp-json\/wp\/v2\/media\/6206"}],"wp:attachment":[{"href":"https:\/\/www.correiobraziliense.com.br\/cbradar\/wp-json\/wp\/v2\/media?parent=30762"}],"wp:term":[{"taxonomy":"category","embeddable":true,"href":"https:\/\/www.correiobraziliense.com.br\/cbradar\/wp-json\/wp\/v2\/categories?post=30762"},{"taxonomy":"post_tag","embeddable":true,"href":"https:\/\/www.correiobraziliense.com.br\/cbradar\/wp-json\/wp\/v2\/post_tag?post=30762"}],"curies":[{"name":"wp","href":"https:\/\/api.w.org\/{rel}","templated":true}]}}