{"id":30775,"date":"2025-05-02T15:30:00","date_gmt":"2025-05-02T18:30:00","guid":{"rendered":"https:\/\/www.correiobraziliense.com.br\/cbradar\/?p=30775"},"modified":"2025-05-01T22:43:22","modified_gmt":"2025-05-02T01:43:22","slug":"serie-medica-emocionante-que-vai-te-conquistar-desde-o-primeiro-episodio","status":"publish","type":"post","link":"https:\/\/www.correiobraziliense.com.br\/cbradar\/serie-medica-emocionante-que-vai-te-conquistar-desde-o-primeiro-episodio\/","title":{"rendered":"S\u00e9rie m\u00e9dica emocionante que vai te conquistar desde o primeiro epis\u00f3dio"},"content":{"rendered":"\n<p><strong>The Good Doctor<\/strong> \u00e9 uma s\u00e9rie m\u00e9dica que combina emo\u00e7\u00e3o, intelig\u00eancia e sensibilidade ao contar a hist\u00f3ria de um jovem m\u00e9dico autista com habilidades excepcionais. Criada por <strong>David Shore<\/strong>, tamb\u00e9m respons\u00e1vel por <em>House<\/em>, a s\u00e9rie \u00e9 uma adapta\u00e7\u00e3o da produ\u00e7\u00e3o sul-coreana de mesmo nome e estreou em <strong>2017<\/strong> nos Estados Unidos.<\/p>\n\n\n\n<p>Desde ent\u00e3o, <em>The Good Doctor<\/em> se consolidou como um dos dramas hospitalares mais assistidos da atualidade, destacando-se pelo protagonista cativante e pelas reflex\u00f5es sobre inclus\u00e3o e empatia no ambiente m\u00e9dico.<\/p>\n\n\n\n<h2 class=\"wp-block-heading\">Qual a hist\u00f3ria de The Good Doctor?<\/h2>\n\n\n\n<p>A trama acompanha <strong>Shaun Murphy<\/strong>, um jovem cirurgi\u00e3o com autismo e s\u00edndrome de savant (s\u00edndrome do s\u00e1bio), que \u00e9 contratado para trabalhar no prestigiado hospital San Jose St. Bonaventure.<\/p>\n\n\n\n<p>Mesmo enfrentando a desconfian\u00e7a de colegas e superiores por conta de sua condi\u00e7\u00e3o, Shaun prova, epis\u00f3dio ap\u00f3s epis\u00f3dio, que seu olhar \u00fanico sobre o mundo o torna um m\u00e9dico extraordin\u00e1rio \u2014 tanto pela genialidade quanto pela sensibilidade.<\/p>\n\n\n\n<p>Al\u00e9m dos desafios profissionais, a s\u00e9rie explora o amadurecimento pessoal de Shaun, seus relacionamentos, medos e vit\u00f3rias ao longo das temporadas.<\/p>\n\n\n\n<figure class=\"wp-block-image size-large\"><img decoding=\"async\" width=\"1024\" height=\"576\" src=\"https:\/\/www.correiobraziliense.com.br\/cbradar\/wp-content\/uploads\/2025\/05\/The-Good-Doctor-2-1024x576.png\" alt=\"S\u00e9rie m\u00e9dica emocionante que vai te conquistar desde o primeiro epis\u00f3dio\" class=\"wp-image-30782\" srcset=\"https:\/\/www.correiobraziliense.com.br\/cbradar\/wp-content\/uploads\/2025\/05\/The-Good-Doctor-2-1024x576.png 1024w, https:\/\/www.correiobraziliense.com.br\/cbradar\/wp-content\/uploads\/2025\/05\/The-Good-Doctor-2-300x169.png 300w, https:\/\/www.correiobraziliense.com.br\/cbradar\/wp-content\/uploads\/2025\/05\/The-Good-Doctor-2-768x432.png 768w, https:\/\/www.correiobraziliense.com.br\/cbradar\/wp-content\/uploads\/2025\/05\/The-Good-Doctor-2-750x422.png 750w, https:\/\/www.correiobraziliense.com.br\/cbradar\/wp-content\/uploads\/2025\/05\/The-Good-Doctor-2-1140x641.png 1140w, https:\/\/www.correiobraziliense.com.br\/cbradar\/wp-content\/uploads\/2025\/05\/The-Good-Doctor-2.png 1280w\" sizes=\"(max-width: 1024px) 100vw, 1024px\" \/><figcaption class=\"wp-element-caption\">The Good Doctor. Fonte: divulga\u00e7\u00e3o \/ Sony Pictures<\/figcaption><\/figure>\n\n\n\n<h2 class=\"wp-block-heading\">Quais temas The Good Doctor aborda?<\/h2>\n\n\n\n<p>Mais do que casos m\u00e9dicos, <em>The Good Doctor<\/em> mergulha em temas humanos e sociais relevantes:<\/p>\n\n\n\n<ul class=\"wp-block-list\">\n<li>Neurodiversidade e inclus\u00e3o de pessoas autistas;<\/li>\n\n\n\n<li>\u00c9tica m\u00e9dica e decis\u00f5es dif\u00edceis na sala de cirurgia;<\/li>\n\n\n\n<li>Rela\u00e7\u00f5es interpessoais, preconceito e empatia;<\/li>\n\n\n\n<li>Supera\u00e7\u00e3o pessoal e quebra de estigmas sociais.<\/li>\n<\/ul>\n\n\n\n<p>A s\u00e9rie trata essas quest\u00f5es com respeito e profundidade, tornando-se refer\u00eancia na representa\u00e7\u00e3o positiva do autismo na m\u00eddia.<\/p>\n\n\n\n<h2 class=\"wp-block-heading\">Vale a pena assistir The Good Doctor?<\/h2>\n\n\n\n<p>Sim \u2014 especialmente se voc\u00ea gosta de s\u00e9ries m\u00e9dicas com conte\u00fado emocional, boas atua\u00e7\u00f5es e discuss\u00f5es sociais relevantes. <em>The Good Doctor<\/em> consegue equilibrar a tens\u00e3o m\u00e9dica com o drama pessoal, criando epis\u00f3dios envolventes e tocantes.<\/p>\n\n\n\n<p><strong>Freddie Highmore<\/strong>, que interpreta Shaun Murphy, entrega uma atua\u00e7\u00e3o sens\u00edvel e premiada, sendo um dos principais motivos do sucesso da s\u00e9rie. A narrativa, por sua vez, \u00e9 constru\u00edda de forma acess\u00edvel, emocionante e com constante evolu\u00e7\u00e3o dos personagens.<\/p>\n\n\n\n<p>Se voc\u00ea gostou de s\u00e9ries como <em>Grey\u2019s Anatomy<\/em>, <em>New Amsterdam<\/em> ou <em>House<\/em>, <em>The Good Doctor<\/em> \u00e9 uma \u00f3tima escolha.<\/p>\n\n\n\n<iframe loading=\"lazy\" width=\"560\" height=\"315\" src=\"https:\/\/www.youtube.com\/embed\/lnY9FWUTY84?si=ubeduFnvSH_Smv6b\" title=\"YouTube video player\" frameborder=\"0\" allow=\"accelerometer; autoplay; clipboard-write; encrypted-media; gyroscope; picture-in-picture; web-share\" referrerpolicy=\"strict-origin-when-cross-origin\" allowfullscreen><\/iframe>\n\n\n\n<h2 class=\"wp-block-heading\">O que diferencia The Good Doctor de outras s\u00e9ries m\u00e9dicas?<\/h2>\n\n\n\n<p>O grande diferencial de <em>The Good Doctor<\/em> est\u00e1 na perspectiva do protagonista. Ver o mundo m\u00e9dico atrav\u00e9s dos olhos de um jovem autista \u00e9 uma proposta inovadora que gera empatia, reflex\u00e3o e compreens\u00e3o sobre o universo da neurodiversidade.<\/p>\n\n\n\n<p>Al\u00e9m disso, a s\u00e9rie evita exageros e busca trazer representa\u00e7\u00f5es m\u00e9dicas coerentes, com casos desafiadores e debates \u00e9ticos que enriquecem o enredo.<\/p>\n\n\n\n<p>Outro ponto forte \u00e9 o equil\u00edbrio entre drama e esperan\u00e7a, fazendo com que o espectador tor\u00e7a e se emocione com a jornada de Shaun.<\/p>\n\n\n\n<h2 class=\"wp-block-heading\">FAQ &#8211; Perguntas Frequentes<\/h2>\n\n\n\n<ul class=\"wp-block-list\">\n<li><strong>Onde assistir?<\/strong><br><em>The Good Doctor<\/em> est\u00e1 dispon\u00edvel no <strong>Globoplay<\/strong>, <strong>Sony Channel<\/strong> (TV a cabo) e <strong>Amazon Prime Video<\/strong> (algumas temporadas).<\/li>\n\n\n\n<li><strong>Quem est\u00e1 no elenco?<\/strong>\n<ul class=\"wp-block-list\">\n<li><strong>Freddie Highmore<\/strong> como Dr. Shaun Murphy<\/li>\n\n\n\n<li><strong>Antonia Thomas<\/strong> como Dr. Claire Browne<\/li>\n\n\n\n<li><strong>Hill Harper<\/strong> como Dr. Marcus Andrews<\/li>\n\n\n\n<li><strong>Richard Schiff<\/strong> como Dr. Aaron Glassman<\/li>\n\n\n\n<li><strong>Paige Spara<\/strong>, <strong>Fiona Gubelmann<\/strong>, <strong>Will Yun Lee<\/strong>, entre outros.<\/li>\n<\/ul>\n<\/li>\n\n\n\n<li><strong>Quantas temporadas tem?<\/strong><br>A s\u00e9rie possui <strong>7 temporadas<\/strong>, sendo a s\u00e9tima atualmente em exibi\u00e7\u00e3o (2025).<\/li>\n\n\n\n<li><strong>J\u00e1 acabou?<\/strong><br>Ainda n\u00e3o. A s\u00e9rie continua em produ\u00e7\u00e3o.<\/li>\n\n\n\n<li><strong>Qual o ano de lan\u00e7amento?<\/strong><br><em>The Good Doctor<\/em> estreou em <strong>2017<\/strong>.<\/li>\n\n\n\n<li><strong>Quem produziu a s\u00e9rie?<\/strong><br>Produzida pela <strong>Sony Pictures Television<\/strong> em parceria com a <strong>ABC Studios<\/strong>, com cria\u00e7\u00e3o de <strong>David Shore<\/strong>.<\/li>\n<\/ul>\n","protected":false},"excerpt":{"rendered":"<p>The Good Doctor \u00e9 um drama m\u00e9dico emocionante que acompanha um jovem cirurgi\u00e3o autista superando desafios com empatia e genialidade.<\/p>\n","protected":false},"author":3,"featured_media":30783,"comment_status":"open","ping_status":"open","sticky":false,"template":"","format":"standard","meta":{"_yoast_wpseo_focuskw":"The Good Doctor","_yoast_wpseo_title":"%%title%%","_yoast_wpseo_metadesc":"The Good Doctor \u00e9 um drama m\u00e9dico emocionante que acompanha um jovem cirurgi\u00e3o autista superando desafios com empatia e genialidade.","jnews-multi-image_gallery":[],"jnews_single_post":{"format":"standard"},"jnews_primary_category":[],"jnews_social_meta":[],"jnews_override_counter":[],"footnotes":""},"categories":[140],"post_tag":[568],"class_list":["post-30775","post","type-post","status-publish","format-standard","has-post-thumbnail","hentry","category-entretenimento","tag-series-e-filmes"],"yoast_head":"<!-- This site is optimized with the Yoast SEO plugin v24.6 - https:\/\/yoast.com\/wordpress\/plugins\/seo\/ -->\n<title>S\u00e9rie m\u00e9dica emocionante que vai te conquistar desde o primeiro epis\u00f3dio<\/title>\n<meta name=\"description\" content=\"The Good Doctor \u00e9 um drama m\u00e9dico emocionante que acompanha um jovem cirurgi\u00e3o autista superando desafios com empatia e genialidade.\" \/>\n<meta name=\"robots\" content=\"index, follow, max-snippet:-1, max-image-preview:large, max-video-preview:-1\" \/>\n<link rel=\"canonical\" href=\"https:\/\/www.correiobraziliense.com.br\/cbradar\/serie-medica-emocionante-que-vai-te-conquistar-desde-o-primeiro-episodio\/\" \/>\n<meta property=\"og:locale\" content=\"pt_BR\" \/>\n<meta property=\"og:type\" content=\"article\" \/>\n<meta property=\"og:title\" content=\"S\u00e9rie m\u00e9dica emocionante que vai te conquistar desde o primeiro epis\u00f3dio\" \/>\n<meta property=\"og:description\" content=\"The Good Doctor \u00e9 um drama m\u00e9dico emocionante que acompanha um jovem cirurgi\u00e3o autista superando desafios com empatia e genialidade.\" \/>\n<meta property=\"og:url\" content=\"https:\/\/www.correiobraziliense.com.br\/cbradar\/serie-medica-emocionante-que-vai-te-conquistar-desde-o-primeiro-episodio\/\" \/>\n<meta property=\"og:site_name\" content=\"Correio Braziliense - Radar\" \/>\n<meta property=\"article:published_time\" content=\"2025-05-02T18:30:00+00:00\" \/>\n<meta property=\"og:image\" content=\"https:\/\/www.correiobraziliense.com.br\/cbradar\/wp-content\/uploads\/2025\/05\/The-Good-Doctor.png\" \/>\n\t<meta property=\"og:image:width\" content=\"1280\" \/>\n\t<meta property=\"og:image:height\" content=\"720\" \/>\n\t<meta property=\"og:image:type\" content=\"image\/png\" \/>\n<meta name=\"author\" content=\"Larissa Carvalho\" \/>\n<meta name=\"twitter:card\" content=\"summary_large_image\" \/>\n<meta name=\"twitter:label1\" content=\"Escrito por\" \/>\n\t<meta name=\"twitter:data1\" content=\"Larissa Carvalho\" \/>\n\t<meta name=\"twitter:label2\" content=\"Est. tempo de leitura\" \/>\n\t<meta name=\"twitter:data2\" content=\"4 minutos\" \/>\n<!-- \/ Yoast SEO plugin. -->","yoast_head_json":{"title":"S\u00e9rie m\u00e9dica emocionante que vai te conquistar desde o primeiro epis\u00f3dio","description":"The Good Doctor \u00e9 um drama m\u00e9dico emocionante que acompanha um jovem cirurgi\u00e3o autista superando desafios com empatia e genialidade.","robots":{"index":"index","follow":"follow","max-snippet":"max-snippet:-1","max-image-preview":"max-image-preview:large","max-video-preview":"max-video-preview:-1"},"canonical":"https:\/\/www.correiobraziliense.com.br\/cbradar\/serie-medica-emocionante-que-vai-te-conquistar-desde-o-primeiro-episodio\/","og_locale":"pt_BR","og_type":"article","og_title":"S\u00e9rie m\u00e9dica emocionante que vai te conquistar desde o primeiro epis\u00f3dio","og_description":"The Good Doctor \u00e9 um drama m\u00e9dico emocionante que acompanha um jovem cirurgi\u00e3o autista superando desafios com empatia e genialidade.","og_url":"https:\/\/www.correiobraziliense.com.br\/cbradar\/serie-medica-emocionante-que-vai-te-conquistar-desde-o-primeiro-episodio\/","og_site_name":"Correio Braziliense - Radar","article_published_time":"2025-05-02T18:30:00+00:00","og_image":[{"width":1280,"height":720,"url":"https:\/\/www.correiobraziliense.com.br\/cbradar\/wp-content\/uploads\/2025\/05\/The-Good-Doctor.png","type":"image\/png"}],"author":"Larissa Carvalho","twitter_card":"summary_large_image","twitter_misc":{"Escrito por":"Larissa Carvalho","Est. tempo de leitura":"4 minutos"},"schema":{"@context":"https:\/\/schema.org","@graph":[{"@type":"WebPage","@id":"https:\/\/www.correiobraziliense.com.br\/cbradar\/serie-medica-emocionante-que-vai-te-conquistar-desde-o-primeiro-episodio\/","url":"https:\/\/www.correiobraziliense.com.br\/cbradar\/serie-medica-emocionante-que-vai-te-conquistar-desde-o-primeiro-episodio\/","name":"S\u00e9rie m\u00e9dica emocionante que vai te conquistar desde o primeiro epis\u00f3dio","isPartOf":{"@id":"https:\/\/www.correiobraziliense.com.br\/cbradar\/#website"},"primaryImageOfPage":{"@id":"https:\/\/www.correiobraziliense.com.br\/cbradar\/serie-medica-emocionante-que-vai-te-conquistar-desde-o-primeiro-episodio\/#primaryimage"},"image":{"@id":"https:\/\/www.correiobraziliense.com.br\/cbradar\/serie-medica-emocionante-que-vai-te-conquistar-desde-o-primeiro-episodio\/#primaryimage"},"thumbnailUrl":"https:\/\/www.correiobraziliense.com.br\/cbradar\/wp-content\/uploads\/2025\/05\/The-Good-Doctor.png","datePublished":"2025-05-02T18:30:00+00:00","author":{"@id":"https:\/\/www.correiobraziliense.com.br\/cbradar\/#\/schema\/person\/58422787644df994b53a19d3e56c1513"},"description":"The Good Doctor \u00e9 um drama m\u00e9dico emocionante que acompanha um jovem cirurgi\u00e3o autista superando desafios com empatia e genialidade.","breadcrumb":{"@id":"https:\/\/www.correiobraziliense.com.br\/cbradar\/serie-medica-emocionante-que-vai-te-conquistar-desde-o-primeiro-episodio\/#breadcrumb"},"inLanguage":"pt-BR","potentialAction":[{"@type":"ReadAction","target":["https:\/\/www.correiobraziliense.com.br\/cbradar\/serie-medica-emocionante-que-vai-te-conquistar-desde-o-primeiro-episodio\/"]}]},{"@type":"ImageObject","inLanguage":"pt-BR","@id":"https:\/\/www.correiobraziliense.com.br\/cbradar\/serie-medica-emocionante-que-vai-te-conquistar-desde-o-primeiro-episodio\/#primaryimage","url":"https:\/\/www.correiobraziliense.com.br\/cbradar\/wp-content\/uploads\/2025\/05\/The-Good-Doctor.png","contentUrl":"https:\/\/www.correiobraziliense.com.br\/cbradar\/wp-content\/uploads\/2025\/05\/The-Good-Doctor.png","width":1280,"height":720,"caption":"The Good Doctor. Fonte: divulga\u00e7\u00e3o \/ Sony Pictures"},{"@type":"BreadcrumbList","@id":"https:\/\/www.correiobraziliense.com.br\/cbradar\/serie-medica-emocionante-que-vai-te-conquistar-desde-o-primeiro-episodio\/#breadcrumb","itemListElement":[{"@type":"ListItem","position":1,"name":"In\u00edcio","item":"https:\/\/www.correiobraziliense.com.br\/cbradar\/"},{"@type":"ListItem","position":2,"name":"S\u00e9rie m\u00e9dica emocionante que vai te conquistar desde o primeiro epis\u00f3dio"}]},{"@type":"WebSite","@id":"https:\/\/www.correiobraziliense.com.br\/cbradar\/#website","url":"https:\/\/www.correiobraziliense.com.br\/cbradar\/","name":"Correio Braziliense - Radar","description":"Acompanhe as \u00faltimas not\u00edcias e fique bem informado sobre tudo o que acontece no Brasil e no mundo.","potentialAction":[{"@type":"SearchAction","target":{"@type":"EntryPoint","urlTemplate":"https:\/\/www.correiobraziliense.com.br\/cbradar\/?s={search_term_string}"},"query-input":{"@type":"PropertyValueSpecification","valueRequired":true,"valueName":"search_term_string"}}],"inLanguage":"pt-BR"},{"@type":"Person","@id":"https:\/\/www.correiobraziliense.com.br\/cbradar\/#\/schema\/person\/58422787644df994b53a19d3e56c1513","name":"Larissa Carvalho","image":{"@type":"ImageObject","inLanguage":"pt-BR","@id":"https:\/\/www.correiobraziliense.com.br\/cbradar\/#\/schema\/person\/image\/","url":"https:\/\/secure.gravatar.com\/avatar\/fe4f91a0de32b52a838d0d612abdc1aa?s=96&d=mm&r=g","contentUrl":"https:\/\/secure.gravatar.com\/avatar\/fe4f91a0de32b52a838d0d612abdc1aa?s=96&d=mm&r=g","caption":"Larissa Carvalho"},"url":"https:\/\/www.correiobraziliense.com.br\/cbradar\/author\/larissamyth\/"}]}},"_links":{"self":[{"href":"https:\/\/www.correiobraziliense.com.br\/cbradar\/wp-json\/wp\/v2\/posts\/30775","targetHints":{"allow":["GET"]}}],"collection":[{"href":"https:\/\/www.correiobraziliense.com.br\/cbradar\/wp-json\/wp\/v2\/posts"}],"about":[{"href":"https:\/\/www.correiobraziliense.com.br\/cbradar\/wp-json\/wp\/v2\/types\/post"}],"author":[{"embeddable":true,"href":"https:\/\/www.correiobraziliense.com.br\/cbradar\/wp-json\/wp\/v2\/users\/3"}],"replies":[{"embeddable":true,"href":"https:\/\/www.correiobraziliense.com.br\/cbradar\/wp-json\/wp\/v2\/comments?post=30775"}],"version-history":[{"count":1,"href":"https:\/\/www.correiobraziliense.com.br\/cbradar\/wp-json\/wp\/v2\/posts\/30775\/revisions"}],"predecessor-version":[{"id":30784,"href":"https:\/\/www.correiobraziliense.com.br\/cbradar\/wp-json\/wp\/v2\/posts\/30775\/revisions\/30784"}],"wp:featuredmedia":[{"embeddable":true,"href":"https:\/\/www.correiobraziliense.com.br\/cbradar\/wp-json\/wp\/v2\/media\/30783"}],"wp:attachment":[{"href":"https:\/\/www.correiobraziliense.com.br\/cbradar\/wp-json\/wp\/v2\/media?parent=30775"}],"wp:term":[{"taxonomy":"category","embeddable":true,"href":"https:\/\/www.correiobraziliense.com.br\/cbradar\/wp-json\/wp\/v2\/categories?post=30775"},{"taxonomy":"post_tag","embeddable":true,"href":"https:\/\/www.correiobraziliense.com.br\/cbradar\/wp-json\/wp\/v2\/post_tag?post=30775"}],"curies":[{"name":"wp","href":"https:\/\/api.w.org\/{rel}","templated":true}]}}