{"id":30819,"date":"2025-05-02T20:30:00","date_gmt":"2025-05-02T23:30:00","guid":{"rendered":"https:\/\/www.correiobraziliense.com.br\/cbradar\/?p=30819"},"modified":"2025-05-01T22:41:39","modified_gmt":"2025-05-02T01:41:39","slug":"quais-sao-as-tendencias-de-esmaltes-em-2025-veja-projecao","status":"publish","type":"post","link":"https:\/\/www.correiobraziliense.com.br\/cbradar\/quais-sao-as-tendencias-de-esmaltes-em-2025-veja-projecao\/","title":{"rendered":"Quais s\u00e3o as tend\u00eancias de esmaltes em 2025? Veja proje\u00e7\u00e3o"},"content":{"rendered":"\n<p>Com a chegada das esta\u00e7\u00f5es mais frias, n\u00e3o \u00e9 apenas o guarda-roupa que se transforma; as cores das unhas tamb\u00e9m seguem novas tend\u00eancias. Em 2025, os esmaltes ganham destaque com tons que variam do sofisticado ao vibrante, agradando tanto aqueles que preferem discri\u00e7\u00e3o quanto os que gostam de ousar. Este ano, a paleta de cores reflete a dualidade entre a eleg\u00e2ncia cl\u00e1ssica e a ousadia moderna.<\/p>\n\n\n\n<p>O esmalte continua sendo uma forma de express\u00e3o pessoal e, nesta temporada, tons escuros, terrosos e nuances metalizadas prometem dominar as escolhas. Al\u00e9m de real\u00e7ar o visual, muitos produtos agora tamb\u00e9m oferecem benef\u00edcios adicionais para as unhas, como fortalecimento e hidrata\u00e7\u00e3o. Essa combina\u00e7\u00e3o de est\u00e9tica e cuidado reflete uma tend\u00eancia crescente no mercado de beleza.<\/p>\n\n\n\n<h2 class=\"wp-block-heading\">Quais s\u00e3o as cores em alta para 2025?<\/h2>\n\n\n\n<p>As tend\u00eancias de esmaltes para 2025 destacam uma variedade de cores que v\u00e3o desde os cl\u00e1ssicos at\u00e9 os mais ousados. Tons escuros, como o azul marinho e o verde esmeralda, s\u00e3o escolhas populares para quem busca um visual mais sofisticado. Esses tons profundos s\u00e3o ideais para complementar os looks de inverno, trazendo um toque de eleg\u00e2ncia e mist\u00e9rio.<\/p>\n\n\n\n<p>Por outro lado, as nuances terrosas, como o marrom chocolate e o terracota, oferecem uma alternativa mais quente e acolhedora. Essas cores remetem \u00e0 natureza e s\u00e3o perfeitas para quem deseja um visual mais natural e discreto. Al\u00e9m disso, os esmaltes metalizados, como o dourado e o prateado, continuam em alta, adicionando um toque de glamour e modernidade \u00e0s unhas.<\/p>\n\n\n\n<figure class=\"wp-block-image size-large\"><img decoding=\"async\" width=\"1024\" height=\"576\" src=\"https:\/\/www.correiobraziliense.com.br\/cbradar\/wp-content\/uploads\/2025\/05\/esmaltes_1746122301654-1024x576.jpg\" alt=\"Quais s\u00e3o as tend\u00eancias de esmaltes em 2025? Veja proje\u00e7\u00e3o\" class=\"wp-image-30822\" srcset=\"https:\/\/www.correiobraziliense.com.br\/cbradar\/wp-content\/uploads\/2025\/05\/esmaltes_1746122301654-1024x576.jpg 1024w, https:\/\/www.correiobraziliense.com.br\/cbradar\/wp-content\/uploads\/2025\/05\/esmaltes_1746122301654-300x169.jpg 300w, https:\/\/www.correiobraziliense.com.br\/cbradar\/wp-content\/uploads\/2025\/05\/esmaltes_1746122301654-768x432.jpg 768w, https:\/\/www.correiobraziliense.com.br\/cbradar\/wp-content\/uploads\/2025\/05\/esmaltes_1746122301654-750x422.jpg 750w, https:\/\/www.correiobraziliense.com.br\/cbradar\/wp-content\/uploads\/2025\/05\/esmaltes_1746122301654-1140x641.jpg 1140w, https:\/\/www.correiobraziliense.com.br\/cbradar\/wp-content\/uploads\/2025\/05\/esmaltes_1746122301654.jpg 1280w\" sizes=\"(max-width: 1024px) 100vw, 1024px\" \/><figcaption class=\"wp-element-caption\">esmaltes. Cr\u00e9ditos: depositphotos.com \/ AllaSerebrina<\/figcaption><\/figure>\n\n\n\n<h2 class=\"wp-block-heading\">Como escolher o esmalte ideal para cada ocasi\u00e3o?<\/h2>\n\n\n\n<p>Escolher o esmalte ideal pode depender de v\u00e1rios fatores, incluindo o evento, o estilo pessoal e at\u00e9 mesmo o humor do dia. Para ocasi\u00f5es formais, tons mais s\u00f3brios e cl\u00e1ssicos, como o nude ou o vermelho profundo, s\u00e3o sempre uma escolha segura. Eles complementam qualquer traje formal sem chamar muita aten\u00e7\u00e3o.<\/p>\n\n\n\n<p>Para eventos casuais ou sa\u00eddas noturnas, os esmaltes metalizados ou com glitter podem ser uma excelente op\u00e7\u00e3o. Eles adicionam um toque de divers\u00e3o e s\u00e3o perfeitos para destacar as unhas em ambientes mais descontra\u00eddos. J\u00e1 para o dia a dia, os tons terrosos e neutros s\u00e3o ideais, pois combinam facilmente com qualquer look e s\u00e3o f\u00e1ceis de manter.<\/p>\n\n\n\n<h2 class=\"wp-block-heading\">Quais s\u00e3o os benef\u00edcios dos esmaltes modernos?<\/h2>\n\n\n\n<p>Os esmaltes modernos n\u00e3o se limitam apenas \u00e0 est\u00e9tica; muitos deles agora oferecem benef\u00edcios adicionais para a sa\u00fade das unhas. Produtos enriquecidos com vitaminas e minerais ajudam a fortalecer as unhas, prevenindo quebras e descama\u00e7\u00f5es. Al\u00e9m disso, muitos esmaltes possuem f\u00f3rmulas hidratantes que mant\u00eam as unhas saud\u00e1veis e com apar\u00eancia impec\u00e1vel.<\/p>\n\n\n\n<p>Outra inova\u00e7\u00e3o no mercado s\u00e3o os esmaltes veganos e livres de subst\u00e2ncias t\u00f3xicas, como formalde\u00eddo e tolueno. Esses produtos s\u00e3o uma escolha consciente para quem se preocupa com a sa\u00fade e o meio ambiente, sem comprometer a qualidade e a durabilidade do esmalte.<\/p>\n\n\n\n<p>Em 2025, as tend\u00eancias de esmaltes refletem uma combina\u00e7\u00e3o de eleg\u00e2ncia e inova\u00e7\u00e3o, oferecendo op\u00e7\u00f5es para todos os gostos e ocasi\u00f5es. Com uma paleta de cores diversificada e f\u00f3rmulas que cuidam das unhas, os esmaltes se tornam uma extens\u00e3o do estilo pessoal, permitindo que cada um expresse sua individualidade de maneira \u00fanica. Seja optando por tons cl\u00e1ssicos ou ousados, o importante \u00e9 escolher o que melhor representa sua personalidade e se sentir bem com suas escolhas.<\/p>\n","protected":false},"excerpt":{"rendered":"<p>Descubra as tend\u00eancias de esmaltes para as esta\u00e7\u00f5es frias de 2025. De tons sofisticados a ousados, temos todas as dicas para voc\u00ea.<\/p>\n","protected":false},"author":3,"featured_media":30821,"comment_status":"open","ping_status":"open","sticky":false,"template":"","format":"standard","meta":{"_yoast_wpseo_focuskw":"tend\u00eancias esmaltes 2025","_yoast_wpseo_title":"%%title%%","_yoast_wpseo_metadesc":"Descubra as tend\u00eancias de esmaltes para as esta\u00e7\u00f5es frias de 2025. De tons sofisticados a ousados, temos todas as dicas para voc\u00ea.","jnews-multi-image_gallery":[],"jnews_single_post":{"format":"standard"},"jnews_primary_category":[],"jnews_social_meta":[],"jnews_override_counter":[],"footnotes":""},"categories":[112],"tags":[125,4080,1029],"class_list":["post-30819","post","type-post","status-publish","format-standard","has-post-thumbnail","hentry","category-curiosidades","tag-beleza","tag-esmaltes","tag-moda"],"yoast_head":"<!-- This site is optimized with the Yoast SEO plugin v24.6 - https:\/\/yoast.com\/wordpress\/plugins\/seo\/ -->\n<title>Quais s\u00e3o as tend\u00eancias de esmaltes em 2025? Veja proje\u00e7\u00e3o<\/title>\n<meta name=\"description\" content=\"Descubra as tend\u00eancias de esmaltes para as esta\u00e7\u00f5es frias de 2025. De tons sofisticados a ousados, temos todas as dicas para voc\u00ea.\" \/>\n<meta name=\"robots\" content=\"index, follow, max-snippet:-1, max-image-preview:large, max-video-preview:-1\" \/>\n<link rel=\"canonical\" href=\"https:\/\/www.correiobraziliense.com.br\/cbradar\/quais-sao-as-tendencias-de-esmaltes-em-2025-veja-projecao\/\" \/>\n<meta property=\"og:locale\" content=\"pt_BR\" \/>\n<meta property=\"og:type\" content=\"article\" \/>\n<meta property=\"og:title\" content=\"Quais s\u00e3o as tend\u00eancias de esmaltes em 2025? Veja proje\u00e7\u00e3o\" \/>\n<meta property=\"og:description\" content=\"Descubra as tend\u00eancias de esmaltes para as esta\u00e7\u00f5es frias de 2025. De tons sofisticados a ousados, temos todas as dicas para voc\u00ea.\" \/>\n<meta property=\"og:url\" content=\"https:\/\/www.correiobraziliense.com.br\/cbradar\/quais-sao-as-tendencias-de-esmaltes-em-2025-veja-projecao\/\" \/>\n<meta property=\"og:site_name\" content=\"Correio Braziliense - Radar\" \/>\n<meta property=\"article:published_time\" content=\"2025-05-02T23:30:00+00:00\" \/>\n<meta property=\"og:image\" content=\"https:\/\/www.correiobraziliense.com.br\/cbradar\/wp-content\/uploads\/2025\/05\/esmaltes_1746122280266.jpg\" \/>\n\t<meta property=\"og:image:width\" content=\"1280\" \/>\n\t<meta property=\"og:image:height\" content=\"720\" \/>\n\t<meta property=\"og:image:type\" content=\"image\/jpeg\" \/>\n<meta name=\"author\" content=\"Larissa Carvalho\" \/>\n<meta name=\"twitter:card\" content=\"summary_large_image\" \/>\n<meta name=\"twitter:label1\" content=\"Escrito por\" \/>\n\t<meta name=\"twitter:data1\" content=\"Larissa Carvalho\" \/>\n\t<meta name=\"twitter:label2\" content=\"Est. tempo de leitura\" \/>\n\t<meta name=\"twitter:data2\" content=\"4 minutos\" \/>\n<!-- \/ Yoast SEO plugin. -->","yoast_head_json":{"title":"Quais s\u00e3o as tend\u00eancias de esmaltes em 2025? Veja proje\u00e7\u00e3o","description":"Descubra as tend\u00eancias de esmaltes para as esta\u00e7\u00f5es frias de 2025. De tons sofisticados a ousados, temos todas as dicas para voc\u00ea.","robots":{"index":"index","follow":"follow","max-snippet":"max-snippet:-1","max-image-preview":"max-image-preview:large","max-video-preview":"max-video-preview:-1"},"canonical":"https:\/\/www.correiobraziliense.com.br\/cbradar\/quais-sao-as-tendencias-de-esmaltes-em-2025-veja-projecao\/","og_locale":"pt_BR","og_type":"article","og_title":"Quais s\u00e3o as tend\u00eancias de esmaltes em 2025? Veja proje\u00e7\u00e3o","og_description":"Descubra as tend\u00eancias de esmaltes para as esta\u00e7\u00f5es frias de 2025. De tons sofisticados a ousados, temos todas as dicas para voc\u00ea.","og_url":"https:\/\/www.correiobraziliense.com.br\/cbradar\/quais-sao-as-tendencias-de-esmaltes-em-2025-veja-projecao\/","og_site_name":"Correio Braziliense - Radar","article_published_time":"2025-05-02T23:30:00+00:00","og_image":[{"width":1280,"height":720,"url":"https:\/\/www.correiobraziliense.com.br\/cbradar\/wp-content\/uploads\/2025\/05\/esmaltes_1746122280266.jpg","type":"image\/jpeg"}],"author":"Larissa Carvalho","twitter_card":"summary_large_image","twitter_misc":{"Escrito por":"Larissa Carvalho","Est. tempo de leitura":"4 minutos"},"schema":{"@context":"https:\/\/schema.org","@graph":[{"@type":"WebPage","@id":"https:\/\/www.correiobraziliense.com.br\/cbradar\/quais-sao-as-tendencias-de-esmaltes-em-2025-veja-projecao\/","url":"https:\/\/www.correiobraziliense.com.br\/cbradar\/quais-sao-as-tendencias-de-esmaltes-em-2025-veja-projecao\/","name":"Quais s\u00e3o as tend\u00eancias de esmaltes em 2025? Veja proje\u00e7\u00e3o","isPartOf":{"@id":"https:\/\/www.correiobraziliense.com.br\/cbradar\/#website"},"primaryImageOfPage":{"@id":"https:\/\/www.correiobraziliense.com.br\/cbradar\/quais-sao-as-tendencias-de-esmaltes-em-2025-veja-projecao\/#primaryimage"},"image":{"@id":"https:\/\/www.correiobraziliense.com.br\/cbradar\/quais-sao-as-tendencias-de-esmaltes-em-2025-veja-projecao\/#primaryimage"},"thumbnailUrl":"https:\/\/www.correiobraziliense.com.br\/cbradar\/wp-content\/uploads\/2025\/05\/esmaltes_1746122280266.jpg","datePublished":"2025-05-02T23:30:00+00:00","author":{"@id":"https:\/\/www.correiobraziliense.com.br\/cbradar\/#\/schema\/person\/58422787644df994b53a19d3e56c1513"},"description":"Descubra as tend\u00eancias de esmaltes para as esta\u00e7\u00f5es frias de 2025. De tons sofisticados a ousados, temos todas as dicas para voc\u00ea.","breadcrumb":{"@id":"https:\/\/www.correiobraziliense.com.br\/cbradar\/quais-sao-as-tendencias-de-esmaltes-em-2025-veja-projecao\/#breadcrumb"},"inLanguage":"pt-BR","potentialAction":[{"@type":"ReadAction","target":["https:\/\/www.correiobraziliense.com.br\/cbradar\/quais-sao-as-tendencias-de-esmaltes-em-2025-veja-projecao\/"]}]},{"@type":"ImageObject","inLanguage":"pt-BR","@id":"https:\/\/www.correiobraziliense.com.br\/cbradar\/quais-sao-as-tendencias-de-esmaltes-em-2025-veja-projecao\/#primaryimage","url":"https:\/\/www.correiobraziliense.com.br\/cbradar\/wp-content\/uploads\/2025\/05\/esmaltes_1746122280266.jpg","contentUrl":"https:\/\/www.correiobraziliense.com.br\/cbradar\/wp-content\/uploads\/2025\/05\/esmaltes_1746122280266.jpg","width":1280,"height":720,"caption":"esmaltes. Cr\u00e9ditos: depositphotos.com \/ AllaSerebrina"},{"@type":"BreadcrumbList","@id":"https:\/\/www.correiobraziliense.com.br\/cbradar\/quais-sao-as-tendencias-de-esmaltes-em-2025-veja-projecao\/#breadcrumb","itemListElement":[{"@type":"ListItem","position":1,"name":"In\u00edcio","item":"https:\/\/www.correiobraziliense.com.br\/cbradar\/"},{"@type":"ListItem","position":2,"name":"Quais s\u00e3o as tend\u00eancias de esmaltes em 2025? Veja proje\u00e7\u00e3o"}]},{"@type":"WebSite","@id":"https:\/\/www.correiobraziliense.com.br\/cbradar\/#website","url":"https:\/\/www.correiobraziliense.com.br\/cbradar\/","name":"Correio Braziliense - Radar","description":"Acompanhe as \u00faltimas not\u00edcias e fique bem informado sobre tudo o que acontece no Brasil e no mundo.","potentialAction":[{"@type":"SearchAction","target":{"@type":"EntryPoint","urlTemplate":"https:\/\/www.correiobraziliense.com.br\/cbradar\/?s={search_term_string}"},"query-input":{"@type":"PropertyValueSpecification","valueRequired":true,"valueName":"search_term_string"}}],"inLanguage":"pt-BR"},{"@type":"Person","@id":"https:\/\/www.correiobraziliense.com.br\/cbradar\/#\/schema\/person\/58422787644df994b53a19d3e56c1513","name":"Larissa Carvalho","image":{"@type":"ImageObject","inLanguage":"pt-BR","@id":"https:\/\/www.correiobraziliense.com.br\/cbradar\/#\/schema\/person\/image\/","url":"https:\/\/secure.gravatar.com\/avatar\/fe4f91a0de32b52a838d0d612abdc1aa?s=96&d=mm&r=g","contentUrl":"https:\/\/secure.gravatar.com\/avatar\/fe4f91a0de32b52a838d0d612abdc1aa?s=96&d=mm&r=g","caption":"Larissa Carvalho"},"url":"https:\/\/www.correiobraziliense.com.br\/cbradar\/author\/larissamyth\/"}]}},"_links":{"self":[{"href":"https:\/\/www.correiobraziliense.com.br\/cbradar\/wp-json\/wp\/v2\/posts\/30819","targetHints":{"allow":["GET"]}}],"collection":[{"href":"https:\/\/www.correiobraziliense.com.br\/cbradar\/wp-json\/wp\/v2\/posts"}],"about":[{"href":"https:\/\/www.correiobraziliense.com.br\/cbradar\/wp-json\/wp\/v2\/types\/post"}],"author":[{"embeddable":true,"href":"https:\/\/www.correiobraziliense.com.br\/cbradar\/wp-json\/wp\/v2\/users\/3"}],"replies":[{"embeddable":true,"href":"https:\/\/www.correiobraziliense.com.br\/cbradar\/wp-json\/wp\/v2\/comments?post=30819"}],"version-history":[{"count":1,"href":"https:\/\/www.correiobraziliense.com.br\/cbradar\/wp-json\/wp\/v2\/posts\/30819\/revisions"}],"predecessor-version":[{"id":30823,"href":"https:\/\/www.correiobraziliense.com.br\/cbradar\/wp-json\/wp\/v2\/posts\/30819\/revisions\/30823"}],"wp:featuredmedia":[{"embeddable":true,"href":"https:\/\/www.correiobraziliense.com.br\/cbradar\/wp-json\/wp\/v2\/media\/30821"}],"wp:attachment":[{"href":"https:\/\/www.correiobraziliense.com.br\/cbradar\/wp-json\/wp\/v2\/media?parent=30819"}],"wp:term":[{"taxonomy":"category","embeddable":true,"href":"https:\/\/www.correiobraziliense.com.br\/cbradar\/wp-json\/wp\/v2\/categories?post=30819"},{"taxonomy":"post_tag","embeddable":true,"href":"https:\/\/www.correiobraziliense.com.br\/cbradar\/wp-json\/wp\/v2\/tags?post=30819"}],"curies":[{"name":"wp","href":"https:\/\/api.w.org\/{rel}","templated":true}]}}