{"id":30871,"date":"2025-05-01T19:15:00","date_gmt":"2025-05-01T22:15:00","guid":{"rendered":"https:\/\/www.correiobraziliense.com.br\/cbradar\/?p=30871"},"modified":"2025-05-01T18:40:37","modified_gmt":"2025-05-01T21:40:37","slug":"mudanca-no-inss-surpreende-aposentados-e-pensionistas-em-2025","status":"publish","type":"post","link":"https:\/\/www.correiobraziliense.com.br\/cbradar\/mudanca-no-inss-surpreende-aposentados-e-pensionistas-em-2025\/","title":{"rendered":"Mudan\u00e7a no INSS surpreende aposentados e pensionistas em 2025"},"content":{"rendered":"\n<p>Em 2025, o Instituto Nacional do Seguro Social (<strong>INSS<\/strong>) introduziu um novo sistema para a prova de vida, transformando a maneira como aposentados e pensionistas comprovam sua exist\u00eancia. Esta mudan\u00e7a busca simplificar o processo, eliminando a necessidade de visitas presenciais a ag\u00eancias, o que representa um al\u00edvio significativo para muitos, especialmente para os idosos. A moderniza\u00e7\u00e3o do sistema previdenci\u00e1rio \u00e9 uma resposta a pedidos antigos por mais acessibilidade e efici\u00eancia.<\/p>\n\n\n\n<p>O novo m\u00e9todo utiliza dados de diversas fontes oficiais para verificar automaticamente a exist\u00eancia dos benefici\u00e1rios. Essa abordagem visa minimizar a burocracia e evitar que pessoas sejam penalizadas por n\u00e3o conseguirem realizar a comprova\u00e7\u00e3o de vida de forma tradicional, segundo o site <a href=\"https:\/\/bmcnews.com.br\/2025\/04\/14\/idosos-comemoram-novo-modelo-de-prova-de-vida-mais-do-inss\/\" target=\"_blank\" rel=\"noreferrer noopener\">BM&amp;C News<\/a>.<\/p>\n\n\n\n<h2 class=\"wp-block-heading\">Quais s\u00e3o as novidades na prova de vida do INSS?<\/h2>\n\n\n\n<p>Desde o in\u00edcio de 2025, os benefici\u00e1rios do INSS n\u00e3o precisam mais realizar a prova de vida de forma presencial. O INSS agora considera automaticamente v\u00e1rias atividades registradas em sistemas governamentais como comprova\u00e7\u00e3o de vida. Entre essas atividades est\u00e3o:<\/p>\n\n\n\n<ul class=\"wp-block-list\">\n<li>Consultas m\u00e9dicas realizadas no SUS<\/li>\n\n\n\n<li>Registros de vacina\u00e7\u00e3o<\/li>\n\n\n\n<li>Participa\u00e7\u00e3o em elei\u00e7\u00f5es<\/li>\n\n\n\n<li>Atualiza\u00e7\u00f5es de cadastro em \u00f3rg\u00e3os governamentais<\/li>\n\n\n\n<li>Emiss\u00e3o de documentos oficiais, como passaporte ou carteira de identidade<\/li>\n<\/ul>\n\n\n\n<p>Com essa nova abordagem, o INSS assume a responsabilidade de verificar a atividade dos benefici\u00e1rios com base nesses registros. Se nenhuma atividade for detectada em um per\u00edodo de 10 meses ap\u00f3s o anivers\u00e1rio do benefici\u00e1rio, ele ser\u00e1 notificado para realizar a prova de vida.<\/p>\n\n\n\n<h2 class=\"wp-block-heading\">Como acompanhar o status da prova de vida do INSS?<\/h2>\n\n\n\n<p>Os benefici\u00e1rios podem verificar o status da sua prova de vida atrav\u00e9s dos canais oficiais, como o site e aplicativo <strong>Meu INSS<\/strong>, al\u00e9m da <strong>Central 135<\/strong>. Caso a prova de vida n\u00e3o seja confirmada automaticamente, o INSS notificar\u00e1 o <a href=\"https:\/\/www.correiobraziliense.com.br\/cbradar\/trabalho-em-feriados-agora-tem-novas-exigencias-e-consequencias\/\" target=\"_blank\" rel=\"noreferrer noopener\">benefici\u00e1rio<\/a> e oferecer\u00e1 op\u00e7\u00f5es para regulariza\u00e7\u00e3o. \u00c9 importante destacar que n\u00e3o haver\u00e1 bloqueio de pagamentos sem uma notifica\u00e7\u00e3o pr\u00e9via, proporcionando mais seguran\u00e7a aos benefici\u00e1rios.<\/p>\n\n\n<div class=\"wp-block-image\">\n<figure class=\"aligncenter size-large\"><img decoding=\"async\" width=\"1024\" height=\"576\" src=\"https:\/\/www.correiobraziliense.com.br\/cbradar\/wp-content\/uploads\/2025\/05\/inss_1746135483540-1024x576.jpg\" alt=\"Mudan\u00e7a no INSS surpreende aposentados e pensionistas em 2025\" class=\"wp-image-30876\" srcset=\"https:\/\/www.correiobraziliense.com.br\/cbradar\/wp-content\/uploads\/2025\/05\/inss_1746135483540-1024x576.jpg 1024w, https:\/\/www.correiobraziliense.com.br\/cbradar\/wp-content\/uploads\/2025\/05\/inss_1746135483540-300x169.jpg 300w, https:\/\/www.correiobraziliense.com.br\/cbradar\/wp-content\/uploads\/2025\/05\/inss_1746135483540-768x432.jpg 768w, https:\/\/www.correiobraziliense.com.br\/cbradar\/wp-content\/uploads\/2025\/05\/inss_1746135483540-750x422.jpg 750w, https:\/\/www.correiobraziliense.com.br\/cbradar\/wp-content\/uploads\/2025\/05\/inss_1746135483540-1140x641.jpg 1140w, https:\/\/www.correiobraziliense.com.br\/cbradar\/wp-content\/uploads\/2025\/05\/inss_1746135483540.jpg 1280w\" sizes=\"(max-width: 1024px) 100vw, 1024px\" \/><figcaption class=\"wp-element-caption\">INSS (Cr\u00e9ditos: depositphotos.com \/ LuisLimaJr)<\/figcaption><\/figure><\/div>\n\n\n<h2 class=\"wp-block-heading\">Benef\u00edcios para idosos e pessoas com mobilidade reduzida<\/h2>\n\n\n\n<p>O novo modelo de prova de vida traz um impacto positivo significativo para idosos e pessoas com dificuldades de mobilidade. Ao reduzir a necessidade de deslocamentos e filas, o sistema diminui o risco de fraudes e bloqueios indevidos, al\u00e9m de aumentar a efici\u00eancia administrativa do INSS. Essa mudan\u00e7a est\u00e1 em linha com a transforma\u00e7\u00e3o digital dos servi\u00e7os p\u00fablicos no Brasil, promovendo maior inclus\u00e3o e transpar\u00eancia.<\/p>\n\n\n\n<h2 class=\"wp-block-heading\">Onde obter informa\u00e7\u00f5es detalhadas?<\/h2>\n\n\n\n<p>Para informa\u00e7\u00f5es detalhadas sobre a nova prova de vida, os benefici\u00e1rios podem acessar o portal do INSS e a p\u00e1gina oficial da Ag\u00eancia Gov. Esses recursos oferecem orienta\u00e7\u00f5es atualizadas e garantem que todos os benefici\u00e1rios estejam informados sobre as novas regras e procedimentos.<\/p>\n","protected":false},"excerpt":{"rendered":"<p>Em 2025, o Instituto Nacional do Seguro Social (INSS) introduziu um novo sistema para a prova de vida, transformando a maneira como aposentados e pensionistas comprovam sua exist\u00eancia. Esta mudan\u00e7a busca simplificar o processo, eliminando a necessidade de visitas presenciais a ag\u00eancias, o que representa um al\u00edvio significativo para muitos, especialmente para os idosos. A [&hellip;]<\/p>\n","protected":false},"author":10,"featured_media":30872,"comment_status":"open","ping_status":"open","sticky":false,"template":"","format":"standard","meta":{"_yoast_wpseo_focuskw":"INSS","_yoast_wpseo_title":"","_yoast_wpseo_metadesc":"O INSS implementa novo modelo de prova de vida que dispensa a presen\u00e7a f\u00edsica. Veja como a mudan\u00e7a traz mais seguran\u00e7a e conforto.","jnews-multi-image_gallery":[],"jnews_single_post":{"format":"standard"},"jnews_primary_category":[],"jnews_social_meta":[],"jnews_override_counter":[],"footnotes":""},"categories":[128],"tags":[377,3975,3896],"class_list":["post-30871","post","type-post","status-publish","format-standard","has-post-thumbnail","hentry","category-economia","tag-inss","tag-mudancas","tag-prova-de-vida"],"yoast_head":"<!-- This site is optimized with the Yoast SEO plugin v24.6 - https:\/\/yoast.com\/wordpress\/plugins\/seo\/ -->\n<title>Mudan\u00e7a no INSS surpreende aposentados e pensionistas em 2025 - Correio Braziliense - Radar<\/title>\n<meta name=\"description\" content=\"O INSS implementa novo modelo de prova de vida que dispensa a presen\u00e7a f\u00edsica. Veja como a mudan\u00e7a traz mais seguran\u00e7a e conforto.\" \/>\n<meta name=\"robots\" content=\"index, follow, max-snippet:-1, max-image-preview:large, max-video-preview:-1\" \/>\n<link rel=\"canonical\" href=\"https:\/\/www.correiobraziliense.com.br\/cbradar\/mudanca-no-inss-surpreende-aposentados-e-pensionistas-em-2025\/\" \/>\n<meta property=\"og:locale\" content=\"pt_BR\" \/>\n<meta property=\"og:type\" content=\"article\" \/>\n<meta property=\"og:title\" content=\"Mudan\u00e7a no INSS surpreende aposentados e pensionistas em 2025 - Correio Braziliense - Radar\" \/>\n<meta property=\"og:description\" content=\"O INSS implementa novo modelo de prova de vida que dispensa a presen\u00e7a f\u00edsica. Veja como a mudan\u00e7a traz mais seguran\u00e7a e conforto.\" \/>\n<meta property=\"og:url\" content=\"https:\/\/www.correiobraziliense.com.br\/cbradar\/mudanca-no-inss-surpreende-aposentados-e-pensionistas-em-2025\/\" \/>\n<meta property=\"og:site_name\" content=\"Correio Braziliense - Radar\" \/>\n<meta property=\"article:published_time\" content=\"2025-05-01T22:15:00+00:00\" \/>\n<meta property=\"og:image\" content=\"https:\/\/www.correiobraziliense.com.br\/cbradar\/wp-content\/uploads\/2025\/05\/inss_1746135372516.jpg\" \/>\n\t<meta property=\"og:image:width\" content=\"1280\" \/>\n\t<meta property=\"og:image:height\" content=\"720\" \/>\n\t<meta property=\"og:image:type\" content=\"image\/jpeg\" \/>\n<meta name=\"author\" content=\"Patryck Rubim\" \/>\n<meta name=\"twitter:card\" content=\"summary_large_image\" \/>\n<meta name=\"twitter:label1\" content=\"Escrito por\" \/>\n\t<meta name=\"twitter:data1\" content=\"Patryck Rubim\" \/>\n\t<meta name=\"twitter:label2\" content=\"Est. tempo de leitura\" \/>\n\t<meta name=\"twitter:data2\" content=\"3 minutos\" \/>\n<!-- \/ Yoast SEO plugin. -->","yoast_head_json":{"title":"Mudan\u00e7a no INSS surpreende aposentados e pensionistas em 2025 - Correio Braziliense - Radar","description":"O INSS implementa novo modelo de prova de vida que dispensa a presen\u00e7a f\u00edsica. Veja como a mudan\u00e7a traz mais seguran\u00e7a e conforto.","robots":{"index":"index","follow":"follow","max-snippet":"max-snippet:-1","max-image-preview":"max-image-preview:large","max-video-preview":"max-video-preview:-1"},"canonical":"https:\/\/www.correiobraziliense.com.br\/cbradar\/mudanca-no-inss-surpreende-aposentados-e-pensionistas-em-2025\/","og_locale":"pt_BR","og_type":"article","og_title":"Mudan\u00e7a no INSS surpreende aposentados e pensionistas em 2025 - Correio Braziliense - Radar","og_description":"O INSS implementa novo modelo de prova de vida que dispensa a presen\u00e7a f\u00edsica. Veja como a mudan\u00e7a traz mais seguran\u00e7a e conforto.","og_url":"https:\/\/www.correiobraziliense.com.br\/cbradar\/mudanca-no-inss-surpreende-aposentados-e-pensionistas-em-2025\/","og_site_name":"Correio Braziliense - Radar","article_published_time":"2025-05-01T22:15:00+00:00","og_image":[{"width":1280,"height":720,"url":"https:\/\/www.correiobraziliense.com.br\/cbradar\/wp-content\/uploads\/2025\/05\/inss_1746135372516.jpg","type":"image\/jpeg"}],"author":"Patryck Rubim","twitter_card":"summary_large_image","twitter_misc":{"Escrito por":"Patryck Rubim","Est. tempo de leitura":"3 minutos"},"schema":{"@context":"https:\/\/schema.org","@graph":[{"@type":"WebPage","@id":"https:\/\/www.correiobraziliense.com.br\/cbradar\/mudanca-no-inss-surpreende-aposentados-e-pensionistas-em-2025\/","url":"https:\/\/www.correiobraziliense.com.br\/cbradar\/mudanca-no-inss-surpreende-aposentados-e-pensionistas-em-2025\/","name":"Mudan\u00e7a no INSS surpreende aposentados e pensionistas em 2025 - Correio Braziliense - Radar","isPartOf":{"@id":"https:\/\/www.correiobraziliense.com.br\/cbradar\/#website"},"primaryImageOfPage":{"@id":"https:\/\/www.correiobraziliense.com.br\/cbradar\/mudanca-no-inss-surpreende-aposentados-e-pensionistas-em-2025\/#primaryimage"},"image":{"@id":"https:\/\/www.correiobraziliense.com.br\/cbradar\/mudanca-no-inss-surpreende-aposentados-e-pensionistas-em-2025\/#primaryimage"},"thumbnailUrl":"https:\/\/www.correiobraziliense.com.br\/cbradar\/wp-content\/uploads\/2025\/05\/inss_1746135372516.jpg","datePublished":"2025-05-01T22:15:00+00:00","author":{"@id":"https:\/\/www.correiobraziliense.com.br\/cbradar\/#\/schema\/person\/0b5992d675b1f63c387b16a19dffbda7"},"description":"O INSS implementa novo modelo de prova de vida que dispensa a presen\u00e7a f\u00edsica. Veja como a mudan\u00e7a traz mais seguran\u00e7a e conforto.","breadcrumb":{"@id":"https:\/\/www.correiobraziliense.com.br\/cbradar\/mudanca-no-inss-surpreende-aposentados-e-pensionistas-em-2025\/#breadcrumb"},"inLanguage":"pt-BR","potentialAction":[{"@type":"ReadAction","target":["https:\/\/www.correiobraziliense.com.br\/cbradar\/mudanca-no-inss-surpreende-aposentados-e-pensionistas-em-2025\/"]}]},{"@type":"ImageObject","inLanguage":"pt-BR","@id":"https:\/\/www.correiobraziliense.com.br\/cbradar\/mudanca-no-inss-surpreende-aposentados-e-pensionistas-em-2025\/#primaryimage","url":"https:\/\/www.correiobraziliense.com.br\/cbradar\/wp-content\/uploads\/2025\/05\/inss_1746135372516.jpg","contentUrl":"https:\/\/www.correiobraziliense.com.br\/cbradar\/wp-content\/uploads\/2025\/05\/inss_1746135372516.jpg","width":1280,"height":720,"caption":"INSS (Cr\u00e9ditos: depositphotos.com \/ rmcarvalhobsb)"},{"@type":"BreadcrumbList","@id":"https:\/\/www.correiobraziliense.com.br\/cbradar\/mudanca-no-inss-surpreende-aposentados-e-pensionistas-em-2025\/#breadcrumb","itemListElement":[{"@type":"ListItem","position":1,"name":"In\u00edcio","item":"https:\/\/www.correiobraziliense.com.br\/cbradar\/"},{"@type":"ListItem","position":2,"name":"Mudan\u00e7a no INSS surpreende aposentados e pensionistas em 2025"}]},{"@type":"WebSite","@id":"https:\/\/www.correiobraziliense.com.br\/cbradar\/#website","url":"https:\/\/www.correiobraziliense.com.br\/cbradar\/","name":"Correio Braziliense - Radar","description":"Acompanhe as \u00faltimas not\u00edcias e fique bem informado sobre tudo o que acontece no Brasil e no mundo.","potentialAction":[{"@type":"SearchAction","target":{"@type":"EntryPoint","urlTemplate":"https:\/\/www.correiobraziliense.com.br\/cbradar\/?s={search_term_string}"},"query-input":{"@type":"PropertyValueSpecification","valueRequired":true,"valueName":"search_term_string"}}],"inLanguage":"pt-BR"},{"@type":"Person","@id":"https:\/\/www.correiobraziliense.com.br\/cbradar\/#\/schema\/person\/0b5992d675b1f63c387b16a19dffbda7","name":"Patryck Rubim","image":{"@type":"ImageObject","inLanguage":"pt-BR","@id":"https:\/\/www.correiobraziliense.com.br\/cbradar\/#\/schema\/person\/image\/","url":"https:\/\/secure.gravatar.com\/avatar\/570c7fb2898c0e2df0823196891bea88?s=96&d=mm&r=g","contentUrl":"https:\/\/secure.gravatar.com\/avatar\/570c7fb2898c0e2df0823196891bea88?s=96&d=mm&r=g","caption":"Patryck Rubim"},"sameAs":["https:\/\/www.correiobraziliense.com.br\/cbradar"],"url":"https:\/\/www.correiobraziliense.com.br\/cbradar\/author\/patryckmyth\/"}]}},"_links":{"self":[{"href":"https:\/\/www.correiobraziliense.com.br\/cbradar\/wp-json\/wp\/v2\/posts\/30871","targetHints":{"allow":["GET"]}}],"collection":[{"href":"https:\/\/www.correiobraziliense.com.br\/cbradar\/wp-json\/wp\/v2\/posts"}],"about":[{"href":"https:\/\/www.correiobraziliense.com.br\/cbradar\/wp-json\/wp\/v2\/types\/post"}],"author":[{"embeddable":true,"href":"https:\/\/www.correiobraziliense.com.br\/cbradar\/wp-json\/wp\/v2\/users\/10"}],"replies":[{"embeddable":true,"href":"https:\/\/www.correiobraziliense.com.br\/cbradar\/wp-json\/wp\/v2\/comments?post=30871"}],"version-history":[{"count":2,"href":"https:\/\/www.correiobraziliense.com.br\/cbradar\/wp-json\/wp\/v2\/posts\/30871\/revisions"}],"predecessor-version":[{"id":30878,"href":"https:\/\/www.correiobraziliense.com.br\/cbradar\/wp-json\/wp\/v2\/posts\/30871\/revisions\/30878"}],"wp:featuredmedia":[{"embeddable":true,"href":"https:\/\/www.correiobraziliense.com.br\/cbradar\/wp-json\/wp\/v2\/media\/30872"}],"wp:attachment":[{"href":"https:\/\/www.correiobraziliense.com.br\/cbradar\/wp-json\/wp\/v2\/media?parent=30871"}],"wp:term":[{"taxonomy":"category","embeddable":true,"href":"https:\/\/www.correiobraziliense.com.br\/cbradar\/wp-json\/wp\/v2\/categories?post=30871"},{"taxonomy":"post_tag","embeddable":true,"href":"https:\/\/www.correiobraziliense.com.br\/cbradar\/wp-json\/wp\/v2\/tags?post=30871"}],"curies":[{"name":"wp","href":"https:\/\/api.w.org\/{rel}","templated":true}]}}