{"id":31096,"date":"2025-05-03T22:50:00","date_gmt":"2025-05-04T01:50:00","guid":{"rendered":"https:\/\/www.correiobraziliense.com.br\/cbradar\/?p=31096"},"modified":"2025-05-02T17:12:01","modified_gmt":"2025-05-02T20:12:01","slug":"esse-vilarejo-em-santa-catarina-e-conhecido-pelo-silencio-absoluto-e-ar-puro","status":"publish","type":"post","link":"https:\/\/www.correiobraziliense.com.br\/cbradar\/esse-vilarejo-em-santa-catarina-e-conhecido-pelo-silencio-absoluto-e-ar-puro\/","title":{"rendered":"Esse vilarejo em Santa Catarina \u00e9 conhecido pelo sil\u00eancio absoluto e ar puro"},"content":{"rendered":"\n<p><strong>Santa Rosa de Lima<\/strong> \u00e9 um pequeno munic\u00edpio localizado no sul de <strong>Santa Catarina<\/strong>, na regi\u00e3o conhecida como <strong>Vale Europeu<\/strong>. Com pouco mais de 2 mil habitantes, a cidade se destaca pelo clima de sil\u00eancio absoluto, qualidade do ar e integra\u00e7\u00e3o com a natureza.<\/p>\n\n\n\n<p>O vilarejo est\u00e1 cercado por montanhas da Serra do Tabuleiro, vales verdes e rios de \u00e1guas limpas. A sensa\u00e7\u00e3o de isolamento e sossego \u00e9 refor\u00e7ada pela aus\u00eancia de tr\u00e2nsito, ru\u00eddos urbanos e aglomera\u00e7\u00f5es \u2014 tornando-se um verdadeiro ref\u00fagio para quem busca descanso e conex\u00e3o interior.<\/p>\n\n\n\n<h2 class=\"wp-block-heading\">Qualidade do ar e bem-estar natural<\/h2>\n\n\n\n<p>Santa Rosa de Lima est\u00e1 entre os munic\u00edpios com ar mais puro do Brasil, gra\u00e7as \u00e0 densa cobertura vegetal da regi\u00e3o, \u00e0 baixa circula\u00e7\u00e3o de ve\u00edculos e \u00e0 aus\u00eancia de ind\u00fastrias poluentes. O clima serrano, com noites frias e dias ensolarados, contribui ainda mais para o bem-estar dos moradores e visitantes.<\/p>\n\n\n\n<p>Muitos turistas relatam melhora imediata no sono, na respira\u00e7\u00e3o e na sensa\u00e7\u00e3o de relaxamento ap\u00f3s alguns dias na cidade. \u00c9 um lugar onde se escutam mais os sons dos p\u00e1ssaros e das \u00e1guas correntes do que qualquer outro ru\u00eddo.<\/p>\n\n\n\n<h2 class=\"wp-block-heading\">Estilo de vida simples e acolhedor<\/h2>\n\n\n\n<p>A economia local \u00e9 baseada na agricultura familiar, no turismo de experi\u00eancia e no ecoturismo. A cidade tem pousadas rurais, restaurantes de comida caseira e pequenos produtores de queijos, geleias, embutidos e produtos org\u00e2nicos.<\/p>\n\n\n\n<p>O ritmo de vida \u00e9 lento, as rela\u00e7\u00f5es s\u00e3o pr\u00f3ximas e o tempo parece seguir outro compasso. Moradores recebem visitantes com simpatia e gentileza, sempre prontos a compartilhar um caf\u00e9, uma hist\u00f3ria ou uma caminhada pelas trilhas da regi\u00e3o.<\/p>\n\n\n\n<figure class=\"wp-block-image size-large\"><img decoding=\"async\" width=\"1024\" height=\"576\" src=\"https:\/\/www.correiobraziliense.com.br\/cbradar\/wp-content\/uploads\/2025\/05\/Santa-Catarina_1746200172537-1024x576.jpg\" alt=\"Esse vilarejo em Santa Catarina \u00e9 conhecido pelo sil\u00eancio absoluto e ar puro\" class=\"wp-image-31098\" srcset=\"https:\/\/www.correiobraziliense.com.br\/cbradar\/wp-content\/uploads\/2025\/05\/Santa-Catarina_1746200172537-1024x576.jpg 1024w, https:\/\/www.correiobraziliense.com.br\/cbradar\/wp-content\/uploads\/2025\/05\/Santa-Catarina_1746200172537-300x169.jpg 300w, https:\/\/www.correiobraziliense.com.br\/cbradar\/wp-content\/uploads\/2025\/05\/Santa-Catarina_1746200172537-768x432.jpg 768w, https:\/\/www.correiobraziliense.com.br\/cbradar\/wp-content\/uploads\/2025\/05\/Santa-Catarina_1746200172537-750x422.jpg 750w, https:\/\/www.correiobraziliense.com.br\/cbradar\/wp-content\/uploads\/2025\/05\/Santa-Catarina_1746200172537-1140x641.jpg 1140w, https:\/\/www.correiobraziliense.com.br\/cbradar\/wp-content\/uploads\/2025\/05\/Santa-Catarina_1746200172537.jpg 1280w\" sizes=\"(max-width: 1024px) 100vw, 1024px\" \/><figcaption class=\"wp-element-caption\">Santa Catarina. Cr\u00e9ditos: depositphotos.com \/ paulobaqueta<\/figcaption><\/figure>\n\n\n\n<h2 class=\"wp-block-heading\">Gastronomia e turismo rural<\/h2>\n\n\n\n<p>A culin\u00e1ria de Santa Rosa de Lima valoriza ingredientes locais e preparos artesanais. Os pratos t\u00edpicos incluem galinha caipira, p\u00e3o caseiro, sopas, geleias e conservas feitas com produtos colhidos na pr\u00f3pria regi\u00e3o.<\/p>\n\n\n\n<p>Pousadas e s\u00edtios oferecem experi\u00eancias gastron\u00f4micas aut\u00eanticas, com refei\u00e7\u00f5es servidas em ambientes simples, rodeados por hortas, pomar e paisagens naturais. \u00c9 comum o visitante participar de oficinas, colheitas ou preparos tradicionais.<\/p>\n\n\n\n<h2 class=\"wp-block-heading\">Hospedagens em meio \u00e0 natureza<\/h2>\n\n\n\n<p>As pousadas em Santa Rosa de Lima s\u00e3o voltadas ao descanso profundo. Muitas est\u00e3o situadas em \u00e1reas afastadas do centro, com cabanas em madeira, lareiras, banheiras externas e vista para as montanhas. O sil\u00eancio e o c\u00e9u estrelado s\u00e3o parte da experi\u00eancia.<\/p>\n\n\n\n<p>Algumas hospedagens adotam pr\u00e1ticas de sustentabilidade, como uso de energia solar, reaproveitamento de \u00e1gua e alimenta\u00e7\u00e3o org\u00e2nica. \u00c9 um convite para viver dias mais simples, mas com grande profundidade e conforto.<\/p>\n\n\n\n<h2 class=\"wp-block-heading\">Curiosidades sobre Santa Rosa de Lima<\/h2>\n\n\n\n<ul class=\"wp-block-list\">\n<li>\u00c9 conhecida como \u201ccapital do turismo rural de Santa Catarina\u201d.<\/li>\n\n\n\n<li>Possui um dos melhores \u00edndices de qualidade do ar do Brasil.<\/li>\n\n\n\n<li>Tem forte influ\u00eancia da imigra\u00e7\u00e3o alem\u00e3 e austr\u00edaca.<\/li>\n\n\n\n<li>A cidade n\u00e3o possui sem\u00e1foros nem tr\u00e2nsito intenso.<\/li>\n\n\n\n<li>Fica a 150 km de Florian\u00f3polis e tem acesso por estrada c\u00eanica.<\/li>\n<\/ul>\n\n\n\n<h2 class=\"wp-block-heading\">Vale a pena visitar?<\/h2>\n\n\n\n<p>Sem d\u00favida. Santa Rosa de Lima \u00e9 o destino ideal para quem quer se desligar do estresse, descansar em sil\u00eancio e respirar fundo. O vilarejo oferece simplicidade, seguran\u00e7a e paisagens naturais que renovam corpo e mente.<\/p>\n\n\n\n<p>\u00c9 perfeito para retiros espirituais, casais que buscam paz ou qualquer pessoa que queira reconectar-se com o essencial em meio \u00e0 natureza preservada.<\/p>\n\n\n\n<h2 class=\"wp-block-heading\">Vale a pena morar?<\/h2>\n\n\n\n<p>Para quem busca um estilo de vida minimalista, com ar puro, rela\u00e7\u00f5es humanas mais pr\u00f3ximas e contato com a terra, Santa Rosa de Lima pode ser uma escolha encantadora. A cidade oferece tranquilidade, seguran\u00e7a e uma rotina desacelerada.<\/p>\n\n\n\n<p>Embora a estrutura seja b\u00e1sica, os servi\u00e7os essenciais funcionam bem, e a qualidade de vida est\u00e1 no cotidiano simples e aut\u00eantico. \u00c9 um lugar para viver com calma, prop\u00f3sito e integra\u00e7\u00e3o com a natureza.<\/p>\n","protected":false},"excerpt":{"rendered":"<p>Santa Rosa de Lima, no interior de Santa Catarina, oferece tranquilidade, natureza preservada e um estilo de vida conectado ao essencial.<\/p>\n","protected":false},"author":3,"featured_media":31097,"comment_status":"open","ping_status":"open","sticky":false,"template":"","format":"standard","meta":{"_yoast_wpseo_focuskw":"Santa Catarina sil\u00eancio","_yoast_wpseo_title":"%%title%%","_yoast_wpseo_metadesc":"Santa Rosa de Lima, no interior de Santa Catarina, oferece tranquilidade, natureza preservada e um estilo de vida conectado ao essencial.","jnews-multi-image_gallery":[],"jnews_single_post":{"format":"standard"},"jnews_primary_category":[],"jnews_social_meta":[],"jnews_override_counter":[],"footnotes":""},"categories":[108],"tags":[109],"class_list":["post-31096","post","type-post","status-publish","format-standard","has-post-thumbnail","hentry","category-cidades","tag-cidades"],"yoast_head":"<!-- This site is optimized with the Yoast SEO plugin v24.6 - https:\/\/yoast.com\/wordpress\/plugins\/seo\/ -->\n<title>Esse vilarejo em Santa Catarina \u00e9 conhecido pelo sil\u00eancio absoluto e ar puro<\/title>\n<meta name=\"description\" content=\"Santa Rosa de Lima, no interior de Santa Catarina, oferece tranquilidade, natureza preservada e um estilo de vida conectado ao essencial.\" \/>\n<meta name=\"robots\" content=\"index, follow, max-snippet:-1, max-image-preview:large, max-video-preview:-1\" \/>\n<link rel=\"canonical\" href=\"https:\/\/www.correiobraziliense.com.br\/cbradar\/esse-vilarejo-em-santa-catarina-e-conhecido-pelo-silencio-absoluto-e-ar-puro\/\" \/>\n<meta property=\"og:locale\" content=\"pt_BR\" \/>\n<meta property=\"og:type\" content=\"article\" \/>\n<meta property=\"og:title\" content=\"Esse vilarejo em Santa Catarina \u00e9 conhecido pelo sil\u00eancio absoluto e ar puro\" \/>\n<meta property=\"og:description\" content=\"Santa Rosa de Lima, no interior de Santa Catarina, oferece tranquilidade, natureza preservada e um estilo de vida conectado ao essencial.\" \/>\n<meta property=\"og:url\" content=\"https:\/\/www.correiobraziliense.com.br\/cbradar\/esse-vilarejo-em-santa-catarina-e-conhecido-pelo-silencio-absoluto-e-ar-puro\/\" \/>\n<meta property=\"og:site_name\" content=\"Correio Braziliense - Radar\" \/>\n<meta property=\"article:published_time\" content=\"2025-05-04T01:50:00+00:00\" \/>\n<meta property=\"og:image\" content=\"https:\/\/www.correiobraziliense.com.br\/cbradar\/wp-content\/uploads\/2025\/05\/Santa-Catarina_1746200148279.jpg\" \/>\n\t<meta property=\"og:image:width\" content=\"1280\" \/>\n\t<meta property=\"og:image:height\" content=\"720\" \/>\n\t<meta property=\"og:image:type\" content=\"image\/jpeg\" \/>\n<meta name=\"author\" content=\"Larissa Carvalho\" \/>\n<meta name=\"twitter:card\" content=\"summary_large_image\" \/>\n<meta name=\"twitter:label1\" content=\"Escrito por\" \/>\n\t<meta name=\"twitter:data1\" content=\"Larissa Carvalho\" \/>\n\t<meta name=\"twitter:label2\" content=\"Est. tempo de leitura\" \/>\n\t<meta name=\"twitter:data2\" content=\"4 minutos\" \/>\n<!-- \/ Yoast SEO plugin. -->","yoast_head_json":{"title":"Esse vilarejo em Santa Catarina \u00e9 conhecido pelo sil\u00eancio absoluto e ar puro","description":"Santa Rosa de Lima, no interior de Santa Catarina, oferece tranquilidade, natureza preservada e um estilo de vida conectado ao essencial.","robots":{"index":"index","follow":"follow","max-snippet":"max-snippet:-1","max-image-preview":"max-image-preview:large","max-video-preview":"max-video-preview:-1"},"canonical":"https:\/\/www.correiobraziliense.com.br\/cbradar\/esse-vilarejo-em-santa-catarina-e-conhecido-pelo-silencio-absoluto-e-ar-puro\/","og_locale":"pt_BR","og_type":"article","og_title":"Esse vilarejo em Santa Catarina \u00e9 conhecido pelo sil\u00eancio absoluto e ar puro","og_description":"Santa Rosa de Lima, no interior de Santa Catarina, oferece tranquilidade, natureza preservada e um estilo de vida conectado ao essencial.","og_url":"https:\/\/www.correiobraziliense.com.br\/cbradar\/esse-vilarejo-em-santa-catarina-e-conhecido-pelo-silencio-absoluto-e-ar-puro\/","og_site_name":"Correio Braziliense - Radar","article_published_time":"2025-05-04T01:50:00+00:00","og_image":[{"width":1280,"height":720,"url":"https:\/\/www.correiobraziliense.com.br\/cbradar\/wp-content\/uploads\/2025\/05\/Santa-Catarina_1746200148279.jpg","type":"image\/jpeg"}],"author":"Larissa Carvalho","twitter_card":"summary_large_image","twitter_misc":{"Escrito por":"Larissa Carvalho","Est. tempo de leitura":"4 minutos"},"schema":{"@context":"https:\/\/schema.org","@graph":[{"@type":"WebPage","@id":"https:\/\/www.correiobraziliense.com.br\/cbradar\/esse-vilarejo-em-santa-catarina-e-conhecido-pelo-silencio-absoluto-e-ar-puro\/","url":"https:\/\/www.correiobraziliense.com.br\/cbradar\/esse-vilarejo-em-santa-catarina-e-conhecido-pelo-silencio-absoluto-e-ar-puro\/","name":"Esse vilarejo em Santa Catarina \u00e9 conhecido pelo sil\u00eancio absoluto e ar puro","isPartOf":{"@id":"https:\/\/www.correiobraziliense.com.br\/cbradar\/#website"},"primaryImageOfPage":{"@id":"https:\/\/www.correiobraziliense.com.br\/cbradar\/esse-vilarejo-em-santa-catarina-e-conhecido-pelo-silencio-absoluto-e-ar-puro\/#primaryimage"},"image":{"@id":"https:\/\/www.correiobraziliense.com.br\/cbradar\/esse-vilarejo-em-santa-catarina-e-conhecido-pelo-silencio-absoluto-e-ar-puro\/#primaryimage"},"thumbnailUrl":"https:\/\/www.correiobraziliense.com.br\/cbradar\/wp-content\/uploads\/2025\/05\/Santa-Catarina_1746200148279.jpg","datePublished":"2025-05-04T01:50:00+00:00","author":{"@id":"https:\/\/www.correiobraziliense.com.br\/cbradar\/#\/schema\/person\/58422787644df994b53a19d3e56c1513"},"description":"Santa Rosa de Lima, no interior de Santa Catarina, oferece tranquilidade, natureza preservada e um estilo de vida conectado ao essencial.","breadcrumb":{"@id":"https:\/\/www.correiobraziliense.com.br\/cbradar\/esse-vilarejo-em-santa-catarina-e-conhecido-pelo-silencio-absoluto-e-ar-puro\/#breadcrumb"},"inLanguage":"pt-BR","potentialAction":[{"@type":"ReadAction","target":["https:\/\/www.correiobraziliense.com.br\/cbradar\/esse-vilarejo-em-santa-catarina-e-conhecido-pelo-silencio-absoluto-e-ar-puro\/"]}]},{"@type":"ImageObject","inLanguage":"pt-BR","@id":"https:\/\/www.correiobraziliense.com.br\/cbradar\/esse-vilarejo-em-santa-catarina-e-conhecido-pelo-silencio-absoluto-e-ar-puro\/#primaryimage","url":"https:\/\/www.correiobraziliense.com.br\/cbradar\/wp-content\/uploads\/2025\/05\/Santa-Catarina_1746200148279.jpg","contentUrl":"https:\/\/www.correiobraziliense.com.br\/cbradar\/wp-content\/uploads\/2025\/05\/Santa-Catarina_1746200148279.jpg","width":1280,"height":720,"caption":"Santa Catarina. Cr\u00e9ditos: depositphotos.com \/ SandroSalomon"},{"@type":"BreadcrumbList","@id":"https:\/\/www.correiobraziliense.com.br\/cbradar\/esse-vilarejo-em-santa-catarina-e-conhecido-pelo-silencio-absoluto-e-ar-puro\/#breadcrumb","itemListElement":[{"@type":"ListItem","position":1,"name":"In\u00edcio","item":"https:\/\/www.correiobraziliense.com.br\/cbradar\/"},{"@type":"ListItem","position":2,"name":"Esse vilarejo em Santa Catarina \u00e9 conhecido pelo sil\u00eancio absoluto e ar puro"}]},{"@type":"WebSite","@id":"https:\/\/www.correiobraziliense.com.br\/cbradar\/#website","url":"https:\/\/www.correiobraziliense.com.br\/cbradar\/","name":"Correio Braziliense - Radar","description":"Acompanhe as \u00faltimas not\u00edcias e fique bem informado sobre tudo o que acontece no Brasil e no mundo.","potentialAction":[{"@type":"SearchAction","target":{"@type":"EntryPoint","urlTemplate":"https:\/\/www.correiobraziliense.com.br\/cbradar\/?s={search_term_string}"},"query-input":{"@type":"PropertyValueSpecification","valueRequired":true,"valueName":"search_term_string"}}],"inLanguage":"pt-BR"},{"@type":"Person","@id":"https:\/\/www.correiobraziliense.com.br\/cbradar\/#\/schema\/person\/58422787644df994b53a19d3e56c1513","name":"Larissa Carvalho","image":{"@type":"ImageObject","inLanguage":"pt-BR","@id":"https:\/\/www.correiobraziliense.com.br\/cbradar\/#\/schema\/person\/image\/","url":"https:\/\/secure.gravatar.com\/avatar\/fe4f91a0de32b52a838d0d612abdc1aa?s=96&d=mm&r=g","contentUrl":"https:\/\/secure.gravatar.com\/avatar\/fe4f91a0de32b52a838d0d612abdc1aa?s=96&d=mm&r=g","caption":"Larissa Carvalho"},"url":"https:\/\/www.correiobraziliense.com.br\/cbradar\/author\/larissamyth\/"}]}},"_links":{"self":[{"href":"https:\/\/www.correiobraziliense.com.br\/cbradar\/wp-json\/wp\/v2\/posts\/31096","targetHints":{"allow":["GET"]}}],"collection":[{"href":"https:\/\/www.correiobraziliense.com.br\/cbradar\/wp-json\/wp\/v2\/posts"}],"about":[{"href":"https:\/\/www.correiobraziliense.com.br\/cbradar\/wp-json\/wp\/v2\/types\/post"}],"author":[{"embeddable":true,"href":"https:\/\/www.correiobraziliense.com.br\/cbradar\/wp-json\/wp\/v2\/users\/3"}],"replies":[{"embeddable":true,"href":"https:\/\/www.correiobraziliense.com.br\/cbradar\/wp-json\/wp\/v2\/comments?post=31096"}],"version-history":[{"count":1,"href":"https:\/\/www.correiobraziliense.com.br\/cbradar\/wp-json\/wp\/v2\/posts\/31096\/revisions"}],"predecessor-version":[{"id":31099,"href":"https:\/\/www.correiobraziliense.com.br\/cbradar\/wp-json\/wp\/v2\/posts\/31096\/revisions\/31099"}],"wp:featuredmedia":[{"embeddable":true,"href":"https:\/\/www.correiobraziliense.com.br\/cbradar\/wp-json\/wp\/v2\/media\/31097"}],"wp:attachment":[{"href":"https:\/\/www.correiobraziliense.com.br\/cbradar\/wp-json\/wp\/v2\/media?parent=31096"}],"wp:term":[{"taxonomy":"category","embeddable":true,"href":"https:\/\/www.correiobraziliense.com.br\/cbradar\/wp-json\/wp\/v2\/categories?post=31096"},{"taxonomy":"post_tag","embeddable":true,"href":"https:\/\/www.correiobraziliense.com.br\/cbradar\/wp-json\/wp\/v2\/tags?post=31096"}],"curies":[{"name":"wp","href":"https:\/\/api.w.org\/{rel}","templated":true}]}}