{"id":31100,"date":"2025-05-03T07:23:00","date_gmt":"2025-05-03T10:23:00","guid":{"rendered":"https:\/\/www.correiobraziliense.com.br\/cbradar\/?p=31100"},"modified":"2025-05-02T17:19:25","modified_gmt":"2025-05-02T20:19:25","slug":"o-romance-que-vai-te-emocionar-do-comeco-ao-fim","status":"publish","type":"post","link":"https:\/\/www.correiobraziliense.com.br\/cbradar\/o-romance-que-vai-te-emocionar-do-comeco-ao-fim\/","title":{"rendered":"O romance que vai te emocionar do come\u00e7o ao fim"},"content":{"rendered":"\n<p><strong>Como eu era antes de voc\u00ea<\/strong> \u00e9 um drama rom\u00e2ntico lan\u00e7ado em <strong>2016<\/strong>, baseado no livro de mesmo nome da escritora brit\u00e2nica <strong>Jojo Moyes<\/strong>, que tamb\u00e9m assina o roteiro da adapta\u00e7\u00e3o. Com dire\u00e7\u00e3o de <strong>Thea Sharrock<\/strong>, o filme \u00e9 protagonizado por <strong>Emilia Clarke<\/strong> e <strong>Sam Claflin<\/strong>, que d\u00e3o vida a uma hist\u00f3ria sobre amor, limites e escolhas dif\u00edceis.<\/p>\n\n\n\n<p>Delicado, comovente e inesperadamente divertido, <em>Como eu era antes de voc\u00ea<\/em> rapidamente conquistou o p\u00fablico ao mostrar que, \u00e0s vezes, o amor tamb\u00e9m significa deixar ir.<\/p>\n\n\n\n<h2 class=\"wp-block-heading\">Qual a hist\u00f3ria de Como eu era antes de voc\u00ea?<\/h2>\n\n\n\n<p>A trama acompanha <strong>Louisa Clark<\/strong>, uma jovem alegre, exc\u00eantrica e otimista que aceita um emprego como cuidadora de <strong>Will Traynor<\/strong>, um rico ex-banqueiro que ficou tetrapl\u00e9gico ap\u00f3s um acidente.<\/p>\n\n\n\n<p>Inicialmente c\u00ednico e distante, Will resiste \u00e0s tentativas de aproxima\u00e7\u00e3o de Louisa, mas aos poucos, a conviv\u00eancia entre os dois transforma suas rotinas \u2014 e suas vidas. Ela redescobre sua pr\u00f3pria for\u00e7a e sonhos, enquanto ele come\u00e7a a enxergar o mundo de outra forma.<\/p>\n\n\n\n<p>Mas h\u00e1 uma decis\u00e3o que Will j\u00e1 tomou sobre o futuro, e que Louisa tentar\u00e1 mudar \u2014 n\u00e3o com palavras, mas com afeto, risadas e presen\u00e7a verdadeira.<\/p>\n\n\n\n<figure class=\"wp-block-image size-large\"><img decoding=\"async\" width=\"1024\" height=\"576\" src=\"https:\/\/www.correiobraziliense.com.br\/cbradar\/wp-content\/uploads\/2025\/05\/Como-eu-era-antes-de-voce-1024x576.png\" alt=\"O romance que vai te emocionar do come\u00e7o ao fim\" class=\"wp-image-31102\" srcset=\"https:\/\/www.correiobraziliense.com.br\/cbradar\/wp-content\/uploads\/2025\/05\/Como-eu-era-antes-de-voce-1024x576.png 1024w, https:\/\/www.correiobraziliense.com.br\/cbradar\/wp-content\/uploads\/2025\/05\/Como-eu-era-antes-de-voce-300x169.png 300w, https:\/\/www.correiobraziliense.com.br\/cbradar\/wp-content\/uploads\/2025\/05\/Como-eu-era-antes-de-voce-768x432.png 768w, https:\/\/www.correiobraziliense.com.br\/cbradar\/wp-content\/uploads\/2025\/05\/Como-eu-era-antes-de-voce-750x422.png 750w, https:\/\/www.correiobraziliense.com.br\/cbradar\/wp-content\/uploads\/2025\/05\/Como-eu-era-antes-de-voce-1140x641.png 1140w, https:\/\/www.correiobraziliense.com.br\/cbradar\/wp-content\/uploads\/2025\/05\/Como-eu-era-antes-de-voce.png 1280w\" sizes=\"(max-width: 1024px) 100vw, 1024px\" \/><figcaption class=\"wp-element-caption\">Como eu era antes de voc\u00ea. Fonte: divulga\u00e7\u00e3o \/ Warner Bros<\/figcaption><\/figure>\n\n\n\n<h2 class=\"wp-block-heading\">Quais temas o filme Como eu era antes de voc\u00ea aborda?<\/h2>\n\n\n\n<p>Apesar do romance, <em>Como eu era antes de voc\u00ea<\/em> trata de temas s\u00e9rios e sens\u00edveis com leveza e respeito:<\/p>\n\n\n\n<ul class=\"wp-block-list\">\n<li>Autonomia e direito \u00e0 escolha;<\/li>\n\n\n\n<li>Limites da vida e da medicina;<\/li>\n\n\n\n<li>Amor, cuidado e empatia;<\/li>\n\n\n\n<li>Supera\u00e7\u00e3o emocional e autoconhecimento.<\/li>\n<\/ul>\n\n\n\n<p>A narrativa prop\u00f5e reflex\u00f5es profundas sobre viver com dignidade, aceitar as decis\u00f5es do outro e encontrar beleza mesmo em momentos de dor.<\/p>\n\n\n\n<h2 class=\"wp-block-heading\">Vale a pena assistir Como eu era antes de voc\u00ea?<\/h2>\n\n\n\n<p>Sim \u2014 e prepare os lencinhos. <em>Como eu era antes de voc\u00ea<\/em> \u00e9 um filme tocante, comovente e que deixa marcas em quem assiste. A qu\u00edmica entre <strong>Emilia Clarke<\/strong> e <strong>Sam Claflin<\/strong> \u00e9 irresist\u00edvel, trazendo um equil\u00edbrio entre humor e drama que mant\u00e9m o envolvimento at\u00e9 o fim.<\/p>\n\n\n\n<p>A trilha sonora, a dire\u00e7\u00e3o sens\u00edvel e os di\u00e1logos emocionantes fazem da experi\u00eancia algo intenso e memor\u00e1vel. \u00c9 uma excelente escolha para quem gosta de romances com profundidade e mensagens impactantes.<\/p>\n\n\n\n<p>Se voc\u00ea curte filmes como <em>A culpa \u00e9 das estrelas<\/em>, <em>P.S. Eu te amo<\/em> ou <em>Um amor para recordar<\/em>, essa hist\u00f3ria vai direto ao cora\u00e7\u00e3o.<\/p>\n\n\n\n<iframe loading=\"lazy\" width=\"560\" height=\"315\" src=\"https:\/\/www.youtube.com\/embed\/PnqUs3xiAVI?si=KkdDIZ7m9JKkLMJw\" title=\"YouTube video player\" frameborder=\"0\" allow=\"accelerometer; autoplay; clipboard-write; encrypted-media; gyroscope; picture-in-picture; web-share\" referrerpolicy=\"strict-origin-when-cross-origin\" allowfullscreen><\/iframe>\n\n\n\n<h2 class=\"wp-block-heading\">O que diferencia Como eu era antes de voc\u00ea de outros romances?<\/h2>\n\n\n\n<p>O diferencial est\u00e1 na abordagem madura de um tema controverso: a escolha sobre viver ou morrer quando n\u00e3o h\u00e1 mais esperan\u00e7a de melhora f\u00edsica. Diferente de muitas hist\u00f3rias rom\u00e2nticas que idealizam o amor, <em>Como eu era antes de voc\u00ea<\/em> mostra que o amor verdadeiro tamb\u00e9m respeita a vontade do outro \u2014 mesmo que isso traga dor.<\/p>\n\n\n\n<p>A protagonista, Louisa, tamb\u00e9m foge dos estere\u00f3tipos. Ela \u00e9 vibrante, cheia de estilo e com um senso de humor encantador, o que d\u00e1 leveza a uma hist\u00f3ria potencialmente tr\u00e1gica.<\/p>\n\n\n\n<h2 class=\"wp-block-heading\">FAQ &#8211; Perguntas Frequentes<\/h2>\n\n\n\n<ul class=\"wp-block-list\">\n<li><strong>Onde assistir?<\/strong><br><em>Como eu era antes de voc\u00ea<\/em> est\u00e1 dispon\u00edvel na <strong>HBO Max<\/strong> e para aluguel em plataformas como <strong>Amazon Prime Video<\/strong>, <strong>Apple TV<\/strong> e <strong>Google Play Filmes<\/strong>.<\/li>\n\n\n\n<li><strong>Quem est\u00e1 no elenco?<\/strong>\n<ul class=\"wp-block-list\">\n<li><strong>Emilia Clarke<\/strong> como Louisa Clark<\/li>\n\n\n\n<li><strong>Sam Claflin<\/strong> como Will Traynor<\/li>\n\n\n\n<li><strong>Janet McTeer<\/strong>, <strong>Charles Dance<\/strong>, <strong>Brendan Coyle<\/strong>, <strong>Matthew Lewis<\/strong>, entre outros.<\/li>\n<\/ul>\n<\/li>\n\n\n\n<li><strong>O filme \u00e9 baseado em um livro?<\/strong><br>Sim. \u00c9 baseado no romance hom\u00f4nimo de <strong>Jojo Moyes<\/strong>, lan\u00e7ado em 2012.<\/li>\n\n\n\n<li><strong>J\u00e1 acabou?<\/strong><br>Sim. O filme tem hist\u00f3ria fechada, mas o livro possui continua\u00e7\u00f5es liter\u00e1rias (<em>Depois de voc\u00ea<\/em> e <em>Ainda sou eu<\/em>), ainda n\u00e3o adaptadas para o cinema.<\/li>\n\n\n\n<li><strong>Qual o ano de lan\u00e7amento?<\/strong><br>O filme foi lan\u00e7ado em <strong>2016<\/strong>.<\/li>\n\n\n\n<li><strong>Quem produziu o filme?<\/strong><br>Produzido pela <strong>New Line Cinema<\/strong>, <strong>Metro-Goldwyn-Mayer<\/strong> e <strong>Sunswept Entertainment<\/strong>, com distribui\u00e7\u00e3o da <strong>Warner Bros. Pictures<\/strong>.<\/li>\n<\/ul>\n","protected":false},"excerpt":{"rendered":"<p>Como eu era antes de voc\u00ea emociona com uma hist\u00f3ria de amor improv\u00e1vel, escolhas dif\u00edceis e a import\u00e2ncia de viver plenamente cada momento.<\/p>\n","protected":false},"author":3,"featured_media":31101,"comment_status":"open","ping_status":"open","sticky":false,"template":"","format":"standard","meta":{"_yoast_wpseo_focuskw":"como eu era antes de voc\u00ea","_yoast_wpseo_title":"%%title%%","_yoast_wpseo_metadesc":"Como eu era antes de voc\u00ea emociona com uma hist\u00f3ria de amor improv\u00e1vel, escolhas dif\u00edceis e a import\u00e2ncia de viver plenamente cada momento.","jnews-multi-image_gallery":[],"jnews_single_post":{"format":"standard"},"jnews_primary_category":[],"jnews_social_meta":[],"jnews_override_counter":[],"footnotes":""},"categories":[140],"post_tag":[568],"class_list":["post-31100","post","type-post","status-publish","format-standard","has-post-thumbnail","hentry","category-entretenimento","tag-series-e-filmes"],"yoast_head":"<!-- This site is optimized with the Yoast SEO plugin v24.6 - https:\/\/yoast.com\/wordpress\/plugins\/seo\/ -->\n<title>O romance que vai te emocionar do come\u00e7o ao fim<\/title>\n<meta name=\"description\" content=\"Como eu era antes de voc\u00ea emociona com uma hist\u00f3ria de amor improv\u00e1vel, escolhas dif\u00edceis e a import\u00e2ncia de viver plenamente cada momento.\" \/>\n<meta name=\"robots\" content=\"index, follow, max-snippet:-1, max-image-preview:large, max-video-preview:-1\" \/>\n<link rel=\"canonical\" href=\"https:\/\/www.correiobraziliense.com.br\/cbradar\/o-romance-que-vai-te-emocionar-do-comeco-ao-fim\/\" \/>\n<meta property=\"og:locale\" content=\"pt_BR\" \/>\n<meta property=\"og:type\" content=\"article\" \/>\n<meta property=\"og:title\" content=\"O romance que vai te emocionar do come\u00e7o ao fim\" \/>\n<meta property=\"og:description\" content=\"Como eu era antes de voc\u00ea emociona com uma hist\u00f3ria de amor improv\u00e1vel, escolhas dif\u00edceis e a import\u00e2ncia de viver plenamente cada momento.\" \/>\n<meta property=\"og:url\" content=\"https:\/\/www.correiobraziliense.com.br\/cbradar\/o-romance-que-vai-te-emocionar-do-comeco-ao-fim\/\" \/>\n<meta property=\"og:site_name\" content=\"Correio Braziliense - Radar\" \/>\n<meta property=\"article:published_time\" content=\"2025-05-03T10:23:00+00:00\" \/>\n<meta property=\"og:image\" content=\"https:\/\/www.correiobraziliense.com.br\/cbradar\/wp-content\/uploads\/2025\/05\/Como-eu-era-antes-de-voce-2.png\" \/>\n\t<meta property=\"og:image:width\" content=\"1280\" \/>\n\t<meta property=\"og:image:height\" content=\"720\" \/>\n\t<meta property=\"og:image:type\" content=\"image\/png\" \/>\n<meta name=\"author\" content=\"Larissa Carvalho\" \/>\n<meta name=\"twitter:card\" content=\"summary_large_image\" \/>\n<meta name=\"twitter:label1\" content=\"Escrito por\" \/>\n\t<meta name=\"twitter:data1\" content=\"Larissa Carvalho\" \/>\n\t<meta name=\"twitter:label2\" content=\"Est. tempo de leitura\" \/>\n\t<meta name=\"twitter:data2\" content=\"4 minutos\" \/>\n<!-- \/ Yoast SEO plugin. -->","yoast_head_json":{"title":"O romance que vai te emocionar do come\u00e7o ao fim","description":"Como eu era antes de voc\u00ea emociona com uma hist\u00f3ria de amor improv\u00e1vel, escolhas dif\u00edceis e a import\u00e2ncia de viver plenamente cada momento.","robots":{"index":"index","follow":"follow","max-snippet":"max-snippet:-1","max-image-preview":"max-image-preview:large","max-video-preview":"max-video-preview:-1"},"canonical":"https:\/\/www.correiobraziliense.com.br\/cbradar\/o-romance-que-vai-te-emocionar-do-comeco-ao-fim\/","og_locale":"pt_BR","og_type":"article","og_title":"O romance que vai te emocionar do come\u00e7o ao fim","og_description":"Como eu era antes de voc\u00ea emociona com uma hist\u00f3ria de amor improv\u00e1vel, escolhas dif\u00edceis e a import\u00e2ncia de viver plenamente cada momento.","og_url":"https:\/\/www.correiobraziliense.com.br\/cbradar\/o-romance-que-vai-te-emocionar-do-comeco-ao-fim\/","og_site_name":"Correio Braziliense - Radar","article_published_time":"2025-05-03T10:23:00+00:00","og_image":[{"width":1280,"height":720,"url":"https:\/\/www.correiobraziliense.com.br\/cbradar\/wp-content\/uploads\/2025\/05\/Como-eu-era-antes-de-voce-2.png","type":"image\/png"}],"author":"Larissa Carvalho","twitter_card":"summary_large_image","twitter_misc":{"Escrito por":"Larissa Carvalho","Est. tempo de leitura":"4 minutos"},"schema":{"@context":"https:\/\/schema.org","@graph":[{"@type":"WebPage","@id":"https:\/\/www.correiobraziliense.com.br\/cbradar\/o-romance-que-vai-te-emocionar-do-comeco-ao-fim\/","url":"https:\/\/www.correiobraziliense.com.br\/cbradar\/o-romance-que-vai-te-emocionar-do-comeco-ao-fim\/","name":"O romance que vai te emocionar do come\u00e7o ao fim","isPartOf":{"@id":"https:\/\/www.correiobraziliense.com.br\/cbradar\/#website"},"primaryImageOfPage":{"@id":"https:\/\/www.correiobraziliense.com.br\/cbradar\/o-romance-que-vai-te-emocionar-do-comeco-ao-fim\/#primaryimage"},"image":{"@id":"https:\/\/www.correiobraziliense.com.br\/cbradar\/o-romance-que-vai-te-emocionar-do-comeco-ao-fim\/#primaryimage"},"thumbnailUrl":"https:\/\/www.correiobraziliense.com.br\/cbradar\/wp-content\/uploads\/2025\/05\/Como-eu-era-antes-de-voce-2.png","datePublished":"2025-05-03T10:23:00+00:00","author":{"@id":"https:\/\/www.correiobraziliense.com.br\/cbradar\/#\/schema\/person\/58422787644df994b53a19d3e56c1513"},"description":"Como eu era antes de voc\u00ea emociona com uma hist\u00f3ria de amor improv\u00e1vel, escolhas dif\u00edceis e a import\u00e2ncia de viver plenamente cada momento.","breadcrumb":{"@id":"https:\/\/www.correiobraziliense.com.br\/cbradar\/o-romance-que-vai-te-emocionar-do-comeco-ao-fim\/#breadcrumb"},"inLanguage":"pt-BR","potentialAction":[{"@type":"ReadAction","target":["https:\/\/www.correiobraziliense.com.br\/cbradar\/o-romance-que-vai-te-emocionar-do-comeco-ao-fim\/"]}]},{"@type":"ImageObject","inLanguage":"pt-BR","@id":"https:\/\/www.correiobraziliense.com.br\/cbradar\/o-romance-que-vai-te-emocionar-do-comeco-ao-fim\/#primaryimage","url":"https:\/\/www.correiobraziliense.com.br\/cbradar\/wp-content\/uploads\/2025\/05\/Como-eu-era-antes-de-voce-2.png","contentUrl":"https:\/\/www.correiobraziliense.com.br\/cbradar\/wp-content\/uploads\/2025\/05\/Como-eu-era-antes-de-voce-2.png","width":1280,"height":720,"caption":"Como eu era antes de voc\u00ea. Fonte: divulga\u00e7\u00e3o \/ Warner Bros"},{"@type":"BreadcrumbList","@id":"https:\/\/www.correiobraziliense.com.br\/cbradar\/o-romance-que-vai-te-emocionar-do-comeco-ao-fim\/#breadcrumb","itemListElement":[{"@type":"ListItem","position":1,"name":"In\u00edcio","item":"https:\/\/www.correiobraziliense.com.br\/cbradar\/"},{"@type":"ListItem","position":2,"name":"O romance que vai te emocionar do come\u00e7o ao fim"}]},{"@type":"WebSite","@id":"https:\/\/www.correiobraziliense.com.br\/cbradar\/#website","url":"https:\/\/www.correiobraziliense.com.br\/cbradar\/","name":"Correio Braziliense - Radar","description":"Acompanhe as \u00faltimas not\u00edcias e fique bem informado sobre tudo o que acontece no Brasil e no mundo.","potentialAction":[{"@type":"SearchAction","target":{"@type":"EntryPoint","urlTemplate":"https:\/\/www.correiobraziliense.com.br\/cbradar\/?s={search_term_string}"},"query-input":{"@type":"PropertyValueSpecification","valueRequired":true,"valueName":"search_term_string"}}],"inLanguage":"pt-BR"},{"@type":"Person","@id":"https:\/\/www.correiobraziliense.com.br\/cbradar\/#\/schema\/person\/58422787644df994b53a19d3e56c1513","name":"Larissa Carvalho","image":{"@type":"ImageObject","inLanguage":"pt-BR","@id":"https:\/\/www.correiobraziliense.com.br\/cbradar\/#\/schema\/person\/image\/","url":"https:\/\/secure.gravatar.com\/avatar\/fe4f91a0de32b52a838d0d612abdc1aa?s=96&d=mm&r=g","contentUrl":"https:\/\/secure.gravatar.com\/avatar\/fe4f91a0de32b52a838d0d612abdc1aa?s=96&d=mm&r=g","caption":"Larissa Carvalho"},"url":"https:\/\/www.correiobraziliense.com.br\/cbradar\/author\/larissamyth\/"}]}},"_links":{"self":[{"href":"https:\/\/www.correiobraziliense.com.br\/cbradar\/wp-json\/wp\/v2\/posts\/31100","targetHints":{"allow":["GET"]}}],"collection":[{"href":"https:\/\/www.correiobraziliense.com.br\/cbradar\/wp-json\/wp\/v2\/posts"}],"about":[{"href":"https:\/\/www.correiobraziliense.com.br\/cbradar\/wp-json\/wp\/v2\/types\/post"}],"author":[{"embeddable":true,"href":"https:\/\/www.correiobraziliense.com.br\/cbradar\/wp-json\/wp\/v2\/users\/3"}],"replies":[{"embeddable":true,"href":"https:\/\/www.correiobraziliense.com.br\/cbradar\/wp-json\/wp\/v2\/comments?post=31100"}],"version-history":[{"count":1,"href":"https:\/\/www.correiobraziliense.com.br\/cbradar\/wp-json\/wp\/v2\/posts\/31100\/revisions"}],"predecessor-version":[{"id":31103,"href":"https:\/\/www.correiobraziliense.com.br\/cbradar\/wp-json\/wp\/v2\/posts\/31100\/revisions\/31103"}],"wp:featuredmedia":[{"embeddable":true,"href":"https:\/\/www.correiobraziliense.com.br\/cbradar\/wp-json\/wp\/v2\/media\/31101"}],"wp:attachment":[{"href":"https:\/\/www.correiobraziliense.com.br\/cbradar\/wp-json\/wp\/v2\/media?parent=31100"}],"wp:term":[{"taxonomy":"category","embeddable":true,"href":"https:\/\/www.correiobraziliense.com.br\/cbradar\/wp-json\/wp\/v2\/categories?post=31100"},{"taxonomy":"post_tag","embeddable":true,"href":"https:\/\/www.correiobraziliense.com.br\/cbradar\/wp-json\/wp\/v2\/post_tag?post=31100"}],"curies":[{"name":"wp","href":"https:\/\/api.w.org\/{rel}","templated":true}]}}