{"id":31113,"date":"2025-05-03T12:50:00","date_gmt":"2025-05-03T15:50:00","guid":{"rendered":"https:\/\/www.correiobraziliense.com.br\/cbradar\/?p=31113"},"modified":"2025-05-02T17:17:09","modified_gmt":"2025-05-02T20:17:09","slug":"com-brasileiros-veja-lista-dos-bilionarios-mais-ricos-da-america-do-sul-em-2025","status":"publish","type":"post","link":"https:\/\/www.correiobraziliense.com.br\/cbradar\/com-brasileiros-veja-lista-dos-bilionarios-mais-ricos-da-america-do-sul-em-2025\/","title":{"rendered":"Com brasileiros, veja lista dos bilion\u00e1rios mais ricos da Am\u00e9rica do Sul em 2025"},"content":{"rendered":"\n<p>Em 2025, a lista dos indiv\u00edduos mais ricos da <strong>Am\u00e9rica do Sul <\/strong>\u00e9 liderada por <strong>Eduardo Saverin<\/strong>, cofundador do <strong>Facebook<\/strong>, com uma fortuna de US$ 29,8 bilh\u00f5es. Este grupo seleto de bilion\u00e1rios, que inclui personalidades do <strong>Brasil<\/strong>, <strong>Chile <\/strong>e <strong>Col\u00f4mbia<\/strong>, possui um patrim\u00f4nio combinado de US$ 108,4 bilh\u00f5es. A seguir, exploramos os detalhes sobre as cinco pessoas mais ricas da regi\u00e3o, suas origens e os setores em que atuam.<\/p>\n\n\n\n<p>O segundo lugar \u00e9 ocupado por <strong>Iris Fontbona<\/strong> e sua fam\u00edlia, do <strong>Chile<\/strong>, com uma fortuna de US$ 27,2 bilh\u00f5es. Tr\u00eas dos cinco bilion\u00e1rios mais ricos s\u00e3o brasileiros, destacando a presen\u00e7a significativa do pa\u00eds na economia sul-americana. A lista revela a diversidade de setores que contribu\u00edram para a acumula\u00e7\u00e3o de riqueza, desde tecnologia e minera\u00e7\u00e3o at\u00e9 bancos e bebidas.<\/p>\n\n\n\n<h2 class=\"wp-block-heading\"><strong>Quem \u00e9 Eduardo Saverin?<\/strong><\/h2>\n\n\n\n<p><strong>Eduardo Saverin<\/strong>\u00a0\u00e9 um dos cofundadores do <strong>Facebook<\/strong>, a gigante das redes sociais que transformou a forma como as pessoas se conectam globalmente. Nascido em <strong>S\u00e3o Paulo<\/strong>, Brasil, Saverin mudou-se para Cingapura em 2012, onde continua a expandir seus investimentos atrav\u00e9s da B Capital, uma empresa focada em startups inovadoras. Sua fortuna, estimada em US$ 29,8 bilh\u00f5es, \u00e9 principalmente derivada de sua participa\u00e7\u00e3o inicial no Facebook.<\/p>\n\n\n\n<figure class=\"wp-block-image size-large\"><img decoding=\"async\" width=\"1024\" height=\"576\" src=\"https:\/\/www.correiobraziliense.com.br\/cbradar\/wp-content\/uploads\/2025\/05\/dinheiro_1746214602200-1024x576.jpg\" alt=\"Com brasileiros, veja lista dos bilion\u00e1rios mais ricos da Am\u00e9rica do Sul em 2025\" class=\"wp-image-31238\" srcset=\"https:\/\/www.correiobraziliense.com.br\/cbradar\/wp-content\/uploads\/2025\/05\/dinheiro_1746214602200-1024x576.jpg 1024w, https:\/\/www.correiobraziliense.com.br\/cbradar\/wp-content\/uploads\/2025\/05\/dinheiro_1746214602200-300x169.jpg 300w, https:\/\/www.correiobraziliense.com.br\/cbradar\/wp-content\/uploads\/2025\/05\/dinheiro_1746214602200-768x432.jpg 768w, https:\/\/www.correiobraziliense.com.br\/cbradar\/wp-content\/uploads\/2025\/05\/dinheiro_1746214602200-750x422.jpg 750w, https:\/\/www.correiobraziliense.com.br\/cbradar\/wp-content\/uploads\/2025\/05\/dinheiro_1746214602200-1140x641.jpg 1140w, https:\/\/www.correiobraziliense.com.br\/cbradar\/wp-content\/uploads\/2025\/05\/dinheiro_1746214602200.jpg 1280w\" sizes=\"(max-width: 1024px) 100vw, 1024px\" \/><figcaption class=\"wp-element-caption\">dinheiro. Cr\u00e9ditos: depositphotos.com \/ AntonMatyukha<\/figcaption><\/figure>\n\n\n\n<h2 class=\"wp-block-heading\"><strong>Qual \u00e9 o legado de Iris Fontbona no Chile?<\/strong><\/h2>\n\n\n\n<p><strong>Iris Fontbona<\/strong>&nbsp;\u00e9 a vi\u00fava de Andr\u00f3nico Luksic, um magnata chileno que faleceu em 2005. Ela e seus filhos herdaram um imp\u00e9rio que inclui a Antofagasta Plc, uma das maiores mineradoras de cobre do mundo. Al\u00e9m disso, a fam\u00edlia controla o conglomerado Qui\u00f1enco, que possui interesses em setores como banc\u00e1rio, de bebidas e transportes. Com um patrim\u00f4nio de US$ 27,2 bilh\u00f5es, Iris Fontbona \u00e9 uma figura central na economia chilena.<\/p>\n\n\n\n<h2 class=\"wp-block-heading\"><strong>Quem s\u00e3o os outros bilion\u00e1rios not\u00e1veis da regi\u00e3o?<\/strong><\/h2>\n\n\n\n<ul class=\"wp-block-list\">\n<li><strong>Vicky Safra<\/strong>&nbsp;e sua fam\u00edlia, com uma fortuna de US$ 22,1 bilh\u00f5es, s\u00e3o herdeiros do legado de Joseph Safra, um dos banqueiros mais influentes do Brasil. A fam\u00edlia possui o Banco Safra no Brasil, al\u00e9m de institui\u00e7\u00f5es financeiras na Su\u00ed\u00e7a e nos Estados Unidos.<\/li>\n\n\n\n<li><strong>Jorge Paulo Lemann<\/strong>&nbsp;e sua fam\u00edlia t\u00eam um patrim\u00f4nio de US$ 17,3 bilh\u00f5es. Lemann \u00e9 conhecido por sua participa\u00e7\u00e3o na Anheuser-Busch InBev, a maior cervejaria do mundo, e por liderar o fundo de investimentos 3G Capital, que possui participa\u00e7\u00f5es em empresas como Burger King e Kraft Heinz.<\/li>\n\n\n\n<li><strong>David V\u00e9lez<\/strong>, com US$ 12 bilh\u00f5es, \u00e9 o cofundador e CEO do Nubank, um banco digital que revolucionou o setor banc\u00e1rio na Am\u00e9rica Latina, atendendo milh\u00f5es de clientes no Brasil, M\u00e9xico e Col\u00f4mbia.<\/li>\n<\/ul>\n\n\n\n<h2 class=\"wp-block-heading\"><strong>Como esses bilion\u00e1rios impactam a economia sul-americana?<\/strong><\/h2>\n\n\n\n<p>Os bilion\u00e1rios da Am\u00e9rica do Sul desempenham um papel crucial na economia da regi\u00e3o. Suas empresas geram milhares de empregos e impulsionam o desenvolvimento econ\u00f4mico em diversos setores. A presen\u00e7a de gigantes como o Facebook, Anheuser-Busch InBev e Nubank ilustra a influ\u00eancia global que esses empres\u00e1rios exercem. Al\u00e9m disso, seus investimentos em inova\u00e7\u00e3o e tecnologia ajudam a posicionar a Am\u00e9rica do Sul como um player importante no cen\u00e1rio econ\u00f4mico mundial.<\/p>\n\n\n\n<p>Em resumo, a lista dos bilion\u00e1rios mais ricos da Am\u00e9rica do Sul em 2025 destaca a diversidade de setores que impulsionam a economia da regi\u00e3o. De tecnologia a minera\u00e7\u00e3o, esses indiv\u00edduos n\u00e3o apenas acumulam riqueza, mas tamb\u00e9m contribuem significativamente para o crescimento econ\u00f4mico e a inova\u00e7\u00e3o em seus respectivos pa\u00edses.<\/p>\n","protected":false},"excerpt":{"rendered":"<p>Conhe\u00e7a os bilion\u00e1rios mais ricos da Am\u00e9rica do Sul em 2025, seus patrim\u00f4nios, sectors de atua\u00e7\u00e3o e impacto na economia regional.<\/p>\n","protected":false},"author":3,"featured_media":31237,"comment_status":"open","ping_status":"open","sticky":false,"template":"","format":"standard","meta":{"_yoast_wpseo_focuskw":"Os Bilion\u00e1rios Mais Ricos","_yoast_wpseo_title":"%%title%%","_yoast_wpseo_metadesc":"Conhe\u00e7a os bilion\u00e1rios mais ricos da Am\u00e9rica do Sul em 2025, seus patrim\u00f4nios, sectors de atua\u00e7\u00e3o e impacto na economia regional.","jnews-multi-image_gallery":[],"jnews_single_post":{"format":"standard"},"jnews_primary_category":[],"jnews_social_meta":[],"jnews_override_counter":[],"footnotes":""},"categories":[112],"post_tag":[1093,343],"class_list":["post-31113","post","type-post","status-publish","format-standard","has-post-thumbnail","hentry","category-curiosidades","tag-bilionarios","tag-fortuna"],"yoast_head":"<!-- This site is optimized with the Yoast SEO plugin v24.6 - https:\/\/yoast.com\/wordpress\/plugins\/seo\/ -->\n<title>Com brasileiros, veja lista dos bilion\u00e1rios mais ricos da Am\u00e9rica do Sul em 2025<\/title>\n<meta name=\"description\" content=\"Conhe\u00e7a os bilion\u00e1rios mais ricos da Am\u00e9rica do Sul em 2025, seus patrim\u00f4nios, sectors de atua\u00e7\u00e3o e impacto na economia regional.\" \/>\n<meta name=\"robots\" content=\"index, follow, max-snippet:-1, max-image-preview:large, max-video-preview:-1\" \/>\n<link rel=\"canonical\" href=\"https:\/\/www.correiobraziliense.com.br\/cbradar\/com-brasileiros-veja-lista-dos-bilionarios-mais-ricos-da-america-do-sul-em-2025\/\" \/>\n<meta property=\"og:locale\" content=\"pt_BR\" \/>\n<meta property=\"og:type\" content=\"article\" \/>\n<meta property=\"og:title\" content=\"Com brasileiros, veja lista dos bilion\u00e1rios mais ricos da Am\u00e9rica do Sul em 2025\" \/>\n<meta property=\"og:description\" content=\"Conhe\u00e7a os bilion\u00e1rios mais ricos da Am\u00e9rica do Sul em 2025, seus patrim\u00f4nios, sectors de atua\u00e7\u00e3o e impacto na economia regional.\" \/>\n<meta property=\"og:url\" content=\"https:\/\/www.correiobraziliense.com.br\/cbradar\/com-brasileiros-veja-lista-dos-bilionarios-mais-ricos-da-america-do-sul-em-2025\/\" \/>\n<meta property=\"og:site_name\" content=\"Correio Braziliense - Radar\" \/>\n<meta property=\"article:published_time\" content=\"2025-05-03T15:50:00+00:00\" \/>\n<meta property=\"og:image\" content=\"https:\/\/www.correiobraziliense.com.br\/cbradar\/wp-content\/uploads\/2025\/05\/dinheiro_1746214537100.jpg\" \/>\n\t<meta property=\"og:image:width\" content=\"1280\" \/>\n\t<meta property=\"og:image:height\" content=\"720\" \/>\n\t<meta property=\"og:image:type\" content=\"image\/jpeg\" \/>\n<meta name=\"author\" content=\"Larissa Carvalho\" \/>\n<meta name=\"twitter:card\" content=\"summary_large_image\" \/>\n<meta name=\"twitter:label1\" content=\"Escrito por\" \/>\n\t<meta name=\"twitter:data1\" content=\"Larissa Carvalho\" \/>\n\t<meta name=\"twitter:label2\" content=\"Est. tempo de leitura\" \/>\n\t<meta name=\"twitter:data2\" content=\"4 minutos\" \/>\n<!-- \/ Yoast SEO plugin. -->","yoast_head_json":{"title":"Com brasileiros, veja lista dos bilion\u00e1rios mais ricos da Am\u00e9rica do Sul em 2025","description":"Conhe\u00e7a os bilion\u00e1rios mais ricos da Am\u00e9rica do Sul em 2025, seus patrim\u00f4nios, sectors de atua\u00e7\u00e3o e impacto na economia regional.","robots":{"index":"index","follow":"follow","max-snippet":"max-snippet:-1","max-image-preview":"max-image-preview:large","max-video-preview":"max-video-preview:-1"},"canonical":"https:\/\/www.correiobraziliense.com.br\/cbradar\/com-brasileiros-veja-lista-dos-bilionarios-mais-ricos-da-america-do-sul-em-2025\/","og_locale":"pt_BR","og_type":"article","og_title":"Com brasileiros, veja lista dos bilion\u00e1rios mais ricos da Am\u00e9rica do Sul em 2025","og_description":"Conhe\u00e7a os bilion\u00e1rios mais ricos da Am\u00e9rica do Sul em 2025, seus patrim\u00f4nios, sectors de atua\u00e7\u00e3o e impacto na economia regional.","og_url":"https:\/\/www.correiobraziliense.com.br\/cbradar\/com-brasileiros-veja-lista-dos-bilionarios-mais-ricos-da-america-do-sul-em-2025\/","og_site_name":"Correio Braziliense - Radar","article_published_time":"2025-05-03T15:50:00+00:00","og_image":[{"width":1280,"height":720,"url":"https:\/\/www.correiobraziliense.com.br\/cbradar\/wp-content\/uploads\/2025\/05\/dinheiro_1746214537100.jpg","type":"image\/jpeg"}],"author":"Larissa Carvalho","twitter_card":"summary_large_image","twitter_misc":{"Escrito por":"Larissa Carvalho","Est. tempo de leitura":"4 minutos"},"schema":{"@context":"https:\/\/schema.org","@graph":[{"@type":"WebPage","@id":"https:\/\/www.correiobraziliense.com.br\/cbradar\/com-brasileiros-veja-lista-dos-bilionarios-mais-ricos-da-america-do-sul-em-2025\/","url":"https:\/\/www.correiobraziliense.com.br\/cbradar\/com-brasileiros-veja-lista-dos-bilionarios-mais-ricos-da-america-do-sul-em-2025\/","name":"Com brasileiros, veja lista dos bilion\u00e1rios mais ricos da Am\u00e9rica do Sul em 2025","isPartOf":{"@id":"https:\/\/www.correiobraziliense.com.br\/cbradar\/#website"},"primaryImageOfPage":{"@id":"https:\/\/www.correiobraziliense.com.br\/cbradar\/com-brasileiros-veja-lista-dos-bilionarios-mais-ricos-da-america-do-sul-em-2025\/#primaryimage"},"image":{"@id":"https:\/\/www.correiobraziliense.com.br\/cbradar\/com-brasileiros-veja-lista-dos-bilionarios-mais-ricos-da-america-do-sul-em-2025\/#primaryimage"},"thumbnailUrl":"https:\/\/www.correiobraziliense.com.br\/cbradar\/wp-content\/uploads\/2025\/05\/dinheiro_1746214537100.jpg","datePublished":"2025-05-03T15:50:00+00:00","author":{"@id":"https:\/\/www.correiobraziliense.com.br\/cbradar\/#\/schema\/person\/58422787644df994b53a19d3e56c1513"},"description":"Conhe\u00e7a os bilion\u00e1rios mais ricos da Am\u00e9rica do Sul em 2025, seus patrim\u00f4nios, sectors de atua\u00e7\u00e3o e impacto na economia regional.","breadcrumb":{"@id":"https:\/\/www.correiobraziliense.com.br\/cbradar\/com-brasileiros-veja-lista-dos-bilionarios-mais-ricos-da-america-do-sul-em-2025\/#breadcrumb"},"inLanguage":"pt-BR","potentialAction":[{"@type":"ReadAction","target":["https:\/\/www.correiobraziliense.com.br\/cbradar\/com-brasileiros-veja-lista-dos-bilionarios-mais-ricos-da-america-do-sul-em-2025\/"]}]},{"@type":"ImageObject","inLanguage":"pt-BR","@id":"https:\/\/www.correiobraziliense.com.br\/cbradar\/com-brasileiros-veja-lista-dos-bilionarios-mais-ricos-da-america-do-sul-em-2025\/#primaryimage","url":"https:\/\/www.correiobraziliense.com.br\/cbradar\/wp-content\/uploads\/2025\/05\/dinheiro_1746214537100.jpg","contentUrl":"https:\/\/www.correiobraziliense.com.br\/cbradar\/wp-content\/uploads\/2025\/05\/dinheiro_1746214537100.jpg","width":1280,"height":720,"caption":"dinheiro. Cr\u00e9ditos: depositphotos.com \/ HayDmitriy"},{"@type":"BreadcrumbList","@id":"https:\/\/www.correiobraziliense.com.br\/cbradar\/com-brasileiros-veja-lista-dos-bilionarios-mais-ricos-da-america-do-sul-em-2025\/#breadcrumb","itemListElement":[{"@type":"ListItem","position":1,"name":"In\u00edcio","item":"https:\/\/www.correiobraziliense.com.br\/cbradar\/"},{"@type":"ListItem","position":2,"name":"Com brasileiros, veja lista dos bilion\u00e1rios mais ricos da Am\u00e9rica do Sul em 2025"}]},{"@type":"WebSite","@id":"https:\/\/www.correiobraziliense.com.br\/cbradar\/#website","url":"https:\/\/www.correiobraziliense.com.br\/cbradar\/","name":"Correio Braziliense - Radar","description":"Acompanhe as \u00faltimas not\u00edcias e fique bem informado sobre tudo o que acontece no Brasil e no mundo.","potentialAction":[{"@type":"SearchAction","target":{"@type":"EntryPoint","urlTemplate":"https:\/\/www.correiobraziliense.com.br\/cbradar\/?s={search_term_string}"},"query-input":{"@type":"PropertyValueSpecification","valueRequired":true,"valueName":"search_term_string"}}],"inLanguage":"pt-BR"},{"@type":"Person","@id":"https:\/\/www.correiobraziliense.com.br\/cbradar\/#\/schema\/person\/58422787644df994b53a19d3e56c1513","name":"Larissa Carvalho","image":{"@type":"ImageObject","inLanguage":"pt-BR","@id":"https:\/\/www.correiobraziliense.com.br\/cbradar\/#\/schema\/person\/image\/","url":"https:\/\/secure.gravatar.com\/avatar\/fe4f91a0de32b52a838d0d612abdc1aa?s=96&d=mm&r=g","contentUrl":"https:\/\/secure.gravatar.com\/avatar\/fe4f91a0de32b52a838d0d612abdc1aa?s=96&d=mm&r=g","caption":"Larissa Carvalho"},"url":"https:\/\/www.correiobraziliense.com.br\/cbradar\/author\/larissamyth\/"}]}},"_links":{"self":[{"href":"https:\/\/www.correiobraziliense.com.br\/cbradar\/wp-json\/wp\/v2\/posts\/31113","targetHints":{"allow":["GET"]}}],"collection":[{"href":"https:\/\/www.correiobraziliense.com.br\/cbradar\/wp-json\/wp\/v2\/posts"}],"about":[{"href":"https:\/\/www.correiobraziliense.com.br\/cbradar\/wp-json\/wp\/v2\/types\/post"}],"author":[{"embeddable":true,"href":"https:\/\/www.correiobraziliense.com.br\/cbradar\/wp-json\/wp\/v2\/users\/3"}],"replies":[{"embeddable":true,"href":"https:\/\/www.correiobraziliense.com.br\/cbradar\/wp-json\/wp\/v2\/comments?post=31113"}],"version-history":[{"count":2,"href":"https:\/\/www.correiobraziliense.com.br\/cbradar\/wp-json\/wp\/v2\/posts\/31113\/revisions"}],"predecessor-version":[{"id":31239,"href":"https:\/\/www.correiobraziliense.com.br\/cbradar\/wp-json\/wp\/v2\/posts\/31113\/revisions\/31239"}],"wp:featuredmedia":[{"embeddable":true,"href":"https:\/\/www.correiobraziliense.com.br\/cbradar\/wp-json\/wp\/v2\/media\/31237"}],"wp:attachment":[{"href":"https:\/\/www.correiobraziliense.com.br\/cbradar\/wp-json\/wp\/v2\/media?parent=31113"}],"wp:term":[{"taxonomy":"category","embeddable":true,"href":"https:\/\/www.correiobraziliense.com.br\/cbradar\/wp-json\/wp\/v2\/categories?post=31113"},{"taxonomy":"post_tag","embeddable":true,"href":"https:\/\/www.correiobraziliense.com.br\/cbradar\/wp-json\/wp\/v2\/post_tag?post=31113"}],"curies":[{"name":"wp","href":"https:\/\/api.w.org\/{rel}","templated":true}]}}