{"id":31122,"date":"2025-05-03T16:10:00","date_gmt":"2025-05-03T19:10:00","guid":{"rendered":"https:\/\/www.correiobraziliense.com.br\/cbradar\/?p=31122"},"modified":"2025-05-02T17:16:28","modified_gmt":"2025-05-02T20:16:28","slug":"especialistas-apontam-o-perigo-desse-tipo-de-ia-para-criancas-e-adolescentes","status":"publish","type":"post","link":"https:\/\/www.correiobraziliense.com.br\/cbradar\/especialistas-apontam-o-perigo-desse-tipo-de-ia-para-criancas-e-adolescentes\/","title":{"rendered":"Especialistas apontam o perigo desse tipo de IA para crian\u00e7as e adolescentes"},"content":{"rendered":"\n<p>Os aplicativos de intelig\u00eancia artificial (<strong>IA<\/strong>) que simulam companhias est\u00e3o se tornando cada vez mais populares, mas tamb\u00e9m levantam preocupa\u00e7\u00f5es significativas sobre a seguran\u00e7a de crian\u00e7as e adolescentes. De acordo com um relat\u00f3rio da <strong><a href=\"https:\/\/www.commonsensemedia.org\/\" target=\"_blank\" rel=\"noreferrer noopener\">Common Sense Media<\/a><\/strong>, essas plataformas podem representar &#8220;riscos inaceit\u00e1veis&#8221; para os jovens, especialmente devido \u00e0 natureza das intera\u00e7\u00f5es que elas possibilitam.<\/p>\n\n\n\n<p>Um caso que trouxe aten\u00e7\u00e3o para esses riscos foi o de um adolescente de 14 anos que cometeu suic\u00eddio ap\u00f3s interagir com um chatbot. Este incidente destacou a necessidade urgente de medidas de seguran\u00e7a mais rigorosas e maior transpar\u00eancia por parte das empresas que desenvolvem esses aplicativos.<\/p>\n\n\n\n<h2 class=\"wp-block-heading\"><strong>Quais s\u00e3o os perigos dos aplicativos de IA companheira?<\/strong><\/h2>\n\n\n\n<p>Os aplicativos de IA companheira, como Character.AI, Replika e Nomi, permitem que os usu\u00e1rios criem chatbots personalizados ou interajam com bots criados por outros usu\u00e1rios. Embora ofere\u00e7am uma experi\u00eancia personalizada, esses aplicativos frequentemente carecem de restri\u00e7\u00f5es adequadas, permitindo conversas potencialmente prejudiciais, como trocas de teor sexual ou incentivos a comportamentos autodestrutivos.<\/p>\n\n\n\n<figure class=\"wp-block-image size-large\"><img decoding=\"async\" width=\"1024\" height=\"576\" src=\"https:\/\/www.correiobraziliense.com.br\/cbradar\/wp-content\/uploads\/2025\/05\/ia_1746203262625-1024x576.jpg\" alt=\"Especialistas apontam o perigo desse tipo de IA para crian\u00e7as e adolescentes\" class=\"wp-image-31127\" srcset=\"https:\/\/www.correiobraziliense.com.br\/cbradar\/wp-content\/uploads\/2025\/05\/ia_1746203262625-1024x576.jpg 1024w, https:\/\/www.correiobraziliense.com.br\/cbradar\/wp-content\/uploads\/2025\/05\/ia_1746203262625-300x169.jpg 300w, https:\/\/www.correiobraziliense.com.br\/cbradar\/wp-content\/uploads\/2025\/05\/ia_1746203262625-768x432.jpg 768w, https:\/\/www.correiobraziliense.com.br\/cbradar\/wp-content\/uploads\/2025\/05\/ia_1746203262625-750x422.jpg 750w, https:\/\/www.correiobraziliense.com.br\/cbradar\/wp-content\/uploads\/2025\/05\/ia_1746203262625-1140x642.jpg 1140w, https:\/\/www.correiobraziliense.com.br\/cbradar\/wp-content\/uploads\/2025\/05\/ia_1746203262625.jpg 1279w\" sizes=\"(max-width: 1024px) 100vw, 1024px\" \/><figcaption class=\"wp-element-caption\">IA .Cr\u00e9ditos: depositphotos.com \/ agsandrew<\/figcaption><\/figure>\n\n\n\n<p>O relat\u00f3rio da Common Sense Media, em parceria com pesquisadores da Universidade de Stanford, destaca que esses aplicativos n\u00e3o devem ser acess\u00edveis a menores de 18 anos. Durante os testes, os pesquisadores encontraram respostas prejudiciais que poderiam ter impactos graves na vida real dos adolescentes.<\/p>\n\n\n\n<h2 class=\"wp-block-heading\"><strong>Como as empresas est\u00e3o respondendo a essas preocupa\u00e7\u00f5es?<\/strong><\/h2>\n\n\n\n<p>As empresas por tr\u00e1s desses aplicativos afirmam que seus produtos s\u00e3o destinados apenas a adultos. No entanto, a facilidade com que os jovens podem contornar as restri\u00e7\u00f5es de idade, muitas vezes apenas fornecendo uma data de nascimento falsa, levanta preocupa\u00e7\u00f5es sobre a efic\u00e1cia dessas medidas de seguran\u00e7a.<\/p>\n\n\n\n<p>Algumas empresas, como a Character.AI, implementaram novas tecnologias para prevenir o acesso de menores a conte\u00fados sens\u00edveis e oferecem aos pais a op\u00e7\u00e3o de monitorar a atividade de seus filhos nos aplicativos. No entanto, os cr\u00edticos argumentam que essas medidas ainda s\u00e3o insuficientes para garantir a seguran\u00e7a dos jovens usu\u00e1rios.<\/p>\n\n\n\n<h2 class=\"wp-block-heading\"><strong>O que pode ser feito para proteger os jovens?<\/strong><\/h2>\n\n\n\n<p>Especialistas sugerem que os aplicativos de IA companheira devem incluir salvaguardas mais robustas para proteger os jovens de conte\u00fados inadequados. Isso pode incluir lembretes peri\u00f3dicos de que os usu\u00e1rios est\u00e3o interagindo com uma IA e n\u00e3o com uma pessoa real, al\u00e9m de restri\u00e7\u00f5es mais rigorosas sobre o tipo de conte\u00fado que pode ser discutido.<\/p>\n\n\n\n<p>Al\u00e9m disso, \u00e9 crucial que os pais estejam cientes dos riscos associados a esses aplicativos e monitorem o uso que seus filhos fazem dessas plataformas. A educa\u00e7\u00e3o sobre os perigos potenciais e a promo\u00e7\u00e3o de intera\u00e7\u00f5es sociais saud\u00e1veis fora do ambiente digital tamb\u00e9m s\u00e3o passos importantes para proteger os jovens.<\/p>\n\n\n\n<h2 class=\"wp-block-heading\"><strong>Por que \u00e9 importante abordar esses riscos agora?<\/strong><\/h2>\n\n\n\n<p>Com o aumento da popularidade das ferramentas de IA, \u00e9 essencial que as preocupa\u00e7\u00f5es sobre a seguran\u00e7a dos jovens sejam abordadas rapidamente. O atraso em enfrentar os riscos associados \u00e0s m\u00eddias sociais no passado serve como um lembrete de que n\u00e3o se deve repetir os mesmos erros com a IA.<\/p>\n\n\n\n<p>Os aplicativos de IA companheira t\u00eam o potencial de oferecer suporte emocional e criativo, mas os riscos associados ao seu uso por menores superam os benef\u00edcios. At\u00e9 que salvaguardas mais eficazes sejam implementadas, a recomenda\u00e7\u00e3o \u00e9 que crian\u00e7as e adolescentes evitem o uso dessas plataformas.<\/p>\n","protected":false},"excerpt":{"rendered":"<p>Os perigos dos aplicativos de IA companheira para jovens e a necessidade de medidas de seguran\u00e7a mais r\u00edgidas.<\/p>\n","protected":false},"author":3,"featured_media":31126,"comment_status":"open","ping_status":"open","sticky":false,"template":"","format":"standard","meta":{"_yoast_wpseo_focuskw":"perigo IA adolescentes","_yoast_wpseo_title":"%%title%%","_yoast_wpseo_metadesc":"Os perigos dos aplicativos de IA companheira para jovens e a necessidade de medidas de seguran\u00e7a mais r\u00edgidas.","jnews-multi-image_gallery":[],"jnews_single_post":{"format":"standard"},"jnews_primary_category":[],"jnews_social_meta":[],"jnews_override_counter":[],"footnotes":""},"categories":[112],"tags":[210],"class_list":["post-31122","post","type-post","status-publish","format-standard","has-post-thumbnail","hentry","category-curiosidades","tag-inteligencia-artificial"],"yoast_head":"<!-- This site is optimized with the Yoast SEO plugin v24.6 - https:\/\/yoast.com\/wordpress\/plugins\/seo\/ -->\n<title>Especialistas apontam o perigo desse tipo de IA para crian\u00e7as e adolescentes<\/title>\n<meta name=\"description\" content=\"Os perigos dos aplicativos de IA companheira para jovens e a necessidade de medidas de seguran\u00e7a mais r\u00edgidas.\" \/>\n<meta name=\"robots\" content=\"index, follow, max-snippet:-1, max-image-preview:large, max-video-preview:-1\" \/>\n<link rel=\"canonical\" href=\"https:\/\/www.correiobraziliense.com.br\/cbradar\/especialistas-apontam-o-perigo-desse-tipo-de-ia-para-criancas-e-adolescentes\/\" \/>\n<meta property=\"og:locale\" content=\"pt_BR\" \/>\n<meta property=\"og:type\" content=\"article\" \/>\n<meta property=\"og:title\" content=\"Especialistas apontam o perigo desse tipo de IA para crian\u00e7as e adolescentes\" \/>\n<meta property=\"og:description\" content=\"Os perigos dos aplicativos de IA companheira para jovens e a necessidade de medidas de seguran\u00e7a mais r\u00edgidas.\" \/>\n<meta property=\"og:url\" content=\"https:\/\/www.correiobraziliense.com.br\/cbradar\/especialistas-apontam-o-perigo-desse-tipo-de-ia-para-criancas-e-adolescentes\/\" \/>\n<meta property=\"og:site_name\" content=\"Correio Braziliense - Radar\" \/>\n<meta property=\"article:published_time\" content=\"2025-05-03T19:10:00+00:00\" \/>\n<meta property=\"og:image\" content=\"https:\/\/www.correiobraziliense.com.br\/cbradar\/wp-content\/uploads\/2025\/05\/apps_1746203202568.jpg\" \/>\n\t<meta property=\"og:image:width\" content=\"1280\" \/>\n\t<meta property=\"og:image:height\" content=\"720\" \/>\n\t<meta property=\"og:image:type\" content=\"image\/jpeg\" \/>\n<meta name=\"author\" content=\"Larissa Carvalho\" \/>\n<meta name=\"twitter:card\" content=\"summary_large_image\" \/>\n<meta name=\"twitter:label1\" content=\"Escrito por\" \/>\n\t<meta name=\"twitter:data1\" content=\"Larissa Carvalho\" \/>\n\t<meta name=\"twitter:label2\" content=\"Est. tempo de leitura\" \/>\n\t<meta name=\"twitter:data2\" content=\"4 minutos\" \/>\n<!-- \/ Yoast SEO plugin. -->","yoast_head_json":{"title":"Especialistas apontam o perigo desse tipo de IA para crian\u00e7as e adolescentes","description":"Os perigos dos aplicativos de IA companheira para jovens e a necessidade de medidas de seguran\u00e7a mais r\u00edgidas.","robots":{"index":"index","follow":"follow","max-snippet":"max-snippet:-1","max-image-preview":"max-image-preview:large","max-video-preview":"max-video-preview:-1"},"canonical":"https:\/\/www.correiobraziliense.com.br\/cbradar\/especialistas-apontam-o-perigo-desse-tipo-de-ia-para-criancas-e-adolescentes\/","og_locale":"pt_BR","og_type":"article","og_title":"Especialistas apontam o perigo desse tipo de IA para crian\u00e7as e adolescentes","og_description":"Os perigos dos aplicativos de IA companheira para jovens e a necessidade de medidas de seguran\u00e7a mais r\u00edgidas.","og_url":"https:\/\/www.correiobraziliense.com.br\/cbradar\/especialistas-apontam-o-perigo-desse-tipo-de-ia-para-criancas-e-adolescentes\/","og_site_name":"Correio Braziliense - Radar","article_published_time":"2025-05-03T19:10:00+00:00","og_image":[{"width":1280,"height":720,"url":"https:\/\/www.correiobraziliense.com.br\/cbradar\/wp-content\/uploads\/2025\/05\/apps_1746203202568.jpg","type":"image\/jpeg"}],"author":"Larissa Carvalho","twitter_card":"summary_large_image","twitter_misc":{"Escrito por":"Larissa Carvalho","Est. tempo de leitura":"4 minutos"},"schema":{"@context":"https:\/\/schema.org","@graph":[{"@type":"WebPage","@id":"https:\/\/www.correiobraziliense.com.br\/cbradar\/especialistas-apontam-o-perigo-desse-tipo-de-ia-para-criancas-e-adolescentes\/","url":"https:\/\/www.correiobraziliense.com.br\/cbradar\/especialistas-apontam-o-perigo-desse-tipo-de-ia-para-criancas-e-adolescentes\/","name":"Especialistas apontam o perigo desse tipo de IA para crian\u00e7as e adolescentes","isPartOf":{"@id":"https:\/\/www.correiobraziliense.com.br\/cbradar\/#website"},"primaryImageOfPage":{"@id":"https:\/\/www.correiobraziliense.com.br\/cbradar\/especialistas-apontam-o-perigo-desse-tipo-de-ia-para-criancas-e-adolescentes\/#primaryimage"},"image":{"@id":"https:\/\/www.correiobraziliense.com.br\/cbradar\/especialistas-apontam-o-perigo-desse-tipo-de-ia-para-criancas-e-adolescentes\/#primaryimage"},"thumbnailUrl":"https:\/\/www.correiobraziliense.com.br\/cbradar\/wp-content\/uploads\/2025\/05\/apps_1746203202568.jpg","datePublished":"2025-05-03T19:10:00+00:00","author":{"@id":"https:\/\/www.correiobraziliense.com.br\/cbradar\/#\/schema\/person\/58422787644df994b53a19d3e56c1513"},"description":"Os perigos dos aplicativos de IA companheira para jovens e a necessidade de medidas de seguran\u00e7a mais r\u00edgidas.","breadcrumb":{"@id":"https:\/\/www.correiobraziliense.com.br\/cbradar\/especialistas-apontam-o-perigo-desse-tipo-de-ia-para-criancas-e-adolescentes\/#breadcrumb"},"inLanguage":"pt-BR","potentialAction":[{"@type":"ReadAction","target":["https:\/\/www.correiobraziliense.com.br\/cbradar\/especialistas-apontam-o-perigo-desse-tipo-de-ia-para-criancas-e-adolescentes\/"]}]},{"@type":"ImageObject","inLanguage":"pt-BR","@id":"https:\/\/www.correiobraziliense.com.br\/cbradar\/especialistas-apontam-o-perigo-desse-tipo-de-ia-para-criancas-e-adolescentes\/#primaryimage","url":"https:\/\/www.correiobraziliense.com.br\/cbradar\/wp-content\/uploads\/2025\/05\/apps_1746203202568.jpg","contentUrl":"https:\/\/www.correiobraziliense.com.br\/cbradar\/wp-content\/uploads\/2025\/05\/apps_1746203202568.jpg","width":1280,"height":720,"caption":"apps.Cr\u00e9ditos: depositphotos.com \/ Y-Boychenko"},{"@type":"BreadcrumbList","@id":"https:\/\/www.correiobraziliense.com.br\/cbradar\/especialistas-apontam-o-perigo-desse-tipo-de-ia-para-criancas-e-adolescentes\/#breadcrumb","itemListElement":[{"@type":"ListItem","position":1,"name":"In\u00edcio","item":"https:\/\/www.correiobraziliense.com.br\/cbradar\/"},{"@type":"ListItem","position":2,"name":"Especialistas apontam o perigo desse tipo de IA para crian\u00e7as e adolescentes"}]},{"@type":"WebSite","@id":"https:\/\/www.correiobraziliense.com.br\/cbradar\/#website","url":"https:\/\/www.correiobraziliense.com.br\/cbradar\/","name":"Correio Braziliense - Radar","description":"Acompanhe as \u00faltimas not\u00edcias e fique bem informado sobre tudo o que acontece no Brasil e no mundo.","potentialAction":[{"@type":"SearchAction","target":{"@type":"EntryPoint","urlTemplate":"https:\/\/www.correiobraziliense.com.br\/cbradar\/?s={search_term_string}"},"query-input":{"@type":"PropertyValueSpecification","valueRequired":true,"valueName":"search_term_string"}}],"inLanguage":"pt-BR"},{"@type":"Person","@id":"https:\/\/www.correiobraziliense.com.br\/cbradar\/#\/schema\/person\/58422787644df994b53a19d3e56c1513","name":"Larissa Carvalho","image":{"@type":"ImageObject","inLanguage":"pt-BR","@id":"https:\/\/www.correiobraziliense.com.br\/cbradar\/#\/schema\/person\/image\/","url":"https:\/\/secure.gravatar.com\/avatar\/fe4f91a0de32b52a838d0d612abdc1aa?s=96&d=mm&r=g","contentUrl":"https:\/\/secure.gravatar.com\/avatar\/fe4f91a0de32b52a838d0d612abdc1aa?s=96&d=mm&r=g","caption":"Larissa Carvalho"},"url":"https:\/\/www.correiobraziliense.com.br\/cbradar\/author\/larissamyth\/"}]}},"_links":{"self":[{"href":"https:\/\/www.correiobraziliense.com.br\/cbradar\/wp-json\/wp\/v2\/posts\/31122","targetHints":{"allow":["GET"]}}],"collection":[{"href":"https:\/\/www.correiobraziliense.com.br\/cbradar\/wp-json\/wp\/v2\/posts"}],"about":[{"href":"https:\/\/www.correiobraziliense.com.br\/cbradar\/wp-json\/wp\/v2\/types\/post"}],"author":[{"embeddable":true,"href":"https:\/\/www.correiobraziliense.com.br\/cbradar\/wp-json\/wp\/v2\/users\/3"}],"replies":[{"embeddable":true,"href":"https:\/\/www.correiobraziliense.com.br\/cbradar\/wp-json\/wp\/v2\/comments?post=31122"}],"version-history":[{"count":2,"href":"https:\/\/www.correiobraziliense.com.br\/cbradar\/wp-json\/wp\/v2\/posts\/31122\/revisions"}],"predecessor-version":[{"id":31245,"href":"https:\/\/www.correiobraziliense.com.br\/cbradar\/wp-json\/wp\/v2\/posts\/31122\/revisions\/31245"}],"wp:featuredmedia":[{"embeddable":true,"href":"https:\/\/www.correiobraziliense.com.br\/cbradar\/wp-json\/wp\/v2\/media\/31126"}],"wp:attachment":[{"href":"https:\/\/www.correiobraziliense.com.br\/cbradar\/wp-json\/wp\/v2\/media?parent=31122"}],"wp:term":[{"taxonomy":"category","embeddable":true,"href":"https:\/\/www.correiobraziliense.com.br\/cbradar\/wp-json\/wp\/v2\/categories?post=31122"},{"taxonomy":"post_tag","embeddable":true,"href":"https:\/\/www.correiobraziliense.com.br\/cbradar\/wp-json\/wp\/v2\/tags?post=31122"}],"curies":[{"name":"wp","href":"https:\/\/api.w.org\/{rel}","templated":true}]}}