{"id":31219,"date":"2025-05-03T14:10:00","date_gmt":"2025-05-03T17:10:00","guid":{"rendered":"https:\/\/www.correiobraziliense.com.br\/cbradar\/?p=31219"},"modified":"2025-05-02T15:40:22","modified_gmt":"2025-05-02T18:40:22","slug":"cultive-essas-plantas-para-afastar-energias-negativas-da-sua-casa","status":"publish","type":"post","link":"https:\/\/www.correiobraziliense.com.br\/cbradar\/cultive-essas-plantas-para-afastar-energias-negativas-da-sua-casa\/","title":{"rendered":"Cultive essas plantas para afastar energias negativas da sua casa"},"content":{"rendered":"\n<p>Cultivar <strong>plantas para afastar mau olhado<\/strong> \u00e9 uma pr\u00e1tica antiga, presente em diversas culturas ao redor do mundo. Essas plantas s\u00e3o conhecidas por suas propriedades energ\u00e9ticas, espirituais e protetoras. Al\u00e9m de embelezarem o ambiente e purificarem o ar, acredita-se que elas atuam como verdadeiros escudos contra inveja, energias negativas e vibra\u00e7\u00f5es indesejadas. Ter essas <a href=\"https:\/\/www.correiobraziliense.com.br\/cbradar\/solucoes-naturais-para-eliminar-pragas-comuns-do-seu-jardim\/\" target=\"_blank\" rel=\"noreferrer noopener\">esp\u00e9cies <\/a>em casa ou no jardim pode contribuir para um espa\u00e7o mais harm\u00f4nico e equilibrado.<\/p>\n\n\n\n<h2 class=\"wp-block-heading\">Quais s\u00e3o as plantas mais populares para afastar o mau olhado?<\/h2>\n\n\n\n<p>Diversas plantas s\u00e3o tradicionalmente utilizadas como <strong>protetoras espirituais<\/strong>. Entre as mais conhecidas est\u00e3o:<\/p>\n\n\n\n<ul class=\"wp-block-list\">\n<li><strong>Arruda<\/strong>: considerada uma das mais poderosas contra inveja e energia negativa.<\/li>\n\n\n\n<li><strong>Guin\u00e9<\/strong>: protege contra feiti\u00e7aria, inveja e mau olhado.<\/li>\n\n\n\n<li><strong>Comigo-ningu\u00e9m-pode<\/strong>: atrai prote\u00e7\u00e3o e repele m\u00e1s inten\u00e7\u00f5es (aten\u00e7\u00e3o: \u00e9 t\u00f3xica).<\/li>\n\n\n\n<li><strong>Espada-de-s\u00e3o-jorge<\/strong>: associada \u00e0 for\u00e7a, prote\u00e7\u00e3o espiritual e corte de energias negativas.<\/li>\n\n\n\n<li><strong>Alecrim<\/strong>: eleva a vibra\u00e7\u00e3o do ambiente e protege contra o des\u00e2nimo.<\/li>\n\n\n\n<li><strong>Pimenta<\/strong>: muito usada contra o olho gordo e para &#8220;quebrar&#8221; energias ruins.<\/li>\n\n\n\n<li><strong>Manjeric\u00e3o<\/strong>: al\u00e9m de purificar o ar, \u00e9 usado em banhos e defuma\u00e7\u00f5es para afastar o mal.<\/li>\n\n\n\n<li><strong>Louro<\/strong>: atrai prosperidade e bloqueia energias negativas.<\/li>\n<\/ul>\n\n\n\n<p>Essas plantas s\u00e3o comumente utilizadas em rituais, defuma\u00e7\u00f5es, banhos energ\u00e9ticos ou simplesmente cultivadas em vasos e jardins.<\/p>\n\n\n\n<h2 class=\"wp-block-heading\">Como cultivar essas plantas em casa?<\/h2>\n\n\n\n<p>A maioria dessas esp\u00e9cies pode ser cultivada com facilidade em vasos ou canteiros. Veja os cuidados b\u00e1sicos:<\/p>\n\n\n\n<ul class=\"wp-block-list\">\n<li><strong>Arruda<\/strong>: sol pleno, solo arenoso e pouca \u00e1gua. Mantenha em local isolado das demais plantas.<\/li>\n\n\n\n<li><strong>Guin\u00e9<\/strong>: meia-sombra ou sol pleno, regas moderadas e solo rico.<\/li>\n\n\n\n<li><strong>Comigo-ningu\u00e9m-pode<\/strong>: meia-sombra, substrato leve, cuidado com crian\u00e7as e pets.<\/li>\n\n\n\n<li><strong>Espada-de-s\u00e3o-jorge<\/strong>: extremamente resistente, cresce bem em qualquer condi\u00e7\u00e3o de luz.<\/li>\n\n\n\n<li><strong>Alecrim<\/strong>: sol pleno e regas leves. Gosta de solo bem drenado.<\/li>\n\n\n\n<li><strong>Pimenta<\/strong>: precisa de muito sol, regas moderadas e aduba\u00e7\u00e3o regular.<\/li>\n\n\n\n<li><strong>Manjeric\u00e3o<\/strong>: luz direta, regas frequentes e colheita regular.<\/li>\n\n\n\n<li><strong>Louro<\/strong>: prefere clima ameno, regas espa\u00e7adas e sol parcial.<\/li>\n<\/ul>\n\n\n\n<p>Com os cuidados certos, essas plantas se mant\u00eam saud\u00e1veis e vigorosas, contribuindo para um ambiente mais protegido.<\/p>\n\n\n\n<h2 class=\"wp-block-heading\">Onde posicionar as plantas de prote\u00e7\u00e3o?<\/h2>\n\n\n\n<p>A posi\u00e7\u00e3o das plantas tamb\u00e9m influencia na energia do ambiente. Algumas sugest\u00f5es:<\/p>\n\n\n\n<ul class=\"wp-block-list\">\n<li><strong>Na entrada da casa<\/strong>: espada-de-s\u00e3o-jorge, pimenteira, arruda ou guin\u00e9 para bloquear energias negativas.<\/li>\n\n\n\n<li><strong>Na cozinha ou varanda<\/strong>: alecrim e manjeric\u00e3o para elevar a vibra\u00e7\u00e3o e trazer alegria.<\/li>\n\n\n\n<li><strong>Pr\u00f3ximo \u00e0 porta de entrada ou janelas<\/strong>: comigo-ningu\u00e9m-pode e louro, como barreiras protetoras.<\/li>\n\n\n\n<li><strong>Em locais de descanso<\/strong>: evite plantas t\u00f3xicas ou arom\u00e1ticas muito fortes.<\/li>\n<\/ul>\n\n\n\n<p>O ideal \u00e9 observar o local e a fun\u00e7\u00e3o energ\u00e9tica que deseja fortalecer em cada espa\u00e7o.<\/p>\n\n\n<div class=\"wp-block-image\">\n<figure class=\"aligncenter size-large\"><img decoding=\"async\" width=\"1024\" height=\"576\" src=\"https:\/\/www.correiobraziliense.com.br\/cbradar\/wp-content\/uploads\/2025\/04\/pimenta-planta_1743512834868-1024x576.jpg\" alt=\"Como cultivar pimenta e ter uma horta picante em casa\" class=\"wp-image-17797\" srcset=\"https:\/\/www.correiobraziliense.com.br\/cbradar\/wp-content\/uploads\/2025\/04\/pimenta-planta_1743512834868-1024x576.jpg 1024w, https:\/\/www.correiobraziliense.com.br\/cbradar\/wp-content\/uploads\/2025\/04\/pimenta-planta_1743512834868-300x169.jpg 300w, https:\/\/www.correiobraziliense.com.br\/cbradar\/wp-content\/uploads\/2025\/04\/pimenta-planta_1743512834868-768x432.jpg 768w, https:\/\/www.correiobraziliense.com.br\/cbradar\/wp-content\/uploads\/2025\/04\/pimenta-planta_1743512834868-750x422.jpg 750w, https:\/\/www.correiobraziliense.com.br\/cbradar\/wp-content\/uploads\/2025\/04\/pimenta-planta_1743512834868-1140x642.jpg 1140w, https:\/\/www.correiobraziliense.com.br\/cbradar\/wp-content\/uploads\/2025\/04\/pimenta-planta_1743512834868.jpg 1279w\" sizes=\"(max-width: 1024px) 100vw, 1024px\" \/><figcaption class=\"wp-element-caption\">Pimenta &#8211; Cr\u00e9ditos: depositphotos.com \/ andhikaraya<\/figcaption><\/figure><\/div>\n\n\n<h2 class=\"wp-block-heading\">\u00c9 necess\u00e1rio algum ritual para ativar a prote\u00e7\u00e3o das plantas?<\/h2>\n\n\n\n<p>Embora n\u00e3o obrigat\u00f3rio, muitas pessoas fazem <strong>ora\u00e7\u00f5es, b\u00ean\u00e7\u00e3os ou defuma\u00e7\u00f5es<\/strong> ao plantar ou posicionar essas esp\u00e9cies. Algumas pr\u00e1ticas comuns incluem:<\/p>\n\n\n\n<ul class=\"wp-block-list\">\n<li>Fazer um pedido de prote\u00e7\u00e3o ao colocar a planta no local.<\/li>\n\n\n\n<li>Acender um incenso de limpeza (como arruda ou s\u00e1lvia branca) pr\u00f3ximo \u00e0 planta.<\/li>\n\n\n\n<li>Rezar o Salmo 91 ou outro texto sagrado de sua f\u00e9.<\/li>\n\n\n\n<li>Regar a planta mentalizando luz e energia positiva.<\/li>\n<\/ul>\n\n\n\n<p>O mais importante \u00e9 a <strong>inten\u00e7\u00e3o e o cuidado<\/strong> que se dedica \u00e0 planta e ao espa\u00e7o onde ela est\u00e1.<\/p>\n\n\n\n<h2 class=\"wp-block-heading\">FAQ<\/h2>\n\n\n\n<p><strong>1. Qual \u00e9 a planta mais forte contra o mau olhado?<\/strong><br>A <strong>arruda<\/strong> \u00e9 a mais conhecida e usada especificamente contra inveja, olho gordo e energias negativas.<\/p>\n\n\n\n<p><strong>2. Posso cultivar essas plantas em apartamento?<\/strong><br>Sim. A maioria se adapta bem a vasos e ambientes internos com luz natural.<\/p>\n\n\n\n<p><strong>3. O que significa quando a planta come\u00e7a a murchar?<\/strong><br>Alguns acreditam que a planta absorveu energias ruins. Se isso acontecer, descarte com respeito e substitua por uma nova.<\/p>\n\n\n\n<p><strong>4. Posso misturar v\u00e1rias plantas de prote\u00e7\u00e3o no mesmo vaso?<\/strong><br>N\u00e3o \u00e9 o ideal. Algumas esp\u00e9cies, como a arruda, preferem ficar sozinhas.<\/p>\n\n\n\n<p><strong>5. Plantas contra mau olhado realmente funcionam?<\/strong><br>Do ponto de vista espiritual, muitas tradi\u00e7\u00f5es acreditam em sua efic\u00e1cia. O importante \u00e9 manter sua f\u00e9 e cuidar bem do ambiente.<\/p>\n","protected":false},"excerpt":{"rendered":"<p>Cultivar plantas para afastar mau olhado \u00e9 uma pr\u00e1tica antiga, presente em diversas culturas ao redor do mundo. Essas plantas s\u00e3o conhecidas por suas propriedades energ\u00e9ticas, espirituais e protetoras. Al\u00e9m de embelezarem o ambiente e purificarem o ar, acredita-se que elas atuam como verdadeiros escudos contra inveja, energias negativas e vibra\u00e7\u00f5es indesejadas. Ter essas esp\u00e9cies [&hellip;]<\/p>\n","protected":false},"author":9,"featured_media":15847,"comment_status":"open","ping_status":"open","sticky":false,"template":"","format":"standard","meta":{"_yoast_wpseo_focuskw":"plantas","_yoast_wpseo_title":"%%title%% %%page%%","_yoast_wpseo_metadesc":"Plantas como arruda e guin\u00e9 ajudam a afastar mau olhado e purificam o ambiente com prote\u00e7\u00e3o e energia positiva.","jnews-multi-image_gallery":[],"jnews_single_post":{"format":"standard"},"jnews_primary_category":[],"jnews_social_meta":[],"jnews_override_counter":[],"footnotes":""},"categories":[136],"post_tag":[4112,4111,4109,4110],"class_list":["post-31219","post","type-post","status-publish","format-standard","has-post-thumbnail","hentry","category-jardinagem","tag-afastar-mau-olhado","tag-arruda-e-guine","tag-plantas-espirituais","tag-protecao-energetica"],"yoast_head":"<!-- This site is optimized with the Yoast SEO plugin v24.6 - https:\/\/yoast.com\/wordpress\/plugins\/seo\/ -->\n<title>Cultive essas plantas para afastar energias negativas da sua casa<\/title>\n<meta name=\"description\" content=\"Plantas como arruda e guin\u00e9 ajudam a afastar mau olhado e purificam o ambiente com prote\u00e7\u00e3o e energia positiva.\" \/>\n<meta name=\"robots\" content=\"index, follow, max-snippet:-1, max-image-preview:large, max-video-preview:-1\" \/>\n<link rel=\"canonical\" href=\"https:\/\/www.correiobraziliense.com.br\/cbradar\/cultive-essas-plantas-para-afastar-energias-negativas-da-sua-casa\/\" \/>\n<meta property=\"og:locale\" content=\"pt_BR\" \/>\n<meta property=\"og:type\" content=\"article\" \/>\n<meta property=\"og:title\" content=\"Cultive essas plantas para afastar energias negativas da sua casa\" \/>\n<meta property=\"og:description\" content=\"Plantas como arruda e guin\u00e9 ajudam a afastar mau olhado e purificam o ambiente com prote\u00e7\u00e3o e energia positiva.\" \/>\n<meta property=\"og:url\" content=\"https:\/\/www.correiobraziliense.com.br\/cbradar\/cultive-essas-plantas-para-afastar-energias-negativas-da-sua-casa\/\" \/>\n<meta property=\"og:site_name\" content=\"Correio Braziliense - Radar\" \/>\n<meta property=\"article:published_time\" content=\"2025-05-03T17:10:00+00:00\" \/>\n<meta property=\"og:image\" content=\"https:\/\/www.correiobraziliense.com.br\/cbradar\/wp-content\/uploads\/2025\/03\/manjericao_1742962049969.jpg\" \/>\n\t<meta property=\"og:image:width\" content=\"1280\" \/>\n\t<meta property=\"og:image:height\" content=\"720\" \/>\n\t<meta property=\"og:image:type\" content=\"image\/jpeg\" \/>\n<meta name=\"author\" content=\"Daniely Cardoso\" \/>\n<meta name=\"twitter:card\" content=\"summary_large_image\" \/>\n<meta name=\"twitter:label1\" content=\"Escrito por\" \/>\n\t<meta name=\"twitter:data1\" content=\"Daniely Cardoso\" \/>\n\t<meta name=\"twitter:label2\" content=\"Est. tempo de leitura\" \/>\n\t<meta name=\"twitter:data2\" content=\"4 minutos\" \/>\n<!-- \/ Yoast SEO plugin. -->","yoast_head_json":{"title":"Cultive essas plantas para afastar energias negativas da sua casa","description":"Plantas como arruda e guin\u00e9 ajudam a afastar mau olhado e purificam o ambiente com prote\u00e7\u00e3o e energia positiva.","robots":{"index":"index","follow":"follow","max-snippet":"max-snippet:-1","max-image-preview":"max-image-preview:large","max-video-preview":"max-video-preview:-1"},"canonical":"https:\/\/www.correiobraziliense.com.br\/cbradar\/cultive-essas-plantas-para-afastar-energias-negativas-da-sua-casa\/","og_locale":"pt_BR","og_type":"article","og_title":"Cultive essas plantas para afastar energias negativas da sua casa","og_description":"Plantas como arruda e guin\u00e9 ajudam a afastar mau olhado e purificam o ambiente com prote\u00e7\u00e3o e energia positiva.","og_url":"https:\/\/www.correiobraziliense.com.br\/cbradar\/cultive-essas-plantas-para-afastar-energias-negativas-da-sua-casa\/","og_site_name":"Correio Braziliense - Radar","article_published_time":"2025-05-03T17:10:00+00:00","og_image":[{"width":1280,"height":720,"url":"https:\/\/www.correiobraziliense.com.br\/cbradar\/wp-content\/uploads\/2025\/03\/manjericao_1742962049969.jpg","type":"image\/jpeg"}],"author":"Daniely Cardoso","twitter_card":"summary_large_image","twitter_misc":{"Escrito por":"Daniely Cardoso","Est. tempo de leitura":"4 minutos"},"schema":{"@context":"https:\/\/schema.org","@graph":[{"@type":"WebPage","@id":"https:\/\/www.correiobraziliense.com.br\/cbradar\/cultive-essas-plantas-para-afastar-energias-negativas-da-sua-casa\/","url":"https:\/\/www.correiobraziliense.com.br\/cbradar\/cultive-essas-plantas-para-afastar-energias-negativas-da-sua-casa\/","name":"Cultive essas plantas para afastar energias negativas da sua casa","isPartOf":{"@id":"https:\/\/www.correiobraziliense.com.br\/cbradar\/#website"},"primaryImageOfPage":{"@id":"https:\/\/www.correiobraziliense.com.br\/cbradar\/cultive-essas-plantas-para-afastar-energias-negativas-da-sua-casa\/#primaryimage"},"image":{"@id":"https:\/\/www.correiobraziliense.com.br\/cbradar\/cultive-essas-plantas-para-afastar-energias-negativas-da-sua-casa\/#primaryimage"},"thumbnailUrl":"https:\/\/www.correiobraziliense.com.br\/cbradar\/wp-content\/uploads\/2025\/03\/manjericao_1742962049969.jpg","datePublished":"2025-05-03T17:10:00+00:00","author":{"@id":"https:\/\/www.correiobraziliense.com.br\/cbradar\/#\/schema\/person\/7356666e12ec0ee53f348ee5db227032"},"description":"Plantas como arruda e guin\u00e9 ajudam a afastar mau olhado e purificam o ambiente com prote\u00e7\u00e3o e energia positiva.","breadcrumb":{"@id":"https:\/\/www.correiobraziliense.com.br\/cbradar\/cultive-essas-plantas-para-afastar-energias-negativas-da-sua-casa\/#breadcrumb"},"inLanguage":"pt-BR","potentialAction":[{"@type":"ReadAction","target":["https:\/\/www.correiobraziliense.com.br\/cbradar\/cultive-essas-plantas-para-afastar-energias-negativas-da-sua-casa\/"]}]},{"@type":"ImageObject","inLanguage":"pt-BR","@id":"https:\/\/www.correiobraziliense.com.br\/cbradar\/cultive-essas-plantas-para-afastar-energias-negativas-da-sua-casa\/#primaryimage","url":"https:\/\/www.correiobraziliense.com.br\/cbradar\/wp-content\/uploads\/2025\/03\/manjericao_1742962049969.jpg","contentUrl":"https:\/\/www.correiobraziliense.com.br\/cbradar\/wp-content\/uploads\/2025\/03\/manjericao_1742962049969.jpg","width":1280,"height":720,"caption":"\u00c9 associada ao al\u00edvio de desconfortos digestivos e \u00e0 promo\u00e7\u00e3o do bem-estar respirat\u00f3rio. - Cr\u00e9ditos: depositphotos.com \/ tab62"},{"@type":"BreadcrumbList","@id":"https:\/\/www.correiobraziliense.com.br\/cbradar\/cultive-essas-plantas-para-afastar-energias-negativas-da-sua-casa\/#breadcrumb","itemListElement":[{"@type":"ListItem","position":1,"name":"In\u00edcio","item":"https:\/\/www.correiobraziliense.com.br\/cbradar\/"},{"@type":"ListItem","position":2,"name":"Cultive essas plantas para afastar energias negativas da sua casa"}]},{"@type":"WebSite","@id":"https:\/\/www.correiobraziliense.com.br\/cbradar\/#website","url":"https:\/\/www.correiobraziliense.com.br\/cbradar\/","name":"Correio Braziliense - Radar","description":"Acompanhe as \u00faltimas not\u00edcias e fique bem informado sobre tudo o que acontece no Brasil e no mundo.","potentialAction":[{"@type":"SearchAction","target":{"@type":"EntryPoint","urlTemplate":"https:\/\/www.correiobraziliense.com.br\/cbradar\/?s={search_term_string}"},"query-input":{"@type":"PropertyValueSpecification","valueRequired":true,"valueName":"search_term_string"}}],"inLanguage":"pt-BR"},{"@type":"Person","@id":"https:\/\/www.correiobraziliense.com.br\/cbradar\/#\/schema\/person\/7356666e12ec0ee53f348ee5db227032","name":"Daniely Cardoso","image":{"@type":"ImageObject","inLanguage":"pt-BR","@id":"https:\/\/www.correiobraziliense.com.br\/cbradar\/#\/schema\/person\/image\/","url":"https:\/\/secure.gravatar.com\/avatar\/4b80ddbd124d1f071b626d52d62e5dff?s=96&d=mm&r=g","contentUrl":"https:\/\/secure.gravatar.com\/avatar\/4b80ddbd124d1f071b626d52d62e5dff?s=96&d=mm&r=g","caption":"Daniely Cardoso"},"description":"Redatora nos portais CB Radar e EM Foco, formada pela Universidade Federal de Goi\u00e1s, em Goi\u00e2nia. Apaixonada por comunica\u00e7\u00e3o, arte, decora\u00e7\u00e3o e tend\u00eancias, atuo na produ\u00e7\u00e3o de conte\u00fados envolventes sobre curiosidades, moda, beleza e paisagismo, sempre com um olhar atento \u00e0s novidades do momento.","sameAs":["https:\/\/www.correiobraziliense.com.br\/cbradar"],"url":"https:\/\/www.correiobraziliense.com.br\/cbradar\/author\/danielymyth\/"}]}},"_links":{"self":[{"href":"https:\/\/www.correiobraziliense.com.br\/cbradar\/wp-json\/wp\/v2\/posts\/31219","targetHints":{"allow":["GET"]}}],"collection":[{"href":"https:\/\/www.correiobraziliense.com.br\/cbradar\/wp-json\/wp\/v2\/posts"}],"about":[{"href":"https:\/\/www.correiobraziliense.com.br\/cbradar\/wp-json\/wp\/v2\/types\/post"}],"author":[{"embeddable":true,"href":"https:\/\/www.correiobraziliense.com.br\/cbradar\/wp-json\/wp\/v2\/users\/9"}],"replies":[{"embeddable":true,"href":"https:\/\/www.correiobraziliense.com.br\/cbradar\/wp-json\/wp\/v2\/comments?post=31219"}],"version-history":[{"count":2,"href":"https:\/\/www.correiobraziliense.com.br\/cbradar\/wp-json\/wp\/v2\/posts\/31219\/revisions"}],"predecessor-version":[{"id":31228,"href":"https:\/\/www.correiobraziliense.com.br\/cbradar\/wp-json\/wp\/v2\/posts\/31219\/revisions\/31228"}],"wp:featuredmedia":[{"embeddable":true,"href":"https:\/\/www.correiobraziliense.com.br\/cbradar\/wp-json\/wp\/v2\/media\/15847"}],"wp:attachment":[{"href":"https:\/\/www.correiobraziliense.com.br\/cbradar\/wp-json\/wp\/v2\/media?parent=31219"}],"wp:term":[{"taxonomy":"category","embeddable":true,"href":"https:\/\/www.correiobraziliense.com.br\/cbradar\/wp-json\/wp\/v2\/categories?post=31219"},{"taxonomy":"post_tag","embeddable":true,"href":"https:\/\/www.correiobraziliense.com.br\/cbradar\/wp-json\/wp\/v2\/post_tag?post=31219"}],"curies":[{"name":"wp","href":"https:\/\/api.w.org\/{rel}","templated":true}]}}