{"id":31540,"date":"2025-05-05T13:30:00","date_gmt":"2025-05-05T16:30:00","guid":{"rendered":"https:\/\/www.correiobraziliense.com.br\/cbradar\/?p=31540"},"modified":"2025-06-23T18:30:15","modified_gmt":"2025-06-23T21:30:15","slug":"voce-deveria-assistir-essa-minisserie-emocionante-que-esta-na-netflix","status":"publish","type":"post","link":"https:\/\/www.correiobraziliense.com.br\/cbradar\/voce-deveria-assistir-essa-minisserie-emocionante-que-esta-na-netflix\/","title":{"rendered":"Voc\u00ea deveria assistir essa miniss\u00e9rie emocionante que est\u00e1 na Netflix!"},"content":{"rendered":"\n<p>O formato de miniss\u00e9ries tem conquistado posi\u00e7\u00e3o estrat\u00e9gica no entretenimento contempor\u00e2neo, estabelecendo uma ponte eficiente entre a profundidade cinematogr\u00e1fica e a serializa\u00e7\u00e3o televisiva. Esta modalidade oferece narrativas completas em formatos compactos, proporcionando experi\u00eancias satisfat\u00f3rias sem o compromisso de temporadas extensas. O crescimento deste segmento reflete mudan\u00e7as significativas nos h\u00e1bitos de consumo audiovisual global.<\/p>\n\n\n\n<p>A ascens\u00e3o das miniss\u00e9ries coincide com a expans\u00e3o das plataformas digitais e a democratiza\u00e7\u00e3o da produ\u00e7\u00e3o de <strong><a href=\"https:\/\/www.correiobraziliense.com.br\/cbradar\/confira-os-lancamentos-da-semana-no-amazon-prime-video\/\" target=\"_blank\" rel=\"noreferrer noopener\">conte\u00fado<\/a><\/strong>. Produ\u00e7\u00f5es como <strong>Beb\u00ea Rena<\/strong> e <strong>Ripley<\/strong> demonstraram que hist\u00f3rias bem estruturadas podem alcan\u00e7ar impacto mundial independentemente da dura\u00e7\u00e3o. Este fen\u00f4meno representa uma revolu\u00e7\u00e3o silenciosa na ind\u00fastria, oferecendo alternativas criativas tanto para produtores quanto para audi\u00eancias cada vez mais exigentes.<\/p>\n\n\n\n<h2 class=\"wp-block-heading\"><strong>Por que as miniss\u00e9ries conquistam audi\u00eancias globais?<\/strong><\/h2>\n\n\n\n<p>As miniss\u00e9ries respondem diretamente \u00e0s demandas contempor\u00e2neas de consumo audiovisual. Em um cen\u00e1rio onde a aten\u00e7\u00e3o do p\u00fablico est\u00e1 fragmentada entre m\u00faltiplas plataformas, elas oferecem narrativas completas que podem ser consumidas em per\u00edodos relativamente curtos. <strong>Adolesc\u00eancia<\/strong>, recente sucesso da <strong>Netflix<\/strong>, exemplifica essa efici\u00eancia narrativa ao abordar quest\u00f5es complexas sobre redes sociais e relacionamentos familiares em apenas quatro epis\u00f3dios intensos.<\/p>\n\n\n\n<p>O formato permite flexibilidade criativa \u00fanica, possibilitando que roteiristas desenvolvam tramas sem as press\u00f5es de estender artificialmente a narrativa. <strong>Senna<\/strong>, miniss\u00e9rie biogr\u00e1fica sobre o piloto brasileiro, consegue condensar d\u00e9cadas de uma vida extraordin\u00e1ria em seis epis\u00f3dios envolventes. Esta economia narrativa atrai tanto audi\u00eancias que buscam entretenimento de qualidade quanto criadores interessados em projetos com in\u00edcio, meio e fim bem definidos.<\/p>\n\n\n\n<figure class=\"wp-block-embed aligncenter is-type-video is-provider-youtube wp-block-embed-youtube wp-embed-aspect-16-9 wp-has-aspect-ratio\"><div class=\"wp-block-embed__wrapper\">\n<div class=\"jeg_video_container jeg_video_content\"><iframe loading=\"lazy\" title=\"O que \u00e9 Nada Ortodoxa e por que voc\u00ea deveria assistir? | Netflix Brasil\" width=\"500\" height=\"281\" src=\"https:\/\/www.youtube.com\/embed\/DjFfSY6j3XM?feature=oembed\" frameborder=\"0\" allow=\"accelerometer; autoplay; clipboard-write; encrypted-media; gyroscope; picture-in-picture; web-share\" referrerpolicy=\"strict-origin-when-cross-origin\" allowfullscreen><\/iframe><\/div>\n<\/div><\/figure>\n\n\n\n<h2 class=\"wp-block-heading\"><strong>Como o streaming revolucionou a produ\u00e7\u00e3o de miniss\u00e9ries?<\/strong><\/h2>\n\n\n\n<p>As plataformas digitais transformaram radicalmente o panorama de produ\u00e7\u00e3o e distribui\u00e7\u00e3o de miniss\u00e9ries. A <strong>Netflix<\/strong> lidera esse movimento, investindo bilh\u00f5es em conte\u00fado original e demonstrando que produ\u00e7\u00f5es de diferentes pa\u00edses podem alcan\u00e7ar sucesso global. <strong>Griselda<\/strong>, estrelada por <strong>Sof\u00eda Vergara<\/strong>, prova que narrativas espec\u00edficas podem transcender fronteiras culturais quando executadas com qualidade t\u00e9cnica adequada.<\/p>\n\n\n\n<p>O modelo de distribui\u00e7\u00e3o global instant\u00e2nea eliminou barreiras geogr\u00e1ficas tradicionais, permitindo que miniss\u00e9ries coreanas, brasileiras ou escandinavas encontrem audi\u00eancias internacionais. Esta democratiza\u00e7\u00e3o criou um ambiente competitivo onde a qualidade do conte\u00fado prevalece sobre a origem da produ\u00e7\u00e3o. Algoritmos de recomenda\u00e7\u00e3o personalizados ajudam espectadores a descobrir produ\u00e7\u00f5es que tradicionalmente n\u00e3o chegariam aos seus mercados locais.<\/p>\n\n\n\n<h2 class=\"wp-block-heading\"><strong>Qual o impacto econ\u00f4mico das miniss\u00e9ries na ind\u00fastria?<\/strong><\/h2>\n\n\n\n<p>As miniss\u00e9ries representam investimentos eficientes para est\u00fadios e plataformas de streaming. Com or\u00e7amentos menores que s\u00e9ries tradicionais de m\u00faltiplas temporadas, elas oferecem retorno financeiro mais previs\u00edvel e riscos reduzidos. <strong>Round 6<\/strong>, embora tecnicamente uma s\u00e9rie, demonstrou como produ\u00e7\u00f5es compactas podem gerar receitas extraordin\u00e1rias atrav\u00e9s de publicidade, parcerias e engajamento cultural global.<\/p>\n\n\n\n<p>O formato tamb\u00e9m permite teste de conceitos e talentos sem compromissos financeiros de longo prazo. Diretores emergentes encontram oportunidades para demonstrar compet\u00eancia narrativa, enquanto atores estabelecidos podem explorar personagens complexos em projetos de dura\u00e7\u00e3o limitada. Esta flexibilidade estimula experimenta\u00e7\u00e3o criativa e descoberta de novos talentos, enriquecendo o panorama audiovisual contempor\u00e2neo.<\/p>\n\n\n\n<h2 class=\"wp-block-heading\"><strong>Como as miniss\u00e9ries influenciam comportamentos culturais?<\/strong><\/h2>\n\n\n\n<p>Miniss\u00e9ries t\u00eam poder significativo na forma\u00e7\u00e3o de discuss\u00f5es culturais e sociais. <strong>Beb\u00ea Rena<\/strong>, baseada em experi\u00eancias reais do criador <strong>Richard Gadd<\/strong>, gerou debates globais sobre stalking, trauma e masculinidade. O formato permite abordagem aprofundada de temas sens\u00edveis, oferecendo tempo suficiente para desenvolvimento respons\u00e1vel sem romantiza\u00e7\u00e3o ou simplifica\u00e7\u00e3o excessiva.<\/p>\n\n\n\n<p>A velocidade de consumo das miniss\u00e9ries facilita discuss\u00f5es s\u00edncronas nas redes sociais, criando fen\u00f4menos culturais tempor\u00e1rios, mas intensos. Espectadores podem assistir produ\u00e7\u00f5es completas em fins de semana, gerando conversas coletivas que amplificam o impacto cultural das narrativas. Este sincronismo social aumenta a relev\u00e2ncia das miniss\u00e9ries como ferramentas de reflex\u00e3o coletiva.<\/p>\n\n\n\n<h2 class=\"wp-block-heading\"><strong>Que tecnologias emergentes moldam o futuro das miniss\u00e9ries?<\/strong><\/h2>\n\n\n\n<p>A intelig\u00eancia artificial est\u00e1 come\u00e7ando a influenciar a produ\u00e7\u00e3o de miniss\u00e9ries atrav\u00e9s de an\u00e1lise de roteiros, otimiza\u00e7\u00e3o de edi\u00e7\u00e3o e personaliza\u00e7\u00e3o de experi\u00eancias. Algoritmos podem identificar padr\u00f5es narrativos eficazes e sugerir ajustes que maximizem o envolvimento emocional da audi\u00eancia. Esta aplica\u00e7\u00e3o tecnol\u00f3gica promete revolucionar a efici\u00eancia produtiva sem comprometer a criatividade art\u00edstica.<\/p>\n\n\n\n<p>Realidade virtual e experi\u00eancias interativas representam a pr\u00f3xima fronteira das miniss\u00e9ries. Projetos experimentais j\u00e1 permitem que espectadores influenciem desenvolvimentos narrativos, criando experi\u00eancias personalizadas \u00fanicas. <strong>Black Mirror: Bandersnatch<\/strong> pioneirizou essa abordagem, demonstrando viabilidade t\u00e9cnica e interesse do p\u00fablico por narrativas interativas sofisticadas.<\/p>\n\n\n\n<h2 class=\"wp-block-heading\"><strong>Qual ser\u00e1 o futuro das miniss\u00e9ries no entretenimento mundial?<\/strong><\/h2>\n\n\n\n<p>As proje\u00e7\u00f5es indicam crescimento cont\u00ednuo do formato de miniss\u00e9ries, impulsionado pela demanda por conte\u00fado de qualidade e consumo flex\u00edvel. Plataformas de streaming continuar\u00e3o investindo neste segmento, reconhecendo sua efici\u00eancia em atrair novos assinantes e manter engajamento. A competi\u00e7\u00e3o global estimular\u00e1 inova\u00e7\u00e3o constante em t\u00e9cnicas narrativas e produ\u00e7\u00e3o t\u00e9cnica.<\/p>\n\n\n\n<p>A sustentabilidade ambiental tamb\u00e9m influenciar\u00e1 o futuro das miniss\u00e9ries. Produ\u00e7\u00f5es menores geram menos impacto ecol\u00f3gico, alinhando-se com preocupa\u00e7\u00f5es ambientais crescentes da ind\u00fastria e das audi\u00eancias. Tecnologias de produ\u00e7\u00e3o virtual reduzir\u00e3o necessidade de deslocamentos e constru\u00e7\u00f5es f\u00edsicas, tornando as miniss\u00e9ries ainda mais atrativas economicamente e ambientalmente.<\/p>\n\n\n\n<p>As miniss\u00e9ries estabeleceram-se como for\u00e7a transformadora no entretenimento mundial, oferecendo narrativas completas e eficientes que respondem \u00e0s demandas contempor\u00e2neas de consumo audiovisual. A combina\u00e7\u00e3o entre inova\u00e7\u00e3o tecnol\u00f3gica, flexibilidade criativa e efici\u00eancia econ\u00f4mica posiciona este formato como protagonista do futuro da ind\u00fastria. \u00c0 medida que plataformas digitais expandem investimentos e audi\u00eancias demonstram prefer\u00eancia por conte\u00fado de qualidade, as miniss\u00e9ries continuar\u00e3o evoluindo, redefinindo padr\u00f5es narrativos e estabelecendo novos paradigmas para o entretenimento do s\u00e9culo XXI.<\/p>\n","protected":false},"excerpt":{"rendered":"<p>O formato de miniss\u00e9ries tem conquistado posi\u00e7\u00e3o estrat\u00e9gica no entretenimento contempor\u00e2neo, estabelecendo uma ponte eficiente entre a profundidade cinematogr\u00e1fica e a serializa\u00e7\u00e3o televisiva. Esta modalidade oferece narrativas completas em formatos compactos, proporcionando experi\u00eancias satisfat\u00f3rias sem o compromisso de temporadas extensas. O crescimento deste segmento reflete mudan\u00e7as significativas nos h\u00e1bitos de consumo audiovisual global. A ascens\u00e3o [&hellip;]<\/p>\n","protected":false},"author":8,"featured_media":2751,"comment_status":"open","ping_status":"open","sticky":false,"template":"","format":"standard","meta":{"_yoast_wpseo_focuskw":"assistir","_yoast_wpseo_title":"","_yoast_wpseo_metadesc":"Prepare-se para ser tocado por essa miniss\u00e9rie emocionante dispon\u00edvel na Netflix. N\u00e3o deixe de assistir e mergulhar em uma trama envolvente.","jnews-multi-image_gallery":[],"jnews_single_post":{"format":"standard"},"jnews_primary_category":[],"jnews_social_meta":[],"jnews_override_counter":[],"footnotes":""},"categories":[140],"tags":[1357,4138,607],"class_list":["post-31540","post","type-post","status-publish","format-standard","has-post-thumbnail","hentry","category-entretenimento","tag-assistir","tag-nada-ortodoxa","tag-serie"],"yoast_head":"<!-- This site is optimized with the Yoast SEO plugin v24.6 - https:\/\/yoast.com\/wordpress\/plugins\/seo\/ -->\n<title>Voc\u00ea deveria assistir essa miniss\u00e9rie emocionante que est\u00e1 na Netflix! - Correio Braziliense - Radar<\/title>\n<meta name=\"description\" content=\"Prepare-se para ser tocado por essa miniss\u00e9rie emocionante dispon\u00edvel na Netflix. N\u00e3o deixe de assistir e mergulhar em uma trama envolvente.\" \/>\n<meta name=\"robots\" content=\"index, follow, max-snippet:-1, max-image-preview:large, max-video-preview:-1\" \/>\n<link rel=\"canonical\" href=\"https:\/\/www.correiobraziliense.com.br\/cbradar\/voce-deveria-assistir-essa-minisserie-emocionante-que-esta-na-netflix\/\" \/>\n<meta property=\"og:locale\" content=\"pt_BR\" \/>\n<meta property=\"og:type\" content=\"article\" \/>\n<meta property=\"og:title\" content=\"Voc\u00ea deveria assistir essa miniss\u00e9rie emocionante que est\u00e1 na Netflix! - Correio Braziliense - Radar\" \/>\n<meta property=\"og:description\" content=\"Prepare-se para ser tocado por essa miniss\u00e9rie emocionante dispon\u00edvel na Netflix. N\u00e3o deixe de assistir e mergulhar em uma trama envolvente.\" \/>\n<meta property=\"og:url\" content=\"https:\/\/www.correiobraziliense.com.br\/cbradar\/voce-deveria-assistir-essa-minisserie-emocionante-que-esta-na-netflix\/\" \/>\n<meta property=\"og:site_name\" content=\"Correio Braziliense - Radar\" \/>\n<meta property=\"article:published_time\" content=\"2025-05-05T16:30:00+00:00\" \/>\n<meta property=\"article:modified_time\" content=\"2025-06-23T21:30:15+00:00\" \/>\n<meta property=\"og:image\" content=\"https:\/\/www.correiobraziliense.com.br\/cbradar\/wp-content\/uploads\/2025\/02\/Netflix_1739520995424.jpg\" \/>\n\t<meta property=\"og:image:width\" content=\"1280\" \/>\n\t<meta property=\"og:image:height\" content=\"720\" \/>\n\t<meta property=\"og:image:type\" content=\"image\/jpeg\" \/>\n<meta name=\"author\" content=\"Maura Pereira\" \/>\n<meta name=\"twitter:card\" content=\"summary_large_image\" \/>\n<meta name=\"twitter:label1\" content=\"Escrito por\" \/>\n\t<meta name=\"twitter:data1\" content=\"Maura Pereira\" \/>\n\t<meta name=\"twitter:label2\" content=\"Est. tempo de leitura\" \/>\n\t<meta name=\"twitter:data2\" content=\"5 minutos\" \/>\n<!-- \/ Yoast SEO plugin. -->","yoast_head_json":{"title":"Voc\u00ea deveria assistir essa miniss\u00e9rie emocionante que est\u00e1 na Netflix! - Correio Braziliense - Radar","description":"Prepare-se para ser tocado por essa miniss\u00e9rie emocionante dispon\u00edvel na Netflix. N\u00e3o deixe de assistir e mergulhar em uma trama envolvente.","robots":{"index":"index","follow":"follow","max-snippet":"max-snippet:-1","max-image-preview":"max-image-preview:large","max-video-preview":"max-video-preview:-1"},"canonical":"https:\/\/www.correiobraziliense.com.br\/cbradar\/voce-deveria-assistir-essa-minisserie-emocionante-que-esta-na-netflix\/","og_locale":"pt_BR","og_type":"article","og_title":"Voc\u00ea deveria assistir essa miniss\u00e9rie emocionante que est\u00e1 na Netflix! - Correio Braziliense - Radar","og_description":"Prepare-se para ser tocado por essa miniss\u00e9rie emocionante dispon\u00edvel na Netflix. N\u00e3o deixe de assistir e mergulhar em uma trama envolvente.","og_url":"https:\/\/www.correiobraziliense.com.br\/cbradar\/voce-deveria-assistir-essa-minisserie-emocionante-que-esta-na-netflix\/","og_site_name":"Correio Braziliense - Radar","article_published_time":"2025-05-05T16:30:00+00:00","article_modified_time":"2025-06-23T21:30:15+00:00","og_image":[{"width":1280,"height":720,"url":"https:\/\/www.correiobraziliense.com.br\/cbradar\/wp-content\/uploads\/2025\/02\/Netflix_1739520995424.jpg","type":"image\/jpeg"}],"author":"Maura Pereira","twitter_card":"summary_large_image","twitter_misc":{"Escrito por":"Maura Pereira","Est. tempo de leitura":"5 minutos"},"schema":{"@context":"https:\/\/schema.org","@graph":[{"@type":"WebPage","@id":"https:\/\/www.correiobraziliense.com.br\/cbradar\/voce-deveria-assistir-essa-minisserie-emocionante-que-esta-na-netflix\/","url":"https:\/\/www.correiobraziliense.com.br\/cbradar\/voce-deveria-assistir-essa-minisserie-emocionante-que-esta-na-netflix\/","name":"Voc\u00ea deveria assistir essa miniss\u00e9rie emocionante que est\u00e1 na Netflix! - Correio Braziliense - Radar","isPartOf":{"@id":"https:\/\/www.correiobraziliense.com.br\/cbradar\/#website"},"primaryImageOfPage":{"@id":"https:\/\/www.correiobraziliense.com.br\/cbradar\/voce-deveria-assistir-essa-minisserie-emocionante-que-esta-na-netflix\/#primaryimage"},"image":{"@id":"https:\/\/www.correiobraziliense.com.br\/cbradar\/voce-deveria-assistir-essa-minisserie-emocionante-que-esta-na-netflix\/#primaryimage"},"thumbnailUrl":"https:\/\/www.correiobraziliense.com.br\/cbradar\/wp-content\/uploads\/2025\/02\/Netflix_1739520995424.jpg","datePublished":"2025-05-05T16:30:00+00:00","dateModified":"2025-06-23T21:30:15+00:00","author":{"@id":"https:\/\/www.correiobraziliense.com.br\/cbradar\/#\/schema\/person\/4053c651a9bfc785afc6f4cbc9032fd3"},"description":"Prepare-se para ser tocado por essa miniss\u00e9rie emocionante dispon\u00edvel na Netflix. N\u00e3o deixe de assistir e mergulhar em uma trama envolvente.","breadcrumb":{"@id":"https:\/\/www.correiobraziliense.com.br\/cbradar\/voce-deveria-assistir-essa-minisserie-emocionante-que-esta-na-netflix\/#breadcrumb"},"inLanguage":"pt-BR","potentialAction":[{"@type":"ReadAction","target":["https:\/\/www.correiobraziliense.com.br\/cbradar\/voce-deveria-assistir-essa-minisserie-emocionante-que-esta-na-netflix\/"]}]},{"@type":"ImageObject","inLanguage":"pt-BR","@id":"https:\/\/www.correiobraziliense.com.br\/cbradar\/voce-deveria-assistir-essa-minisserie-emocionante-que-esta-na-netflix\/#primaryimage","url":"https:\/\/www.correiobraziliense.com.br\/cbradar\/wp-content\/uploads\/2025\/02\/Netflix_1739520995424.jpg","contentUrl":"https:\/\/www.correiobraziliense.com.br\/cbradar\/wp-content\/uploads\/2025\/02\/Netflix_1739520995424.jpg","width":1280,"height":720,"caption":"Netflix \/\/ Cr\u00e9ditos: depositphotos.com \/ burdun"},{"@type":"BreadcrumbList","@id":"https:\/\/www.correiobraziliense.com.br\/cbradar\/voce-deveria-assistir-essa-minisserie-emocionante-que-esta-na-netflix\/#breadcrumb","itemListElement":[{"@type":"ListItem","position":1,"name":"In\u00edcio","item":"https:\/\/www.correiobraziliense.com.br\/cbradar\/"},{"@type":"ListItem","position":2,"name":"Voc\u00ea deveria assistir essa miniss\u00e9rie emocionante que est\u00e1 na Netflix!"}]},{"@type":"WebSite","@id":"https:\/\/www.correiobraziliense.com.br\/cbradar\/#website","url":"https:\/\/www.correiobraziliense.com.br\/cbradar\/","name":"Correio Braziliense - Radar","description":"Acompanhe as \u00faltimas not\u00edcias e fique bem informado sobre tudo o que acontece no Brasil e no mundo.","potentialAction":[{"@type":"SearchAction","target":{"@type":"EntryPoint","urlTemplate":"https:\/\/www.correiobraziliense.com.br\/cbradar\/?s={search_term_string}"},"query-input":{"@type":"PropertyValueSpecification","valueRequired":true,"valueName":"search_term_string"}}],"inLanguage":"pt-BR"},{"@type":"Person","@id":"https:\/\/www.correiobraziliense.com.br\/cbradar\/#\/schema\/person\/4053c651a9bfc785afc6f4cbc9032fd3","name":"Maura Pereira","image":{"@type":"ImageObject","inLanguage":"pt-BR","@id":"https:\/\/www.correiobraziliense.com.br\/cbradar\/#\/schema\/person\/image\/","url":"https:\/\/secure.gravatar.com\/avatar\/3effd6bdadfa447f15089c7f7144eaa6?s=96&d=mm&r=g","contentUrl":"https:\/\/secure.gravatar.com\/avatar\/3effd6bdadfa447f15089c7f7144eaa6?s=96&d=mm&r=g","caption":"Maura Pereira"},"sameAs":["https:\/\/www.correiobraziliense.com.br\/"],"url":"https:\/\/www.correiobraziliense.com.br\/cbradar\/author\/mauramyth\/"}]}},"_links":{"self":[{"href":"https:\/\/www.correiobraziliense.com.br\/cbradar\/wp-json\/wp\/v2\/posts\/31540","targetHints":{"allow":["GET"]}}],"collection":[{"href":"https:\/\/www.correiobraziliense.com.br\/cbradar\/wp-json\/wp\/v2\/posts"}],"about":[{"href":"https:\/\/www.correiobraziliense.com.br\/cbradar\/wp-json\/wp\/v2\/types\/post"}],"author":[{"embeddable":true,"href":"https:\/\/www.correiobraziliense.com.br\/cbradar\/wp-json\/wp\/v2\/users\/8"}],"replies":[{"embeddable":true,"href":"https:\/\/www.correiobraziliense.com.br\/cbradar\/wp-json\/wp\/v2\/comments?post=31540"}],"version-history":[{"count":15,"href":"https:\/\/www.correiobraziliense.com.br\/cbradar\/wp-json\/wp\/v2\/posts\/31540\/revisions"}],"predecessor-version":[{"id":58337,"href":"https:\/\/www.correiobraziliense.com.br\/cbradar\/wp-json\/wp\/v2\/posts\/31540\/revisions\/58337"}],"wp:featuredmedia":[{"embeddable":true,"href":"https:\/\/www.correiobraziliense.com.br\/cbradar\/wp-json\/wp\/v2\/media\/2751"}],"wp:attachment":[{"href":"https:\/\/www.correiobraziliense.com.br\/cbradar\/wp-json\/wp\/v2\/media?parent=31540"}],"wp:term":[{"taxonomy":"category","embeddable":true,"href":"https:\/\/www.correiobraziliense.com.br\/cbradar\/wp-json\/wp\/v2\/categories?post=31540"},{"taxonomy":"post_tag","embeddable":true,"href":"https:\/\/www.correiobraziliense.com.br\/cbradar\/wp-json\/wp\/v2\/tags?post=31540"}],"curies":[{"name":"wp","href":"https:\/\/api.w.org\/{rel}","templated":true}]}}