{"id":31645,"date":"2025-05-03T08:40:17","date_gmt":"2025-05-03T11:40:17","guid":{"rendered":"https:\/\/www.correiobraziliense.com.br\/cbradar\/?p=31645"},"modified":"2025-05-03T08:40:18","modified_gmt":"2025-05-03T11:40:18","slug":"veja-o-valor-milionario-que-dudu-recebeu-em-4-meses-de-cruzeiro","status":"publish","type":"post","link":"https:\/\/www.correiobraziliense.com.br\/cbradar\/veja-o-valor-milionario-que-dudu-recebeu-em-4-meses-de-cruzeiro\/","title":{"rendered":"Veja o valor milion\u00e1rio que Dudu recebeu em 4 meses de Cruzeiro"},"content":{"rendered":"\n<p>O <strong>Cruzeiro <\/strong>anunciou recentemente a rescis\u00e3o do contrato com o atacante <strong>Dudu<\/strong>, que havia chegado ao clube no in\u00edcio do ano. A decis\u00e3o foi tomada ap\u00f3s apenas quatro meses de atua\u00e7\u00e3o do jogador pela equipe mineira. Este movimento gerou um impacto financeiro significativo para o clube, apesar de uma negocia\u00e7\u00e3o bem-sucedida para reduzir a multa rescis\u00f3ria inicialmente prevista.<\/p>\n\n\n\n<p>Dudu, que chegou ao Cruzeiro vindo do <strong>Palmeiras<\/strong>, participou de 20 partidas e marcou dois gols durante sua breve passagem. A sa\u00edda do jogador foi marcada por uma r\u00e1pida sequ\u00eancia de eventos, que incluiu manifesta\u00e7\u00f5es de insatisfa\u00e7\u00e3o por parte do atleta. A situa\u00e7\u00e3o foi resolvida em pouco mais de uma semana, culminando na rescis\u00e3o contratual.<\/p>\n\n\n\n<h2 class=\"wp-block-heading\">Quais foram os termos da rescis\u00e3o?<\/h2>\n\n\n\n<p>Inicialmente, o Cruzeiro teria que desembolsar R$ 60 milh\u00f5es para rescindir o contrato de Dudu. No entanto, a diretoria do clube conseguiu negociar este valor para R$ 15 milh\u00f5es, minimizando o impacto financeiro da sa\u00edda do jogador. Apesar disso, o clube ainda enfrentou um preju\u00edzo consider\u00e1vel.<\/p>\n\n\n\n<p>Durante os quatro meses em que esteve no Cruzeiro, Dudu recebeu um total de R$ 8 milh\u00f5es em sal\u00e1rios, o que equivale a R$ 2 milh\u00f5es por m\u00eas. Somando este montante \u00e0 multa rescis\u00f3ria, o valor total pago ao jogador chega a R$ 23 milh\u00f5es.<\/p>\n\n\n\n<blockquote class=\"instagram-media\" data-instgrm-captioned data-instgrm-permalink=\"https:\/\/www.instagram.com\/p\/DJILXWBtBXH\/?utm_source=ig_embed&amp;utm_campaign=loading\" data-instgrm-version=\"14\" style=\" background:#FFF; border:0; border-radius:3px; box-shadow:0 0 1px 0 rgba(0,0,0,0.5),0 1px 10px 0 rgba(0,0,0,0.15); margin: 1px; max-width:540px; min-width:326px; padding:0; width:99.375%; width:-webkit-calc(100% - 2px); width:calc(100% - 2px);\"><div style=\"padding:16px;\"> <a href=\"https:\/\/www.instagram.com\/p\/DJILXWBtBXH\/?utm_source=ig_embed&amp;utm_campaign=loading\" style=\" background:#FFFFFF; line-height:0; padding:0 0; text-align:center; text-decoration:none; width:100%;\" target=\"_blank\"> <div style=\" display: flex; flex-direction: row; align-items: center;\"> <div style=\"background-color: #F4F4F4; border-radius: 50%; flex-grow: 0; height: 40px; margin-right: 14px; width: 40px;\"><\/div> <div style=\"display: flex; flex-direction: column; flex-grow: 1; justify-content: center;\"> <div style=\" background-color: #F4F4F4; border-radius: 4px; flex-grow: 0; height: 14px; margin-bottom: 6px; width: 100px;\"><\/div> <div style=\" background-color: #F4F4F4; border-radius: 4px; flex-grow: 0; height: 14px; width: 60px;\"><\/div><\/div><\/div><div style=\"padding: 19% 0;\"><\/div> <div style=\"display:block; height:50px; margin:0 auto 12px; width:50px;\"><svg width=\"50px\" height=\"50px\" viewBox=\"0 0 60 60\" version=\"1.1\" xmlns=\"https:\/\/www.w3.org\/2000\/svg\" xmlns:xlink=\"https:\/\/www.w3.org\/1999\/xlink\"><g stroke=\"none\" stroke-width=\"1\" fill=\"none\" fill-rule=\"evenodd\"><g transform=\"translate(-511.000000, -20.000000)\" fill=\"#000000\"><g><path d=\"M556.869,30.41 C554.814,30.41 553.148,32.076 553.148,34.131 C553.148,36.186 554.814,37.852 556.869,37.852 C558.924,37.852 560.59,36.186 560.59,34.131 C560.59,32.076 558.924,30.41 556.869,30.41 M541,60.657 C535.114,60.657 530.342,55.887 530.342,50 C530.342,44.114 535.114,39.342 541,39.342 C546.887,39.342 551.658,44.114 551.658,50 C551.658,55.887 546.887,60.657 541,60.657 M541,33.886 C532.1,33.886 524.886,41.1 524.886,50 C524.886,58.899 532.1,66.113 541,66.113 C549.9,66.113 557.115,58.899 557.115,50 C557.115,41.1 549.9,33.886 541,33.886 M565.378,62.101 C565.244,65.022 564.756,66.606 564.346,67.663 C563.803,69.06 563.154,70.057 562.106,71.106 C561.058,72.155 560.06,72.803 558.662,73.347 C557.607,73.757 556.021,74.244 553.102,74.378 C549.944,74.521 548.997,74.552 541,74.552 C533.003,74.552 532.056,74.521 528.898,74.378 C525.979,74.244 524.393,73.757 523.338,73.347 C521.94,72.803 520.942,72.155 519.894,71.106 C518.846,70.057 518.197,69.06 517.654,67.663 C517.244,66.606 516.755,65.022 516.623,62.101 C516.479,58.943 516.448,57.996 516.448,50 C516.448,42.003 516.479,41.056 516.623,37.899 C516.755,34.978 517.244,33.391 517.654,32.338 C518.197,30.938 518.846,29.942 519.894,28.894 C520.942,27.846 521.94,27.196 523.338,26.654 C524.393,26.244 525.979,25.756 528.898,25.623 C532.057,25.479 533.004,25.448 541,25.448 C548.997,25.448 549.943,25.479 553.102,25.623 C556.021,25.756 557.607,26.244 558.662,26.654 C560.06,27.196 561.058,27.846 562.106,28.894 C563.154,29.942 563.803,30.938 564.346,32.338 C564.756,33.391 565.244,34.978 565.378,37.899 C565.522,41.056 565.552,42.003 565.552,50 C565.552,57.996 565.522,58.943 565.378,62.101 M570.82,37.631 C570.674,34.438 570.167,32.258 569.425,30.349 C568.659,28.377 567.633,26.702 565.965,25.035 C564.297,23.368 562.623,22.342 560.652,21.575 C558.743,20.834 556.562,20.326 553.369,20.18 C550.169,20.033 549.148,20 541,20 C532.853,20 531.831,20.033 528.631,20.18 C525.438,20.326 523.257,20.834 521.349,21.575 C519.376,22.342 517.703,23.368 516.035,25.035 C514.368,26.702 513.342,28.377 512.574,30.349 C511.834,32.258 511.326,34.438 511.181,37.631 C511.035,40.831 511,41.851 511,50 C511,58.147 511.035,59.17 511.181,62.369 C511.326,65.562 511.834,67.743 512.574,69.651 C513.342,71.625 514.368,73.296 516.035,74.965 C517.703,76.634 519.376,77.658 521.349,78.425 C523.257,79.167 525.438,79.673 528.631,79.82 C531.831,79.965 532.853,80.001 541,80.001 C549.148,80.001 550.169,79.965 553.369,79.82 C556.562,79.673 558.743,79.167 560.652,78.425 C562.623,77.658 564.297,76.634 565.965,74.965 C567.633,73.296 568.659,71.625 569.425,69.651 C570.167,67.743 570.674,65.562 570.82,62.369 C570.966,59.17 571,58.147 571,50 C571,41.851 570.966,40.831 570.82,37.631\"><\/path><\/g><\/g><\/g><\/svg><\/div><div style=\"padding-top: 8px;\"> <div style=\" color:#3897f0; font-family:Arial,sans-serif; font-size:14px; font-style:normal; font-weight:550; line-height:18px;\">Ver essa foto no Instagram<\/div><\/div><div style=\"padding: 12.5% 0;\"><\/div> <div style=\"display: flex; flex-direction: row; margin-bottom: 14px; align-items: center;\"><div> <div style=\"background-color: #F4F4F4; border-radius: 50%; height: 12.5px; width: 12.5px; transform: translateX(0px) translateY(7px);\"><\/div> <div style=\"background-color: #F4F4F4; height: 12.5px; transform: rotate(-45deg) translateX(3px) translateY(1px); width: 12.5px; flex-grow: 0; margin-right: 14px; margin-left: 2px;\"><\/div> <div style=\"background-color: #F4F4F4; border-radius: 50%; height: 12.5px; width: 12.5px; transform: translateX(9px) translateY(-18px);\"><\/div><\/div><div style=\"margin-left: 8px;\"> <div style=\" background-color: #F4F4F4; border-radius: 50%; flex-grow: 0; height: 20px; width: 20px;\"><\/div> <div style=\" width: 0; height: 0; border-top: 2px solid transparent; border-left: 6px solid #f4f4f4; border-bottom: 2px solid transparent; transform: translateX(16px) translateY(-4px) rotate(30deg)\"><\/div><\/div><div style=\"margin-left: auto;\"> <div style=\" width: 0px; border-top: 8px solid #F4F4F4; border-right: 8px solid transparent; transform: translateY(16px);\"><\/div> <div style=\" background-color: #F4F4F4; flex-grow: 0; height: 12px; width: 16px; transform: translateY(-4px);\"><\/div> <div style=\" width: 0; height: 0; border-top: 8px solid #F4F4F4; border-left: 8px solid transparent; transform: translateY(-4px) translateX(8px);\"><\/div><\/div><\/div> <div style=\"display: flex; flex-direction: column; flex-grow: 1; justify-content: center; margin-bottom: 24px;\"> <div style=\" background-color: #F4F4F4; border-radius: 4px; flex-grow: 0; height: 14px; margin-bottom: 6px; width: 224px;\"><\/div> <div style=\" background-color: #F4F4F4; border-radius: 4px; flex-grow: 0; height: 14px; width: 144px;\"><\/div><\/div><\/a><p style=\" color:#c9c8cd; font-family:Arial,sans-serif; font-size:14px; line-height:17px; margin-bottom:0; margin-top:8px; overflow:hidden; padding:8px 0 7px; text-align:center; text-overflow:ellipsis; white-space:nowrap;\"><a href=\"https:\/\/www.instagram.com\/p\/DJILXWBtBXH\/?utm_source=ig_embed&amp;utm_campaign=loading\" style=\" color:#c9c8cd; font-family:Arial,sans-serif; font-size:14px; font-style:normal; font-weight:normal; line-height:17px; text-decoration:none;\" target=\"_blank\">Uma publica\u00e7\u00e3o compartilhada por Cruzeiro (@cruzeiro)<\/a><\/p><\/div><\/blockquote>\n<script async src=\"\/\/www.instagram.com\/embed.js\"><\/script>\n\n\n\n<h2 class=\"wp-block-heading\">Qual foi o desempenho de Dudu no Cruzeiro?<\/h2>\n\n\n\n<p>O desempenho de Dudu no Cruzeiro foi relativamente modesto. Em 20 partidas, o atacante marcou apenas dois gols, o que pode ter contribu\u00eddo para a decis\u00e3o do clube de rescindir seu contrato. A expectativa inicial era de que Dudu trouxesse um impacto positivo significativo para a equipe, mas isso n\u00e3o se concretizou.<\/p>\n\n\n\n<p>A breve passagem de Dudu pelo Cruzeiro tamb\u00e9m foi marcada por uma s\u00e9rie de desafios, incluindo a adapta\u00e7\u00e3o ao novo ambiente e a press\u00e3o por resultados imediatos. Esses fatores podem ter influenciado tanto o desempenho do jogador quanto a decis\u00e3o do clube de encerrar o contrato antecipadamente.<\/p>\n\n\n\n<h2 class=\"wp-block-heading\">Quais s\u00e3o as implica\u00e7\u00f5es para o Cruzeiro?<\/h2>\n\n\n\n<p>A rescis\u00e3o do contrato de Dudu representa um desafio financeiro para o Cruzeiro, que j\u00e1 enfrenta dificuldades econ\u00f4micas. O clube ter\u00e1 que lidar com o impacto da sa\u00edda do jogador em seu or\u00e7amento, al\u00e9m de buscar alternativas para preencher a lacuna deixada por Dudu no elenco.<\/p>\n\n\n\n<p>Por outro lado, a negocia\u00e7\u00e3o bem-sucedida da multa rescis\u00f3ria demonstra a capacidade da diretoria do Cruzeiro de gerenciar situa\u00e7\u00f5es complexas e minimizar preju\u00edzos. O clube agora se concentra em reestruturar sua equipe e buscar novos talentos que possam contribuir para o sucesso futuro.<\/p>\n\n\n\n<p>Em resumo, a rescis\u00e3o do contrato de Dudu com o Cruzeiro \u00e9 um exemplo de como decis\u00f5es estrat\u00e9gicas podem impactar significativamente a din\u00e2mica de um clube de futebol, tanto dentro quanto fora de campo.<\/p>\n","protected":false},"excerpt":{"rendered":"<p>A rescis\u00e3o do contrato de Dudu com o Cruzeiro e suas implica\u00e7\u00f5es dentro e fora de campo: desafios financeiros e esportivos para o clube mineiro.<\/p>\n","protected":false},"author":3,"featured_media":31647,"comment_status":"open","ping_status":"open","sticky":false,"template":"","format":"standard","meta":{"_yoast_wpseo_focuskw":"Dudu Cruzeiro","_yoast_wpseo_title":"%%title%%","_yoast_wpseo_metadesc":"A rescis\u00e3o do contrato de Dudu com o Cruzeiro e suas implica\u00e7\u00f5es dentro e fora de campo: desafios financeiros e esportivos para o clube mineiro.","jnews-multi-image_gallery":[],"jnews_single_post":{"format":"standard"},"jnews_primary_category":[],"jnews_social_meta":[],"jnews_override_counter":[],"footnotes":""},"categories":[112],"post_tag":[4140,4141,1926,1521],"class_list":["post-31645","post","type-post","status-publish","format-standard","has-post-thumbnail","hentry","category-curiosidades","tag-cruzeiro","tag-dudu","tag-esportes","tag-futebol"],"yoast_head":"<!-- This site is optimized with the Yoast SEO plugin v24.6 - https:\/\/yoast.com\/wordpress\/plugins\/seo\/ -->\n<title>Veja o valor milion\u00e1rio que Dudu recebeu em 4 meses de Cruzeiro<\/title>\n<meta name=\"description\" content=\"A rescis\u00e3o do contrato de Dudu com o Cruzeiro e suas implica\u00e7\u00f5es dentro e fora de campo: desafios financeiros e esportivos para o clube mineiro.\" \/>\n<meta name=\"robots\" content=\"index, follow, max-snippet:-1, max-image-preview:large, max-video-preview:-1\" \/>\n<link rel=\"canonical\" href=\"https:\/\/www.correiobraziliense.com.br\/cbradar\/veja-o-valor-milionario-que-dudu-recebeu-em-4-meses-de-cruzeiro\/\" \/>\n<meta property=\"og:locale\" content=\"pt_BR\" \/>\n<meta property=\"og:type\" content=\"article\" \/>\n<meta property=\"og:title\" content=\"Veja o valor milion\u00e1rio que Dudu recebeu em 4 meses de Cruzeiro\" \/>\n<meta property=\"og:description\" content=\"A rescis\u00e3o do contrato de Dudu com o Cruzeiro e suas implica\u00e7\u00f5es dentro e fora de campo: desafios financeiros e esportivos para o clube mineiro.\" \/>\n<meta property=\"og:url\" content=\"https:\/\/www.correiobraziliense.com.br\/cbradar\/veja-o-valor-milionario-que-dudu-recebeu-em-4-meses-de-cruzeiro\/\" \/>\n<meta property=\"og:site_name\" content=\"Correio Braziliense - Radar\" \/>\n<meta property=\"article:published_time\" content=\"2025-05-03T11:40:17+00:00\" \/>\n<meta property=\"article:modified_time\" content=\"2025-05-03T11:40:18+00:00\" \/>\n<meta property=\"og:image\" content=\"https:\/\/www.correiobraziliense.com.br\/cbradar\/wp-content\/uploads\/2025\/05\/Dudu-Cruzeiro.png\" \/>\n\t<meta property=\"og:image:width\" content=\"1280\" \/>\n\t<meta property=\"og:image:height\" content=\"720\" \/>\n\t<meta property=\"og:image:type\" content=\"image\/png\" \/>\n<meta name=\"author\" content=\"Larissa Carvalho\" \/>\n<meta name=\"twitter:card\" content=\"summary_large_image\" \/>\n<meta name=\"twitter:label1\" content=\"Escrito por\" \/>\n\t<meta name=\"twitter:data1\" content=\"Larissa Carvalho\" \/>\n\t<meta name=\"twitter:label2\" content=\"Est. tempo de leitura\" \/>\n\t<meta name=\"twitter:data2\" content=\"3 minutos\" \/>\n<!-- \/ Yoast SEO plugin. -->","yoast_head_json":{"title":"Veja o valor milion\u00e1rio que Dudu recebeu em 4 meses de Cruzeiro","description":"A rescis\u00e3o do contrato de Dudu com o Cruzeiro e suas implica\u00e7\u00f5es dentro e fora de campo: desafios financeiros e esportivos para o clube mineiro.","robots":{"index":"index","follow":"follow","max-snippet":"max-snippet:-1","max-image-preview":"max-image-preview:large","max-video-preview":"max-video-preview:-1"},"canonical":"https:\/\/www.correiobraziliense.com.br\/cbradar\/veja-o-valor-milionario-que-dudu-recebeu-em-4-meses-de-cruzeiro\/","og_locale":"pt_BR","og_type":"article","og_title":"Veja o valor milion\u00e1rio que Dudu recebeu em 4 meses de Cruzeiro","og_description":"A rescis\u00e3o do contrato de Dudu com o Cruzeiro e suas implica\u00e7\u00f5es dentro e fora de campo: desafios financeiros e esportivos para o clube mineiro.","og_url":"https:\/\/www.correiobraziliense.com.br\/cbradar\/veja-o-valor-milionario-que-dudu-recebeu-em-4-meses-de-cruzeiro\/","og_site_name":"Correio Braziliense - Radar","article_published_time":"2025-05-03T11:40:17+00:00","article_modified_time":"2025-05-03T11:40:18+00:00","og_image":[{"width":1280,"height":720,"url":"https:\/\/www.correiobraziliense.com.br\/cbradar\/wp-content\/uploads\/2025\/05\/Dudu-Cruzeiro.png","type":"image\/png"}],"author":"Larissa Carvalho","twitter_card":"summary_large_image","twitter_misc":{"Escrito por":"Larissa Carvalho","Est. tempo de leitura":"3 minutos"},"schema":{"@context":"https:\/\/schema.org","@graph":[{"@type":"WebPage","@id":"https:\/\/www.correiobraziliense.com.br\/cbradar\/veja-o-valor-milionario-que-dudu-recebeu-em-4-meses-de-cruzeiro\/","url":"https:\/\/www.correiobraziliense.com.br\/cbradar\/veja-o-valor-milionario-que-dudu-recebeu-em-4-meses-de-cruzeiro\/","name":"Veja o valor milion\u00e1rio que Dudu recebeu em 4 meses de Cruzeiro","isPartOf":{"@id":"https:\/\/www.correiobraziliense.com.br\/cbradar\/#website"},"primaryImageOfPage":{"@id":"https:\/\/www.correiobraziliense.com.br\/cbradar\/veja-o-valor-milionario-que-dudu-recebeu-em-4-meses-de-cruzeiro\/#primaryimage"},"image":{"@id":"https:\/\/www.correiobraziliense.com.br\/cbradar\/veja-o-valor-milionario-que-dudu-recebeu-em-4-meses-de-cruzeiro\/#primaryimage"},"thumbnailUrl":"https:\/\/www.correiobraziliense.com.br\/cbradar\/wp-content\/uploads\/2025\/05\/Dudu-Cruzeiro.png","datePublished":"2025-05-03T11:40:17+00:00","dateModified":"2025-05-03T11:40:18+00:00","author":{"@id":"https:\/\/www.correiobraziliense.com.br\/cbradar\/#\/schema\/person\/58422787644df994b53a19d3e56c1513"},"description":"A rescis\u00e3o do contrato de Dudu com o Cruzeiro e suas implica\u00e7\u00f5es dentro e fora de campo: desafios financeiros e esportivos para o clube mineiro.","breadcrumb":{"@id":"https:\/\/www.correiobraziliense.com.br\/cbradar\/veja-o-valor-milionario-que-dudu-recebeu-em-4-meses-de-cruzeiro\/#breadcrumb"},"inLanguage":"pt-BR","potentialAction":[{"@type":"ReadAction","target":["https:\/\/www.correiobraziliense.com.br\/cbradar\/veja-o-valor-milionario-que-dudu-recebeu-em-4-meses-de-cruzeiro\/"]}]},{"@type":"ImageObject","inLanguage":"pt-BR","@id":"https:\/\/www.correiobraziliense.com.br\/cbradar\/veja-o-valor-milionario-que-dudu-recebeu-em-4-meses-de-cruzeiro\/#primaryimage","url":"https:\/\/www.correiobraziliense.com.br\/cbradar\/wp-content\/uploads\/2025\/05\/Dudu-Cruzeiro.png","contentUrl":"https:\/\/www.correiobraziliense.com.br\/cbradar\/wp-content\/uploads\/2025\/05\/Dudu-Cruzeiro.png","width":1280,"height":720,"caption":"Dudu Cruzeiro. Fonte: Gustavo Aleixo | Cruzeiro"},{"@type":"BreadcrumbList","@id":"https:\/\/www.correiobraziliense.com.br\/cbradar\/veja-o-valor-milionario-que-dudu-recebeu-em-4-meses-de-cruzeiro\/#breadcrumb","itemListElement":[{"@type":"ListItem","position":1,"name":"In\u00edcio","item":"https:\/\/www.correiobraziliense.com.br\/cbradar\/"},{"@type":"ListItem","position":2,"name":"Veja o valor milion\u00e1rio que Dudu recebeu em 4 meses de Cruzeiro"}]},{"@type":"WebSite","@id":"https:\/\/www.correiobraziliense.com.br\/cbradar\/#website","url":"https:\/\/www.correiobraziliense.com.br\/cbradar\/","name":"Correio Braziliense - Radar","description":"Acompanhe as \u00faltimas not\u00edcias e fique bem informado sobre tudo o que acontece no Brasil e no mundo.","potentialAction":[{"@type":"SearchAction","target":{"@type":"EntryPoint","urlTemplate":"https:\/\/www.correiobraziliense.com.br\/cbradar\/?s={search_term_string}"},"query-input":{"@type":"PropertyValueSpecification","valueRequired":true,"valueName":"search_term_string"}}],"inLanguage":"pt-BR"},{"@type":"Person","@id":"https:\/\/www.correiobraziliense.com.br\/cbradar\/#\/schema\/person\/58422787644df994b53a19d3e56c1513","name":"Larissa Carvalho","image":{"@type":"ImageObject","inLanguage":"pt-BR","@id":"https:\/\/www.correiobraziliense.com.br\/cbradar\/#\/schema\/person\/image\/","url":"https:\/\/secure.gravatar.com\/avatar\/fe4f91a0de32b52a838d0d612abdc1aa?s=96&d=mm&r=g","contentUrl":"https:\/\/secure.gravatar.com\/avatar\/fe4f91a0de32b52a838d0d612abdc1aa?s=96&d=mm&r=g","caption":"Larissa Carvalho"},"url":"https:\/\/www.correiobraziliense.com.br\/cbradar\/author\/larissamyth\/"}]}},"_links":{"self":[{"href":"https:\/\/www.correiobraziliense.com.br\/cbradar\/wp-json\/wp\/v2\/posts\/31645","targetHints":{"allow":["GET"]}}],"collection":[{"href":"https:\/\/www.correiobraziliense.com.br\/cbradar\/wp-json\/wp\/v2\/posts"}],"about":[{"href":"https:\/\/www.correiobraziliense.com.br\/cbradar\/wp-json\/wp\/v2\/types\/post"}],"author":[{"embeddable":true,"href":"https:\/\/www.correiobraziliense.com.br\/cbradar\/wp-json\/wp\/v2\/users\/3"}],"replies":[{"embeddable":true,"href":"https:\/\/www.correiobraziliense.com.br\/cbradar\/wp-json\/wp\/v2\/comments?post=31645"}],"version-history":[{"count":2,"href":"https:\/\/www.correiobraziliense.com.br\/cbradar\/wp-json\/wp\/v2\/posts\/31645\/revisions"}],"predecessor-version":[{"id":31653,"href":"https:\/\/www.correiobraziliense.com.br\/cbradar\/wp-json\/wp\/v2\/posts\/31645\/revisions\/31653"}],"wp:featuredmedia":[{"embeddable":true,"href":"https:\/\/www.correiobraziliense.com.br\/cbradar\/wp-json\/wp\/v2\/media\/31647"}],"wp:attachment":[{"href":"https:\/\/www.correiobraziliense.com.br\/cbradar\/wp-json\/wp\/v2\/media?parent=31645"}],"wp:term":[{"taxonomy":"category","embeddable":true,"href":"https:\/\/www.correiobraziliense.com.br\/cbradar\/wp-json\/wp\/v2\/categories?post=31645"},{"taxonomy":"post_tag","embeddable":true,"href":"https:\/\/www.correiobraziliense.com.br\/cbradar\/wp-json\/wp\/v2\/post_tag?post=31645"}],"curies":[{"name":"wp","href":"https:\/\/api.w.org\/{rel}","templated":true}]}}