{"id":31706,"date":"2025-05-04T07:30:00","date_gmt":"2025-05-04T10:30:00","guid":{"rendered":"https:\/\/www.correiobraziliense.com.br\/cbradar\/?p=31706"},"modified":"2025-05-03T17:15:53","modified_gmt":"2025-05-03T20:15:53","slug":"essa-cidade-mineira-tem-o-ceu-mais-estrelado-do-sudeste-segundo-astronomos","status":"publish","type":"post","link":"https:\/\/www.correiobraziliense.com.br\/cbradar\/essa-cidade-mineira-tem-o-ceu-mais-estrelado-do-sudeste-segundo-astronomos\/","title":{"rendered":"Essa cidade mineira tem o c\u00e9u mais estrelado do Sudeste, segundo astr\u00f4nomos"},"content":{"rendered":"\n<p><strong>Carrancas <\/strong>\u00e9 uma pequena cidade no sul de <strong>Minas Gerais<\/strong>, conhecida por suas cachoeiras e paisagens naturais, mas tamb\u00e9m por um fen\u00f4meno que encanta moradores e visitantes: seu c\u00e9u limpo e estrelado. De acordo com astr\u00f4nomos e entusiastas da observa\u00e7\u00e3o do espa\u00e7o, Carrancas re\u00fane condi\u00e7\u00f5es ideais para contemplar as estrelas.<\/p>\n\n\n\n<p>Localizada a cerca de 290 km de <strong>Belo Horizonte<\/strong>, a cidade tem baixa polui\u00e7\u00e3o luminosa, altitude elevada e clima seco em boa parte do ano \u2014 fatores que favorecem a visibilidade astron\u00f4mica e criam verdadeiros espet\u00e1culos celestes durante a noite.<\/p>\n\n\n\n<h2 class=\"wp-block-heading\">Clima e geografia que favorecem a observa\u00e7\u00e3o<\/h2>\n\n\n\n<p>Carrancas est\u00e1 situada a mais de mil metros de altitude, no entorno da Serra da Mantiqueira. A aus\u00eancia de grandes centros urbanos nas proximidades reduz a interfer\u00eancia de luz artificial, o que permite ver com nitidez constela\u00e7\u00f5es, planetas e at\u00e9 a Via L\u00e1ctea em noites claras.<\/p>\n\n\n\n<p>Durante o outono e inverno, o clima seco e a estabilidade atmosf\u00e9rica tornam a cidade ainda mais prop\u00edcia para a observa\u00e7\u00e3o do c\u00e9u. Grupos de astronomia e fot\u00f3grafos de astros costumam organizar encontros e expedi\u00e7\u00f5es na regi\u00e3o.<\/p>\n\n\n\n<h2 class=\"wp-block-heading\">Turismo astron\u00f4mico e natureza exuberante<\/h2>\n\n\n\n<p>O turismo em Carrancas, tradicionalmente voltado ao ecoturismo e \u00e0s cachoeiras, vem atraindo tamb\u00e9m interessados em astroturismo. Muitos visitantes escolhem pousadas mais afastadas ou \u00e1reas de camping para aproveitar o c\u00e9u estrelado.<\/p>\n\n\n\n<p>Al\u00e9m disso, o entorno natural contribui para uma experi\u00eancia \u00fanica: observar as estrelas ao som das cachoeiras, em meio \u00e0 mata nativa e com uma temperatura amena, \u00e9 algo memor\u00e1vel para quem busca contato com a natureza e o cosmos.<\/p>\n\n\n\n<h2 class=\"wp-block-heading\">Simplicidade, acolhimento e boa infraestrutura<\/h2>\n\n\n\n<p>A cidade mant\u00e9m um ritmo tranquilo e acolhedor, com popula\u00e7\u00e3o pequena e clima de interior. O centro tem boas op\u00e7\u00f5es de hospedagem, restaurantes e servi\u00e7os b\u00e1sicos, o que garante conforto sem comprometer a rusticidade.<\/p>\n\n\n\n<p>A comunidade local \u00e9 receptiva e cada vez mais consciente do valor do c\u00e9u limpo como atrativo tur\u00edstico. Algumas pousadas inclusive oferecem telesc\u00f3pios ou organizam sess\u00f5es de observa\u00e7\u00e3o com especialistas.<\/p>\n\n\n\n<figure class=\"wp-block-image size-large\"><img decoding=\"async\" width=\"1024\" height=\"576\" src=\"https:\/\/www.correiobraziliense.com.br\/cbradar\/wp-content\/uploads\/2025\/05\/Minas-Gerais_1746294102044-1024x576.jpg\" alt=\"Essa cidade mineira tem o c\u00e9u mais estrelado do Sudeste, segundo astr\u00f4nomos\" class=\"wp-image-31708\" srcset=\"https:\/\/www.correiobraziliense.com.br\/cbradar\/wp-content\/uploads\/2025\/05\/Minas-Gerais_1746294102044-1024x576.jpg 1024w, https:\/\/www.correiobraziliense.com.br\/cbradar\/wp-content\/uploads\/2025\/05\/Minas-Gerais_1746294102044-300x169.jpg 300w, https:\/\/www.correiobraziliense.com.br\/cbradar\/wp-content\/uploads\/2025\/05\/Minas-Gerais_1746294102044-768x432.jpg 768w, https:\/\/www.correiobraziliense.com.br\/cbradar\/wp-content\/uploads\/2025\/05\/Minas-Gerais_1746294102044-750x422.jpg 750w, https:\/\/www.correiobraziliense.com.br\/cbradar\/wp-content\/uploads\/2025\/05\/Minas-Gerais_1746294102044-1140x641.jpg 1140w, https:\/\/www.correiobraziliense.com.br\/cbradar\/wp-content\/uploads\/2025\/05\/Minas-Gerais_1746294102044.jpg 1280w\" sizes=\"(max-width: 1024px) 100vw, 1024px\" \/><figcaption class=\"wp-element-caption\">Minas Gerais. Cr\u00e9ditos: depositphotos.com \/ losak.napior<\/figcaption><\/figure>\n\n\n\n<h2 class=\"wp-block-heading\">Curiosidades sobre Carrancas<\/h2>\n\n\n\n<ul class=\"wp-block-list\">\n<li>\u00c9 conhecida como \u201cterra das cachoeiras\u201d, com mais de 70 quedas catalogadas.<\/li>\n\n\n\n<li>Foi cen\u00e1rio de produ\u00e7\u00f5es cinematogr\u00e1ficas e novelas.<\/li>\n\n\n\n<li>\u00c9 ponto de passagem do Caminho Velho da Estrada Real.<\/li>\n\n\n\n<li>Tem cerca de 4 mil habitantes.<\/li>\n\n\n\n<li>Astr\u00f4nomos apontam Carrancas como um dos c\u00e9us mais limpos do Sudeste.<\/li>\n<\/ul>\n\n\n\n<h2 class=\"wp-block-heading\">Vale a pena visitar?<\/h2>\n\n\n\n<p>Sim. Carrancas \u00e9 um destino ideal para quem deseja combinar natureza, tranquilidade e contempla\u00e7\u00e3o do c\u00e9u. Seja para caminhadas, banhos de cachoeira ou noites estreladas, a cidade oferece uma experi\u00eancia aut\u00eantica e relaxante.<\/p>\n\n\n\n<p>Durante o ano, eventos de astroturismo e observa\u00e7\u00e3o guiada tornam a visita ainda mais especial. \u00c9 um local perfeito para se desconectar do ritmo acelerado e se reconectar com a imensid\u00e3o do universo.<\/p>\n\n\n\n<h2 class=\"wp-block-heading\">Vale a pena morar?<\/h2>\n\n\n\n<p>Para quem valoriza paz, natureza e um estilo de vida simples, Carrancas pode ser o lugar ideal. A cidade tem infraestrutura suficiente para o dia a dia, baixo custo de vida e uma comunidade acolhedora.<\/p>\n\n\n\n<p>Al\u00e9m disso, viver sob um c\u00e9u estrelado, com ar puro e pouco ru\u00eddo, representa um ganho significativo em qualidade de vida. \u00c9 o tipo de lugar onde cada noite pode se transformar em um espet\u00e1culo natural.<\/p>\n","protected":false},"excerpt":{"rendered":"<p>Carrancas, em Minas Gerais, \u00e9 reconhecida por astr\u00f4nomos como um dos melhores pontos de observa\u00e7\u00e3o do c\u00e9u no Sudeste brasileiro.<\/p>\n","protected":false},"author":3,"featured_media":31707,"comment_status":"open","ping_status":"open","sticky":false,"template":"","format":"standard","meta":{"_yoast_wpseo_focuskw":"cidade c\u00e9u estrelado","_yoast_wpseo_title":"%%title%%","_yoast_wpseo_metadesc":"Carrancas, em Minas Gerais, \u00e9 reconhecida por astr\u00f4nomos como um dos melhores pontos de observa\u00e7\u00e3o do c\u00e9u no Sudeste brasileiro.","jnews-multi-image_gallery":[],"jnews_single_post":{"format":"standard"},"jnews_primary_category":[],"jnews_social_meta":[],"jnews_override_counter":[],"footnotes":""},"categories":[108],"tags":[109],"class_list":["post-31706","post","type-post","status-publish","format-standard","has-post-thumbnail","hentry","category-cidades","tag-cidades"],"yoast_head":"<!-- This site is optimized with the Yoast SEO plugin v24.6 - https:\/\/yoast.com\/wordpress\/plugins\/seo\/ -->\n<title>Essa cidade mineira tem o c\u00e9u mais estrelado do Sudeste, segundo astr\u00f4nomos<\/title>\n<meta name=\"description\" content=\"Carrancas, em Minas Gerais, \u00e9 reconhecida por astr\u00f4nomos como um dos melhores pontos de observa\u00e7\u00e3o do c\u00e9u no Sudeste brasileiro.\" \/>\n<meta name=\"robots\" content=\"index, follow, max-snippet:-1, max-image-preview:large, max-video-preview:-1\" \/>\n<link rel=\"canonical\" href=\"https:\/\/www.correiobraziliense.com.br\/cbradar\/essa-cidade-mineira-tem-o-ceu-mais-estrelado-do-sudeste-segundo-astronomos\/\" \/>\n<meta property=\"og:locale\" content=\"pt_BR\" \/>\n<meta property=\"og:type\" content=\"article\" \/>\n<meta property=\"og:title\" content=\"Essa cidade mineira tem o c\u00e9u mais estrelado do Sudeste, segundo astr\u00f4nomos\" \/>\n<meta property=\"og:description\" content=\"Carrancas, em Minas Gerais, \u00e9 reconhecida por astr\u00f4nomos como um dos melhores pontos de observa\u00e7\u00e3o do c\u00e9u no Sudeste brasileiro.\" \/>\n<meta property=\"og:url\" content=\"https:\/\/www.correiobraziliense.com.br\/cbradar\/essa-cidade-mineira-tem-o-ceu-mais-estrelado-do-sudeste-segundo-astronomos\/\" \/>\n<meta property=\"og:site_name\" content=\"Correio Braziliense - Radar\" \/>\n<meta property=\"article:published_time\" content=\"2025-05-04T10:30:00+00:00\" \/>\n<meta property=\"og:image\" content=\"https:\/\/www.correiobraziliense.com.br\/cbradar\/wp-content\/uploads\/2025\/05\/Minas-Gerais_1746294064270.jpg\" \/>\n\t<meta property=\"og:image:width\" content=\"1280\" \/>\n\t<meta property=\"og:image:height\" content=\"720\" \/>\n\t<meta property=\"og:image:type\" content=\"image\/jpeg\" \/>\n<meta name=\"author\" content=\"Larissa Carvalho\" \/>\n<meta name=\"twitter:card\" content=\"summary_large_image\" \/>\n<meta name=\"twitter:label1\" content=\"Escrito por\" \/>\n\t<meta name=\"twitter:data1\" content=\"Larissa Carvalho\" \/>\n\t<meta name=\"twitter:label2\" content=\"Est. tempo de leitura\" \/>\n\t<meta name=\"twitter:data2\" content=\"4 minutos\" \/>\n<!-- \/ Yoast SEO plugin. -->","yoast_head_json":{"title":"Essa cidade mineira tem o c\u00e9u mais estrelado do Sudeste, segundo astr\u00f4nomos","description":"Carrancas, em Minas Gerais, \u00e9 reconhecida por astr\u00f4nomos como um dos melhores pontos de observa\u00e7\u00e3o do c\u00e9u no Sudeste brasileiro.","robots":{"index":"index","follow":"follow","max-snippet":"max-snippet:-1","max-image-preview":"max-image-preview:large","max-video-preview":"max-video-preview:-1"},"canonical":"https:\/\/www.correiobraziliense.com.br\/cbradar\/essa-cidade-mineira-tem-o-ceu-mais-estrelado-do-sudeste-segundo-astronomos\/","og_locale":"pt_BR","og_type":"article","og_title":"Essa cidade mineira tem o c\u00e9u mais estrelado do Sudeste, segundo astr\u00f4nomos","og_description":"Carrancas, em Minas Gerais, \u00e9 reconhecida por astr\u00f4nomos como um dos melhores pontos de observa\u00e7\u00e3o do c\u00e9u no Sudeste brasileiro.","og_url":"https:\/\/www.correiobraziliense.com.br\/cbradar\/essa-cidade-mineira-tem-o-ceu-mais-estrelado-do-sudeste-segundo-astronomos\/","og_site_name":"Correio Braziliense - Radar","article_published_time":"2025-05-04T10:30:00+00:00","og_image":[{"width":1280,"height":720,"url":"https:\/\/www.correiobraziliense.com.br\/cbradar\/wp-content\/uploads\/2025\/05\/Minas-Gerais_1746294064270.jpg","type":"image\/jpeg"}],"author":"Larissa Carvalho","twitter_card":"summary_large_image","twitter_misc":{"Escrito por":"Larissa Carvalho","Est. tempo de leitura":"4 minutos"},"schema":{"@context":"https:\/\/schema.org","@graph":[{"@type":"WebPage","@id":"https:\/\/www.correiobraziliense.com.br\/cbradar\/essa-cidade-mineira-tem-o-ceu-mais-estrelado-do-sudeste-segundo-astronomos\/","url":"https:\/\/www.correiobraziliense.com.br\/cbradar\/essa-cidade-mineira-tem-o-ceu-mais-estrelado-do-sudeste-segundo-astronomos\/","name":"Essa cidade mineira tem o c\u00e9u mais estrelado do Sudeste, segundo astr\u00f4nomos","isPartOf":{"@id":"https:\/\/www.correiobraziliense.com.br\/cbradar\/#website"},"primaryImageOfPage":{"@id":"https:\/\/www.correiobraziliense.com.br\/cbradar\/essa-cidade-mineira-tem-o-ceu-mais-estrelado-do-sudeste-segundo-astronomos\/#primaryimage"},"image":{"@id":"https:\/\/www.correiobraziliense.com.br\/cbradar\/essa-cidade-mineira-tem-o-ceu-mais-estrelado-do-sudeste-segundo-astronomos\/#primaryimage"},"thumbnailUrl":"https:\/\/www.correiobraziliense.com.br\/cbradar\/wp-content\/uploads\/2025\/05\/Minas-Gerais_1746294064270.jpg","datePublished":"2025-05-04T10:30:00+00:00","author":{"@id":"https:\/\/www.correiobraziliense.com.br\/cbradar\/#\/schema\/person\/58422787644df994b53a19d3e56c1513"},"description":"Carrancas, em Minas Gerais, \u00e9 reconhecida por astr\u00f4nomos como um dos melhores pontos de observa\u00e7\u00e3o do c\u00e9u no Sudeste brasileiro.","breadcrumb":{"@id":"https:\/\/www.correiobraziliense.com.br\/cbradar\/essa-cidade-mineira-tem-o-ceu-mais-estrelado-do-sudeste-segundo-astronomos\/#breadcrumb"},"inLanguage":"pt-BR","potentialAction":[{"@type":"ReadAction","target":["https:\/\/www.correiobraziliense.com.br\/cbradar\/essa-cidade-mineira-tem-o-ceu-mais-estrelado-do-sudeste-segundo-astronomos\/"]}]},{"@type":"ImageObject","inLanguage":"pt-BR","@id":"https:\/\/www.correiobraziliense.com.br\/cbradar\/essa-cidade-mineira-tem-o-ceu-mais-estrelado-do-sudeste-segundo-astronomos\/#primaryimage","url":"https:\/\/www.correiobraziliense.com.br\/cbradar\/wp-content\/uploads\/2025\/05\/Minas-Gerais_1746294064270.jpg","contentUrl":"https:\/\/www.correiobraziliense.com.br\/cbradar\/wp-content\/uploads\/2025\/05\/Minas-Gerais_1746294064270.jpg","width":1280,"height":720,"caption":"Minas Gerais. Cr\u00e9ditos: depositphotos.com \/ losak.napior"},{"@type":"BreadcrumbList","@id":"https:\/\/www.correiobraziliense.com.br\/cbradar\/essa-cidade-mineira-tem-o-ceu-mais-estrelado-do-sudeste-segundo-astronomos\/#breadcrumb","itemListElement":[{"@type":"ListItem","position":1,"name":"In\u00edcio","item":"https:\/\/www.correiobraziliense.com.br\/cbradar\/"},{"@type":"ListItem","position":2,"name":"Essa cidade mineira tem o c\u00e9u mais estrelado do Sudeste, segundo astr\u00f4nomos"}]},{"@type":"WebSite","@id":"https:\/\/www.correiobraziliense.com.br\/cbradar\/#website","url":"https:\/\/www.correiobraziliense.com.br\/cbradar\/","name":"Correio Braziliense - Radar","description":"Acompanhe as \u00faltimas not\u00edcias e fique bem informado sobre tudo o que acontece no Brasil e no mundo.","potentialAction":[{"@type":"SearchAction","target":{"@type":"EntryPoint","urlTemplate":"https:\/\/www.correiobraziliense.com.br\/cbradar\/?s={search_term_string}"},"query-input":{"@type":"PropertyValueSpecification","valueRequired":true,"valueName":"search_term_string"}}],"inLanguage":"pt-BR"},{"@type":"Person","@id":"https:\/\/www.correiobraziliense.com.br\/cbradar\/#\/schema\/person\/58422787644df994b53a19d3e56c1513","name":"Larissa Carvalho","image":{"@type":"ImageObject","inLanguage":"pt-BR","@id":"https:\/\/www.correiobraziliense.com.br\/cbradar\/#\/schema\/person\/image\/","url":"https:\/\/secure.gravatar.com\/avatar\/fe4f91a0de32b52a838d0d612abdc1aa?s=96&d=mm&r=g","contentUrl":"https:\/\/secure.gravatar.com\/avatar\/fe4f91a0de32b52a838d0d612abdc1aa?s=96&d=mm&r=g","caption":"Larissa Carvalho"},"url":"https:\/\/www.correiobraziliense.com.br\/cbradar\/author\/larissamyth\/"}]}},"_links":{"self":[{"href":"https:\/\/www.correiobraziliense.com.br\/cbradar\/wp-json\/wp\/v2\/posts\/31706","targetHints":{"allow":["GET"]}}],"collection":[{"href":"https:\/\/www.correiobraziliense.com.br\/cbradar\/wp-json\/wp\/v2\/posts"}],"about":[{"href":"https:\/\/www.correiobraziliense.com.br\/cbradar\/wp-json\/wp\/v2\/types\/post"}],"author":[{"embeddable":true,"href":"https:\/\/www.correiobraziliense.com.br\/cbradar\/wp-json\/wp\/v2\/users\/3"}],"replies":[{"embeddable":true,"href":"https:\/\/www.correiobraziliense.com.br\/cbradar\/wp-json\/wp\/v2\/comments?post=31706"}],"version-history":[{"count":1,"href":"https:\/\/www.correiobraziliense.com.br\/cbradar\/wp-json\/wp\/v2\/posts\/31706\/revisions"}],"predecessor-version":[{"id":31709,"href":"https:\/\/www.correiobraziliense.com.br\/cbradar\/wp-json\/wp\/v2\/posts\/31706\/revisions\/31709"}],"wp:featuredmedia":[{"embeddable":true,"href":"https:\/\/www.correiobraziliense.com.br\/cbradar\/wp-json\/wp\/v2\/media\/31707"}],"wp:attachment":[{"href":"https:\/\/www.correiobraziliense.com.br\/cbradar\/wp-json\/wp\/v2\/media?parent=31706"}],"wp:term":[{"taxonomy":"category","embeddable":true,"href":"https:\/\/www.correiobraziliense.com.br\/cbradar\/wp-json\/wp\/v2\/categories?post=31706"},{"taxonomy":"post_tag","embeddable":true,"href":"https:\/\/www.correiobraziliense.com.br\/cbradar\/wp-json\/wp\/v2\/tags?post=31706"}],"curies":[{"name":"wp","href":"https:\/\/api.w.org\/{rel}","templated":true}]}}