{"id":31749,"date":"2025-05-04T13:30:00","date_gmt":"2025-05-04T16:30:00","guid":{"rendered":"https:\/\/www.correiobraziliense.com.br\/cbradar\/?p=31749"},"modified":"2025-05-03T17:15:37","modified_gmt":"2025-05-03T20:15:37","slug":"a-serie-de-heroi-que-deu-origem-a-um-universo-inteiro","status":"publish","type":"post","link":"https:\/\/www.correiobraziliense.com.br\/cbradar\/a-serie-de-heroi-que-deu-origem-a-um-universo-inteiro\/","title":{"rendered":"A s\u00e9rie de her\u00f3i que deu origem a um universo inteiro"},"content":{"rendered":"\n<p><strong>Arrow<\/strong> \u00e9 uma s\u00e9rie de a\u00e7\u00e3o, aventura e drama que estreou em <strong>2012<\/strong> no canal norte-americano <strong>The CW<\/strong>. Baseada no personagem <strong>Arqueiro Verde<\/strong> dos quadrinhos da DC Comics, a s\u00e9rie foi criada por <strong>Greg Berlanti<\/strong>, <strong>Marc Guggenheim<\/strong> e <strong>Andrew Kreisberg<\/strong>, e \u00e9 protagonizada por <strong>Stephen Amell<\/strong> no papel de <strong>Oliver Queen<\/strong>.<\/p>\n\n\n\n<p>Com seu estilo sombrio e realista, <em>Arrow<\/em> n\u00e3o s\u00f3 reimaginou o her\u00f3i para uma nova gera\u00e7\u00e3o, como tamb\u00e9m deu origem ao <em>Arrowverse<\/em>, um universo televisivo que inclui s\u00e9ries como <em>The Flash<\/em>, <em>Supergirl<\/em>, <em>Legends of Tomorrow<\/em> e <em>Batwoman<\/em>.<\/p>\n\n\n\n<h2 class=\"wp-block-heading\">Qual a hist\u00f3ria de Arrow?<\/h2>\n\n\n\n<p>A s\u00e9rie come\u00e7a com o retorno de <strong>Oliver Queen<\/strong>, um bilion\u00e1rio playboy que passou cinco anos desaparecido ap\u00f3s o naufr\u00e1gio de seu iate. Presumido morto, ele sobreviveu em uma ilha hostil e voltou profundamente transformado.<\/p>\n\n\n\n<p>Ao retornar para Starling City, Oliver assume a identidade de um vigilante mascarado, armado com arco e flechas, decidido a corrigir os erros de sua fam\u00edlia e combater a corrup\u00e7\u00e3o que assola a cidade. Inicialmente conhecido como \u201cO Capuz\u201d, ele logo se torna o <strong>Arqueiro Verde<\/strong>.<\/p>\n\n\n\n<p>Com o passar das temporadas, Oliver monta sua pr\u00f3pria equipe e enfrenta vil\u00f5es cada vez mais perigosos, enquanto luta para equilibrar sua vida pessoal com sua miss\u00e3o como justiceiro.<\/p>\n\n\n\n<figure class=\"wp-block-image size-large\"><img decoding=\"async\" width=\"1024\" height=\"576\" src=\"https:\/\/www.correiobraziliense.com.br\/cbradar\/wp-content\/uploads\/2025\/05\/Arrow-2-1024x576.png\" alt=\"A s\u00e9rie de her\u00f3i que deu origem a um universo inteiro\" class=\"wp-image-31751\" srcset=\"https:\/\/www.correiobraziliense.com.br\/cbradar\/wp-content\/uploads\/2025\/05\/Arrow-2-1024x576.png 1024w, https:\/\/www.correiobraziliense.com.br\/cbradar\/wp-content\/uploads\/2025\/05\/Arrow-2-300x169.png 300w, https:\/\/www.correiobraziliense.com.br\/cbradar\/wp-content\/uploads\/2025\/05\/Arrow-2-768x432.png 768w, https:\/\/www.correiobraziliense.com.br\/cbradar\/wp-content\/uploads\/2025\/05\/Arrow-2-750x422.png 750w, https:\/\/www.correiobraziliense.com.br\/cbradar\/wp-content\/uploads\/2025\/05\/Arrow-2-1140x641.png 1140w, https:\/\/www.correiobraziliense.com.br\/cbradar\/wp-content\/uploads\/2025\/05\/Arrow-2.png 1280w\" sizes=\"(max-width: 1024px) 100vw, 1024px\" \/><figcaption class=\"wp-element-caption\">Arrow. Fonte: divulga\u00e7\u00e3o \/ The CW<\/figcaption><\/figure>\n\n\n\n<h2 class=\"wp-block-heading\">Quais temas Arrow aborda?<\/h2>\n\n\n\n<p><em>Arrow<\/em> vai al\u00e9m da a\u00e7\u00e3o de super-her\u00f3i e explora temas como:<\/p>\n\n\n\n<ul class=\"wp-block-list\">\n<li>Justi\u00e7a versus vingan\u00e7a;<\/li>\n\n\n\n<li>Corrup\u00e7\u00e3o pol\u00edtica e poder empresarial;<\/li>\n\n\n\n<li>Reden\u00e7\u00e3o e sacrif\u00edcio pessoal;<\/li>\n\n\n\n<li>Fam\u00edlia, amizade e identidade dupla;<\/li>\n\n\n\n<li>Traumas, lealdade e responsabilidade.<\/li>\n<\/ul>\n\n\n\n<p>A s\u00e9rie utiliza flashbacks e, mais tarde, flashforwards para aprofundar a jornada de Oliver, mostrando como o passado influencia suas decis\u00f5es no presente.<\/p>\n\n\n\n<h2 class=\"wp-block-heading\">Vale a pena assistir Arrow?<\/h2>\n\n\n\n<p>Sim \u2014 especialmente se voc\u00ea gosta de tramas com a\u00e7\u00e3o intensa, arcos dram\u00e1ticos e evolu\u00e7\u00e3o de personagens. <em>Arrow<\/em> entrega lutas coreografadas com excel\u00eancia, vil\u00f5es memor\u00e1veis e constru\u00e7\u00f5es emocionais que se desenvolvem ao longo das oito temporadas.<\/p>\n\n\n\n<p>Al\u00e9m disso, \u00e9 a porta de entrada perfeita para o <em>Arrowverse<\/em>, e seus crossovers com outras s\u00e9ries elevam a experi\u00eancia para os f\u00e3s de super-her\u00f3is.<\/p>\n\n\n\n<p><strong>Stephen Amell<\/strong> oferece uma interpreta\u00e7\u00e3o convincente de um her\u00f3i dividido entre seu senso de dever e suas limita\u00e7\u00f5es humanas, e a s\u00e9rie cresce \u00e0 medida que outros personagens \u2014 como <strong>Felicity Smoak<\/strong>, <strong>John Diggle<\/strong>, <strong>Laurel Lance<\/strong> e <strong>Slade Wilson<\/strong> \u2014 ganham profundidade.<\/p>\n\n\n\n<iframe loading=\"lazy\" width=\"560\" height=\"315\" src=\"https:\/\/www.youtube.com\/embed\/XQS7JkQmlx8?si=FT-5F_wmi4hFGCjq\" title=\"YouTube video player\" frameborder=\"0\" allow=\"accelerometer; autoplay; clipboard-write; encrypted-media; gyroscope; picture-in-picture; web-share\" referrerpolicy=\"strict-origin-when-cross-origin\" allowfullscreen><\/iframe>\n\n\n\n<h2 class=\"wp-block-heading\">O que diferencia Arrow de outras s\u00e9ries de super-her\u00f3is?<\/h2>\n\n\n\n<p><em>Arrow<\/em> apostou em um tom mais sombrio e realista desde o in\u00edcio, com fortes influ\u00eancias de s\u00e9ries como <em>Batman Begins<\/em>. Ao inv\u00e9s de superpoderes, o foco est\u00e1 em habilidades f\u00edsicas, treinamento e estrat\u00e9gia.<\/p>\n\n\n\n<p>Outro diferencial \u00e9 sua abordagem mais adulta e pol\u00edtica dos conflitos, que vai al\u00e9m da simples luta do bem contra o mal. A s\u00e9rie tamb\u00e9m se destacou por sua estrutura narrativa com flashbacks que revelam gradualmente a transforma\u00e7\u00e3o de Oliver Queen.<\/p>\n\n\n\n<p>Al\u00e9m disso, <em>Arrow<\/em> foi pioneira ao criar um universo compartilhado na TV \u2014 algo raro antes do sucesso da Marvel no cinema \u2014 unindo v\u00e1rias s\u00e9ries em hist\u00f3rias interligadas.<\/p>\n\n\n\n<h2 class=\"wp-block-heading\">FAQ &#8211; Perguntas Frequentes<\/h2>\n\n\n\n<ul class=\"wp-block-list\">\n<li><strong>Onde assistir?<\/strong><br><em>Arrow<\/em> est\u00e1 dispon\u00edvel no cat\u00e1logo da <strong>Netflix<\/strong> e tamb\u00e9m pode ser encontrada para aluguel em <strong>Amazon Prime Video<\/strong>, <strong>Apple TV<\/strong> e <strong>Google Play Filmes<\/strong>.<\/li>\n\n\n\n<li><strong>Quem est\u00e1 no elenco?<\/strong>\n<ul class=\"wp-block-list\">\n<li><strong>Stephen Amell<\/strong> como Oliver Queen \/ Arqueiro Verde<\/li>\n\n\n\n<li><strong>Emily Bett Rickards<\/strong> como Felicity Smoak<\/li>\n\n\n\n<li><strong>David Ramsey<\/strong> como John Diggle<\/li>\n\n\n\n<li><strong>Katie Cassidy<\/strong>, <strong>Willa Holland<\/strong>, <strong>Paul Blackthorne<\/strong>, entre outros.<\/li>\n<\/ul>\n<\/li>\n\n\n\n<li><strong>Quantas temporadas tem?<\/strong><br>A s\u00e9rie tem <strong>8 temporadas<\/strong>, totalizando 170 epis\u00f3dios.<\/li>\n\n\n\n<li><strong>J\u00e1 acabou?<\/strong><br>Sim. O epis\u00f3dio final foi exibido em <strong>janeiro de 2020<\/strong>.<\/li>\n\n\n\n<li><strong>Qual o ano de lan\u00e7amento?<\/strong><br><em>Arrow<\/em> estreou em <strong>2012<\/strong> e foi conclu\u00edda em <strong>2020<\/strong>.<\/li>\n\n\n\n<li><strong>Quem produziu a s\u00e9rie?<\/strong><br>Produzida pela <strong>Berlanti Productions<\/strong>, <strong>Warner Bros. Television<\/strong> e <strong>DC Entertainment<\/strong> para a <strong>The CW<\/strong>.<\/li>\n<\/ul>\n","protected":false},"excerpt":{"rendered":"<p>Arrow mistura a\u00e7\u00e3o, drama e justi\u00e7a urbana em uma s\u00e9rie que reinventou o Arqueiro Verde e lan\u00e7ou o universo de her\u00f3is da DC na TV.<\/p>\n","protected":false},"author":3,"featured_media":31750,"comment_status":"open","ping_status":"open","sticky":false,"template":"","format":"standard","meta":{"_yoast_wpseo_focuskw":"s\u00e9rie Arrow","_yoast_wpseo_title":"%%title%%","_yoast_wpseo_metadesc":"Arrow mistura a\u00e7\u00e3o, drama e justi\u00e7a urbana em uma s\u00e9rie que reinventou o Arqueiro Verde e lan\u00e7ou o universo de her\u00f3is da DC na TV.","jnews-multi-image_gallery":[],"jnews_single_post":{"format":"standard"},"jnews_primary_category":[],"jnews_social_meta":[],"jnews_override_counter":[],"footnotes":""},"categories":[140],"post_tag":[568],"class_list":["post-31749","post","type-post","status-publish","format-standard","has-post-thumbnail","hentry","category-entretenimento","tag-series-e-filmes"],"yoast_head":"<!-- This site is optimized with the Yoast SEO plugin v24.6 - https:\/\/yoast.com\/wordpress\/plugins\/seo\/ -->\n<title>A s\u00e9rie de her\u00f3i que deu origem a um universo inteiro<\/title>\n<meta name=\"description\" content=\"Arrow mistura a\u00e7\u00e3o, drama e justi\u00e7a urbana em uma s\u00e9rie que reinventou o Arqueiro Verde e lan\u00e7ou o universo de her\u00f3is da DC na TV.\" \/>\n<meta name=\"robots\" content=\"index, follow, max-snippet:-1, max-image-preview:large, max-video-preview:-1\" \/>\n<link rel=\"canonical\" href=\"https:\/\/www.correiobraziliense.com.br\/cbradar\/a-serie-de-heroi-que-deu-origem-a-um-universo-inteiro\/\" \/>\n<meta property=\"og:locale\" content=\"pt_BR\" \/>\n<meta property=\"og:type\" content=\"article\" \/>\n<meta property=\"og:title\" content=\"A s\u00e9rie de her\u00f3i que deu origem a um universo inteiro\" \/>\n<meta property=\"og:description\" content=\"Arrow mistura a\u00e7\u00e3o, drama e justi\u00e7a urbana em uma s\u00e9rie que reinventou o Arqueiro Verde e lan\u00e7ou o universo de her\u00f3is da DC na TV.\" \/>\n<meta property=\"og:url\" content=\"https:\/\/www.correiobraziliense.com.br\/cbradar\/a-serie-de-heroi-que-deu-origem-a-um-universo-inteiro\/\" \/>\n<meta property=\"og:site_name\" content=\"Correio Braziliense - Radar\" \/>\n<meta property=\"article:published_time\" content=\"2025-05-04T16:30:00+00:00\" \/>\n<meta property=\"og:image\" content=\"https:\/\/www.correiobraziliense.com.br\/cbradar\/wp-content\/uploads\/2025\/05\/Arrow.png\" \/>\n\t<meta property=\"og:image:width\" content=\"1280\" \/>\n\t<meta property=\"og:image:height\" content=\"720\" \/>\n\t<meta property=\"og:image:type\" content=\"image\/png\" \/>\n<meta name=\"author\" content=\"Larissa Carvalho\" \/>\n<meta name=\"twitter:card\" content=\"summary_large_image\" \/>\n<meta name=\"twitter:label1\" content=\"Escrito por\" \/>\n\t<meta name=\"twitter:data1\" content=\"Larissa Carvalho\" \/>\n\t<meta name=\"twitter:label2\" content=\"Est. tempo de leitura\" \/>\n\t<meta name=\"twitter:data2\" content=\"4 minutos\" \/>\n<!-- \/ Yoast SEO plugin. -->","yoast_head_json":{"title":"A s\u00e9rie de her\u00f3i que deu origem a um universo inteiro","description":"Arrow mistura a\u00e7\u00e3o, drama e justi\u00e7a urbana em uma s\u00e9rie que reinventou o Arqueiro Verde e lan\u00e7ou o universo de her\u00f3is da DC na TV.","robots":{"index":"index","follow":"follow","max-snippet":"max-snippet:-1","max-image-preview":"max-image-preview:large","max-video-preview":"max-video-preview:-1"},"canonical":"https:\/\/www.correiobraziliense.com.br\/cbradar\/a-serie-de-heroi-que-deu-origem-a-um-universo-inteiro\/","og_locale":"pt_BR","og_type":"article","og_title":"A s\u00e9rie de her\u00f3i que deu origem a um universo inteiro","og_description":"Arrow mistura a\u00e7\u00e3o, drama e justi\u00e7a urbana em uma s\u00e9rie que reinventou o Arqueiro Verde e lan\u00e7ou o universo de her\u00f3is da DC na TV.","og_url":"https:\/\/www.correiobraziliense.com.br\/cbradar\/a-serie-de-heroi-que-deu-origem-a-um-universo-inteiro\/","og_site_name":"Correio Braziliense - Radar","article_published_time":"2025-05-04T16:30:00+00:00","og_image":[{"width":1280,"height":720,"url":"https:\/\/www.correiobraziliense.com.br\/cbradar\/wp-content\/uploads\/2025\/05\/Arrow.png","type":"image\/png"}],"author":"Larissa Carvalho","twitter_card":"summary_large_image","twitter_misc":{"Escrito por":"Larissa Carvalho","Est. tempo de leitura":"4 minutos"},"schema":{"@context":"https:\/\/schema.org","@graph":[{"@type":"WebPage","@id":"https:\/\/www.correiobraziliense.com.br\/cbradar\/a-serie-de-heroi-que-deu-origem-a-um-universo-inteiro\/","url":"https:\/\/www.correiobraziliense.com.br\/cbradar\/a-serie-de-heroi-que-deu-origem-a-um-universo-inteiro\/","name":"A s\u00e9rie de her\u00f3i que deu origem a um universo inteiro","isPartOf":{"@id":"https:\/\/www.correiobraziliense.com.br\/cbradar\/#website"},"primaryImageOfPage":{"@id":"https:\/\/www.correiobraziliense.com.br\/cbradar\/a-serie-de-heroi-que-deu-origem-a-um-universo-inteiro\/#primaryimage"},"image":{"@id":"https:\/\/www.correiobraziliense.com.br\/cbradar\/a-serie-de-heroi-que-deu-origem-a-um-universo-inteiro\/#primaryimage"},"thumbnailUrl":"https:\/\/www.correiobraziliense.com.br\/cbradar\/wp-content\/uploads\/2025\/05\/Arrow.png","datePublished":"2025-05-04T16:30:00+00:00","author":{"@id":"https:\/\/www.correiobraziliense.com.br\/cbradar\/#\/schema\/person\/58422787644df994b53a19d3e56c1513"},"description":"Arrow mistura a\u00e7\u00e3o, drama e justi\u00e7a urbana em uma s\u00e9rie que reinventou o Arqueiro Verde e lan\u00e7ou o universo de her\u00f3is da DC na TV.","breadcrumb":{"@id":"https:\/\/www.correiobraziliense.com.br\/cbradar\/a-serie-de-heroi-que-deu-origem-a-um-universo-inteiro\/#breadcrumb"},"inLanguage":"pt-BR","potentialAction":[{"@type":"ReadAction","target":["https:\/\/www.correiobraziliense.com.br\/cbradar\/a-serie-de-heroi-que-deu-origem-a-um-universo-inteiro\/"]}]},{"@type":"ImageObject","inLanguage":"pt-BR","@id":"https:\/\/www.correiobraziliense.com.br\/cbradar\/a-serie-de-heroi-que-deu-origem-a-um-universo-inteiro\/#primaryimage","url":"https:\/\/www.correiobraziliense.com.br\/cbradar\/wp-content\/uploads\/2025\/05\/Arrow.png","contentUrl":"https:\/\/www.correiobraziliense.com.br\/cbradar\/wp-content\/uploads\/2025\/05\/Arrow.png","width":1280,"height":720,"caption":"Arrow. Fonte: divulga\u00e7\u00e3o \/ The CW"},{"@type":"BreadcrumbList","@id":"https:\/\/www.correiobraziliense.com.br\/cbradar\/a-serie-de-heroi-que-deu-origem-a-um-universo-inteiro\/#breadcrumb","itemListElement":[{"@type":"ListItem","position":1,"name":"In\u00edcio","item":"https:\/\/www.correiobraziliense.com.br\/cbradar\/"},{"@type":"ListItem","position":2,"name":"A s\u00e9rie de her\u00f3i que deu origem a um universo inteiro"}]},{"@type":"WebSite","@id":"https:\/\/www.correiobraziliense.com.br\/cbradar\/#website","url":"https:\/\/www.correiobraziliense.com.br\/cbradar\/","name":"Correio Braziliense - Radar","description":"Acompanhe as \u00faltimas not\u00edcias e fique bem informado sobre tudo o que acontece no Brasil e no mundo.","potentialAction":[{"@type":"SearchAction","target":{"@type":"EntryPoint","urlTemplate":"https:\/\/www.correiobraziliense.com.br\/cbradar\/?s={search_term_string}"},"query-input":{"@type":"PropertyValueSpecification","valueRequired":true,"valueName":"search_term_string"}}],"inLanguage":"pt-BR"},{"@type":"Person","@id":"https:\/\/www.correiobraziliense.com.br\/cbradar\/#\/schema\/person\/58422787644df994b53a19d3e56c1513","name":"Larissa Carvalho","image":{"@type":"ImageObject","inLanguage":"pt-BR","@id":"https:\/\/www.correiobraziliense.com.br\/cbradar\/#\/schema\/person\/image\/","url":"https:\/\/secure.gravatar.com\/avatar\/fe4f91a0de32b52a838d0d612abdc1aa?s=96&d=mm&r=g","contentUrl":"https:\/\/secure.gravatar.com\/avatar\/fe4f91a0de32b52a838d0d612abdc1aa?s=96&d=mm&r=g","caption":"Larissa Carvalho"},"url":"https:\/\/www.correiobraziliense.com.br\/cbradar\/author\/larissamyth\/"}]}},"_links":{"self":[{"href":"https:\/\/www.correiobraziliense.com.br\/cbradar\/wp-json\/wp\/v2\/posts\/31749","targetHints":{"allow":["GET"]}}],"collection":[{"href":"https:\/\/www.correiobraziliense.com.br\/cbradar\/wp-json\/wp\/v2\/posts"}],"about":[{"href":"https:\/\/www.correiobraziliense.com.br\/cbradar\/wp-json\/wp\/v2\/types\/post"}],"author":[{"embeddable":true,"href":"https:\/\/www.correiobraziliense.com.br\/cbradar\/wp-json\/wp\/v2\/users\/3"}],"replies":[{"embeddable":true,"href":"https:\/\/www.correiobraziliense.com.br\/cbradar\/wp-json\/wp\/v2\/comments?post=31749"}],"version-history":[{"count":1,"href":"https:\/\/www.correiobraziliense.com.br\/cbradar\/wp-json\/wp\/v2\/posts\/31749\/revisions"}],"predecessor-version":[{"id":31753,"href":"https:\/\/www.correiobraziliense.com.br\/cbradar\/wp-json\/wp\/v2\/posts\/31749\/revisions\/31753"}],"wp:featuredmedia":[{"embeddable":true,"href":"https:\/\/www.correiobraziliense.com.br\/cbradar\/wp-json\/wp\/v2\/media\/31750"}],"wp:attachment":[{"href":"https:\/\/www.correiobraziliense.com.br\/cbradar\/wp-json\/wp\/v2\/media?parent=31749"}],"wp:term":[{"taxonomy":"category","embeddable":true,"href":"https:\/\/www.correiobraziliense.com.br\/cbradar\/wp-json\/wp\/v2\/categories?post=31749"},{"taxonomy":"post_tag","embeddable":true,"href":"https:\/\/www.correiobraziliense.com.br\/cbradar\/wp-json\/wp\/v2\/post_tag?post=31749"}],"curies":[{"name":"wp","href":"https:\/\/api.w.org\/{rel}","templated":true}]}}