{"id":31829,"date":"2025-05-04T20:10:00","date_gmt":"2025-05-04T23:10:00","guid":{"rendered":"https:\/\/www.correiobraziliense.com.br\/cbradar\/?p=31829"},"modified":"2025-05-03T17:15:07","modified_gmt":"2025-05-03T20:15:07","slug":"essa-cidade-do-espirito-santo-tem-o-melhor-equilibrio-entre-mar-montanha-e-custo-de-vida","status":"publish","type":"post","link":"https:\/\/www.correiobraziliense.com.br\/cbradar\/essa-cidade-do-espirito-santo-tem-o-melhor-equilibrio-entre-mar-montanha-e-custo-de-vida\/","title":{"rendered":"Essa cidade do Esp\u00edrito Santo tem o melhor equil\u00edbrio entre mar, montanha e custo de vida"},"content":{"rendered":"\n<p><strong>Anchieta <\/strong>\u00e9 uma cidade litor\u00e2nea localizada no sul do <strong>Esp\u00edrito Santo<\/strong>, a cerca de 80 km de Vit\u00f3ria. Com pouco mais de 25 mil habitantes, o munic\u00edpio se destaca por oferecer uma combina\u00e7\u00e3o rara: belas praias, montanhas ao redor e um dos custos de vida mais acess\u00edveis entre os destinos litor\u00e2neos do <strong>Sudeste<\/strong>.<\/p>\n\n\n\n<p>A cidade \u00e9 ideal para quem busca qualidade de vida perto da natureza, mas sem abrir m\u00e3o de estrutura, seguran\u00e7a e tranquilidade. O ritmo \u00e9 pacato, com clima interiorano e boa oferta de servi\u00e7os essenciais.<\/p>\n\n\n\n<h2 class=\"wp-block-heading\">Praias tranquilas e paisagens naturais<\/h2>\n\n\n\n<p>Anchieta possui mais de 20 km de litoral, com praias para todos os gostos \u2014 desde faixas de areia desertas e rodeadas por mata atl\u00e2ntica at\u00e9 enseadas urbanizadas com infraestrutura. Entre as mais conhecidas est\u00e3o Castelhanos, Ubu e Parati.<\/p>\n\n\n\n<p>O mar calmo, a \u00e1gua limpa e o visual preservado atraem fam\u00edlias, casais e visitantes que buscam descanso longe das multid\u00f5es. A cidade tamb\u00e9m est\u00e1 pr\u00f3xima da Serra das Montanhas Capixabas, com rotas que levam a cachoeiras e mirantes.<\/p>\n\n\n\n<figure class=\"wp-block-image size-large\"><img decoding=\"async\" width=\"1024\" height=\"576\" src=\"https:\/\/www.correiobraziliense.com.br\/cbradar\/wp-content\/uploads\/2025\/05\/Espirito-Santo-brasil_1746302613277-1024x576.jpg\" alt=\"Essa cidade do Esp\u00edrito Santo tem o melhor equil\u00edbrio entre mar, montanha e custo de vida\" class=\"wp-image-31831\" srcset=\"https:\/\/www.correiobraziliense.com.br\/cbradar\/wp-content\/uploads\/2025\/05\/Espirito-Santo-brasil_1746302613277-1024x576.jpg 1024w, https:\/\/www.correiobraziliense.com.br\/cbradar\/wp-content\/uploads\/2025\/05\/Espirito-Santo-brasil_1746302613277-300x169.jpg 300w, https:\/\/www.correiobraziliense.com.br\/cbradar\/wp-content\/uploads\/2025\/05\/Espirito-Santo-brasil_1746302613277-768x432.jpg 768w, https:\/\/www.correiobraziliense.com.br\/cbradar\/wp-content\/uploads\/2025\/05\/Espirito-Santo-brasil_1746302613277-750x422.jpg 750w, https:\/\/www.correiobraziliense.com.br\/cbradar\/wp-content\/uploads\/2025\/05\/Espirito-Santo-brasil_1746302613277-1140x641.jpg 1140w, https:\/\/www.correiobraziliense.com.br\/cbradar\/wp-content\/uploads\/2025\/05\/Espirito-Santo-brasil_1746302613277.jpg 1280w\" sizes=\"(max-width: 1024px) 100vw, 1024px\" \/><figcaption class=\"wp-element-caption\">Esp\u00edrito Santo. Cr\u00e9ditos: depositphotos.com \/ bermed2009.hotmail.com<\/figcaption><\/figure>\n\n\n\n<h2 class=\"wp-block-heading\">Custo de vida acess\u00edvel e boa infraestrutura<\/h2>\n\n\n\n<p>Um dos grandes diferenciais de Anchieta \u00e9 o equil\u00edbrio entre qualidade de vida e custo. Morar ou passar longas temporadas na cidade \u00e9 financeiramente vi\u00e1vel, com aluguel e alimenta\u00e7\u00e3o a pre\u00e7os mais baixos do que em outras regi\u00f5es litor\u00e2neas.<\/p>\n\n\n\n<p>A cidade conta com supermercados, escolas, unidades de sa\u00fade, rede banc\u00e1ria e transporte p\u00fablico. Para servi\u00e7os mais especializados, os moradores t\u00eam f\u00e1cil acesso \u00e0s cidades vizinhas de Guarapari e Cachoeiro de Itapemirim.<\/p>\n\n\n\n<h2 class=\"wp-block-heading\">Clima agrad\u00e1vel e seguran\u00e7a<\/h2>\n\n\n\n<p>O clima tropical moderado favorece o lazer ao ar livre durante todo o ano. A cidade apresenta baixos \u00edndices de criminalidade em compara\u00e7\u00e3o com centros urbanos maiores, sendo considerada segura e acolhedora.<\/p>\n\n\n\n<p>Esse ambiente tranquilo \u00e9 um atrativo tanto para fam\u00edlias quanto para aposentados ou pessoas em busca de um recome\u00e7o pr\u00f3ximo \u00e0 natureza, com mais qualidade e menos estresse.<\/p>\n\n\n\n<h2 class=\"wp-block-heading\">Curiosidades sobre Anchieta<\/h2>\n\n\n\n<ul class=\"wp-block-list\">\n<li>Foi uma das primeiras cidades do Brasil, fundada no s\u00e9culo XVI pelos jesu\u00edtas.<\/li>\n\n\n\n<li>Abriga o Santu\u00e1rio de S\u00e3o Jos\u00e9 de Anchieta, tombado como patrim\u00f4nio nacional.<\/li>\n\n\n\n<li>Possui um dos litorais mais preservados do estado.<\/li>\n\n\n\n<li>\u00c9 ponto de partida para trilhas ecol\u00f3gicas e passeios de barco.<\/li>\n\n\n\n<li>O distrito de Ubu \u00e9 conhecido por sua tradi\u00e7\u00e3o pesqueira e culin\u00e1ria \u00e0 base de frutos do mar.<\/li>\n<\/ul>\n\n\n\n<h2 class=\"wp-block-heading\">Vale a pena visitar?<\/h2>\n\n\n\n<p>Sim. Anchieta \u00e9 um destino ideal para quem quer conhecer o Esp\u00edrito Santo de forma tranquila, com praias belas e sossegadas, op\u00e7\u00f5es de ecoturismo e boa gastronomia local. A cidade \u00e9 hospitaleira e oferece estrutura suficiente para quem viaja em busca de descanso com autenticidade.<\/p>\n\n\n\n<p>Al\u00e9m disso, sua localiza\u00e7\u00e3o estrat\u00e9gica permite explorar outras regi\u00f5es do estado em roteiros de carro curtos e agrad\u00e1veis.<\/p>\n\n\n\n<h2 class=\"wp-block-heading\">Vale a pena morar?<\/h2>\n\n\n\n<p>Para quem deseja viver perto da natureza, com acesso ao mar e \u00e0s montanhas, Anchieta \u00e9 uma excelente escolha. O custo de vida mais baixo, somado ao ambiente seguro e \u00e0 boa infraestrutura urbana, torna a cidade uma das melhores op\u00e7\u00f5es do Esp\u00edrito Santo para morar com equil\u00edbrio.<\/p>\n\n\n\n<p>\u00c9 indicada para quem busca paz, qualidade de vida e um estilo de vida mais leve, sem abrir m\u00e3o do conforto e da praticidade do cotidiano.<\/p>\n","protected":false},"excerpt":{"rendered":"<p>Anchieta, no litoral sul do Esp\u00edrito Santo, une praias tranquilas, natureza e boa estrutura com custo de vida acess\u00edvel.<\/p>\n","protected":false},"author":3,"featured_media":31830,"comment_status":"open","ping_status":"open","sticky":false,"template":"","format":"standard","meta":{"_yoast_wpseo_focuskw":"cidade equilibrio mar","_yoast_wpseo_title":"%%title%%","_yoast_wpseo_metadesc":"Anchieta, no litoral sul do Esp\u00edrito Santo, une praias tranquilas, natureza e boa estrutura com custo de vida acess\u00edvel.","jnews-multi-image_gallery":[],"jnews_single_post":{"format":"standard"},"jnews_primary_category":[],"jnews_social_meta":[],"jnews_override_counter":[],"footnotes":""},"categories":[108],"tags":[109],"class_list":["post-31829","post","type-post","status-publish","format-standard","has-post-thumbnail","hentry","category-cidades","tag-cidades"],"yoast_head":"<!-- This site is optimized with the Yoast SEO plugin v24.6 - https:\/\/yoast.com\/wordpress\/plugins\/seo\/ -->\n<title>Essa cidade do Esp\u00edrito Santo tem o melhor equil\u00edbrio entre mar, montanha e custo de vida<\/title>\n<meta name=\"description\" content=\"Anchieta, no litoral sul do Esp\u00edrito Santo, une praias tranquilas, natureza e boa estrutura com custo de vida acess\u00edvel.\" \/>\n<meta name=\"robots\" content=\"index, follow, max-snippet:-1, max-image-preview:large, max-video-preview:-1\" \/>\n<link rel=\"canonical\" href=\"https:\/\/www.correiobraziliense.com.br\/cbradar\/essa-cidade-do-espirito-santo-tem-o-melhor-equilibrio-entre-mar-montanha-e-custo-de-vida\/\" \/>\n<meta property=\"og:locale\" content=\"pt_BR\" \/>\n<meta property=\"og:type\" content=\"article\" \/>\n<meta property=\"og:title\" content=\"Essa cidade do Esp\u00edrito Santo tem o melhor equil\u00edbrio entre mar, montanha e custo de vida\" \/>\n<meta property=\"og:description\" content=\"Anchieta, no litoral sul do Esp\u00edrito Santo, une praias tranquilas, natureza e boa estrutura com custo de vida acess\u00edvel.\" \/>\n<meta property=\"og:url\" content=\"https:\/\/www.correiobraziliense.com.br\/cbradar\/essa-cidade-do-espirito-santo-tem-o-melhor-equilibrio-entre-mar-montanha-e-custo-de-vida\/\" \/>\n<meta property=\"og:site_name\" content=\"Correio Braziliense - Radar\" \/>\n<meta property=\"article:published_time\" content=\"2025-05-04T23:10:00+00:00\" \/>\n<meta property=\"og:image\" content=\"https:\/\/www.correiobraziliense.com.br\/cbradar\/wp-content\/uploads\/2025\/05\/Espirito-Santo-brasil_1746302540186.jpg\" \/>\n\t<meta property=\"og:image:width\" content=\"1280\" \/>\n\t<meta property=\"og:image:height\" content=\"720\" \/>\n\t<meta property=\"og:image:type\" content=\"image\/jpeg\" \/>\n<meta name=\"author\" content=\"Larissa Carvalho\" \/>\n<meta name=\"twitter:card\" content=\"summary_large_image\" \/>\n<meta name=\"twitter:label1\" content=\"Escrito por\" \/>\n\t<meta name=\"twitter:data1\" content=\"Larissa Carvalho\" \/>\n\t<meta name=\"twitter:label2\" content=\"Est. tempo de leitura\" \/>\n\t<meta name=\"twitter:data2\" content=\"4 minutos\" \/>\n<!-- \/ Yoast SEO plugin. -->","yoast_head_json":{"title":"Essa cidade do Esp\u00edrito Santo tem o melhor equil\u00edbrio entre mar, montanha e custo de vida","description":"Anchieta, no litoral sul do Esp\u00edrito Santo, une praias tranquilas, natureza e boa estrutura com custo de vida acess\u00edvel.","robots":{"index":"index","follow":"follow","max-snippet":"max-snippet:-1","max-image-preview":"max-image-preview:large","max-video-preview":"max-video-preview:-1"},"canonical":"https:\/\/www.correiobraziliense.com.br\/cbradar\/essa-cidade-do-espirito-santo-tem-o-melhor-equilibrio-entre-mar-montanha-e-custo-de-vida\/","og_locale":"pt_BR","og_type":"article","og_title":"Essa cidade do Esp\u00edrito Santo tem o melhor equil\u00edbrio entre mar, montanha e custo de vida","og_description":"Anchieta, no litoral sul do Esp\u00edrito Santo, une praias tranquilas, natureza e boa estrutura com custo de vida acess\u00edvel.","og_url":"https:\/\/www.correiobraziliense.com.br\/cbradar\/essa-cidade-do-espirito-santo-tem-o-melhor-equilibrio-entre-mar-montanha-e-custo-de-vida\/","og_site_name":"Correio Braziliense - Radar","article_published_time":"2025-05-04T23:10:00+00:00","og_image":[{"width":1280,"height":720,"url":"https:\/\/www.correiobraziliense.com.br\/cbradar\/wp-content\/uploads\/2025\/05\/Espirito-Santo-brasil_1746302540186.jpg","type":"image\/jpeg"}],"author":"Larissa Carvalho","twitter_card":"summary_large_image","twitter_misc":{"Escrito por":"Larissa Carvalho","Est. tempo de leitura":"4 minutos"},"schema":{"@context":"https:\/\/schema.org","@graph":[{"@type":"WebPage","@id":"https:\/\/www.correiobraziliense.com.br\/cbradar\/essa-cidade-do-espirito-santo-tem-o-melhor-equilibrio-entre-mar-montanha-e-custo-de-vida\/","url":"https:\/\/www.correiobraziliense.com.br\/cbradar\/essa-cidade-do-espirito-santo-tem-o-melhor-equilibrio-entre-mar-montanha-e-custo-de-vida\/","name":"Essa cidade do Esp\u00edrito Santo tem o melhor equil\u00edbrio entre mar, montanha e custo de vida","isPartOf":{"@id":"https:\/\/www.correiobraziliense.com.br\/cbradar\/#website"},"primaryImageOfPage":{"@id":"https:\/\/www.correiobraziliense.com.br\/cbradar\/essa-cidade-do-espirito-santo-tem-o-melhor-equilibrio-entre-mar-montanha-e-custo-de-vida\/#primaryimage"},"image":{"@id":"https:\/\/www.correiobraziliense.com.br\/cbradar\/essa-cidade-do-espirito-santo-tem-o-melhor-equilibrio-entre-mar-montanha-e-custo-de-vida\/#primaryimage"},"thumbnailUrl":"https:\/\/www.correiobraziliense.com.br\/cbradar\/wp-content\/uploads\/2025\/05\/Espirito-Santo-brasil_1746302540186.jpg","datePublished":"2025-05-04T23:10:00+00:00","author":{"@id":"https:\/\/www.correiobraziliense.com.br\/cbradar\/#\/schema\/person\/58422787644df994b53a19d3e56c1513"},"description":"Anchieta, no litoral sul do Esp\u00edrito Santo, une praias tranquilas, natureza e boa estrutura com custo de vida acess\u00edvel.","breadcrumb":{"@id":"https:\/\/www.correiobraziliense.com.br\/cbradar\/essa-cidade-do-espirito-santo-tem-o-melhor-equilibrio-entre-mar-montanha-e-custo-de-vida\/#breadcrumb"},"inLanguage":"pt-BR","potentialAction":[{"@type":"ReadAction","target":["https:\/\/www.correiobraziliense.com.br\/cbradar\/essa-cidade-do-espirito-santo-tem-o-melhor-equilibrio-entre-mar-montanha-e-custo-de-vida\/"]}]},{"@type":"ImageObject","inLanguage":"pt-BR","@id":"https:\/\/www.correiobraziliense.com.br\/cbradar\/essa-cidade-do-espirito-santo-tem-o-melhor-equilibrio-entre-mar-montanha-e-custo-de-vida\/#primaryimage","url":"https:\/\/www.correiobraziliense.com.br\/cbradar\/wp-content\/uploads\/2025\/05\/Espirito-Santo-brasil_1746302540186.jpg","contentUrl":"https:\/\/www.correiobraziliense.com.br\/cbradar\/wp-content\/uploads\/2025\/05\/Espirito-Santo-brasil_1746302540186.jpg","width":1280,"height":720,"caption":"Esp\u00edrito Santo. Cr\u00e9ditos: depositphotos.com \/ zloyel"},{"@type":"BreadcrumbList","@id":"https:\/\/www.correiobraziliense.com.br\/cbradar\/essa-cidade-do-espirito-santo-tem-o-melhor-equilibrio-entre-mar-montanha-e-custo-de-vida\/#breadcrumb","itemListElement":[{"@type":"ListItem","position":1,"name":"In\u00edcio","item":"https:\/\/www.correiobraziliense.com.br\/cbradar\/"},{"@type":"ListItem","position":2,"name":"Essa cidade do Esp\u00edrito Santo tem o melhor equil\u00edbrio entre mar, montanha e custo de vida"}]},{"@type":"WebSite","@id":"https:\/\/www.correiobraziliense.com.br\/cbradar\/#website","url":"https:\/\/www.correiobraziliense.com.br\/cbradar\/","name":"Correio Braziliense - Radar","description":"Acompanhe as \u00faltimas not\u00edcias e fique bem informado sobre tudo o que acontece no Brasil e no mundo.","potentialAction":[{"@type":"SearchAction","target":{"@type":"EntryPoint","urlTemplate":"https:\/\/www.correiobraziliense.com.br\/cbradar\/?s={search_term_string}"},"query-input":{"@type":"PropertyValueSpecification","valueRequired":true,"valueName":"search_term_string"}}],"inLanguage":"pt-BR"},{"@type":"Person","@id":"https:\/\/www.correiobraziliense.com.br\/cbradar\/#\/schema\/person\/58422787644df994b53a19d3e56c1513","name":"Larissa Carvalho","image":{"@type":"ImageObject","inLanguage":"pt-BR","@id":"https:\/\/www.correiobraziliense.com.br\/cbradar\/#\/schema\/person\/image\/","url":"https:\/\/secure.gravatar.com\/avatar\/fe4f91a0de32b52a838d0d612abdc1aa?s=96&d=mm&r=g","contentUrl":"https:\/\/secure.gravatar.com\/avatar\/fe4f91a0de32b52a838d0d612abdc1aa?s=96&d=mm&r=g","caption":"Larissa Carvalho"},"url":"https:\/\/www.correiobraziliense.com.br\/cbradar\/author\/larissamyth\/"}]}},"_links":{"self":[{"href":"https:\/\/www.correiobraziliense.com.br\/cbradar\/wp-json\/wp\/v2\/posts\/31829","targetHints":{"allow":["GET"]}}],"collection":[{"href":"https:\/\/www.correiobraziliense.com.br\/cbradar\/wp-json\/wp\/v2\/posts"}],"about":[{"href":"https:\/\/www.correiobraziliense.com.br\/cbradar\/wp-json\/wp\/v2\/types\/post"}],"author":[{"embeddable":true,"href":"https:\/\/www.correiobraziliense.com.br\/cbradar\/wp-json\/wp\/v2\/users\/3"}],"replies":[{"embeddable":true,"href":"https:\/\/www.correiobraziliense.com.br\/cbradar\/wp-json\/wp\/v2\/comments?post=31829"}],"version-history":[{"count":1,"href":"https:\/\/www.correiobraziliense.com.br\/cbradar\/wp-json\/wp\/v2\/posts\/31829\/revisions"}],"predecessor-version":[{"id":31832,"href":"https:\/\/www.correiobraziliense.com.br\/cbradar\/wp-json\/wp\/v2\/posts\/31829\/revisions\/31832"}],"wp:featuredmedia":[{"embeddable":true,"href":"https:\/\/www.correiobraziliense.com.br\/cbradar\/wp-json\/wp\/v2\/media\/31830"}],"wp:attachment":[{"href":"https:\/\/www.correiobraziliense.com.br\/cbradar\/wp-json\/wp\/v2\/media?parent=31829"}],"wp:term":[{"taxonomy":"category","embeddable":true,"href":"https:\/\/www.correiobraziliense.com.br\/cbradar\/wp-json\/wp\/v2\/categories?post=31829"},{"taxonomy":"post_tag","embeddable":true,"href":"https:\/\/www.correiobraziliense.com.br\/cbradar\/wp-json\/wp\/v2\/tags?post=31829"}],"curies":[{"name":"wp","href":"https:\/\/api.w.org\/{rel}","templated":true}]}}