{"id":31837,"date":"2025-05-04T22:50:00","date_gmt":"2025-05-05T01:50:00","guid":{"rendered":"https:\/\/www.correiobraziliense.com.br\/cbradar\/?p=31837"},"modified":"2025-05-03T17:14:54","modified_gmt":"2025-05-03T20:14:54","slug":"essa-cidade-do-interior-de-pernambuco-e-conhecida-como-capital-do-bom-viver","status":"publish","type":"post","link":"https:\/\/www.correiobraziliense.com.br\/cbradar\/essa-cidade-do-interior-de-pernambuco-e-conhecida-como-capital-do-bom-viver\/","title":{"rendered":"Essa cidade do interior de Pernambuco \u00e9 conhecida como \u201ccapital do bom viver\u201d"},"content":{"rendered":"\n<p><strong>Triunfo <\/strong>\u00e9 uma cidade localizada no <strong>Sert\u00e3o do Paje\u00fa<\/strong>, em <strong>Pernambuco<\/strong>, a cerca de 1.000 metros de altitude. Por conta do clima agrad\u00e1vel, da seguran\u00e7a, da cultura ativa e da hospitalidade de seu povo, o munic\u00edpio conquistou o apelido de \u201ccapital do bom viver\u201d.<\/p>\n\n\n\n<p>A cidade oferece uma qualidade de vida incomum na regi\u00e3o, sendo procurada por quem busca tranquilidade, beleza natural e um ambiente acolhedor no interior nordestino.<\/p>\n\n\n\n<h2 class=\"wp-block-heading\">Clima fresco e paisagens de montanha<\/h2>\n\n\n\n<p>Diferente da maioria das cidades do sert\u00e3o, Triunfo tem temperaturas amenas durante o ano inteiro. Isso se deve \u00e0 sua localiza\u00e7\u00e3o na Serra da Baixa Verde, o que tamb\u00e9m garante uma paisagem montanhosa com vegeta\u00e7\u00e3o exuberante.<\/p>\n\n\n\n<p>Lagos, trilhas e mirantes naturais fazem parte da rotina dos moradores e encantam quem visita. O Lago Jo\u00e3o Barbosa Sit\u00f4nio, no centro da cidade, \u00e9 um dos cart\u00f5es-postais mais conhecidos e locais de lazer da popula\u00e7\u00e3o.<\/p>\n\n\n\n<h2 class=\"wp-block-heading\">Tradi\u00e7\u00e3o cultural e arte em cada canto<\/h2>\n\n\n\n<p>Triunfo preserva com orgulho sua heran\u00e7a cultural. O munic\u00edpio abriga museus, centros culturais e um teatro centen\u00e1rio, al\u00e9m de sediar importantes eventos como o Festival de Cinema de Triunfo e as tradicionais festas de S\u00e3o Jo\u00e3o e Carnaval.<\/p>\n\n\n\n<p>O artesanato local, as manifesta\u00e7\u00f5es populares e a m\u00fasica regional fazem parte do cotidiano, refor\u00e7ando o esp\u00edrito criativo e comunit\u00e1rio da cidade. A cultura est\u00e1 presente em cada rua, casa e pra\u00e7a do munic\u00edpio.<\/p>\n\n\n\n<figure class=\"wp-block-image size-large\"><img decoding=\"async\" width=\"1024\" height=\"576\" src=\"https:\/\/www.correiobraziliense.com.br\/cbradar\/wp-content\/uploads\/2025\/05\/Pernambuco-brasil_1746303060473-1024x576.jpg\" alt=\"Essa cidade do interior de Pernambuco \u00e9 conhecida como \u201ccapital do bom viver\u201d\" class=\"wp-image-31839\" srcset=\"https:\/\/www.correiobraziliense.com.br\/cbradar\/wp-content\/uploads\/2025\/05\/Pernambuco-brasil_1746303060473-1024x576.jpg 1024w, https:\/\/www.correiobraziliense.com.br\/cbradar\/wp-content\/uploads\/2025\/05\/Pernambuco-brasil_1746303060473-300x169.jpg 300w, https:\/\/www.correiobraziliense.com.br\/cbradar\/wp-content\/uploads\/2025\/05\/Pernambuco-brasil_1746303060473-768x432.jpg 768w, https:\/\/www.correiobraziliense.com.br\/cbradar\/wp-content\/uploads\/2025\/05\/Pernambuco-brasil_1746303060473-750x422.jpg 750w, https:\/\/www.correiobraziliense.com.br\/cbradar\/wp-content\/uploads\/2025\/05\/Pernambuco-brasil_1746303060473-1140x641.jpg 1140w, https:\/\/www.correiobraziliense.com.br\/cbradar\/wp-content\/uploads\/2025\/05\/Pernambuco-brasil_1746303060473.jpg 1280w\" sizes=\"(max-width: 1024px) 100vw, 1024px\" \/><figcaption class=\"wp-element-caption\">Pernambuco. Cr\u00e9ditos: depositphotos.com \/ Cristian_Lourenco<\/figcaption><\/figure>\n\n\n\n<h2 class=\"wp-block-heading\">Qualidade de vida e tranquilidade<\/h2>\n\n\n\n<p>Triunfo se destaca por ser uma das cidades mais seguras e organizadas de Pernambuco. O tr\u00e2nsito \u00e9 calmo, os servi\u00e7os funcionam com efici\u00eancia e h\u00e1 forte presen\u00e7a de programas sociais e comunit\u00e1rios.<\/p>\n\n\n\n<p>Moradores relatam um cotidiano sem estresse, com rela\u00e7\u00f5es pr\u00f3ximas entre vizinhos e acesso f\u00e1cil aos principais servi\u00e7os de sa\u00fade, educa\u00e7\u00e3o e lazer. \u00c9 um lugar onde ainda se pode caminhar com tranquilidade pelas ruas e desfrutar do sil\u00eancio.<\/p>\n\n\n\n<h2 class=\"wp-block-heading\">Curiosidades sobre Triunfo<\/h2>\n\n\n\n<ul class=\"wp-block-list\">\n<li>\u00c9 o munic\u00edpio mais alto de Pernambuco.<\/li>\n\n\n\n<li>Foi uma das primeiras cidades do estado a contar com cinema e teatro.<\/li>\n\n\n\n<li>\u00c9 cercada por paisagens serranas e clima de montanha.<\/li>\n\n\n\n<li>Tem cerca de 15 mil habitantes.<\/li>\n\n\n\n<li>A cidade \u00e9 conhecida por suas casas antigas bem preservadas e ruas de pedra.<\/li>\n<\/ul>\n\n\n\n<h2 class=\"wp-block-heading\">Vale a pena visitar?<\/h2>\n\n\n\n<p>Sim. Triunfo \u00e9 um destino surpreendente para quem deseja conhecer o interior de Pernambuco sob uma nova perspectiva. A cidade oferece cultura, tranquilidade, natureza e hospitalidade em uma combina\u00e7\u00e3o rara.<\/p>\n\n\n\n<p>A programa\u00e7\u00e3o cultural intensa e o charme das ruas hist\u00f3ricas fazem de cada visita uma imers\u00e3o no que h\u00e1 de melhor no sert\u00e3o pernambucano, com clima ameno e paisagens encantadoras.<\/p>\n\n\n\n<h2 class=\"wp-block-heading\">Vale a pena morar?<\/h2>\n\n\n\n<p>Para quem busca qualidade de vida, seguran\u00e7a e uma rotina mais tranquila, Triunfo \u00e9 uma excelente escolha. O clima serrano, a vida comunit\u00e1ria e a boa infraestrutura tornam a cidade ideal para aposentados, fam\u00edlias ou quem deseja mudar o ritmo da vida.<\/p>\n\n\n\n<p>Com custo de vida acess\u00edvel e forte senso de pertencimento entre os moradores, viver em Triunfo significa viver com dignidade, beleza e um constante senso de bem-estar.<\/p>\n","protected":false},"excerpt":{"rendered":"<p>Triunfo, no sert\u00e3o pernambucano, combina clima ameno, cultura rica e paisagens serranas que encantam moradores e visitantes.<\/p>\n","protected":false},"author":3,"featured_media":31838,"comment_status":"open","ping_status":"open","sticky":false,"template":"","format":"standard","meta":{"_yoast_wpseo_focuskw":"cidade interior Pernambuco","_yoast_wpseo_title":"%%title%%","_yoast_wpseo_metadesc":"Triunfo, no sert\u00e3o pernambucano, combina clima ameno, cultura rica e paisagens serranas que encantam moradores e visitantes.","jnews-multi-image_gallery":[],"jnews_single_post":{"format":"standard"},"jnews_primary_category":[],"jnews_social_meta":[],"jnews_override_counter":[],"footnotes":""},"categories":[108],"tags":[109],"class_list":["post-31837","post","type-post","status-publish","format-standard","has-post-thumbnail","hentry","category-cidades","tag-cidades"],"yoast_head":"<!-- This site is optimized with the Yoast SEO plugin v24.6 - https:\/\/yoast.com\/wordpress\/plugins\/seo\/ -->\n<title>Essa cidade do interior de Pernambuco \u00e9 conhecida como \u201ccapital do bom viver\u201d<\/title>\n<meta name=\"description\" content=\"Triunfo, no sert\u00e3o pernambucano, combina clima ameno, cultura rica e paisagens serranas que encantam moradores e visitantes.\" \/>\n<meta name=\"robots\" content=\"index, follow, max-snippet:-1, max-image-preview:large, max-video-preview:-1\" \/>\n<link rel=\"canonical\" href=\"https:\/\/www.correiobraziliense.com.br\/cbradar\/essa-cidade-do-interior-de-pernambuco-e-conhecida-como-capital-do-bom-viver\/\" \/>\n<meta property=\"og:locale\" content=\"pt_BR\" \/>\n<meta property=\"og:type\" content=\"article\" \/>\n<meta property=\"og:title\" content=\"Essa cidade do interior de Pernambuco \u00e9 conhecida como \u201ccapital do bom viver\u201d\" \/>\n<meta property=\"og:description\" content=\"Triunfo, no sert\u00e3o pernambucano, combina clima ameno, cultura rica e paisagens serranas que encantam moradores e visitantes.\" \/>\n<meta property=\"og:url\" content=\"https:\/\/www.correiobraziliense.com.br\/cbradar\/essa-cidade-do-interior-de-pernambuco-e-conhecida-como-capital-do-bom-viver\/\" \/>\n<meta property=\"og:site_name\" content=\"Correio Braziliense - Radar\" \/>\n<meta property=\"article:published_time\" content=\"2025-05-05T01:50:00+00:00\" \/>\n<meta property=\"og:image\" content=\"https:\/\/www.correiobraziliense.com.br\/cbradar\/wp-content\/uploads\/2025\/05\/Pernambuco-brasil_1746303023802.jpg\" \/>\n\t<meta property=\"og:image:width\" content=\"1280\" \/>\n\t<meta property=\"og:image:height\" content=\"720\" \/>\n\t<meta property=\"og:image:type\" content=\"image\/jpeg\" \/>\n<meta name=\"author\" content=\"Larissa Carvalho\" \/>\n<meta name=\"twitter:card\" content=\"summary_large_image\" \/>\n<meta name=\"twitter:label1\" content=\"Escrito por\" \/>\n\t<meta name=\"twitter:data1\" content=\"Larissa Carvalho\" \/>\n\t<meta name=\"twitter:label2\" content=\"Est. tempo de leitura\" \/>\n\t<meta name=\"twitter:data2\" content=\"4 minutos\" \/>\n<!-- \/ Yoast SEO plugin. -->","yoast_head_json":{"title":"Essa cidade do interior de Pernambuco \u00e9 conhecida como \u201ccapital do bom viver\u201d","description":"Triunfo, no sert\u00e3o pernambucano, combina clima ameno, cultura rica e paisagens serranas que encantam moradores e visitantes.","robots":{"index":"index","follow":"follow","max-snippet":"max-snippet:-1","max-image-preview":"max-image-preview:large","max-video-preview":"max-video-preview:-1"},"canonical":"https:\/\/www.correiobraziliense.com.br\/cbradar\/essa-cidade-do-interior-de-pernambuco-e-conhecida-como-capital-do-bom-viver\/","og_locale":"pt_BR","og_type":"article","og_title":"Essa cidade do interior de Pernambuco \u00e9 conhecida como \u201ccapital do bom viver\u201d","og_description":"Triunfo, no sert\u00e3o pernambucano, combina clima ameno, cultura rica e paisagens serranas que encantam moradores e visitantes.","og_url":"https:\/\/www.correiobraziliense.com.br\/cbradar\/essa-cidade-do-interior-de-pernambuco-e-conhecida-como-capital-do-bom-viver\/","og_site_name":"Correio Braziliense - Radar","article_published_time":"2025-05-05T01:50:00+00:00","og_image":[{"width":1280,"height":720,"url":"https:\/\/www.correiobraziliense.com.br\/cbradar\/wp-content\/uploads\/2025\/05\/Pernambuco-brasil_1746303023802.jpg","type":"image\/jpeg"}],"author":"Larissa Carvalho","twitter_card":"summary_large_image","twitter_misc":{"Escrito por":"Larissa Carvalho","Est. tempo de leitura":"4 minutos"},"schema":{"@context":"https:\/\/schema.org","@graph":[{"@type":"WebPage","@id":"https:\/\/www.correiobraziliense.com.br\/cbradar\/essa-cidade-do-interior-de-pernambuco-e-conhecida-como-capital-do-bom-viver\/","url":"https:\/\/www.correiobraziliense.com.br\/cbradar\/essa-cidade-do-interior-de-pernambuco-e-conhecida-como-capital-do-bom-viver\/","name":"Essa cidade do interior de Pernambuco \u00e9 conhecida como \u201ccapital do bom viver\u201d","isPartOf":{"@id":"https:\/\/www.correiobraziliense.com.br\/cbradar\/#website"},"primaryImageOfPage":{"@id":"https:\/\/www.correiobraziliense.com.br\/cbradar\/essa-cidade-do-interior-de-pernambuco-e-conhecida-como-capital-do-bom-viver\/#primaryimage"},"image":{"@id":"https:\/\/www.correiobraziliense.com.br\/cbradar\/essa-cidade-do-interior-de-pernambuco-e-conhecida-como-capital-do-bom-viver\/#primaryimage"},"thumbnailUrl":"https:\/\/www.correiobraziliense.com.br\/cbradar\/wp-content\/uploads\/2025\/05\/Pernambuco-brasil_1746303023802.jpg","datePublished":"2025-05-05T01:50:00+00:00","author":{"@id":"https:\/\/www.correiobraziliense.com.br\/cbradar\/#\/schema\/person\/58422787644df994b53a19d3e56c1513"},"description":"Triunfo, no sert\u00e3o pernambucano, combina clima ameno, cultura rica e paisagens serranas que encantam moradores e visitantes.","breadcrumb":{"@id":"https:\/\/www.correiobraziliense.com.br\/cbradar\/essa-cidade-do-interior-de-pernambuco-e-conhecida-como-capital-do-bom-viver\/#breadcrumb"},"inLanguage":"pt-BR","potentialAction":[{"@type":"ReadAction","target":["https:\/\/www.correiobraziliense.com.br\/cbradar\/essa-cidade-do-interior-de-pernambuco-e-conhecida-como-capital-do-bom-viver\/"]}]},{"@type":"ImageObject","inLanguage":"pt-BR","@id":"https:\/\/www.correiobraziliense.com.br\/cbradar\/essa-cidade-do-interior-de-pernambuco-e-conhecida-como-capital-do-bom-viver\/#primaryimage","url":"https:\/\/www.correiobraziliense.com.br\/cbradar\/wp-content\/uploads\/2025\/05\/Pernambuco-brasil_1746303023802.jpg","contentUrl":"https:\/\/www.correiobraziliense.com.br\/cbradar\/wp-content\/uploads\/2025\/05\/Pernambuco-brasil_1746303023802.jpg","width":1280,"height":720,"caption":"Pernambuco. Cr\u00e9ditos: depositphotos.com \/ mrmello63@gmail.com"},{"@type":"BreadcrumbList","@id":"https:\/\/www.correiobraziliense.com.br\/cbradar\/essa-cidade-do-interior-de-pernambuco-e-conhecida-como-capital-do-bom-viver\/#breadcrumb","itemListElement":[{"@type":"ListItem","position":1,"name":"In\u00edcio","item":"https:\/\/www.correiobraziliense.com.br\/cbradar\/"},{"@type":"ListItem","position":2,"name":"Essa cidade do interior de Pernambuco \u00e9 conhecida como \u201ccapital do bom viver\u201d"}]},{"@type":"WebSite","@id":"https:\/\/www.correiobraziliense.com.br\/cbradar\/#website","url":"https:\/\/www.correiobraziliense.com.br\/cbradar\/","name":"Correio Braziliense - Radar","description":"Acompanhe as \u00faltimas not\u00edcias e fique bem informado sobre tudo o que acontece no Brasil e no mundo.","potentialAction":[{"@type":"SearchAction","target":{"@type":"EntryPoint","urlTemplate":"https:\/\/www.correiobraziliense.com.br\/cbradar\/?s={search_term_string}"},"query-input":{"@type":"PropertyValueSpecification","valueRequired":true,"valueName":"search_term_string"}}],"inLanguage":"pt-BR"},{"@type":"Person","@id":"https:\/\/www.correiobraziliense.com.br\/cbradar\/#\/schema\/person\/58422787644df994b53a19d3e56c1513","name":"Larissa Carvalho","image":{"@type":"ImageObject","inLanguage":"pt-BR","@id":"https:\/\/www.correiobraziliense.com.br\/cbradar\/#\/schema\/person\/image\/","url":"https:\/\/secure.gravatar.com\/avatar\/fe4f91a0de32b52a838d0d612abdc1aa?s=96&d=mm&r=g","contentUrl":"https:\/\/secure.gravatar.com\/avatar\/fe4f91a0de32b52a838d0d612abdc1aa?s=96&d=mm&r=g","caption":"Larissa Carvalho"},"url":"https:\/\/www.correiobraziliense.com.br\/cbradar\/author\/larissamyth\/"}]}},"_links":{"self":[{"href":"https:\/\/www.correiobraziliense.com.br\/cbradar\/wp-json\/wp\/v2\/posts\/31837","targetHints":{"allow":["GET"]}}],"collection":[{"href":"https:\/\/www.correiobraziliense.com.br\/cbradar\/wp-json\/wp\/v2\/posts"}],"about":[{"href":"https:\/\/www.correiobraziliense.com.br\/cbradar\/wp-json\/wp\/v2\/types\/post"}],"author":[{"embeddable":true,"href":"https:\/\/www.correiobraziliense.com.br\/cbradar\/wp-json\/wp\/v2\/users\/3"}],"replies":[{"embeddable":true,"href":"https:\/\/www.correiobraziliense.com.br\/cbradar\/wp-json\/wp\/v2\/comments?post=31837"}],"version-history":[{"count":1,"href":"https:\/\/www.correiobraziliense.com.br\/cbradar\/wp-json\/wp\/v2\/posts\/31837\/revisions"}],"predecessor-version":[{"id":31840,"href":"https:\/\/www.correiobraziliense.com.br\/cbradar\/wp-json\/wp\/v2\/posts\/31837\/revisions\/31840"}],"wp:featuredmedia":[{"embeddable":true,"href":"https:\/\/www.correiobraziliense.com.br\/cbradar\/wp-json\/wp\/v2\/media\/31838"}],"wp:attachment":[{"href":"https:\/\/www.correiobraziliense.com.br\/cbradar\/wp-json\/wp\/v2\/media?parent=31837"}],"wp:term":[{"taxonomy":"category","embeddable":true,"href":"https:\/\/www.correiobraziliense.com.br\/cbradar\/wp-json\/wp\/v2\/categories?post=31837"},{"taxonomy":"post_tag","embeddable":true,"href":"https:\/\/www.correiobraziliense.com.br\/cbradar\/wp-json\/wp\/v2\/tags?post=31837"}],"curies":[{"name":"wp","href":"https:\/\/api.w.org\/{rel}","templated":true}]}}