{"id":32044,"date":"2025-05-05T22:50:00","date_gmt":"2025-05-06T01:50:00","guid":{"rendered":"https:\/\/www.correiobraziliense.com.br\/cbradar\/?p=32044"},"modified":"2025-05-04T01:11:21","modified_gmt":"2025-05-04T04:11:21","slug":"uma-cidade-que-encanta-em-qualidade-de-vida-educacao-e-turismo","status":"publish","type":"post","link":"https:\/\/www.correiobraziliense.com.br\/cbradar\/uma-cidade-que-encanta-em-qualidade-de-vida-educacao-e-turismo\/","title":{"rendered":"Uma cidade que encanta em qualidade de vida, educa\u00e7\u00e3o e turismo"},"content":{"rendered":"\n<p><strong><a href=\"https:\/\/www2.bauru.sp.gov.br\/\" target=\"_blank\" rel=\"noreferrer noopener\">Bauru<\/a><\/strong>, cidade localizada no interior de<strong><a href=\"https:\/\/www.correiobraziliense.com.br\/cbradar\/rodizio-de-carros-em-sao-paulo-muda-funcionamento-hoje-entenda\/\" target=\"_blank\" rel=\"noreferrer noopener\"> S\u00e3o Paulo<\/a><\/strong>, \u00e9 um dos destinos mais encantadores e completos para quem busca qualidade de vida, excelentes oportunidades educacionais e um ambiente acolhedor para o turismo. A cidade, conhecida por seu saboroso &#8220;sandu\u00edche&#8221; que leva seu nome e pela diversidade cultural, \u00e9 um exemplo de desenvolvimento sustent\u00e1vel e bem-estar. Neste artigo, vamos explorar o que torna <strong>Bauru<\/strong> uma cidade t\u00e3o especial, destacando seus pontos fortes e convidando voc\u00ea a conhecer mais sobre este lugar \u00fanico.<\/p>\n\n\n\n<h2 class=\"wp-block-heading\">Qualidade de vida em Bauru<\/h2>\n\n\n\n<p>Quando falamos de qualidade de vida, <strong>Bauru<\/strong> se destaca por sua infraestrutura moderna e um ambiente que proporciona bem-estar para seus habitantes. A cidade possui uma excelente rede de sa\u00fade p\u00fablica, com hospitais bem equipados e uma aten\u00e7\u00e3o b\u00e1sica de qualidade. A seguran\u00e7a, apesar de ser um tema presente em diversas cidades, \u00e9 uma prioridade na gest\u00e3o local, o que garante um ambiente tranquilo tanto para quem mora quanto para os turistas.<\/p>\n\n\n\n<p>Al\u00e9m disso, o ar fresco e as \u00e1reas verdes s\u00e3o um verdadeiro privil\u00e9gio. Com parques, pra\u00e7as e o <strong>Jardim Bot\u00e2nico de Bauru<\/strong>, a cidade oferece momentos de lazer e descanso ao ar livre, permitindo que os moradores e visitantes desfrutem de um contato constante com a natureza.<\/p>\n\n\n\n<p>A cidade tamb\u00e9m \u00e9 reconhecida pelo transporte p\u00fablico eficiente e pela qualidade das vias urbanas, que favorecem a mobilidade e a conviv\u00eancia harmoniosa entre a vida urbana e os momentos de descanso. Em termos de custo de vida, <strong>Bauru<\/strong> se mant\u00e9m acess\u00edvel, proporcionando uma excelente rela\u00e7\u00e3o entre o sal\u00e1rio m\u00e9dio e o custo de moradia.<\/p>\n\n\n<div class=\"wp-block-image\">\n<figure class=\"aligncenter size-large\"><img decoding=\"async\" width=\"1024\" height=\"576\" src=\"https:\/\/www.correiobraziliense.com.br\/cbradar\/wp-content\/uploads\/2025\/02\/Bauru_1740789210081-1024x576.jpg\" alt=\"Essa famosa cidade tem at\u00e9 mesmo um gosto espec\u00edfico\" class=\"wp-image-7826\" srcset=\"https:\/\/www.correiobraziliense.com.br\/cbradar\/wp-content\/uploads\/2025\/02\/Bauru_1740789210081-1024x576.jpg 1024w, https:\/\/www.correiobraziliense.com.br\/cbradar\/wp-content\/uploads\/2025\/02\/Bauru_1740789210081-300x169.jpg 300w, https:\/\/www.correiobraziliense.com.br\/cbradar\/wp-content\/uploads\/2025\/02\/Bauru_1740789210081-768x432.jpg 768w, https:\/\/www.correiobraziliense.com.br\/cbradar\/wp-content\/uploads\/2025\/02\/Bauru_1740789210081-750x422.jpg 750w, https:\/\/www.correiobraziliense.com.br\/cbradar\/wp-content\/uploads\/2025\/02\/Bauru_1740789210081-1140x641.jpg 1140w, https:\/\/www.correiobraziliense.com.br\/cbradar\/wp-content\/uploads\/2025\/02\/Bauru_1740789210081.jpg 1280w\" sizes=\"(max-width: 1024px) 100vw, 1024px\" \/><figcaption class=\"wp-element-caption\">Bauru \/\/ Cr\u00e9ditos: depositphotos.com \/ julioricco<\/figcaption><\/figure><\/div>\n\n\n<h2 class=\"wp-block-heading\">Cidade rica em educa\u00e7\u00e3o e ensino de qualidade<\/h2>\n\n\n\n<p>A educa\u00e7\u00e3o em <strong>Bauru<\/strong> \u00e9 uma das grandes estrelas da cidade. Com diversas escolas p\u00fablicas e privadas, al\u00e9m de universidades renomadas como a <strong>Universidade Estadual Paulista (UNESP)<\/strong>, a cidade tem se consolidado como um polo educacional. <strong>Bauru<\/strong> oferece uma s\u00f3lida base educacional desde a educa\u00e7\u00e3o infantil at\u00e9 o ensino superior, com destaque para a qualidade e diversidade de cursos oferecidos.<\/p>\n\n\n\n<p>A <strong>UNESP<\/strong>, por exemplo, n\u00e3o s\u00f3 \u00e9 refer\u00eancia no ensino superior, mas tamb\u00e9m desempenha um papel importante na pesquisa e na extens\u00e3o, contribuindo com a sociedade local e regional. Os moradores da cidade t\u00eam \u00e0 disposi\u00e7\u00e3o uma gama de oportunidades educacionais, o que a torna um excelente lugar para fam\u00edlias que buscam garantir um futuro acad\u00eamico promissor para seus filhos.<\/p>\n\n\n\n<p>Al\u00e9m disso, a cidade investe em programas de qualifica\u00e7\u00e3o e treinamento profissional, com diversas iniciativas voltadas para o aperfei\u00e7oamento dos jovens e a capacita\u00e7\u00e3o de adultos para o mercado de trabalho.<\/p>\n\n\n\n<h2 class=\"wp-block-heading\">Turismo na cidade de Bauru<\/h2>\n\n\n\n<p>Apesar de ser conhecida por sua vida acad\u00eamica e tranquila, <strong>Bauru<\/strong> tamb\u00e9m tem muito a oferecer no campo do turismo. A cidade se destaca pela diversidade cultural, que pode ser percebida nas diversas festas tradicionais e eventos ao longo do ano. Entre os mais famosos, est\u00e3o a <strong>Festa do Pe\u00e3o de Boiadeiro<\/strong> e o <strong>Festival Gastron\u00f4mico de Bauru<\/strong>, que atraem visitantes de todas as partes do pa\u00eds.<\/p>\n\n\n\n<p>Para quem busca turismo hist\u00f3rico e cultural, <strong>Bauru<\/strong> conta com museus e centros culturais que preservam a hist\u00f3ria da cidade e da regi\u00e3o. O <strong>Museu Ferrovi\u00e1rio<\/strong> \u00e9 um excelente exemplo de como a cidade valoriza suas ra\u00edzes e a mem\u00f3ria coletiva. J\u00e1 o <strong>Cinearte<\/strong>, um tradicional cinema local, oferece uma experi\u00eancia cultural \u00edmpar, com exibi\u00e7\u00f5es de filmes de diferentes g\u00eaneros e ciclos especiais.<\/p>\n\n\n\n<p>Para os amantes da natureza, <strong>Bauru<\/strong> tamb\u00e9m \u00e9 um excelente destino. Al\u00e9m do <strong>Jardim Bot\u00e2nico<\/strong>, a cidade oferece o <strong>Parque Vit\u00f3ria R\u00e9gia<\/strong>, perfeito para caminhadas e piqueniques ao ar livre. Em cada esquina, um pedacinho da cidade revela seu charme e convida os turistas a explorar cada detalhe de sua paisagem.<\/p>\n\n\n\n<h2 class=\"wp-block-heading\">O clima agrad\u00e1vel e acolhedor<\/h2>\n\n\n\n<p>O clima de <strong>Bauru<\/strong> \u00e9 outro ponto de destaque. A cidade conta com um clima tropical de altitude, o que proporciona uma atmosfera agrad\u00e1vel durante a maior parte do ano. As temperaturas n\u00e3o s\u00e3o extremas, e os ventos frescos da regi\u00e3o tornam o ambiente ainda mais convidativo, principalmente nos meses mais quentes.<\/p>\n\n\n\n<p>Se voc\u00ea busca um lugar com clima agrad\u00e1vel e com a natureza ao redor, <strong>Bauru<\/strong> se torna uma escolha ideal, garantindo tanto conforto quanto tranquilidade aos seus moradores e visitantes.<\/p>\n\n\n\n<h2 class=\"wp-block-heading\">Infraestrutura da cidade e crescimento urbano<\/h2>\n\n\n\n<p>Com a constante melhoria de sua infraestrutura, <strong>Bauru<\/strong> est\u00e1 se modernizando para acompanhar o crescimento urbano de forma sustent\u00e1vel. O planejamento urbano tem sido eficaz para manter o equil\u00edbrio entre o desenvolvimento econ\u00f4mico e a preserva\u00e7\u00e3o ambiental. A cidade tem se tornado cada vez mais atrativa para investimentos, o que traz novas oportunidades para o com\u00e9rcio local e aumenta a oferta de servi\u00e7os e entretenimento.<\/p>\n\n\n\n<h2 class=\"wp-block-heading\">Vale a pena morar em Bauru?<\/h2>\n\n\n\n<p>Se voc\u00ea busca uma cidade com alta qualidade de vida, excelente educa\u00e7\u00e3o, seguran\u00e7a e op\u00e7\u00f5es de lazer, <strong>Bauru<\/strong> \u00e9 um lugar que merece ser considerado. Com seu ambiente acolhedor e infraestrutura moderna, a cidade proporciona conforto e bem-estar para todos que decidem fazer dela sua casa. A boa rela\u00e7\u00e3o entre custo de vida e a oferta de servi\u00e7os faz de <strong>Bauru<\/strong> um excelente destino para quem deseja estabilidade e qualidade.<\/p>\n\n\n\n<h2 class=\"wp-block-heading\">Vale a pena visitar Bauru?<\/h2>\n\n\n\n<p><strong>Bauru<\/strong> \u00e9 definitivamente uma cidade que vale a pena visitar. Com uma rica hist\u00f3ria cultural, uma excelente infraestrutura e op\u00e7\u00f5es de lazer para todos os gostos, a cidade se apresenta como um destino completo para turistas. Seja para explorar seus parques, desfrutar da gastronomia local ou participar de eventos tradicionais, h\u00e1 sempre algo a ser descoberto. A cidade \u00e9 um lugar acolhedor e encantador, pronto para oferecer experi\u00eancias inesquec\u00edveis aos seus visitantes.<\/p>\n\n\n\n<p>Em resumo, <strong>Bauru<\/strong> \u00e9 uma cidade que combina o melhor da vida urbana com a tranquilidade do interior, sendo uma excelente op\u00e7\u00e3o para quem deseja qualidade de vida, boa educa\u00e7\u00e3o e \u00f3timas op\u00e7\u00f5es de turismo.<\/p>\n","protected":false},"excerpt":{"rendered":"<p>Bauru, cidade localizada no interior de S\u00e3o Paulo, \u00e9 um dos destinos mais encantadores e completos para quem busca qualidade de vida, excelentes oportunidades educacionais e um ambiente acolhedor para o turismo. A cidade, conhecida por seu saboroso &#8220;sandu\u00edche&#8221; que leva seu nome e pela diversidade cultural, \u00e9 um exemplo de desenvolvimento sustent\u00e1vel e bem-estar. [&hellip;]<\/p>\n","protected":false},"author":8,"featured_media":7825,"comment_status":"open","ping_status":"open","sticky":false,"template":"","format":"standard","meta":{"_yoast_wpseo_focuskw":"cidade","_yoast_wpseo_title":"","_yoast_wpseo_metadesc":"Conhe\u00e7a a cidade que \u00e9 o lugar perfeito para quem busca qualidade de vida, educa\u00e7\u00e3o e um turismo inesquec\u00edvel!","jnews-multi-image_gallery":[],"jnews_single_post":{"format":"standard"},"jnews_primary_category":[],"jnews_social_meta":[],"jnews_override_counter":[],"footnotes":""},"categories":[108,111],"tags":[1355,149,247],"class_list":["post-32044","post","type-post","status-publish","format-standard","has-post-thumbnail","hentry","category-cidades","category-turismo","tag-bauru","tag-educacao","tag-qualidade-de-vida"],"yoast_head":"<!-- This site is optimized with the Yoast SEO plugin v24.6 - https:\/\/yoast.com\/wordpress\/plugins\/seo\/ -->\n<title>Uma cidade que encanta em qualidade de vida, educa\u00e7\u00e3o e turismo - Correio Braziliense - Radar<\/title>\n<meta name=\"description\" content=\"Conhe\u00e7a a cidade que \u00e9 o lugar perfeito para quem busca qualidade de vida, educa\u00e7\u00e3o e um turismo inesquec\u00edvel!\" \/>\n<meta name=\"robots\" content=\"index, follow, max-snippet:-1, max-image-preview:large, max-video-preview:-1\" \/>\n<link rel=\"canonical\" href=\"https:\/\/www.correiobraziliense.com.br\/cbradar\/uma-cidade-que-encanta-em-qualidade-de-vida-educacao-e-turismo\/\" \/>\n<meta property=\"og:locale\" content=\"pt_BR\" \/>\n<meta property=\"og:type\" content=\"article\" \/>\n<meta property=\"og:title\" content=\"Uma cidade que encanta em qualidade de vida, educa\u00e7\u00e3o e turismo - Correio Braziliense - Radar\" \/>\n<meta property=\"og:description\" content=\"Conhe\u00e7a a cidade que \u00e9 o lugar perfeito para quem busca qualidade de vida, educa\u00e7\u00e3o e um turismo inesquec\u00edvel!\" \/>\n<meta property=\"og:url\" content=\"https:\/\/www.correiobraziliense.com.br\/cbradar\/uma-cidade-que-encanta-em-qualidade-de-vida-educacao-e-turismo\/\" \/>\n<meta property=\"og:site_name\" content=\"Correio Braziliense - Radar\" \/>\n<meta property=\"article:published_time\" content=\"2025-05-06T01:50:00+00:00\" \/>\n<meta property=\"og:image\" content=\"https:\/\/www.correiobraziliense.com.br\/cbradar\/wp-content\/uploads\/2025\/02\/Bauru_1740789178530.jpg\" \/>\n\t<meta property=\"og:image:width\" content=\"1279\" \/>\n\t<meta property=\"og:image:height\" content=\"720\" \/>\n\t<meta property=\"og:image:type\" content=\"image\/jpeg\" \/>\n<meta name=\"author\" content=\"Maura Pereira\" \/>\n<meta name=\"twitter:card\" content=\"summary_large_image\" \/>\n<meta name=\"twitter:label1\" content=\"Escrito por\" \/>\n\t<meta name=\"twitter:data1\" content=\"Maura Pereira\" \/>\n\t<meta name=\"twitter:label2\" content=\"Est. tempo de leitura\" \/>\n\t<meta name=\"twitter:data2\" content=\"6 minutos\" \/>\n<!-- \/ Yoast SEO plugin. -->","yoast_head_json":{"title":"Uma cidade que encanta em qualidade de vida, educa\u00e7\u00e3o e turismo - Correio Braziliense - Radar","description":"Conhe\u00e7a a cidade que \u00e9 o lugar perfeito para quem busca qualidade de vida, educa\u00e7\u00e3o e um turismo inesquec\u00edvel!","robots":{"index":"index","follow":"follow","max-snippet":"max-snippet:-1","max-image-preview":"max-image-preview:large","max-video-preview":"max-video-preview:-1"},"canonical":"https:\/\/www.correiobraziliense.com.br\/cbradar\/uma-cidade-que-encanta-em-qualidade-de-vida-educacao-e-turismo\/","og_locale":"pt_BR","og_type":"article","og_title":"Uma cidade que encanta em qualidade de vida, educa\u00e7\u00e3o e turismo - Correio Braziliense - Radar","og_description":"Conhe\u00e7a a cidade que \u00e9 o lugar perfeito para quem busca qualidade de vida, educa\u00e7\u00e3o e um turismo inesquec\u00edvel!","og_url":"https:\/\/www.correiobraziliense.com.br\/cbradar\/uma-cidade-que-encanta-em-qualidade-de-vida-educacao-e-turismo\/","og_site_name":"Correio Braziliense - Radar","article_published_time":"2025-05-06T01:50:00+00:00","og_image":[{"width":1279,"height":720,"url":"https:\/\/www.correiobraziliense.com.br\/cbradar\/wp-content\/uploads\/2025\/02\/Bauru_1740789178530.jpg","type":"image\/jpeg"}],"author":"Maura Pereira","twitter_card":"summary_large_image","twitter_misc":{"Escrito por":"Maura Pereira","Est. tempo de leitura":"6 minutos"},"schema":{"@context":"https:\/\/schema.org","@graph":[{"@type":"WebPage","@id":"https:\/\/www.correiobraziliense.com.br\/cbradar\/uma-cidade-que-encanta-em-qualidade-de-vida-educacao-e-turismo\/","url":"https:\/\/www.correiobraziliense.com.br\/cbradar\/uma-cidade-que-encanta-em-qualidade-de-vida-educacao-e-turismo\/","name":"Uma cidade que encanta em qualidade de vida, educa\u00e7\u00e3o e turismo - Correio Braziliense - Radar","isPartOf":{"@id":"https:\/\/www.correiobraziliense.com.br\/cbradar\/#website"},"primaryImageOfPage":{"@id":"https:\/\/www.correiobraziliense.com.br\/cbradar\/uma-cidade-que-encanta-em-qualidade-de-vida-educacao-e-turismo\/#primaryimage"},"image":{"@id":"https:\/\/www.correiobraziliense.com.br\/cbradar\/uma-cidade-que-encanta-em-qualidade-de-vida-educacao-e-turismo\/#primaryimage"},"thumbnailUrl":"https:\/\/www.correiobraziliense.com.br\/cbradar\/wp-content\/uploads\/2025\/02\/Bauru_1740789178530.jpg","datePublished":"2025-05-06T01:50:00+00:00","author":{"@id":"https:\/\/www.correiobraziliense.com.br\/cbradar\/#\/schema\/person\/4053c651a9bfc785afc6f4cbc9032fd3"},"description":"Conhe\u00e7a a cidade que \u00e9 o lugar perfeito para quem busca qualidade de vida, educa\u00e7\u00e3o e um turismo inesquec\u00edvel!","breadcrumb":{"@id":"https:\/\/www.correiobraziliense.com.br\/cbradar\/uma-cidade-que-encanta-em-qualidade-de-vida-educacao-e-turismo\/#breadcrumb"},"inLanguage":"pt-BR","potentialAction":[{"@type":"ReadAction","target":["https:\/\/www.correiobraziliense.com.br\/cbradar\/uma-cidade-que-encanta-em-qualidade-de-vida-educacao-e-turismo\/"]}]},{"@type":"ImageObject","inLanguage":"pt-BR","@id":"https:\/\/www.correiobraziliense.com.br\/cbradar\/uma-cidade-que-encanta-em-qualidade-de-vida-educacao-e-turismo\/#primaryimage","url":"https:\/\/www.correiobraziliense.com.br\/cbradar\/wp-content\/uploads\/2025\/02\/Bauru_1740789178530.jpg","contentUrl":"https:\/\/www.correiobraziliense.com.br\/cbradar\/wp-content\/uploads\/2025\/02\/Bauru_1740789178530.jpg","width":1279,"height":720,"caption":"Bauru \u00e9 uma cidade conhecida pela educa\u00e7\u00e3o e ind\u00fastria no interior paulista. \/\/ Cr\u00e9ditos: depositphotos.com \/ julioricco"},{"@type":"BreadcrumbList","@id":"https:\/\/www.correiobraziliense.com.br\/cbradar\/uma-cidade-que-encanta-em-qualidade-de-vida-educacao-e-turismo\/#breadcrumb","itemListElement":[{"@type":"ListItem","position":1,"name":"In\u00edcio","item":"https:\/\/www.correiobraziliense.com.br\/cbradar\/"},{"@type":"ListItem","position":2,"name":"Uma cidade que encanta em qualidade de vida, educa\u00e7\u00e3o e turismo"}]},{"@type":"WebSite","@id":"https:\/\/www.correiobraziliense.com.br\/cbradar\/#website","url":"https:\/\/www.correiobraziliense.com.br\/cbradar\/","name":"Correio Braziliense - Radar","description":"Acompanhe as \u00faltimas not\u00edcias e fique bem informado sobre tudo o que acontece no Brasil e no mundo.","potentialAction":[{"@type":"SearchAction","target":{"@type":"EntryPoint","urlTemplate":"https:\/\/www.correiobraziliense.com.br\/cbradar\/?s={search_term_string}"},"query-input":{"@type":"PropertyValueSpecification","valueRequired":true,"valueName":"search_term_string"}}],"inLanguage":"pt-BR"},{"@type":"Person","@id":"https:\/\/www.correiobraziliense.com.br\/cbradar\/#\/schema\/person\/4053c651a9bfc785afc6f4cbc9032fd3","name":"Maura Pereira","image":{"@type":"ImageObject","inLanguage":"pt-BR","@id":"https:\/\/www.correiobraziliense.com.br\/cbradar\/#\/schema\/person\/image\/","url":"https:\/\/secure.gravatar.com\/avatar\/3effd6bdadfa447f15089c7f7144eaa6?s=96&d=mm&r=g","contentUrl":"https:\/\/secure.gravatar.com\/avatar\/3effd6bdadfa447f15089c7f7144eaa6?s=96&d=mm&r=g","caption":"Maura Pereira"},"sameAs":["https:\/\/www.correiobraziliense.com.br\/"],"url":"https:\/\/www.correiobraziliense.com.br\/cbradar\/author\/mauramyth\/"}]}},"_links":{"self":[{"href":"https:\/\/www.correiobraziliense.com.br\/cbradar\/wp-json\/wp\/v2\/posts\/32044","targetHints":{"allow":["GET"]}}],"collection":[{"href":"https:\/\/www.correiobraziliense.com.br\/cbradar\/wp-json\/wp\/v2\/posts"}],"about":[{"href":"https:\/\/www.correiobraziliense.com.br\/cbradar\/wp-json\/wp\/v2\/types\/post"}],"author":[{"embeddable":true,"href":"https:\/\/www.correiobraziliense.com.br\/cbradar\/wp-json\/wp\/v2\/users\/8"}],"replies":[{"embeddable":true,"href":"https:\/\/www.correiobraziliense.com.br\/cbradar\/wp-json\/wp\/v2\/comments?post=32044"}],"version-history":[{"count":7,"href":"https:\/\/www.correiobraziliense.com.br\/cbradar\/wp-json\/wp\/v2\/posts\/32044\/revisions"}],"predecessor-version":[{"id":32051,"href":"https:\/\/www.correiobraziliense.com.br\/cbradar\/wp-json\/wp\/v2\/posts\/32044\/revisions\/32051"}],"wp:featuredmedia":[{"embeddable":true,"href":"https:\/\/www.correiobraziliense.com.br\/cbradar\/wp-json\/wp\/v2\/media\/7825"}],"wp:attachment":[{"href":"https:\/\/www.correiobraziliense.com.br\/cbradar\/wp-json\/wp\/v2\/media?parent=32044"}],"wp:term":[{"taxonomy":"category","embeddable":true,"href":"https:\/\/www.correiobraziliense.com.br\/cbradar\/wp-json\/wp\/v2\/categories?post=32044"},{"taxonomy":"post_tag","embeddable":true,"href":"https:\/\/www.correiobraziliense.com.br\/cbradar\/wp-json\/wp\/v2\/tags?post=32044"}],"curies":[{"name":"wp","href":"https:\/\/api.w.org\/{rel}","templated":true}]}}