{"id":32058,"date":"2025-05-05T19:10:00","date_gmt":"2025-05-05T22:10:00","guid":{"rendered":"https:\/\/www.correiobraziliense.com.br\/cbradar\/?p=32058"},"modified":"2025-05-04T03:04:02","modified_gmt":"2025-05-04T06:04:02","slug":"e-verdade-que-ler-ou-assistir-serie-na-esteira-faz-mal-para-a-visao","status":"publish","type":"post","link":"https:\/\/www.correiobraziliense.com.br\/cbradar\/e-verdade-que-ler-ou-assistir-serie-na-esteira-faz-mal-para-a-visao\/","title":{"rendered":"\u00c9 verdade que ler ou assistir s\u00e9rie na esteira faz mal para a vis\u00e3o?"},"content":{"rendered":"\n<p>Os benef\u00edcios dos <strong><a href=\"https:\/\/pt.wikipedia.org\/wiki\/Exerc%C3%ADcio_f%C3%ADsico\" target=\"_blank\" rel=\"noreferrer noopener\">exerc\u00edcios f\u00edsicos<\/a><\/strong> para a sa\u00fade s\u00e3o amplamente reconhecidos. No entanto, muitas pessoas buscam maneiras de tornar essas atividades mais agrad\u00e1veis ou de criar a sensa\u00e7\u00e3o de que o tempo passa mais r\u00e1pido. Um exemplo comum \u00e9<strong> ler<\/strong> ou <strong><a href=\"https:\/\/www.correiobraziliense.com.br\/cbradar\/6-filmes-e-series-em-alta-na-netflix-para-assistir\/\" target=\"_blank\" rel=\"noreferrer noopener\">assistir s\u00e9ries<\/a><\/strong> enquanto se est\u00e1 na <strong>esteira<\/strong>. Mas ser\u00e1 que essa pr\u00e1tica \u00e9 prejudicial \u00e0 <strong>vis\u00e3o<\/strong>?<\/p>\n\n\n\n<p>De acordo com especialistas, esse h\u00e1bito pode causar desconforto visual. Quando uma pessoa tenta focar em um ponto fixo, como a tela de um celular ou um livro, enquanto o corpo est\u00e1 em movimento, os olhos precisam se esfor\u00e7ar mais para manter o foco e a estabilidade da imagem. Isso pode resultar em <strong>cansa\u00e7o ocular<\/strong>, vis\u00e3o emba\u00e7ada tempor\u00e1ria, dor de cabe\u00e7a ou at\u00e9 n\u00e1useas.<\/p>\n\n\n\n<h2 class=\"wp-block-heading\">O que dizem os oftalmologistas?<\/h2>\n\n\n\n<p><strong>Ant\u00f4nio Sardinha<\/strong>, oftalmologista do <strong>Hospital de Olhos de Cuiab\u00e1<\/strong>, explica que o esfor\u00e7o visual durante a leitura ou visualiza\u00e7\u00e3o de v\u00eddeos na <strong>esteira<\/strong> pode causar desconforto, mas n\u00e3o necessariamente danos permanentes \u00e0 vis\u00e3o. <strong>Juliana Lasneux<\/strong>, do <strong>CBV-Hospital de Olhos<\/strong> em <strong>Bras\u00edlia<\/strong>, refor\u00e7a que n\u00e3o h\u00e1 riscos significativos para a sa\u00fade ocular. Ela compara a situa\u00e7\u00e3o \u00e0 leitura em um <strong>carro em movimento<\/strong>, que tamb\u00e9m n\u00e3o causa danos \u00e0 <strong>retina<\/strong>.<\/p>\n\n\n\n<p><strong>Gustavo Serra<\/strong>, da cl\u00ednica <strong>Olhar Prime<\/strong>, esclarece que o sistema nervoso recebe duas imagens distintas nessas situa\u00e7\u00f5es: uma est\u00e1tica, da vis\u00e3o central do texto, e outra em movimento, da paisagem ao redor. Isso pode causar tonturas ou tornar os exerc\u00edcios mais cansativos, mas n\u00e3o provoca les\u00f5es oculares espec\u00edficas.<\/p>\n\n\n<div class=\"wp-block-image\">\n<figure class=\"aligncenter size-large\"><img decoding=\"async\" width=\"1024\" height=\"576\" src=\"https:\/\/www.correiobraziliense.com.br\/cbradar\/wp-content\/uploads\/2025\/05\/gym-treadmill_1746338438688-1024x576.jpg\" alt=\"\" class=\"wp-image-32123\" srcset=\"https:\/\/www.correiobraziliense.com.br\/cbradar\/wp-content\/uploads\/2025\/05\/gym-treadmill_1746338438688-1024x576.jpg 1024w, https:\/\/www.correiobraziliense.com.br\/cbradar\/wp-content\/uploads\/2025\/05\/gym-treadmill_1746338438688-300x169.jpg 300w, https:\/\/www.correiobraziliense.com.br\/cbradar\/wp-content\/uploads\/2025\/05\/gym-treadmill_1746338438688-768x432.jpg 768w, https:\/\/www.correiobraziliense.com.br\/cbradar\/wp-content\/uploads\/2025\/05\/gym-treadmill_1746338438688-750x422.jpg 750w, https:\/\/www.correiobraziliense.com.br\/cbradar\/wp-content\/uploads\/2025\/05\/gym-treadmill_1746338438688-1140x641.jpg 1140w, https:\/\/www.correiobraziliense.com.br\/cbradar\/wp-content\/uploads\/2025\/05\/gym-treadmill_1746338438688.jpg 1280w\" sizes=\"(max-width: 1024px) 100vw, 1024px\" \/><figcaption class=\"wp-element-caption\">Cr\u00e9ditos: depositphotos.com \/ AntonLozovoy<\/figcaption><\/figure><\/div>\n\n\n<h2 class=\"wp-block-heading\">Como minimizar o desconforto visual?<\/h2>\n\n\n\n<p>Mesmo que ler ou assistir <strong>s\u00e9ries<\/strong> na <strong>esteira<\/strong> n\u00e3o cause danos permanentes \u00e0 vis\u00e3o, algumas pessoas podem sentir desconforto. Para evitar isso, algumas medidas podem ser adotadas:<\/p>\n\n\n\n<ul class=\"wp-block-list\">\n<li><strong>Preferir v\u00eddeos a textos longos<\/strong>: Assistir v\u00eddeos pode ser menos cansativo para os olhos do que ler.<\/li>\n\n\n\n<li><strong>Usar telas maiores e bem posicionadas<\/strong>: Isso ajuda a reduzir o esfor\u00e7o visual.<\/li>\n\n\n\n<li><strong>Ajustar o brilho da tela<\/strong>: Um brilho adequado pode diminuir o cansa\u00e7o ocular.<\/li>\n\n\n\n<li><strong>Evitar letras pequenas<\/strong>: Optar por fontes maiores facilita a leitura.<\/li>\n\n\n\n<li><strong>Fazer pausas visuais frequentes<\/strong>: Descansar os olhos regularmente pode aliviar o desconforto.<\/li>\n\n\n\n<li><strong>Manter os olhos lubrificados<\/strong>: Piscar frequentemente ou usar col\u00edrio pode ajudar a evitar a secura ocular.<\/li>\n<\/ul>\n\n\n\n<h2 class=\"wp-block-heading\">Por que algumas pessoas sentem tontura?<\/h2>\n\n\n\n<p>O <strong>sistema visual<\/strong> est\u00e1 intimamente ligado ao <strong>sistema de equil\u00edbrio<\/strong> do corpo. Algumas pessoas, especialmente aquelas com maior sensibilidade, podem sentir <strong>tontura<\/strong> ou <strong>enjoo<\/strong> ao ler em movimento. Isso ocorre porque o c\u00e9rebro recebe informa\u00e7\u00f5es conflitantes das imagens est\u00e1ticas e em movimento, causando desconforto.<\/p>\n\n\n\n<h2 class=\"wp-block-heading\">Considera\u00e7\u00f5es finais<\/h2>\n\n\n\n<p>Embora ler ou assistir <strong>s\u00e9ries<\/strong> na <strong>esteira<\/strong> possa causar desconforto tempor\u00e1rio, n\u00e3o h\u00e1 evid\u00eancias de que essa pr\u00e1tica cause danos permanentes \u00e0 <strong>vis\u00e3o<\/strong>. Adotar medidas para minimizar o esfor\u00e7o visual pode tornar a experi\u00eancia mais confort\u00e1vel. \u00c9 importante que cada pessoa avalie seu pr\u00f3prio n\u00edvel de conforto e ajuste suas atividades conforme necess\u00e1rio.<\/p>\n","protected":false},"excerpt":{"rendered":"<p>Os benef\u00edcios dos exerc\u00edcios f\u00edsicos para a sa\u00fade s\u00e3o amplamente reconhecidos. No entanto, muitas pessoas buscam maneiras de tornar essas atividades mais agrad\u00e1veis ou de criar a sensa\u00e7\u00e3o de que o tempo passa mais r\u00e1pido. Um exemplo comum \u00e9 ler ou assistir s\u00e9ries enquanto se est\u00e1 na esteira. Mas ser\u00e1 que essa pr\u00e1tica \u00e9 prejudicial [&hellip;]<\/p>\n","protected":false},"author":8,"featured_media":32121,"comment_status":"open","ping_status":"open","sticky":false,"template":"","format":"standard","meta":{"_yoast_wpseo_focuskw":"esteira","_yoast_wpseo_title":"","_yoast_wpseo_metadesc":"Ser\u00e1 que o h\u00e1bito de ler ou assistir s\u00e9rie na esteira pode prejudicar sua vis\u00e3o? Saiba a resposta e como evitar danos aos seus olhos.","jnews-multi-image_gallery":[],"jnews_single_post":{"format":"standard"},"jnews_primary_category":[],"jnews_social_meta":[],"jnews_override_counter":[],"footnotes":""},"categories":[112],"post_tag":[4177,4179,4178,4176],"class_list":["post-32058","post","type-post","status-publish","format-standard","has-post-thumbnail","hentry","category-curiosidades","tag-assistir-serie","tag-correr","tag-esteira","tag-ler"],"yoast_head":"<!-- This site is optimized with the Yoast SEO plugin v24.6 - https:\/\/yoast.com\/wordpress\/plugins\/seo\/ -->\n<title>\u00c9 verdade que ler ou assistir s\u00e9rie na esteira faz mal para a vis\u00e3o? - Correio Braziliense - Radar<\/title>\n<meta name=\"description\" content=\"Ser\u00e1 que o h\u00e1bito de ler ou assistir s\u00e9rie na esteira pode prejudicar sua vis\u00e3o? Saiba a resposta e como evitar danos aos seus olhos.\" \/>\n<meta name=\"robots\" content=\"index, follow, max-snippet:-1, max-image-preview:large, max-video-preview:-1\" \/>\n<link rel=\"canonical\" href=\"https:\/\/www.correiobraziliense.com.br\/cbradar\/e-verdade-que-ler-ou-assistir-serie-na-esteira-faz-mal-para-a-visao\/\" \/>\n<meta property=\"og:locale\" content=\"pt_BR\" \/>\n<meta property=\"og:type\" content=\"article\" \/>\n<meta property=\"og:title\" content=\"\u00c9 verdade que ler ou assistir s\u00e9rie na esteira faz mal para a vis\u00e3o? - Correio Braziliense - Radar\" \/>\n<meta property=\"og:description\" content=\"Ser\u00e1 que o h\u00e1bito de ler ou assistir s\u00e9rie na esteira pode prejudicar sua vis\u00e3o? Saiba a resposta e como evitar danos aos seus olhos.\" \/>\n<meta property=\"og:url\" content=\"https:\/\/www.correiobraziliense.com.br\/cbradar\/e-verdade-que-ler-ou-assistir-serie-na-esteira-faz-mal-para-a-visao\/\" \/>\n<meta property=\"og:site_name\" content=\"Correio Braziliense - Radar\" \/>\n<meta property=\"article:published_time\" content=\"2025-05-05T22:10:00+00:00\" \/>\n<meta property=\"og:image\" content=\"https:\/\/www.correiobraziliense.com.br\/cbradar\/wp-content\/uploads\/2025\/05\/gym_1746338397566.jpg\" \/>\n\t<meta property=\"og:image:width\" content=\"1280\" \/>\n\t<meta property=\"og:image:height\" content=\"720\" \/>\n\t<meta property=\"og:image:type\" content=\"image\/jpeg\" \/>\n<meta name=\"author\" content=\"Maura Pereira\" \/>\n<meta name=\"twitter:card\" content=\"summary_large_image\" \/>\n<meta name=\"twitter:label1\" content=\"Escrito por\" \/>\n\t<meta name=\"twitter:data1\" content=\"Maura Pereira\" \/>\n\t<meta name=\"twitter:label2\" content=\"Est. tempo de leitura\" \/>\n\t<meta name=\"twitter:data2\" content=\"3 minutos\" \/>\n<!-- \/ Yoast SEO plugin. -->","yoast_head_json":{"title":"\u00c9 verdade que ler ou assistir s\u00e9rie na esteira faz mal para a vis\u00e3o? - Correio Braziliense - Radar","description":"Ser\u00e1 que o h\u00e1bito de ler ou assistir s\u00e9rie na esteira pode prejudicar sua vis\u00e3o? Saiba a resposta e como evitar danos aos seus olhos.","robots":{"index":"index","follow":"follow","max-snippet":"max-snippet:-1","max-image-preview":"max-image-preview:large","max-video-preview":"max-video-preview:-1"},"canonical":"https:\/\/www.correiobraziliense.com.br\/cbradar\/e-verdade-que-ler-ou-assistir-serie-na-esteira-faz-mal-para-a-visao\/","og_locale":"pt_BR","og_type":"article","og_title":"\u00c9 verdade que ler ou assistir s\u00e9rie na esteira faz mal para a vis\u00e3o? - Correio Braziliense - Radar","og_description":"Ser\u00e1 que o h\u00e1bito de ler ou assistir s\u00e9rie na esteira pode prejudicar sua vis\u00e3o? Saiba a resposta e como evitar danos aos seus olhos.","og_url":"https:\/\/www.correiobraziliense.com.br\/cbradar\/e-verdade-que-ler-ou-assistir-serie-na-esteira-faz-mal-para-a-visao\/","og_site_name":"Correio Braziliense - Radar","article_published_time":"2025-05-05T22:10:00+00:00","og_image":[{"width":1280,"height":720,"url":"https:\/\/www.correiobraziliense.com.br\/cbradar\/wp-content\/uploads\/2025\/05\/gym_1746338397566.jpg","type":"image\/jpeg"}],"author":"Maura Pereira","twitter_card":"summary_large_image","twitter_misc":{"Escrito por":"Maura Pereira","Est. tempo de leitura":"3 minutos"},"schema":{"@context":"https:\/\/schema.org","@graph":[{"@type":"WebPage","@id":"https:\/\/www.correiobraziliense.com.br\/cbradar\/e-verdade-que-ler-ou-assistir-serie-na-esteira-faz-mal-para-a-visao\/","url":"https:\/\/www.correiobraziliense.com.br\/cbradar\/e-verdade-que-ler-ou-assistir-serie-na-esteira-faz-mal-para-a-visao\/","name":"\u00c9 verdade que ler ou assistir s\u00e9rie na esteira faz mal para a vis\u00e3o? - Correio Braziliense - Radar","isPartOf":{"@id":"https:\/\/www.correiobraziliense.com.br\/cbradar\/#website"},"primaryImageOfPage":{"@id":"https:\/\/www.correiobraziliense.com.br\/cbradar\/e-verdade-que-ler-ou-assistir-serie-na-esteira-faz-mal-para-a-visao\/#primaryimage"},"image":{"@id":"https:\/\/www.correiobraziliense.com.br\/cbradar\/e-verdade-que-ler-ou-assistir-serie-na-esteira-faz-mal-para-a-visao\/#primaryimage"},"thumbnailUrl":"https:\/\/www.correiobraziliense.com.br\/cbradar\/wp-content\/uploads\/2025\/05\/gym_1746338397566.jpg","datePublished":"2025-05-05T22:10:00+00:00","author":{"@id":"https:\/\/www.correiobraziliense.com.br\/cbradar\/#\/schema\/person\/4053c651a9bfc785afc6f4cbc9032fd3"},"description":"Ser\u00e1 que o h\u00e1bito de ler ou assistir s\u00e9rie na esteira pode prejudicar sua vis\u00e3o? Saiba a resposta e como evitar danos aos seus olhos.","breadcrumb":{"@id":"https:\/\/www.correiobraziliense.com.br\/cbradar\/e-verdade-que-ler-ou-assistir-serie-na-esteira-faz-mal-para-a-visao\/#breadcrumb"},"inLanguage":"pt-BR","potentialAction":[{"@type":"ReadAction","target":["https:\/\/www.correiobraziliense.com.br\/cbradar\/e-verdade-que-ler-ou-assistir-serie-na-esteira-faz-mal-para-a-visao\/"]}]},{"@type":"ImageObject","inLanguage":"pt-BR","@id":"https:\/\/www.correiobraziliense.com.br\/cbradar\/e-verdade-que-ler-ou-assistir-serie-na-esteira-faz-mal-para-a-visao\/#primaryimage","url":"https:\/\/www.correiobraziliense.com.br\/cbradar\/wp-content\/uploads\/2025\/05\/gym_1746338397566.jpg","contentUrl":"https:\/\/www.correiobraziliense.com.br\/cbradar\/wp-content\/uploads\/2025\/05\/gym_1746338397566.jpg","width":1280,"height":720,"caption":"Fazer 20 minutos de esteira por dia ajuda no emagrecimento quando h\u00e1 regularidade e controle alimentar. \/\/ Cr\u00e9ditos: depositphotos.com \/ pressmaster"},{"@type":"BreadcrumbList","@id":"https:\/\/www.correiobraziliense.com.br\/cbradar\/e-verdade-que-ler-ou-assistir-serie-na-esteira-faz-mal-para-a-visao\/#breadcrumb","itemListElement":[{"@type":"ListItem","position":1,"name":"In\u00edcio","item":"https:\/\/www.correiobraziliense.com.br\/cbradar\/"},{"@type":"ListItem","position":2,"name":"\u00c9 verdade que ler ou assistir s\u00e9rie na esteira faz mal para a vis\u00e3o?"}]},{"@type":"WebSite","@id":"https:\/\/www.correiobraziliense.com.br\/cbradar\/#website","url":"https:\/\/www.correiobraziliense.com.br\/cbradar\/","name":"Correio Braziliense - Radar","description":"Acompanhe as \u00faltimas not\u00edcias e fique bem informado sobre tudo o que acontece no Brasil e no mundo.","potentialAction":[{"@type":"SearchAction","target":{"@type":"EntryPoint","urlTemplate":"https:\/\/www.correiobraziliense.com.br\/cbradar\/?s={search_term_string}"},"query-input":{"@type":"PropertyValueSpecification","valueRequired":true,"valueName":"search_term_string"}}],"inLanguage":"pt-BR"},{"@type":"Person","@id":"https:\/\/www.correiobraziliense.com.br\/cbradar\/#\/schema\/person\/4053c651a9bfc785afc6f4cbc9032fd3","name":"Maura Pereira","image":{"@type":"ImageObject","inLanguage":"pt-BR","@id":"https:\/\/www.correiobraziliense.com.br\/cbradar\/#\/schema\/person\/image\/","url":"https:\/\/secure.gravatar.com\/avatar\/3effd6bdadfa447f15089c7f7144eaa6?s=96&d=mm&r=g","contentUrl":"https:\/\/secure.gravatar.com\/avatar\/3effd6bdadfa447f15089c7f7144eaa6?s=96&d=mm&r=g","caption":"Maura Pereira"},"sameAs":["https:\/\/www.correiobraziliense.com.br\/"],"url":"https:\/\/www.correiobraziliense.com.br\/cbradar\/author\/mauramyth\/"}]}},"_links":{"self":[{"href":"https:\/\/www.correiobraziliense.com.br\/cbradar\/wp-json\/wp\/v2\/posts\/32058","targetHints":{"allow":["GET"]}}],"collection":[{"href":"https:\/\/www.correiobraziliense.com.br\/cbradar\/wp-json\/wp\/v2\/posts"}],"about":[{"href":"https:\/\/www.correiobraziliense.com.br\/cbradar\/wp-json\/wp\/v2\/types\/post"}],"author":[{"embeddable":true,"href":"https:\/\/www.correiobraziliense.com.br\/cbradar\/wp-json\/wp\/v2\/users\/8"}],"replies":[{"embeddable":true,"href":"https:\/\/www.correiobraziliense.com.br\/cbradar\/wp-json\/wp\/v2\/comments?post=32058"}],"version-history":[{"count":5,"href":"https:\/\/www.correiobraziliense.com.br\/cbradar\/wp-json\/wp\/v2\/posts\/32058\/revisions"}],"predecessor-version":[{"id":32126,"href":"https:\/\/www.correiobraziliense.com.br\/cbradar\/wp-json\/wp\/v2\/posts\/32058\/revisions\/32126"}],"wp:featuredmedia":[{"embeddable":true,"href":"https:\/\/www.correiobraziliense.com.br\/cbradar\/wp-json\/wp\/v2\/media\/32121"}],"wp:attachment":[{"href":"https:\/\/www.correiobraziliense.com.br\/cbradar\/wp-json\/wp\/v2\/media?parent=32058"}],"wp:term":[{"taxonomy":"category","embeddable":true,"href":"https:\/\/www.correiobraziliense.com.br\/cbradar\/wp-json\/wp\/v2\/categories?post=32058"},{"taxonomy":"post_tag","embeddable":true,"href":"https:\/\/www.correiobraziliense.com.br\/cbradar\/wp-json\/wp\/v2\/post_tag?post=32058"}],"curies":[{"name":"wp","href":"https:\/\/api.w.org\/{rel}","templated":true}]}}