{"id":32395,"date":"2025-05-06T18:23:00","date_gmt":"2025-05-06T21:23:00","guid":{"rendered":"https:\/\/www.correiobraziliense.com.br\/cbradar\/?p=32395"},"modified":"2025-05-05T13:19:02","modified_gmt":"2025-05-05T16:19:02","slug":"a-alimentacao-saudavel-chegou-para-quem-tem-problemas-com-diabetes-nova-rotina-descoberta","status":"publish","type":"post","link":"https:\/\/www.correiobraziliense.com.br\/cbradar\/a-alimentacao-saudavel-chegou-para-quem-tem-problemas-com-diabetes-nova-rotina-descoberta\/","title":{"rendered":"A alimenta\u00e7\u00e3o saud\u00e1vel chegou para quem tem problemas com diabetes! Nova rotina descoberta"},"content":{"rendered":"\n<p>O <strong><a href=\"https:\/\/www.gov.br\/saude\/pt-br\/assuntos\/saude-de-a-a-z\/d\/diabetes\" target=\"_blank\" rel=\"noreferrer noopener\">Diabetes<\/a><\/strong> \u00e9 uma <strong>condi\u00e7\u00e3o cr\u00f4nica<\/strong> que afeta a forma como o <strong>corpo<\/strong> utiliza a <strong>glicose<\/strong> (a\u00e7\u00facar) no sangue para obter <strong>energia<\/strong>. Manter os <strong>n\u00edveis de a\u00e7\u00facar no sangue controlados<\/strong> \u00e9 <strong>essencial<\/strong> para <strong>evitar complica\u00e7\u00f5es severas<\/strong> a longo prazo, como <strong>doen\u00e7as cardiovasculares<\/strong>, <strong>problemas renais<\/strong>, <strong>oculares<\/strong> e <strong>neurol\u00f3gicos<\/strong>. A <strong>alimenta\u00e7\u00e3o<\/strong> \u00e9 um <strong>pilar fundamental<\/strong> no <strong>tratamento do Diabetes<\/strong>, juntamente com <strong>medicamentos<\/strong>, <strong>exerc\u00edcio f\u00edsico<\/strong> e monitoramento da <strong>glicose<\/strong>. Um <strong>plano de refei\u00e7\u00f5es<\/strong> bem elaborado <strong>pode ajudar<\/strong> a manter o <strong>a\u00e7\u00facar no sangue est\u00e1vel<\/strong>, <strong>melhorar a <a href=\"https:\/\/www.correiobraziliense.com.br\/cbradar\/esses-exercicios-simples-podem-melhorar-em-ate-5x-o-seu-corpo-para-atividades-diarias\/\" target=\"_blank\" rel=\"noreferrer noopener\">sa\u00fade<\/a> geral<\/strong> e <strong>reduzir o risco de complica\u00e7\u00f5es<\/strong>.<\/p>\n\n\n\n<p>Este guia oferece <strong>princ\u00edpios gerais<\/strong> para criar um <strong>plano de refei\u00e7\u00f5es saud\u00e1veis e equilibradas<\/strong> para <strong>diab\u00e9ticos<\/strong>.<\/p>\n\n\n\n<p><strong>AVISO IMPORTANTE:<\/strong> <strong>Diabetes \u00e9 uma condi\u00e7\u00e3o m\u00e9dica s\u00e9ria que requer acompanhamento cont\u00ednuo por um m\u00e9dico (endocrinologista, cl\u00ednico geral) e, idealmente, um nutricionista especializado em Diabetes.<\/strong> Este guia <strong>N\u00c3O substitui avalia\u00e7\u00e3o m\u00e9dica ou nutricional individualizada.<\/strong> A <strong>dieta<\/strong> deve ser <strong>adaptada<\/strong> \u00e0s suas necessidades espec\u00edficas, <strong>medicamentos<\/strong>, hor\u00e1rios e <strong>metas de controle<\/strong>. <strong>N\u00c3O gerencie Diabetes sozinho.<\/strong><\/p>\n\n\n\n<h2 class=\"wp-block-heading\">Diabetes e a import\u00e2ncia da alimenta\u00e7\u00e3o<\/h2>\n\n\n<div class=\"wp-block-image\">\n<figure class=\"aligncenter size-large\"><img decoding=\"async\" width=\"1024\" height=\"576\" src=\"https:\/\/www.correiobraziliense.com.br\/cbradar\/wp-content\/uploads\/2025\/05\/diabetes_1746459065184-1024x576.jpg\" alt=\"A alimenta\u00e7\u00e3o saud\u00e1vel chegou para quem tem problemas com diabetes! Nova rotina descoberta\" class=\"wp-image-32554\" srcset=\"https:\/\/www.correiobraziliense.com.br\/cbradar\/wp-content\/uploads\/2025\/05\/diabetes_1746459065184-1024x576.jpg 1024w, https:\/\/www.correiobraziliense.com.br\/cbradar\/wp-content\/uploads\/2025\/05\/diabetes_1746459065184-300x169.jpg 300w, https:\/\/www.correiobraziliense.com.br\/cbradar\/wp-content\/uploads\/2025\/05\/diabetes_1746459065184-768x432.jpg 768w, https:\/\/www.correiobraziliense.com.br\/cbradar\/wp-content\/uploads\/2025\/05\/diabetes_1746459065184-750x422.jpg 750w, https:\/\/www.correiobraziliense.com.br\/cbradar\/wp-content\/uploads\/2025\/05\/diabetes_1746459065184-1140x641.jpg 1140w, https:\/\/www.correiobraziliense.com.br\/cbradar\/wp-content\/uploads\/2025\/05\/diabetes_1746459065184.jpg 1280w\" sizes=\"(max-width: 1024px) 100vw, 1024px\" \/><figcaption class=\"wp-element-caption\">Diabetes &#8211; Cr\u00e9ditos: depositphotos.com \/ EdZbarzhyvetsky<\/figcaption><\/figure><\/div>\n\n\n<p>Para <strong>diab\u00e9ticos<\/strong>, a <strong>alimenta\u00e7\u00e3o<\/strong> impacta diretamente os <strong>n\u00edveis de a\u00e7\u00facar no sangue<\/strong>. Os <strong>carboidratos<\/strong>, em particular, s\u00e3o quebrados em <strong>glicose<\/strong> que entra na corrente sangu\u00ednea. O <strong>planejamento da dieta<\/strong> visa <strong>controlar a quantidade, o tipo e o timing dos carboidratos<\/strong> para <strong>evitar picos<\/strong> excessivos de <strong>a\u00e7\u00facar no sangue<\/strong> e <strong>mant\u00ea-lo est\u00e1vel<\/strong>.<\/p>\n\n\n\n<h2 class=\"wp-block-heading\">Princ\u00edpios de uma dieta para diab\u00e9ticos saud\u00e1vel e equilibrada<\/h2>\n\n\n\n<p>Uma <strong>dieta<\/strong> para <strong>diab\u00e9ticos<\/strong> foca em <strong>alimentos<\/strong> nutritivos e controle de <strong>carboidratos<\/strong>:<\/p>\n\n\n\n<ul class=\"wp-block-list\">\n<li><strong>Controle de Carboidratos:<\/strong> N\u00e3o \u00e9 sobre eliminar, mas sobre <strong>escolhas inteligentes<\/strong> e <strong>controle de por\u00e7\u00f5es<\/strong>. Priorize <strong>carboidratos complexos<\/strong> e <strong>ricos em fibras<\/strong>.<\/li>\n\n\n\n<li><strong>Fibras:<\/strong> Essenciais! <strong>Reduzem a velocidade de absor\u00e7\u00e3o do a\u00e7\u00facar<\/strong> no sangue e <strong>melhoram a saciedade<\/strong>. Fontes: <strong>Leguminosas<\/strong> (feij\u00f5es, lentilhas), <strong>vegetais<\/strong> (todos), <strong>frutas<\/strong> (com casca), <strong>gr\u00e3os integrais<\/strong>.<\/li>\n\n\n\n<li><strong>Prote\u00ednas:<\/strong> T\u00eam <strong>pouco impacto no a\u00e7\u00facar no sangue<\/strong> e <strong>ajudam na saciedade<\/strong>. Fontes: Carnes magras, aves sem pele, peixes, <strong>ovos<\/strong>, <strong>leguminosas<\/strong>, <strong>tofu<\/strong>, <strong>latic\u00ednios<\/strong> magros.<\/li>\n\n\n\n<li><strong>Gorduras Saud\u00e1veis:<\/strong> Priorize <strong>gorduras insaturadas<\/strong>. Fontes: <strong>Azeite de oliva extra virgem<\/strong>, <strong>abacate<\/strong>, <strong>nozes<\/strong>, <strong>sementes<\/strong>, <strong>peixes gordurosos<\/strong> (<strong>\u00f4mega-3<\/strong>). Use com modera\u00e7\u00e3o, pois s\u00e3o cal\u00f3ricas. Limite <strong>gorduras saturadas<\/strong> e <strong>trans<\/strong>.<\/li>\n\n\n\n<li><strong>Hor\u00e1rios Regulares:<\/strong> Comer em hor\u00e1rios consistentes <strong>ajuda a manter o a\u00e7\u00facar no sangue mais est\u00e1vel<\/strong>, especialmente para quem usa insulina ou certos <strong>medicamentos<\/strong>.<\/li>\n\n\n\n<li><strong>Variedade:<\/strong> Garanta a ingest\u00e3o de diversos <strong>nutrientes<\/strong>.<\/li>\n<\/ul>\n\n\n\n<h2 class=\"wp-block-heading\">Alimentos para priorizar<\/h2>\n\n\n\n<p>Inclua regularmente: <strong>vegetais<\/strong> n\u00e3o amil\u00e1ceos (folhas, br\u00f3colis, pepino), <strong>leguminosas<\/strong>, <strong>gr\u00e3os integrais<\/strong> (<strong>aveia<\/strong>, quinoa, arroz integral em <strong>por\u00e7\u00f5es controladas<\/strong>), <strong>prote\u00ednas<\/strong> magras, <strong>gorduras saud\u00e1veis<\/strong>, <strong>frutas<\/strong> (em <strong>por\u00e7\u00f5es controladas<\/strong>).<\/p>\n\n\n\n<h2 class=\"wp-block-heading\">Alimentos para limitar ou evitar<\/h2>\n\n\n\n<p>Minimize: <strong>A\u00e7\u00facares adicionados<\/strong>, <strong>bebidas a\u00e7ucaradas<\/strong> (refrigerantes, sucos de caixinha, n\u00e9ctares), <strong>carboidratos refinados<\/strong> (p\u00e3es brancos, massas n\u00e3o integrais, bolos, biscoitos), <strong>doces<\/strong>, <strong>gorduras saturadas<\/strong> em excesso, <strong>gorduras trans<\/strong> (frituras de pacote, <strong>alimentos<\/strong> ultraprocessados), <strong>bebidas alco\u00f3licas<\/strong> (com modera\u00e7\u00e3o, risco de hipoglicemia).<\/p>\n\n\n\n<h2 class=\"wp-block-heading\">Guia passo a passo para montar seu plano semanal<\/h2>\n\n\n\n<ol class=\"wp-block-list\">\n<li><strong>Conhe\u00e7a seus carboidratos:<\/strong> Aprenda quais <strong>alimentos<\/strong> cont\u00eam <strong>carboidratos<\/strong> e como estimar a quantidade.<\/li>\n\n\n\n<li><strong>Equilibre seus pratos:<\/strong> Em cada refei\u00e7\u00e3o, inclua <strong>vegetais<\/strong>, uma <strong>fonte de prote\u00edna<\/strong> e uma <strong>fonte de carboidrato complexo<\/strong> em <strong>por\u00e7\u00e3o controlada<\/strong>.<\/li>\n\n\n\n<li><strong>Planeje refei\u00e7\u00f5es e lanches regulares:<\/strong> Defina hor\u00e1rios e o que comer para <strong>evitar picos ou quedas de a\u00e7\u00facar<\/strong>. Se usar insulina, o hor\u00e1rio e a <strong>quantidade de carboidratos<\/strong> s\u00e3o cruciais.<\/li>\n\n\n\n<li><strong>Crie sua lista de compras:<\/strong> Baseada no seu <strong>plano<\/strong>, focando em <strong>alimentos<\/strong> saud\u00e1veis e <strong>naturais<\/strong>. Leia r\u00f3tulos.<\/li>\n\n\n\n<li><strong>Prepare refei\u00e7\u00f5es:<\/strong> Cozinhe em casa para <strong>controlar ingredientes<\/strong> e <strong>por\u00e7\u00f5es<\/strong>.<\/li>\n<\/ol>\n\n\n\n<h2 class=\"wp-block-heading\">Benef\u00edcios da dieta bem planejada para diab\u00e9ticos<\/h2>\n\n\n\n<p>Uma <strong>dieta<\/strong> adequada ajuda no <strong>controle do a\u00e7\u00facar no sangue<\/strong>, <strong>reduzindo o risco de complica\u00e7\u00f5es<\/strong> a longo prazo e <strong>melhorando a sa\u00fade geral<\/strong>.<\/p>\n\n\n\n<h2 class=\"wp-block-heading\">Quando buscar ajuda profissional (essencial para diab\u00e9ticos)<\/h2>\n\n\n\n<p><strong>Todos os diab\u00e9ticos precisam de acompanhamento m\u00e9dico e nutricional especializado.<\/strong> O <strong>nutricionista especializado em Diabetes<\/strong> \u00e9 fundamental para criar um <strong>plano alimentar individualizado<\/strong> e seguro.<\/p>\n\n\n\n<h2 class=\"wp-block-heading\">Perguntas frequentes sobre dieta para diab\u00e9ticos<\/h2>\n\n\n\n<h3 class=\"wp-block-heading\">O que \u00e9 o mais importante em uma dieta para diab\u00e9ticos?<\/h3>\n\n\n\n<p><strong>Controle da quantidade e tipo de carboidratos<\/strong>, priorizar <strong>fibras<\/strong>, <strong>gorduras saud\u00e1veis<\/strong>, <strong>prote\u00ednas<\/strong> e <strong>hor\u00e1rios regulares<\/strong>.<\/p>\n\n\n\n<h3 class=\"wp-block-heading\">Posso comer frutas se tenho Diabetes?<\/h3>\n\n\n\n<p><strong>SIM<\/strong>. Controle a <strong>por\u00e7\u00e3o<\/strong> devido aos <strong>carboidratos<\/strong> e distribua ao longo do dia. Prefira <strong>frutas<\/strong> com casca\/fibra.<\/p>\n\n\n\n<h3 class=\"wp-block-heading\">A\u00e7\u00facar \u00e9 totalmente proibido?<\/h3>\n\n\n\n<p>O consumo deve ser <strong>muito limitado<\/strong>, especialmente <strong>a\u00e7\u00facares adicionados<\/strong>. O foco \u00e9 <strong>controlar a ingest\u00e3o total de carboidratos<\/strong> e <strong>a\u00e7\u00facares<\/strong>.<\/p>\n\n\n\n<h3 class=\"wp-block-heading\">Dieta substitui medicamentos para Diabetes?<\/h3>\n\n\n\n<p><strong>N\u00c3O, JAMAIS<\/strong>. A <strong>dieta<\/strong> \u00e9 um <strong>pilar do tratamento<\/strong>, mas muitos <strong>diab\u00e9ticos<\/strong> precisam de <strong>medicamentos<\/strong>.<\/p>\n\n\n\n<h3 class=\"wp-block-heading\">Por que preciso de um nutricionista especializado em Diabetes?<\/h3>\n\n\n\n<p>Para criar um <strong>plano alimentar individualizado<\/strong> que considere suas necessidades, <strong>medicamentos<\/strong>, hor\u00e1rios, e <strong>metas de controle<\/strong>, ensinando a <strong>contar carboidratos<\/strong> e fazer escolhas seguras. <strong>Essencial<\/strong>.<\/p>\n","protected":false},"excerpt":{"rendered":"<p>O Diabetes \u00e9 uma condi\u00e7\u00e3o cr\u00f4nica que afeta a forma como o corpo utiliza a glicose (a\u00e7\u00facar) no sangue para obter energia. Manter os n\u00edveis de a\u00e7\u00facar no sangue controlados \u00e9 essencial para evitar complica\u00e7\u00f5es severas a longo prazo, como doen\u00e7as cardiovasculares, problemas renais, oculares e neurol\u00f3gicos. A alimenta\u00e7\u00e3o \u00e9 um pilar fundamental no tratamento [&hellip;]<\/p>\n","protected":false},"author":11,"featured_media":8456,"comment_status":"open","ping_status":"open","sticky":false,"template":"","format":"standard","meta":{"_yoast_wpseo_focuskw":"diabetes","_yoast_wpseo_title":"","_yoast_wpseo_metadesc":"Uma nova rotina alimentar est\u00e1 chamando aten\u00e7\u00e3o de quem convive com diabetes \u2014 h\u00e1bitos saud\u00e1veis que podem fazer toda a diferen\u00e7a.","jnews-multi-image_gallery":[],"jnews_single_post":{"format":"standard"},"jnews_primary_category":[],"jnews_social_meta":[],"jnews_override_counter":[],"footnotes":""},"categories":[119],"tags":[120,565],"class_list":["post-32395","post","type-post","status-publish","format-standard","has-post-thumbnail","hentry","category-bem-estar","tag-bem-estar","tag-saude"],"yoast_head":"<!-- This site is optimized with the Yoast SEO plugin v24.6 - https:\/\/yoast.com\/wordpress\/plugins\/seo\/ -->\n<title>A alimenta\u00e7\u00e3o saud\u00e1vel chegou para quem tem problemas com diabetes! Nova rotina descoberta - Correio Braziliense - Radar<\/title>\n<meta name=\"description\" content=\"Uma nova rotina alimentar est\u00e1 chamando aten\u00e7\u00e3o de quem convive com diabetes \u2014 h\u00e1bitos saud\u00e1veis que podem fazer toda a diferen\u00e7a.\" \/>\n<meta name=\"robots\" content=\"index, follow, max-snippet:-1, max-image-preview:large, max-video-preview:-1\" \/>\n<link rel=\"canonical\" href=\"https:\/\/www.correiobraziliense.com.br\/cbradar\/a-alimentacao-saudavel-chegou-para-quem-tem-problemas-com-diabetes-nova-rotina-descoberta\/\" \/>\n<meta property=\"og:locale\" content=\"pt_BR\" \/>\n<meta property=\"og:type\" content=\"article\" \/>\n<meta property=\"og:title\" content=\"A alimenta\u00e7\u00e3o saud\u00e1vel chegou para quem tem problemas com diabetes! Nova rotina descoberta - Correio Braziliense - Radar\" \/>\n<meta property=\"og:description\" content=\"Uma nova rotina alimentar est\u00e1 chamando aten\u00e7\u00e3o de quem convive com diabetes \u2014 h\u00e1bitos saud\u00e1veis que podem fazer toda a diferen\u00e7a.\" \/>\n<meta property=\"og:url\" content=\"https:\/\/www.correiobraziliense.com.br\/cbradar\/a-alimentacao-saudavel-chegou-para-quem-tem-problemas-com-diabetes-nova-rotina-descoberta\/\" \/>\n<meta property=\"og:site_name\" content=\"Correio Braziliense - Radar\" \/>\n<meta property=\"article:published_time\" content=\"2025-05-06T21:23:00+00:00\" \/>\n<meta property=\"og:image\" content=\"https:\/\/www.correiobraziliense.com.br\/cbradar\/wp-content\/uploads\/2025\/03\/plantas_1741014241373.jpg\" \/>\n\t<meta property=\"og:image:width\" content=\"1280\" \/>\n\t<meta property=\"og:image:height\" content=\"720\" \/>\n\t<meta property=\"og:image:type\" content=\"image\/jpeg\" \/>\n<meta name=\"author\" content=\"Paulo Custodio\" \/>\n<meta name=\"twitter:card\" content=\"summary_large_image\" \/>\n<meta name=\"twitter:label1\" content=\"Escrito por\" \/>\n\t<meta name=\"twitter:data1\" content=\"Paulo Custodio\" \/>\n\t<meta name=\"twitter:label2\" content=\"Est. tempo de leitura\" \/>\n\t<meta name=\"twitter:data2\" content=\"5 minutos\" \/>\n<!-- \/ Yoast SEO plugin. -->","yoast_head_json":{"title":"A alimenta\u00e7\u00e3o saud\u00e1vel chegou para quem tem problemas com diabetes! Nova rotina descoberta - Correio Braziliense - Radar","description":"Uma nova rotina alimentar est\u00e1 chamando aten\u00e7\u00e3o de quem convive com diabetes \u2014 h\u00e1bitos saud\u00e1veis que podem fazer toda a diferen\u00e7a.","robots":{"index":"index","follow":"follow","max-snippet":"max-snippet:-1","max-image-preview":"max-image-preview:large","max-video-preview":"max-video-preview:-1"},"canonical":"https:\/\/www.correiobraziliense.com.br\/cbradar\/a-alimentacao-saudavel-chegou-para-quem-tem-problemas-com-diabetes-nova-rotina-descoberta\/","og_locale":"pt_BR","og_type":"article","og_title":"A alimenta\u00e7\u00e3o saud\u00e1vel chegou para quem tem problemas com diabetes! Nova rotina descoberta - Correio Braziliense - Radar","og_description":"Uma nova rotina alimentar est\u00e1 chamando aten\u00e7\u00e3o de quem convive com diabetes \u2014 h\u00e1bitos saud\u00e1veis que podem fazer toda a diferen\u00e7a.","og_url":"https:\/\/www.correiobraziliense.com.br\/cbradar\/a-alimentacao-saudavel-chegou-para-quem-tem-problemas-com-diabetes-nova-rotina-descoberta\/","og_site_name":"Correio Braziliense - Radar","article_published_time":"2025-05-06T21:23:00+00:00","og_image":[{"width":1280,"height":720,"url":"https:\/\/www.correiobraziliense.com.br\/cbradar\/wp-content\/uploads\/2025\/03\/plantas_1741014241373.jpg","type":"image\/jpeg"}],"author":"Paulo Custodio","twitter_card":"summary_large_image","twitter_misc":{"Escrito por":"Paulo Custodio","Est. tempo de leitura":"5 minutos"},"schema":{"@context":"https:\/\/schema.org","@graph":[{"@type":"WebPage","@id":"https:\/\/www.correiobraziliense.com.br\/cbradar\/a-alimentacao-saudavel-chegou-para-quem-tem-problemas-com-diabetes-nova-rotina-descoberta\/","url":"https:\/\/www.correiobraziliense.com.br\/cbradar\/a-alimentacao-saudavel-chegou-para-quem-tem-problemas-com-diabetes-nova-rotina-descoberta\/","name":"A alimenta\u00e7\u00e3o saud\u00e1vel chegou para quem tem problemas com diabetes! Nova rotina descoberta - Correio Braziliense - Radar","isPartOf":{"@id":"https:\/\/www.correiobraziliense.com.br\/cbradar\/#website"},"primaryImageOfPage":{"@id":"https:\/\/www.correiobraziliense.com.br\/cbradar\/a-alimentacao-saudavel-chegou-para-quem-tem-problemas-com-diabetes-nova-rotina-descoberta\/#primaryimage"},"image":{"@id":"https:\/\/www.correiobraziliense.com.br\/cbradar\/a-alimentacao-saudavel-chegou-para-quem-tem-problemas-com-diabetes-nova-rotina-descoberta\/#primaryimage"},"thumbnailUrl":"https:\/\/www.correiobraziliense.com.br\/cbradar\/wp-content\/uploads\/2025\/03\/plantas_1741014241373.jpg","datePublished":"2025-05-06T21:23:00+00:00","author":{"@id":"https:\/\/www.correiobraziliense.com.br\/cbradar\/#\/schema\/person\/4cec7857301a9a1a2ef249893cd908d3"},"description":"Uma nova rotina alimentar est\u00e1 chamando aten\u00e7\u00e3o de quem convive com diabetes \u2014 h\u00e1bitos saud\u00e1veis que podem fazer toda a diferen\u00e7a.","breadcrumb":{"@id":"https:\/\/www.correiobraziliense.com.br\/cbradar\/a-alimentacao-saudavel-chegou-para-quem-tem-problemas-com-diabetes-nova-rotina-descoberta\/#breadcrumb"},"inLanguage":"pt-BR","potentialAction":[{"@type":"ReadAction","target":["https:\/\/www.correiobraziliense.com.br\/cbradar\/a-alimentacao-saudavel-chegou-para-quem-tem-problemas-com-diabetes-nova-rotina-descoberta\/"]}]},{"@type":"ImageObject","inLanguage":"pt-BR","@id":"https:\/\/www.correiobraziliense.com.br\/cbradar\/a-alimentacao-saudavel-chegou-para-quem-tem-problemas-com-diabetes-nova-rotina-descoberta\/#primaryimage","url":"https:\/\/www.correiobraziliense.com.br\/cbradar\/wp-content\/uploads\/2025\/03\/plantas_1741014241373.jpg","contentUrl":"https:\/\/www.correiobraziliense.com.br\/cbradar\/wp-content\/uploads\/2025\/03\/plantas_1741014241373.jpg","width":1280,"height":720,"caption":"Plantas - Cr\u00e9ditos: depositphotos.com \/ VadimVasenin"},{"@type":"BreadcrumbList","@id":"https:\/\/www.correiobraziliense.com.br\/cbradar\/a-alimentacao-saudavel-chegou-para-quem-tem-problemas-com-diabetes-nova-rotina-descoberta\/#breadcrumb","itemListElement":[{"@type":"ListItem","position":1,"name":"In\u00edcio","item":"https:\/\/www.correiobraziliense.com.br\/cbradar\/"},{"@type":"ListItem","position":2,"name":"A alimenta\u00e7\u00e3o saud\u00e1vel chegou para quem tem problemas com diabetes! Nova rotina descoberta"}]},{"@type":"WebSite","@id":"https:\/\/www.correiobraziliense.com.br\/cbradar\/#website","url":"https:\/\/www.correiobraziliense.com.br\/cbradar\/","name":"Correio Braziliense - Radar","description":"Acompanhe as \u00faltimas not\u00edcias e fique bem informado sobre tudo o que acontece no Brasil e no mundo.","potentialAction":[{"@type":"SearchAction","target":{"@type":"EntryPoint","urlTemplate":"https:\/\/www.correiobraziliense.com.br\/cbradar\/?s={search_term_string}"},"query-input":{"@type":"PropertyValueSpecification","valueRequired":true,"valueName":"search_term_string"}}],"inLanguage":"pt-BR"},{"@type":"Person","@id":"https:\/\/www.correiobraziliense.com.br\/cbradar\/#\/schema\/person\/4cec7857301a9a1a2ef249893cd908d3","name":"Paulo Custodio","image":{"@type":"ImageObject","inLanguage":"pt-BR","@id":"https:\/\/www.correiobraziliense.com.br\/cbradar\/#\/schema\/person\/image\/","url":"https:\/\/secure.gravatar.com\/avatar\/bcd67168d1534e8fcf4f45c726a87cea?s=96&d=mm&r=g","contentUrl":"https:\/\/secure.gravatar.com\/avatar\/bcd67168d1534e8fcf4f45c726a87cea?s=96&d=mm&r=g","caption":"Paulo Custodio"},"sameAs":["https:\/\/www.correiobraziliense.com.br\/cbradar"],"url":"https:\/\/www.correiobraziliense.com.br\/cbradar\/author\/paulomyth\/"}]}},"_links":{"self":[{"href":"https:\/\/www.correiobraziliense.com.br\/cbradar\/wp-json\/wp\/v2\/posts\/32395","targetHints":{"allow":["GET"]}}],"collection":[{"href":"https:\/\/www.correiobraziliense.com.br\/cbradar\/wp-json\/wp\/v2\/posts"}],"about":[{"href":"https:\/\/www.correiobraziliense.com.br\/cbradar\/wp-json\/wp\/v2\/types\/post"}],"author":[{"embeddable":true,"href":"https:\/\/www.correiobraziliense.com.br\/cbradar\/wp-json\/wp\/v2\/users\/11"}],"replies":[{"embeddable":true,"href":"https:\/\/www.correiobraziliense.com.br\/cbradar\/wp-json\/wp\/v2\/comments?post=32395"}],"version-history":[{"count":2,"href":"https:\/\/www.correiobraziliense.com.br\/cbradar\/wp-json\/wp\/v2\/posts\/32395\/revisions"}],"predecessor-version":[{"id":32561,"href":"https:\/\/www.correiobraziliense.com.br\/cbradar\/wp-json\/wp\/v2\/posts\/32395\/revisions\/32561"}],"wp:featuredmedia":[{"embeddable":true,"href":"https:\/\/www.correiobraziliense.com.br\/cbradar\/wp-json\/wp\/v2\/media\/8456"}],"wp:attachment":[{"href":"https:\/\/www.correiobraziliense.com.br\/cbradar\/wp-json\/wp\/v2\/media?parent=32395"}],"wp:term":[{"taxonomy":"category","embeddable":true,"href":"https:\/\/www.correiobraziliense.com.br\/cbradar\/wp-json\/wp\/v2\/categories?post=32395"},{"taxonomy":"post_tag","embeddable":true,"href":"https:\/\/www.correiobraziliense.com.br\/cbradar\/wp-json\/wp\/v2\/tags?post=32395"}],"curies":[{"name":"wp","href":"https:\/\/api.w.org\/{rel}","templated":true}]}}