{"id":32437,"date":"2025-05-06T13:50:00","date_gmt":"2025-05-06T16:50:00","guid":{"rendered":"https:\/\/www.correiobraziliense.com.br\/cbradar\/?p=32437"},"modified":"2025-07-02T14:43:26","modified_gmt":"2025-07-02T17:43:26","slug":"quais-sao-os-outros-filmes-da-abby-de-the-last-of-us","status":"publish","type":"post","link":"https:\/\/www.correiobraziliense.com.br\/cbradar\/quais-sao-os-outros-filmes-da-abby-de-the-last-of-us\/","title":{"rendered":"Quais s\u00e3o os outros filmes da Abby de The Last of Us?"},"content":{"rendered":"\n<p>A vida tem dessas ironias. <a href=\"https:\/\/en.wikipedia.org\/wiki\/Kaitlyn_Dever\" target=\"_blank\" rel=\"noreferrer noopener\"><strong>Kaitlyn Dever<\/strong> <\/a>quase interpretou <strong>Ellie<\/strong> numa vers\u00e3o cinematogr\u00e1fica de <strong>The Last of Us<\/strong> que nunca saiu do papel. Anos depois, ela voltou para interpretar <strong>Abby<\/strong>, a personagem que os f\u00e3s mais amam odiar. E est\u00e1 fazendo um trabalho incr\u00edvel.<\/p>\n\n\n\n<p>Na segunda temporada da <a href=\"https:\/\/www.correiobraziliense.com.br\/cbradar\/as-5-series-mais-assistidas-da-historia-da-netflix-voce-ja-viu-todas\/\" target=\"_blank\" rel=\"noreferrer noopener\">s\u00e9rie <\/a>da <strong>HBO<\/strong>, que estreou em 2025, <strong>Dever<\/strong> d\u00e1 vida \u00e0 soldada que tem uma conex\u00e3o bem \u00edntima (e dolorosa) com <strong>Joel<\/strong> e <strong>Ellie<\/strong>. Sem spoilers, mas quem jogou sabe que a <strong>Abby<\/strong> mexe com os sentimentos de todo mundo. A atriz americana conseguiu trazer uma camada humana para uma personagem que muita gente queria ver morta.<\/p>\n\n\n\n<h2 class=\"wp-block-heading\">Por que Kaitlyn Dever \u00e9 perfeita para personagens complexos?<\/h2>\n\n\n\n<p><strong>Dever<\/strong> tem um talento especial para interpretar mulheres jovens que carregam o peso do mundo nas costas. Em <strong>&#8220;Fora de S\u00e9rie&#8221;<\/strong> (2019), ela foi a <strong>Amy<\/strong>, a nerd certinha que resolve aproveitar a \u00faltima noite antes da formatura. O filme, dirigido por <strong>Olivia Wilde<\/strong>, mostrou que ela consegue ser engra\u00e7ada e tocante ao mesmo tempo.<\/p>\n\n\n\n<p>Mas foi em <strong>&#8220;Inacredit\u00e1vel&#8221;<\/strong> (2019) que ela realmente brilhou. Na miniss\u00e9rie da <strong>Netflix<\/strong>, interpretou uma jovem v\u00edtima de estupro que luta para ser acreditada. A performance foi de partir o cora\u00e7\u00e3o e mostrou a for\u00e7a dram\u00e1tica da atriz. N\u00e3o \u00e9 \u00e0 toa que <strong>Neil Druckmann<\/strong> e <strong>Craig Mazin<\/strong> confiaram nela para dar vida \u00e0 <strong>Abby<\/strong>.<\/p>\n\n\n\n<h2 class=\"wp-block-heading\">Como ela se preparou para interpretar a Abby?<\/h2>\n\n\n\n<p>A escolha de <strong>Dever<\/strong> para <strong>Abby<\/strong> n\u00e3o foi por acaso. Os criadores da s\u00e9rie sabiam exatamente quem queriam. Ela nem precisou fazer audi\u00e7\u00e3o. <strong>Neil Druckmann<\/strong> explicou que precisavam de algu\u00e9m que fizesse o p\u00fablico amar e odiar a personagem ao mesmo tempo.<\/p>\n\n\n\n<p><strong>Dever<\/strong> se jogou de cabe\u00e7a no papel. Treinou para ficar mais forte fisicamente, mas tamb\u00e9m mergulhou na psicologia da personagem. Ela entendeu que <strong>Abby<\/strong> n\u00e3o \u00e9 s\u00f3 uma vil\u00e3 &#8211; \u00e9 algu\u00e9m que est\u00e1 lidando com trauma e vingan\u00e7a. A atriz conseguiu humanizar uma personagem que no jogo j\u00e1 era controversa.<\/p>\n\n\n\n<h2 class=\"wp-block-heading\">Qual seu projeto mais recente que est\u00e1 bombando?<\/h2>\n\n\n<div class=\"wp-block-image\">\n<figure class=\"aligncenter size-large\"><img decoding=\"async\" width=\"1024\" height=\"576\" src=\"https:\/\/www.correiobraziliense.com.br\/cbradar\/wp-content\/uploads\/2025\/05\/Edicoes-76-1024x576.png\" alt=\"Quais s\u00e3o os outros filmes da Abby de The Last of Us?\" class=\"wp-image-32451\" srcset=\"https:\/\/www.correiobraziliense.com.br\/cbradar\/wp-content\/uploads\/2025\/05\/Edicoes-76-1024x576.png 1024w, https:\/\/www.correiobraziliense.com.br\/cbradar\/wp-content\/uploads\/2025\/05\/Edicoes-76-300x169.png 300w, https:\/\/www.correiobraziliense.com.br\/cbradar\/wp-content\/uploads\/2025\/05\/Edicoes-76-768x432.png 768w, https:\/\/www.correiobraziliense.com.br\/cbradar\/wp-content\/uploads\/2025\/05\/Edicoes-76-750x422.png 750w, https:\/\/www.correiobraziliense.com.br\/cbradar\/wp-content\/uploads\/2025\/05\/Edicoes-76-1140x641.png 1140w, https:\/\/www.correiobraziliense.com.br\/cbradar\/wp-content\/uploads\/2025\/05\/Edicoes-76.png 1280w\" sizes=\"(max-width: 1024px) 100vw, 1024px\" \/><figcaption class=\"wp-element-caption\">Kaitlyn Dever \/\/ Reprodu\u00e7\u00e3o: IMDb (Foto\/Divulga\u00e7\u00e3o)<\/figcaption><\/figure><\/div>\n\n\n<p>Enquanto todo mundo fala de <strong>The Last of Us<\/strong>, <strong>Dever<\/strong> tamb\u00e9m est\u00e1 fazendo sucesso com <strong>&#8220;Apple Cider Vinegar&#8221;<\/strong>, s\u00e9rie da <strong>Netflix<\/strong> que estreou em fevereiro de 2025. Ela interpreta <strong>Belle Gibson<\/strong>, uma influencer australiana que fingiu ter c\u00e2ncer para promover tratamentos alternativos.<\/p>\n\n\n\n<p>O projeto \u00e9 baseado numa hist\u00f3ria real (bem sinistra, por sinal). <strong>Belle<\/strong> construiu um imp\u00e9rio digital mentindo sobre sua sa\u00fade e enganando milhares de pessoas. <strong>Dever<\/strong> teve que aprender sotaque australiano para o papel e conseguir transmitir o carisma manipulador da personagem. O resultado \u00e9 uma performance que est\u00e1 sendo muito elogiada pela cr\u00edtica.<\/p>\n\n\n\n<h2 class=\"wp-block-heading\">Por que ela \u00e9 uma das atrizes mais promissoras da atualidade?<\/h2>\n\n\n\n<p><strong>Kaitlyn Dever<\/strong> tem apenas 28 anos, mas j\u00e1 construiu uma filmografia impressionante. Ela transita entre com\u00e9dia (<strong>&#8220;Fora de S\u00e9rie&#8221;<\/strong>), drama (<strong>&#8220;Inacredit\u00e1vel&#8221;<\/strong>), terror (<strong>&#8220;Ningu\u00e9m Vai Te Salvar&#8221;<\/strong>) e at\u00e9 a\u00e7\u00e3o (<strong>The Last of Us<\/strong>) com uma naturalidade impressionante.<\/p>\n\n\n\n<p>A atriz tem um dom especial para dar camadas a personagens que poderiam ser superficiais. Sua <strong>Abby<\/strong> em <strong>The Last of Us<\/strong> \u00e9 prova disso. Mesmo interpretando algu\u00e9m que comete atos terr\u00edveis, ela consegue fazer o p\u00fablico entender as motiva\u00e7\u00f5es da personagem. \u00c9 um talento raro que promete levar <strong>Dever<\/strong> ainda mais longe na carreira.<\/p>\n\n\n\n<p>Com <strong>The Last of Us<\/strong> sendo renovado para terceira temporada, podemos esperar mais da <strong>Abby<\/strong> de <strong>Dever<\/strong>. E considerando o sucesso de <strong>&#8220;Apple Cider Vinegar&#8221;<\/strong>, \u00e9 bem prov\u00e1vel que logo ela esteja protagonizando seus pr\u00f3prios filmes. Fique de olho nessa atriz.<\/p>\n","protected":false},"excerpt":{"rendered":"<p>A vida tem dessas ironias. Kaitlyn Dever quase interpretou Ellie numa vers\u00e3o cinematogr\u00e1fica de The Last of Us que nunca saiu do papel. Anos depois, ela voltou para interpretar Abby, a personagem que os f\u00e3s mais amam odiar. E est\u00e1 fazendo um trabalho incr\u00edvel. Na segunda temporada da s\u00e9rie da HBO, que estreou em 2025, [&hellip;]<\/p>\n","protected":false},"author":8,"featured_media":29343,"comment_status":"open","ping_status":"open","sticky":false,"template":"","format":"standard","meta":{"_yoast_wpseo_focuskw":"filmes","_yoast_wpseo_title":"","_yoast_wpseo_metadesc":"Saiba mais sobre a carreira de Kaitlyn Dever, a atriz por tr\u00e1s de Abby em The Last of Us. Veja quais filmes voc\u00ea n\u00e3o pode perder!","jnews-multi-image_gallery":[],"jnews_single_post":{"format":"standard"},"jnews_primary_category":[],"jnews_social_meta":[],"jnews_override_counter":[],"footnotes":""},"categories":[140],"tags":[3922,4210,895],"class_list":["post-32437","post","type-post","status-publish","format-standard","has-post-thumbnail","hentry","category-entretenimento","tag-abby","tag-kaitlyn-dever","tag-the-last-of-us"],"yoast_head":"<!-- This site is optimized with the Yoast SEO plugin v24.6 - https:\/\/yoast.com\/wordpress\/plugins\/seo\/ -->\n<title>Quais s\u00e3o os outros filmes da Abby de The Last of Us? - Correio Braziliense - Radar<\/title>\n<meta name=\"description\" content=\"Saiba mais sobre a carreira de Kaitlyn Dever, a atriz por tr\u00e1s de Abby em The Last of Us. Veja quais filmes voc\u00ea n\u00e3o pode perder!\" \/>\n<meta name=\"robots\" content=\"index, follow, max-snippet:-1, max-image-preview:large, max-video-preview:-1\" \/>\n<link rel=\"canonical\" href=\"https:\/\/www.correiobraziliense.com.br\/cbradar\/quais-sao-os-outros-filmes-da-abby-de-the-last-of-us\/\" \/>\n<meta property=\"og:locale\" content=\"pt_BR\" \/>\n<meta property=\"og:type\" content=\"article\" \/>\n<meta property=\"og:title\" content=\"Quais s\u00e3o os outros filmes da Abby de The Last of Us? - Correio Braziliense - Radar\" \/>\n<meta property=\"og:description\" content=\"Saiba mais sobre a carreira de Kaitlyn Dever, a atriz por tr\u00e1s de Abby em The Last of Us. Veja quais filmes voc\u00ea n\u00e3o pode perder!\" \/>\n<meta property=\"og:url\" content=\"https:\/\/www.correiobraziliense.com.br\/cbradar\/quais-sao-os-outros-filmes-da-abby-de-the-last-of-us\/\" \/>\n<meta property=\"og:site_name\" content=\"Correio Braziliense - Radar\" \/>\n<meta property=\"article:published_time\" content=\"2025-05-06T16:50:00+00:00\" \/>\n<meta property=\"article:modified_time\" content=\"2025-07-02T17:43:26+00:00\" \/>\n<meta property=\"og:image\" content=\"https:\/\/www.correiobraziliense.com.br\/cbradar\/wp-content\/uploads\/2025\/04\/Edicoes-38-1.png\" \/>\n\t<meta property=\"og:image:width\" content=\"1280\" \/>\n\t<meta property=\"og:image:height\" content=\"720\" \/>\n\t<meta property=\"og:image:type\" content=\"image\/png\" \/>\n<meta name=\"author\" content=\"Maura Pereira\" \/>\n<meta name=\"twitter:card\" content=\"summary_large_image\" \/>\n<meta name=\"twitter:label1\" content=\"Escrito por\" \/>\n\t<meta name=\"twitter:data1\" content=\"Maura Pereira\" \/>\n\t<meta name=\"twitter:label2\" content=\"Est. tempo de leitura\" \/>\n\t<meta name=\"twitter:data2\" content=\"4 minutos\" \/>\n<!-- \/ Yoast SEO plugin. -->","yoast_head_json":{"title":"Quais s\u00e3o os outros filmes da Abby de The Last of Us? - Correio Braziliense - Radar","description":"Saiba mais sobre a carreira de Kaitlyn Dever, a atriz por tr\u00e1s de Abby em The Last of Us. Veja quais filmes voc\u00ea n\u00e3o pode perder!","robots":{"index":"index","follow":"follow","max-snippet":"max-snippet:-1","max-image-preview":"max-image-preview:large","max-video-preview":"max-video-preview:-1"},"canonical":"https:\/\/www.correiobraziliense.com.br\/cbradar\/quais-sao-os-outros-filmes-da-abby-de-the-last-of-us\/","og_locale":"pt_BR","og_type":"article","og_title":"Quais s\u00e3o os outros filmes da Abby de The Last of Us? - Correio Braziliense - Radar","og_description":"Saiba mais sobre a carreira de Kaitlyn Dever, a atriz por tr\u00e1s de Abby em The Last of Us. Veja quais filmes voc\u00ea n\u00e3o pode perder!","og_url":"https:\/\/www.correiobraziliense.com.br\/cbradar\/quais-sao-os-outros-filmes-da-abby-de-the-last-of-us\/","og_site_name":"Correio Braziliense - Radar","article_published_time":"2025-05-06T16:50:00+00:00","article_modified_time":"2025-07-02T17:43:26+00:00","og_image":[{"width":1280,"height":720,"url":"https:\/\/www.correiobraziliense.com.br\/cbradar\/wp-content\/uploads\/2025\/04\/Edicoes-38-1.png","type":"image\/png"}],"author":"Maura Pereira","twitter_card":"summary_large_image","twitter_misc":{"Escrito por":"Maura Pereira","Est. tempo de leitura":"4 minutos"},"schema":{"@context":"https:\/\/schema.org","@graph":[{"@type":"WebPage","@id":"https:\/\/www.correiobraziliense.com.br\/cbradar\/quais-sao-os-outros-filmes-da-abby-de-the-last-of-us\/","url":"https:\/\/www.correiobraziliense.com.br\/cbradar\/quais-sao-os-outros-filmes-da-abby-de-the-last-of-us\/","name":"Quais s\u00e3o os outros filmes da Abby de The Last of Us? - Correio Braziliense - Radar","isPartOf":{"@id":"https:\/\/www.correiobraziliense.com.br\/cbradar\/#website"},"primaryImageOfPage":{"@id":"https:\/\/www.correiobraziliense.com.br\/cbradar\/quais-sao-os-outros-filmes-da-abby-de-the-last-of-us\/#primaryimage"},"image":{"@id":"https:\/\/www.correiobraziliense.com.br\/cbradar\/quais-sao-os-outros-filmes-da-abby-de-the-last-of-us\/#primaryimage"},"thumbnailUrl":"https:\/\/www.correiobraziliense.com.br\/cbradar\/wp-content\/uploads\/2025\/04\/Edicoes-38-1.png","datePublished":"2025-05-06T16:50:00+00:00","dateModified":"2025-07-02T17:43:26+00:00","author":{"@id":"https:\/\/www.correiobraziliense.com.br\/cbradar\/#\/schema\/person\/4053c651a9bfc785afc6f4cbc9032fd3"},"description":"Saiba mais sobre a carreira de Kaitlyn Dever, a atriz por tr\u00e1s de Abby em The Last of Us. Veja quais filmes voc\u00ea n\u00e3o pode perder!","breadcrumb":{"@id":"https:\/\/www.correiobraziliense.com.br\/cbradar\/quais-sao-os-outros-filmes-da-abby-de-the-last-of-us\/#breadcrumb"},"inLanguage":"pt-BR","potentialAction":[{"@type":"ReadAction","target":["https:\/\/www.correiobraziliense.com.br\/cbradar\/quais-sao-os-outros-filmes-da-abby-de-the-last-of-us\/"]}]},{"@type":"ImageObject","inLanguage":"pt-BR","@id":"https:\/\/www.correiobraziliense.com.br\/cbradar\/quais-sao-os-outros-filmes-da-abby-de-the-last-of-us\/#primaryimage","url":"https:\/\/www.correiobraziliense.com.br\/cbradar\/wp-content\/uploads\/2025\/04\/Edicoes-38-1.png","contentUrl":"https:\/\/www.correiobraziliense.com.br\/cbradar\/wp-content\/uploads\/2025\/04\/Edicoes-38-1.png","width":1280,"height":720,"caption":"Reprodu\u00e7\u00e3o: IMDb (Foto\/Divulga\u00e7\u00e3o) \/\/ Edi\u00e7\u00e3o: Maura Pereira"},{"@type":"BreadcrumbList","@id":"https:\/\/www.correiobraziliense.com.br\/cbradar\/quais-sao-os-outros-filmes-da-abby-de-the-last-of-us\/#breadcrumb","itemListElement":[{"@type":"ListItem","position":1,"name":"In\u00edcio","item":"https:\/\/www.correiobraziliense.com.br\/cbradar\/"},{"@type":"ListItem","position":2,"name":"Quais s\u00e3o os outros filmes da Abby de The Last of Us?"}]},{"@type":"WebSite","@id":"https:\/\/www.correiobraziliense.com.br\/cbradar\/#website","url":"https:\/\/www.correiobraziliense.com.br\/cbradar\/","name":"Correio Braziliense - Radar","description":"Acompanhe as \u00faltimas not\u00edcias e fique bem informado sobre tudo o que acontece no Brasil e no mundo.","potentialAction":[{"@type":"SearchAction","target":{"@type":"EntryPoint","urlTemplate":"https:\/\/www.correiobraziliense.com.br\/cbradar\/?s={search_term_string}"},"query-input":{"@type":"PropertyValueSpecification","valueRequired":true,"valueName":"search_term_string"}}],"inLanguage":"pt-BR"},{"@type":"Person","@id":"https:\/\/www.correiobraziliense.com.br\/cbradar\/#\/schema\/person\/4053c651a9bfc785afc6f4cbc9032fd3","name":"Maura Pereira","image":{"@type":"ImageObject","inLanguage":"pt-BR","@id":"https:\/\/www.correiobraziliense.com.br\/cbradar\/#\/schema\/person\/image\/","url":"https:\/\/secure.gravatar.com\/avatar\/3effd6bdadfa447f15089c7f7144eaa6?s=96&d=mm&r=g","contentUrl":"https:\/\/secure.gravatar.com\/avatar\/3effd6bdadfa447f15089c7f7144eaa6?s=96&d=mm&r=g","caption":"Maura Pereira"},"sameAs":["https:\/\/www.correiobraziliense.com.br\/"],"url":"https:\/\/www.correiobraziliense.com.br\/cbradar\/author\/mauramyth\/"}]}},"_links":{"self":[{"href":"https:\/\/www.correiobraziliense.com.br\/cbradar\/wp-json\/wp\/v2\/posts\/32437","targetHints":{"allow":["GET"]}}],"collection":[{"href":"https:\/\/www.correiobraziliense.com.br\/cbradar\/wp-json\/wp\/v2\/posts"}],"about":[{"href":"https:\/\/www.correiobraziliense.com.br\/cbradar\/wp-json\/wp\/v2\/types\/post"}],"author":[{"embeddable":true,"href":"https:\/\/www.correiobraziliense.com.br\/cbradar\/wp-json\/wp\/v2\/users\/8"}],"replies":[{"embeddable":true,"href":"https:\/\/www.correiobraziliense.com.br\/cbradar\/wp-json\/wp\/v2\/comments?post=32437"}],"version-history":[{"count":8,"href":"https:\/\/www.correiobraziliense.com.br\/cbradar\/wp-json\/wp\/v2\/posts\/32437\/revisions"}],"predecessor-version":[{"id":63393,"href":"https:\/\/www.correiobraziliense.com.br\/cbradar\/wp-json\/wp\/v2\/posts\/32437\/revisions\/63393"}],"wp:featuredmedia":[{"embeddable":true,"href":"https:\/\/www.correiobraziliense.com.br\/cbradar\/wp-json\/wp\/v2\/media\/29343"}],"wp:attachment":[{"href":"https:\/\/www.correiobraziliense.com.br\/cbradar\/wp-json\/wp\/v2\/media?parent=32437"}],"wp:term":[{"taxonomy":"category","embeddable":true,"href":"https:\/\/www.correiobraziliense.com.br\/cbradar\/wp-json\/wp\/v2\/categories?post=32437"},{"taxonomy":"post_tag","embeddable":true,"href":"https:\/\/www.correiobraziliense.com.br\/cbradar\/wp-json\/wp\/v2\/tags?post=32437"}],"curies":[{"name":"wp","href":"https:\/\/api.w.org\/{rel}","templated":true}]}}