{"id":32515,"date":"2025-05-06T06:10:00","date_gmt":"2025-05-06T09:10:00","guid":{"rendered":"https:\/\/www.correiobraziliense.com.br\/cbradar\/?p=32515"},"modified":"2025-05-05T14:20:56","modified_gmt":"2025-05-05T17:20:56","slug":"o-que-plantar-no-inverno-em-casa-para-ter-uma-horta-produtiva","status":"publish","type":"post","link":"https:\/\/www.correiobraziliense.com.br\/cbradar\/o-que-plantar-no-inverno-em-casa-para-ter-uma-horta-produtiva\/","title":{"rendered":"O que plantar no inverno em casa para ter uma horta produtiva"},"content":{"rendered":"\n<p>O <strong>inverno <\/strong>pode parecer uma esta\u00e7\u00e3o desafiadora para o cultivo, mas com planejamento e escolha correta das esp\u00e9cies, \u00e9 poss\u00edvel manter a horta ativa, saud\u00e1vel e produtiva mesmo nas temperaturas mais baixas. H\u00e1 uma variedade de<strong> hortali\u00e7as, legumes<\/strong> e at\u00e9 algumas <a href=\"https:\/\/www.correiobraziliense.com.br\/cbradar\/conheca-os-beneficios-da-tangerina-e-como-plantar-em-casa\/\" target=\"_blank\" rel=\"noreferrer noopener\">frutas <\/a>que se desenvolvem bem nesse per\u00edodo, especialmente em regi\u00f5es de clima mais ameno.<\/p>\n\n\n\n<p>Neste conte\u00fado, voc\u00ea vai entender quais culturas s\u00e3o mais indicadas para o inverno, como preparar o solo, quais cuidados s\u00e3o necess\u00e1rios e como obter colheitas de qualidade mesmo em dias frios.<\/p>\n\n\n\n<h2 class=\"wp-block-heading\">Quais s\u00e3o os melhores vegetais para plantar no inverno?<\/h2>\n\n\n\n<p>Durante o inverno, as culturas que se desenvolvem melhor s\u00e3o aquelas que toleram bem o frio e, muitas vezes, at\u00e9 o preferem. Alguns dos vegetais mais recomendados incluem:<\/p>\n\n\n\n<ul class=\"wp-block-list\">\n<li><strong>Couve<\/strong>: Resistente ao frio, a <strong>couve<\/strong> cresce vigorosamente no inverno e chega a ficar ainda mais saborosa com temperaturas mais baixas.<\/li>\n\n\n\n<li><strong>Alface<\/strong>: Certas variedades de <strong>alface<\/strong>, como a crespa e a americana, adaptam-se bem ao clima frio, desde que n\u00e3o haja geadas intensas.<\/li>\n\n\n\n<li><strong>Espinafre<\/strong>: O <strong>espinafre<\/strong> cresce r\u00e1pido e prefere temperaturas entre 10\u00b0C e 20\u00b0C, sendo ideal para o cultivo nessa esta\u00e7\u00e3o.<\/li>\n\n\n\n<li><strong>R\u00facula<\/strong>: Com germina\u00e7\u00e3o r\u00e1pida, a <strong>r\u00facula<\/strong> \u00e9 uma \u00f3tima op\u00e7\u00e3o de inverno, sendo usada em saladas e pratos frescos.<\/li>\n\n\n\n<li><strong>Repolho<\/strong>: Al\u00e9m de nutritivo, o <strong>repolho<\/strong> \u00e9 uma planta robusta e que tolera bem baixas temperaturas.<\/li>\n<\/ul>\n\n\n\n<h2 class=\"wp-block-heading\">Quais legumes se adaptam melhor ao frio?<\/h2>\n\n\n\n<p>Os legumes de raiz geralmente s\u00e3o os campe\u00f5es do inverno, pois suas partes comest\u00edveis crescem abaixo do solo, protegidas do frio intenso.<\/p>\n\n\n\n<ul class=\"wp-block-list\">\n<li><strong>Cenoura<\/strong>: A <strong>cenoura<\/strong> gosta de clima ameno a frio e cresce melhor com boa luminosidade e solo fofo.<\/li>\n\n\n\n<li><strong>Beterraba<\/strong>: Outra raiz ideal para o inverno, a <strong>beterraba<\/strong> exige irriga\u00e7\u00e3o constante, mas se adapta bem ao frio.<\/li>\n\n\n\n<li><strong>Nabo<\/strong>: Resistente e de f\u00e1cil cultivo, o <strong>nabo<\/strong> \u00e9 uma excelente escolha para quem busca colheitas r\u00e1pidas.<\/li>\n\n\n\n<li><strong>Rabanete<\/strong>: Com ciclo curto, o <strong>rabanete<\/strong> pode ser colhido em menos de 30 dias e se desenvolve bem no clima frio.<\/li>\n<\/ul>\n\n\n\n<h2 class=\"wp-block-heading\">\u00c9 poss\u00edvel plantar frutas no inverno?<\/h2>\n\n\n\n<p>Embora o inverno n\u00e3o seja a esta\u00e7\u00e3o ideal para a maioria das frutas tropicais, algumas esp\u00e9cies toleram ou at\u00e9 preferem essa \u00e9poca para o plantio ou manuten\u00e7\u00e3o:<\/p>\n\n\n\n<ul class=\"wp-block-list\">\n<li><strong>Morango<\/strong>: Em muitas regi\u00f5es, o <strong>morango<\/strong> \u00e9 plantado no fim do outono para colheita no inverno e in\u00edcio da primavera.<\/li>\n\n\n\n<li><strong>Amora<\/strong>: A <strong>amora<\/strong> tolera bem o frio e pode ser podada no inverno para estimular a frutifica\u00e7\u00e3o na primavera.<\/li>\n\n\n\n<li><strong>Framboesa<\/strong>: Similar \u00e0 amora, a <strong>framboesa<\/strong> se beneficia de um per\u00edodo frio para florescer com mais vigor posteriormente.<\/li>\n<\/ul>\n\n\n\n<h2 class=\"wp-block-heading\">Como preparar o solo para o cultivo no inverno?<\/h2>\n\n\n\n<p>O solo no inverno deve ser bem drenado, rico em mat\u00e9ria org\u00e2nica e protegido contra o excesso de umidade causado pelas chuvas ou geadas. Algumas dicas importantes:<\/p>\n\n\n\n<ul class=\"wp-block-list\">\n<li><strong>Aduba\u00e7\u00e3o<\/strong>: Antes de plantar, fa\u00e7a uma aduba\u00e7\u00e3o com composto org\u00e2nico ou h\u00famus de minhoca.<\/li>\n\n\n\n<li><strong>Cobertura morta<\/strong>: Use palha, folhas secas ou serragem para manter a temperatura do solo est\u00e1vel e evitar a perda de nutrientes.<\/li>\n\n\n\n<li><strong>Corre\u00e7\u00e3o de pH<\/strong>: Fa\u00e7a testes de acidez e, se necess\u00e1rio, aplique calc\u00e1rio para corrigir o pH, que deve estar entre 5,5 e 6,8 para a maioria das hortali\u00e7as.<\/li>\n<\/ul>\n\n\n\n<h2 class=\"wp-block-heading\">Quais cuidados s\u00e3o necess\u00e1rios para proteger as plantas do frio?<\/h2>\n\n\n\n<p>Apesar de algumas culturas resistirem bem \u00e0s baixas temperaturas, \u00e9 importante adotar cuidados extras:<\/p>\n\n\n\n<ul class=\"wp-block-list\">\n<li><strong>Estufas ou t\u00faneis<\/strong>: Para regi\u00f5es muito frias, \u00e9 recomend\u00e1vel o uso de miniestufas ou t\u00faneis pl\u00e1sticos que protegem contra geadas.<\/li>\n\n\n\n<li><strong>Rega controlada<\/strong>: No inverno, evite regar durante a noite. Prefira hor\u00e1rios da manh\u00e3 para evitar congelamento da \u00e1gua nas ra\u00edzes.<\/li>\n\n\n\n<li><strong>Prote\u00e7\u00e3o contra ventos<\/strong>: Barreiras naturais como cercas vivas ou telas ajudam a proteger as plantas de ventos gelados.<\/li>\n<\/ul>\n\n\n\n<h2 class=\"wp-block-heading\">Posso plantar ervas e temperos no inverno?<\/h2>\n\n\n\n<p>Sim! Algumas ervas arom\u00e1ticas n\u00e3o apenas sobrevivem ao frio, como tamb\u00e9m mant\u00eam seu sabor mais intenso:<\/p>\n\n\n\n<ul class=\"wp-block-list\">\n<li><strong>Salsinha<\/strong>: Resistente e f\u00e1cil de cuidar, a <strong>salsinha<\/strong> continua crescendo mesmo em baixas temperaturas.<\/li>\n\n\n\n<li><strong>Cebolinha<\/strong>: A <strong>cebolinha<\/strong> tolera o frio, principalmente se protegida com cobertura vegetal.<\/li>\n\n\n\n<li><strong>Coentro<\/strong>: Embora prefira clima ameno, o <strong>coentro<\/strong> pode ser cultivado no inverno com irriga\u00e7\u00e3o equilibrada.<\/li>\n\n\n\n<li><strong>Tomilho<\/strong> e <strong>alecrim<\/strong>: S\u00e3o perenes e crescem bem em regi\u00f5es de inverno seco.<\/li>\n<\/ul>\n\n\n\n<h2 class=\"wp-block-heading\">FAQ <\/h2>\n\n\n\n<p><strong>1. O que plantar em junho no Brasil?<\/strong><br>Junho \u00e9 ideal para culturas como <strong>couve<\/strong>, <strong>alface<\/strong>, <strong>espinafre<\/strong>, <strong>cenoura<\/strong>, <strong>repolho<\/strong> e <strong>beterraba<\/strong> em regi\u00f5es de clima ameno.<\/p>\n\n\n\n<p><strong>2. Qual a melhor salada para cultivar no inverno?<\/strong><br><strong>Alface crespa<\/strong>, <strong>r\u00facula<\/strong>, <strong>espinafre<\/strong> e <strong>repolho roxo<\/strong> s\u00e3o \u00f3timas escolhas para montar uma salada fresca e nutritiva mesmo nos meses frios.<\/p>\n\n\n\n<p><strong>3. D\u00e1 para plantar tomate no inverno?<\/strong><br>O tomate \u00e9 sens\u00edvel ao frio, mas pode ser cultivado em estufas com controle de temperatura, principalmente em regi\u00f5es do Sul e Sudeste.<\/p>\n\n\n\n<p><strong>4. Quais as hortali\u00e7as mais resistentes ao frio?<\/strong><br><strong>Couve<\/strong>, <strong>repolho<\/strong>, <strong>espinafre<\/strong> e <strong>r\u00facula<\/strong> s\u00e3o hortali\u00e7as altamente resistentes ao frio e ideais para cultivo no inverno.<\/p>\n\n\n\n<p><strong>5. Preciso adubar mais no inverno?<\/strong><br>A aduba\u00e7\u00e3o deve ser feita antes do plantio, mas \u00e9 importante manter a fertilidade do solo com mat\u00e9ria org\u00e2nica ao longo do cultivo.<\/p>\n","protected":false},"excerpt":{"rendered":"<p>O inverno pode parecer uma esta\u00e7\u00e3o desafiadora para o cultivo, mas com planejamento e escolha correta das esp\u00e9cies, \u00e9 poss\u00edvel manter a horta ativa, saud\u00e1vel e produtiva mesmo nas temperaturas mais baixas. H\u00e1 uma variedade de hortali\u00e7as, legumes e at\u00e9 algumas frutas que se desenvolvem bem nesse per\u00edodo, especialmente em regi\u00f5es de clima mais ameno. [&hellip;]<\/p>\n","protected":false},"author":9,"featured_media":16454,"comment_status":"open","ping_status":"open","sticky":false,"template":"","format":"standard","meta":{"_yoast_wpseo_focuskw":"inverno","_yoast_wpseo_title":"%%title%% %%page%%","_yoast_wpseo_metadesc":"Veja o que plantar no inverno e mantenha sua horta saud\u00e1vel com legumes, hortali\u00e7as e ervas que resistem ao frio.","jnews-multi-image_gallery":[],"jnews_single_post":{"format":"standard"},"jnews_primary_category":[],"jnews_social_meta":[],"jnews_override_counter":[],"footnotes":""},"categories":[136],"post_tag":[4212,4213,4214,3577],"class_list":["post-32515","post","type-post","status-publish","format-standard","has-post-thumbnail","hentry","category-jardinagem","tag-cultivo-de-inverno","tag-horta-no-frio","tag-legumes-de-inverno","tag-o-que-plantar-no-frio"],"yoast_head":"<!-- This site is optimized with the Yoast SEO plugin v24.6 - https:\/\/yoast.com\/wordpress\/plugins\/seo\/ -->\n<title>O que plantar no inverno em casa para ter uma horta produtiva<\/title>\n<meta name=\"description\" content=\"Veja o que plantar no inverno e mantenha sua horta saud\u00e1vel com legumes, hortali\u00e7as e ervas que resistem ao frio.\" \/>\n<meta name=\"robots\" content=\"index, follow, max-snippet:-1, max-image-preview:large, max-video-preview:-1\" \/>\n<link rel=\"canonical\" href=\"https:\/\/www.correiobraziliense.com.br\/cbradar\/o-que-plantar-no-inverno-em-casa-para-ter-uma-horta-produtiva\/\" \/>\n<meta property=\"og:locale\" content=\"pt_BR\" \/>\n<meta property=\"og:type\" content=\"article\" \/>\n<meta property=\"og:title\" content=\"O que plantar no inverno em casa para ter uma horta produtiva\" \/>\n<meta property=\"og:description\" content=\"Veja o que plantar no inverno e mantenha sua horta saud\u00e1vel com legumes, hortali\u00e7as e ervas que resistem ao frio.\" \/>\n<meta property=\"og:url\" content=\"https:\/\/www.correiobraziliense.com.br\/cbradar\/o-que-plantar-no-inverno-em-casa-para-ter-uma-horta-produtiva\/\" \/>\n<meta property=\"og:site_name\" content=\"Correio Braziliense - Radar\" \/>\n<meta property=\"article:published_time\" content=\"2025-05-06T09:10:00+00:00\" \/>\n<meta property=\"og:image\" content=\"https:\/\/www.correiobraziliense.com.br\/cbradar\/wp-content\/uploads\/2025\/03\/repolho_1743091327813.jpg\" \/>\n\t<meta property=\"og:image:width\" content=\"1280\" \/>\n\t<meta property=\"og:image:height\" content=\"720\" \/>\n\t<meta property=\"og:image:type\" content=\"image\/jpeg\" \/>\n<meta name=\"author\" content=\"Daniely Cardoso\" \/>\n<meta name=\"twitter:card\" content=\"summary_large_image\" \/>\n<meta name=\"twitter:label1\" content=\"Escrito por\" \/>\n\t<meta name=\"twitter:data1\" content=\"Daniely Cardoso\" \/>\n\t<meta name=\"twitter:label2\" content=\"Est. tempo de leitura\" \/>\n\t<meta name=\"twitter:data2\" content=\"5 minutos\" \/>\n<!-- \/ Yoast SEO plugin. -->","yoast_head_json":{"title":"O que plantar no inverno em casa para ter uma horta produtiva","description":"Veja o que plantar no inverno e mantenha sua horta saud\u00e1vel com legumes, hortali\u00e7as e ervas que resistem ao frio.","robots":{"index":"index","follow":"follow","max-snippet":"max-snippet:-1","max-image-preview":"max-image-preview:large","max-video-preview":"max-video-preview:-1"},"canonical":"https:\/\/www.correiobraziliense.com.br\/cbradar\/o-que-plantar-no-inverno-em-casa-para-ter-uma-horta-produtiva\/","og_locale":"pt_BR","og_type":"article","og_title":"O que plantar no inverno em casa para ter uma horta produtiva","og_description":"Veja o que plantar no inverno e mantenha sua horta saud\u00e1vel com legumes, hortali\u00e7as e ervas que resistem ao frio.","og_url":"https:\/\/www.correiobraziliense.com.br\/cbradar\/o-que-plantar-no-inverno-em-casa-para-ter-uma-horta-produtiva\/","og_site_name":"Correio Braziliense - Radar","article_published_time":"2025-05-06T09:10:00+00:00","og_image":[{"width":1280,"height":720,"url":"https:\/\/www.correiobraziliense.com.br\/cbradar\/wp-content\/uploads\/2025\/03\/repolho_1743091327813.jpg","type":"image\/jpeg"}],"author":"Daniely Cardoso","twitter_card":"summary_large_image","twitter_misc":{"Escrito por":"Daniely Cardoso","Est. tempo de leitura":"5 minutos"},"schema":{"@context":"https:\/\/schema.org","@graph":[{"@type":"WebPage","@id":"https:\/\/www.correiobraziliense.com.br\/cbradar\/o-que-plantar-no-inverno-em-casa-para-ter-uma-horta-produtiva\/","url":"https:\/\/www.correiobraziliense.com.br\/cbradar\/o-que-plantar-no-inverno-em-casa-para-ter-uma-horta-produtiva\/","name":"O que plantar no inverno em casa para ter uma horta produtiva","isPartOf":{"@id":"https:\/\/www.correiobraziliense.com.br\/cbradar\/#website"},"primaryImageOfPage":{"@id":"https:\/\/www.correiobraziliense.com.br\/cbradar\/o-que-plantar-no-inverno-em-casa-para-ter-uma-horta-produtiva\/#primaryimage"},"image":{"@id":"https:\/\/www.correiobraziliense.com.br\/cbradar\/o-que-plantar-no-inverno-em-casa-para-ter-uma-horta-produtiva\/#primaryimage"},"thumbnailUrl":"https:\/\/www.correiobraziliense.com.br\/cbradar\/wp-content\/uploads\/2025\/03\/repolho_1743091327813.jpg","datePublished":"2025-05-06T09:10:00+00:00","author":{"@id":"https:\/\/www.correiobraziliense.com.br\/cbradar\/#\/schema\/person\/7356666e12ec0ee53f348ee5db227032"},"description":"Veja o que plantar no inverno e mantenha sua horta saud\u00e1vel com legumes, hortali\u00e7as e ervas que resistem ao frio.","breadcrumb":{"@id":"https:\/\/www.correiobraziliense.com.br\/cbradar\/o-que-plantar-no-inverno-em-casa-para-ter-uma-horta-produtiva\/#breadcrumb"},"inLanguage":"pt-BR","potentialAction":[{"@type":"ReadAction","target":["https:\/\/www.correiobraziliense.com.br\/cbradar\/o-que-plantar-no-inverno-em-casa-para-ter-uma-horta-produtiva\/"]}]},{"@type":"ImageObject","inLanguage":"pt-BR","@id":"https:\/\/www.correiobraziliense.com.br\/cbradar\/o-que-plantar-no-inverno-em-casa-para-ter-uma-horta-produtiva\/#primaryimage","url":"https:\/\/www.correiobraziliense.com.br\/cbradar\/wp-content\/uploads\/2025\/03\/repolho_1743091327813.jpg","contentUrl":"https:\/\/www.correiobraziliense.com.br\/cbradar\/wp-content\/uploads\/2025\/03\/repolho_1743091327813.jpg","width":1280,"height":720,"caption":"Cabe\u00e7a de repolho - Cr\u00e9ditos: depositphotos.com \/ boggy22"},{"@type":"BreadcrumbList","@id":"https:\/\/www.correiobraziliense.com.br\/cbradar\/o-que-plantar-no-inverno-em-casa-para-ter-uma-horta-produtiva\/#breadcrumb","itemListElement":[{"@type":"ListItem","position":1,"name":"In\u00edcio","item":"https:\/\/www.correiobraziliense.com.br\/cbradar\/"},{"@type":"ListItem","position":2,"name":"O que plantar no inverno em casa para ter uma horta produtiva"}]},{"@type":"WebSite","@id":"https:\/\/www.correiobraziliense.com.br\/cbradar\/#website","url":"https:\/\/www.correiobraziliense.com.br\/cbradar\/","name":"Correio Braziliense - Radar","description":"Acompanhe as \u00faltimas not\u00edcias e fique bem informado sobre tudo o que acontece no Brasil e no mundo.","potentialAction":[{"@type":"SearchAction","target":{"@type":"EntryPoint","urlTemplate":"https:\/\/www.correiobraziliense.com.br\/cbradar\/?s={search_term_string}"},"query-input":{"@type":"PropertyValueSpecification","valueRequired":true,"valueName":"search_term_string"}}],"inLanguage":"pt-BR"},{"@type":"Person","@id":"https:\/\/www.correiobraziliense.com.br\/cbradar\/#\/schema\/person\/7356666e12ec0ee53f348ee5db227032","name":"Daniely Cardoso","image":{"@type":"ImageObject","inLanguage":"pt-BR","@id":"https:\/\/www.correiobraziliense.com.br\/cbradar\/#\/schema\/person\/image\/","url":"https:\/\/secure.gravatar.com\/avatar\/4b80ddbd124d1f071b626d52d62e5dff?s=96&d=mm&r=g","contentUrl":"https:\/\/secure.gravatar.com\/avatar\/4b80ddbd124d1f071b626d52d62e5dff?s=96&d=mm&r=g","caption":"Daniely Cardoso"},"description":"Redatora nos portais CB Radar e EM Foco, formada pela Universidade Federal de Goi\u00e1s, em Goi\u00e2nia. Apaixonada por comunica\u00e7\u00e3o, arte, decora\u00e7\u00e3o e tend\u00eancias, atuo na produ\u00e7\u00e3o de conte\u00fados envolventes sobre curiosidades, moda, beleza e paisagismo, sempre com um olhar atento \u00e0s novidades do momento.","sameAs":["https:\/\/www.correiobraziliense.com.br\/cbradar"],"url":"https:\/\/www.correiobraziliense.com.br\/cbradar\/author\/danielymyth\/"}]}},"_links":{"self":[{"href":"https:\/\/www.correiobraziliense.com.br\/cbradar\/wp-json\/wp\/v2\/posts\/32515","targetHints":{"allow":["GET"]}}],"collection":[{"href":"https:\/\/www.correiobraziliense.com.br\/cbradar\/wp-json\/wp\/v2\/posts"}],"about":[{"href":"https:\/\/www.correiobraziliense.com.br\/cbradar\/wp-json\/wp\/v2\/types\/post"}],"author":[{"embeddable":true,"href":"https:\/\/www.correiobraziliense.com.br\/cbradar\/wp-json\/wp\/v2\/users\/9"}],"replies":[{"embeddable":true,"href":"https:\/\/www.correiobraziliense.com.br\/cbradar\/wp-json\/wp\/v2\/comments?post=32515"}],"version-history":[{"count":3,"href":"https:\/\/www.correiobraziliense.com.br\/cbradar\/wp-json\/wp\/v2\/posts\/32515\/revisions"}],"predecessor-version":[{"id":32596,"href":"https:\/\/www.correiobraziliense.com.br\/cbradar\/wp-json\/wp\/v2\/posts\/32515\/revisions\/32596"}],"wp:featuredmedia":[{"embeddable":true,"href":"https:\/\/www.correiobraziliense.com.br\/cbradar\/wp-json\/wp\/v2\/media\/16454"}],"wp:attachment":[{"href":"https:\/\/www.correiobraziliense.com.br\/cbradar\/wp-json\/wp\/v2\/media?parent=32515"}],"wp:term":[{"taxonomy":"category","embeddable":true,"href":"https:\/\/www.correiobraziliense.com.br\/cbradar\/wp-json\/wp\/v2\/categories?post=32515"},{"taxonomy":"post_tag","embeddable":true,"href":"https:\/\/www.correiobraziliense.com.br\/cbradar\/wp-json\/wp\/v2\/post_tag?post=32515"}],"curies":[{"name":"wp","href":"https:\/\/api.w.org\/{rel}","templated":true}]}}