{"id":32524,"date":"2025-05-06T08:10:00","date_gmt":"2025-05-06T11:10:00","guid":{"rendered":"https:\/\/www.correiobraziliense.com.br\/cbradar\/?p=32524"},"modified":"2025-05-05T13:38:21","modified_gmt":"2025-05-05T16:38:21","slug":"verduras-mais-saudaveis-para-plantar-em-casa-e-como-cultivar","status":"publish","type":"post","link":"https:\/\/www.correiobraziliense.com.br\/cbradar\/verduras-mais-saudaveis-para-plantar-em-casa-e-como-cultivar\/","title":{"rendered":"Verduras mais saud\u00e1veis para plantar em casa e como cultivar"},"content":{"rendered":"\n<p>Cultivar suas pr\u00f3prias verduras \u00e9 uma forma eficaz de garantir uma alimenta\u00e7\u00e3o mais saud\u00e1vel, econ\u00f4mica e sustent\u00e1vel. Com um pouco de espa\u00e7o, dedica\u00e7\u00e3o e conhecimento, \u00e9 poss\u00edvel ter uma <a href=\"https:\/\/www.correiobraziliense.com.br\/cbradar\/passo-a-passo-para-cultivar-ervas-em-casa-para-combater-o-resfriado\/\" target=\"_blank\" rel=\"noreferrer noopener\">horta caseira<\/a> cheia de nutrientes, sabor e frescor. Neste conte\u00fado, vamos mostrar quais s\u00e3o as melhores verduras para a sa\u00fade e como voc\u00ea pode plant\u00e1-las facilmente no conforto do seu lar.<\/p>\n\n\n\n<h2 class=\"wp-block-heading\">Quais s\u00e3o as verduras mais saud\u00e1veis para cultivar em casa?<\/h2>\n\n\n\n<p>Algumas verduras s\u00e3o especialmente ricas em nutrientes essenciais como vitaminas, fibras, ferro e antioxidantes. Entre as mais recomendadas para o cultivo caseiro e para a sa\u00fade est\u00e3o:<\/p>\n\n\n\n<ul class=\"wp-block-list\">\n<li><strong>Couve<\/strong>: rica em vitamina K, ferro e antioxidantes, \u00e9 excelente para fortalecer o sistema imunol\u00f3gico.<\/li>\n\n\n\n<li><strong>Espinafre<\/strong>: fonte de ferro, \u00e1cido f\u00f3lico, vitamina A e C.<\/li>\n\n\n\n<li><strong>Alface<\/strong>: \u00f3tima para o sistema digestivo, possui propriedades calmantes.<\/li>\n\n\n\n<li><strong>R\u00facula<\/strong>: cont\u00e9m compostos que ajudam na desintoxica\u00e7\u00e3o do organismo.<\/li>\n\n\n\n<li><strong>Agri\u00e3o<\/strong>: excelente para a sa\u00fade pulmonar e rico em vitamina C.<\/li>\n\n\n\n<li><strong>Acelga<\/strong>: ajuda na sa\u00fade cardiovascular e \u00e9 repleta de fibras.<\/li>\n<\/ul>\n\n\n\n<p>Essas verduras s\u00e3o vers\u00e1teis na cozinha e podem ser cultivadas facilmente em vasos, jardineiras ou canteiros.<\/p>\n\n\n\n<h2 class=\"wp-block-heading\">Qual o melhor local para plantar verduras em casa?<\/h2>\n\n\n\n<p>As verduras precisam de boa luminosidade, solo f\u00e9rtil e irriga\u00e7\u00e3o regular. O local ideal para cultiv\u00e1-las deve:<\/p>\n\n\n\n<ul class=\"wp-block-list\">\n<li>Receber pelo menos 4 a 6 horas de luz solar direta por dia.<\/li>\n\n\n\n<li>Ter boa ventila\u00e7\u00e3o para evitar fungos e pragas.<\/li>\n\n\n\n<li>Estar protegido de ventos fortes e chuvas intensas.<\/li>\n<\/ul>\n\n\n\n<p>Varandas, sacadas, quintais e at\u00e9 janelas bem iluminadas podem servir como locais perfeitos para sua horta dom\u00e9stica.<\/p>\n\n\n\n<h2 class=\"wp-block-heading\">Como preparar o solo para o cultivo de verduras?<\/h2>\n\n\n\n<p>Um solo saud\u00e1vel \u00e9 o segredo para verduras mais nutritivas. Para preparar o solo:<\/p>\n\n\n\n<ol class=\"wp-block-list\">\n<li>Misture terra vegetal, h\u00famus de minhoca e areia em partes iguais.<\/li>\n\n\n\n<li>Adicione compostagem org\u00e2nica, como cascas de frutas e legumes.<\/li>\n\n\n\n<li>Certifique-se de que o solo tem boa drenagem para evitar o apodrecimento das ra\u00edzes.<\/li>\n\n\n\n<li>Fa\u00e7a aera\u00e7\u00e3o no solo regularmente, revolvendo com uma pazinha ou garfo.<\/li>\n<\/ol>\n\n\n\n<p>A adi\u00e7\u00e3o de farinha de ossos ou torta de mamona tamb\u00e9m pode enriquecer a terra de forma natural.<\/p>\n\n\n<div class=\"wp-block-image\">\n<figure class=\"aligncenter size-large\"><img decoding=\"async\" width=\"1024\" height=\"576\" src=\"https:\/\/www.correiobraziliense.com.br\/cbradar\/wp-content\/uploads\/2025\/05\/acelga_1746458410347-1024x576.jpg\" alt=\"Aprenda quais verduras s\u00e3o ideais para ter na sua horta dom\u00e9stica\" class=\"wp-image-32539\" srcset=\"https:\/\/www.correiobraziliense.com.br\/cbradar\/wp-content\/uploads\/2025\/05\/acelga_1746458410347-1024x576.jpg 1024w, https:\/\/www.correiobraziliense.com.br\/cbradar\/wp-content\/uploads\/2025\/05\/acelga_1746458410347-300x169.jpg 300w, https:\/\/www.correiobraziliense.com.br\/cbradar\/wp-content\/uploads\/2025\/05\/acelga_1746458410347-768x432.jpg 768w, https:\/\/www.correiobraziliense.com.br\/cbradar\/wp-content\/uploads\/2025\/05\/acelga_1746458410347-750x422.jpg 750w, https:\/\/www.correiobraziliense.com.br\/cbradar\/wp-content\/uploads\/2025\/05\/acelga_1746458410347-1140x641.jpg 1140w, https:\/\/www.correiobraziliense.com.br\/cbradar\/wp-content\/uploads\/2025\/05\/acelga_1746458410347.jpg 1280w\" sizes=\"(max-width: 1024px) 100vw, 1024px\" \/><figcaption class=\"wp-element-caption\">Acelga &#8211; Cr\u00e9ditos: depositphotos.com \/ teleginatania<\/figcaption><\/figure><\/div>\n\n\n<h2 class=\"wp-block-heading\">Como plantar couve, espinafre, alface e outras verduras?<\/h2>\n\n\n\n<p>A forma de plantio pode variar ligeiramente entre as esp\u00e9cies. Veja as dicas para cada uma:<\/p>\n\n\n\n<ul class=\"wp-block-list\">\n<li><strong>Couve<\/strong>: plante as mudas com espa\u00e7amento de 30 cm. Cresce bem em canteiros e vasos fundos. Colha as folhas mais externas, estimulando novos brotos.<\/li>\n\n\n\n<li><strong>Espinafre<\/strong>: semeie diretamente no solo, mantendo 15 cm entre as plantas. Gosta de clima ameno e solo \u00famido.<\/li>\n\n\n\n<li><strong>Alface<\/strong>: prefira mudas e mantenha 25 cm de dist\u00e2ncia entre elas. Evite excesso de \u00e1gua e colha antes de florescer.<\/li>\n\n\n\n<li><strong>R\u00facula<\/strong>: pode ser semeada diretamente. Germina em cerca de uma semana e pode ser colhida ap\u00f3s 30 dias.<\/li>\n\n\n\n<li><strong>Agri\u00e3o<\/strong>: precisa de bastante \u00e1gua. O ideal \u00e9 cultiv\u00e1-lo em vasos com prato embaixo para manter a umidade.<\/li>\n\n\n\n<li><strong>Acelga<\/strong>: plante mudas com 30 cm de espa\u00e7amento. Cresce bem em solo profundo e f\u00e9rtil.<\/li>\n<\/ul>\n\n\n\n<h2 class=\"wp-block-heading\">Como cuidar das verduras durante o cultivo?<\/h2>\n\n\n\n<p>Manter uma horta saud\u00e1vel exige alguns cuidados simples, por\u00e9m constantes:<\/p>\n\n\n\n<ul class=\"wp-block-list\">\n<li>Regue diariamente, preferencialmente pela manh\u00e3 ou no fim da tarde.<\/li>\n\n\n\n<li>Evite encharcar o solo.<\/li>\n\n\n\n<li>Fa\u00e7a podas regulares para estimular novos brotos.<\/li>\n\n\n\n<li>Use adubos org\u00e2nicos a cada 15 dias.<\/li>\n\n\n\n<li>Fique atento a sinais de pragas e doen\u00e7as, como folhas manchadas ou furadas.<\/li>\n<\/ul>\n\n\n\n<p>Caso apare\u00e7am pragas, como pulg\u00f5es ou lagartas, aplique solu\u00e7\u00f5es naturais como ch\u00e1 de alho ou sab\u00e3o de coco dilu\u00eddo em \u00e1gua.<\/p>\n\n\n\n<h2 class=\"wp-block-heading\">Quanto tempo leva para colher as verduras plantadas em casa?<\/h2>\n\n\n\n<p>O tempo at\u00e9 a colheita varia conforme a esp\u00e9cie:<\/p>\n\n\n\n<ul class=\"wp-block-list\">\n<li><strong>R\u00facula e alface<\/strong>: de 30 a 40 dias.<\/li>\n\n\n\n<li><strong>Espinafre e agri\u00e3o<\/strong>: de 40 a 60 dias.<\/li>\n\n\n\n<li><strong>Couve e acelga<\/strong>: a partir de 70 dias, mas o cultivo \u00e9 cont\u00ednuo.<\/li>\n<\/ul>\n\n\n\n<p>Colha sempre as folhas mais externas e com cuidado, para que a planta continue produzindo.<\/p>\n\n\n\n<h2 class=\"wp-block-heading\">\u00c9 poss\u00edvel cultivar verduras em apartamentos?<\/h2>\n\n\n\n<p>Sim! Mesmo em espa\u00e7os reduzidos \u00e9 poss\u00edvel montar uma horta vertical, utilizar vasos ou jardineiras. O importante \u00e9 garantir:<\/p>\n\n\n\n<ul class=\"wp-block-list\">\n<li>Boa ilumina\u00e7\u00e3o natural.<\/li>\n\n\n\n<li>Vasos com furos para drenagem.<\/li>\n\n\n\n<li>Rega adequada e aduba\u00e7\u00e3o regular.<\/li>\n\n\n\n<li>Escolher verduras de porte pequeno ou m\u00e9dio.<\/li>\n<\/ul>\n\n\n\n<p>Uma dica \u00e9 usar pain\u00e9is de pallets ou estruturas met\u00e1licas na parede para otimizar o espa\u00e7o.<\/p>\n\n\n\n<h2 class=\"wp-block-heading\">Quais s\u00e3o os benef\u00edcios de consumir verduras frescas?<\/h2>\n\n\n\n<p>Verduras cultivadas em casa:<\/p>\n\n\n\n<ul class=\"wp-block-list\">\n<li>Conservam mais nutrientes, pois s\u00e3o colhidas na hora do consumo.<\/li>\n\n\n\n<li>N\u00e3o cont\u00eam agrot\u00f3xicos ou produtos qu\u00edmicos.<\/li>\n\n\n\n<li>T\u00eam sabor mais intenso e textura mais agrad\u00e1vel.<\/li>\n\n\n\n<li>Contribuem para uma alimenta\u00e7\u00e3o rica em fibras, antioxidantes, vitaminas e minerais.<\/li>\n\n\n\n<li>Reduzem o desperd\u00edcio e o impacto ambiental.<\/li>\n<\/ul>\n\n\n\n<p>Al\u00e9m disso, o cultivo em casa proporciona bem-estar, alivia o estresse e conecta voc\u00ea \u00e0 natureza.<\/p>\n\n\n\n<h2 class=\"wp-block-heading\">FAQ<\/h2>\n\n\n\n<p><strong>1. Qual \u00e9 a verdura mais f\u00e1cil de cultivar em casa?<\/strong><br>A <strong>alface<\/strong> e a <strong>r\u00facula<\/strong> s\u00e3o consideradas as mais f\u00e1ceis, pois crescem rapidamente e n\u00e3o exigem muitos cuidados.<\/p>\n\n\n\n<p><strong>2. Posso usar qualquer tipo de terra para plantar?<\/strong><br>N\u00e3o. O ideal \u00e9 uma mistura de terra vegetal, h\u00famus e areia, bem drenada e rica em mat\u00e9ria org\u00e2nica.<\/p>\n\n\n\n<p><strong>3. \u00c9 necess\u00e1rio adubar as verduras com frequ\u00eancia?<\/strong><br>Sim, a cada 15 dias, com adubos org\u00e2nicos como h\u00famus de minhoca, composto caseiro ou torta de mamona.<\/p>\n\n\n\n<p><strong>4. Posso plantar verduras o ano todo?<\/strong><br>Sim, mas o ideal \u00e9 respeitar a sazonalidade. Algumas preferem climas mais amenos, como o <strong>espinafre<\/strong>, outras se adaptam bem ao calor, como a <strong>alface<\/strong>.<\/p>\n\n\n\n<p><strong>5. Como evitar pragas de forma natural?<\/strong><br>Use repelentes naturais como ch\u00e1 de alho, \u00f3leo de neem ou sab\u00e3o de coco dilu\u00eddo. Manter o ambiente limpo e as plantas saud\u00e1veis tamb\u00e9m ajuda.<\/p>\n","protected":false},"excerpt":{"rendered":"<p>Cultivar suas pr\u00f3prias verduras \u00e9 uma forma eficaz de garantir uma alimenta\u00e7\u00e3o mais saud\u00e1vel, econ\u00f4mica e sustent\u00e1vel. Com um pouco de espa\u00e7o, dedica\u00e7\u00e3o e conhecimento, \u00e9 poss\u00edvel ter uma horta caseira cheia de nutrientes, sabor e frescor. Neste conte\u00fado, vamos mostrar quais s\u00e3o as melhores verduras para a sa\u00fade e como voc\u00ea pode plant\u00e1-las facilmente [&hellip;]<\/p>\n","protected":false},"author":9,"featured_media":19601,"comment_status":"open","ping_status":"open","sticky":false,"template":"","format":"standard","meta":{"_yoast_wpseo_focuskw":"verduras","_yoast_wpseo_title":"%%title%% %%page%%","_yoast_wpseo_metadesc":"As melhores verduras para cultivar em casa e aprenda como montar uma horta saud\u00e1vel em qualquer espa\u00e7o com dicas pr\u00e1ticas.","jnews-multi-image_gallery":[],"jnews_single_post":{"format":"standard"},"jnews_primary_category":[],"jnews_social_meta":[],"jnews_override_counter":[],"footnotes":""},"categories":[136],"post_tag":[4219,1507,266,4218],"class_list":["post-32524","post","type-post","status-publish","format-standard","has-post-thumbnail","hentry","category-jardinagem","tag-como-plantar-verduras","tag-cultivo-domestico","tag-horta-caseira","tag-verduras-saudaveis"],"yoast_head":"<!-- This site is optimized with the Yoast SEO plugin v24.6 - https:\/\/yoast.com\/wordpress\/plugins\/seo\/ -->\n<title>Verduras mais saud\u00e1veis para plantar em casa e como cultivar<\/title>\n<meta name=\"description\" content=\"As melhores verduras para cultivar em casa e aprenda como montar uma horta saud\u00e1vel em qualquer espa\u00e7o com dicas pr\u00e1ticas.\" \/>\n<meta name=\"robots\" content=\"index, follow, max-snippet:-1, max-image-preview:large, max-video-preview:-1\" \/>\n<link rel=\"canonical\" href=\"https:\/\/www.correiobraziliense.com.br\/cbradar\/verduras-mais-saudaveis-para-plantar-em-casa-e-como-cultivar\/\" \/>\n<meta property=\"og:locale\" content=\"pt_BR\" \/>\n<meta property=\"og:type\" content=\"article\" \/>\n<meta property=\"og:title\" content=\"Verduras mais saud\u00e1veis para plantar em casa e como cultivar\" \/>\n<meta property=\"og:description\" content=\"As melhores verduras para cultivar em casa e aprenda como montar uma horta saud\u00e1vel em qualquer espa\u00e7o com dicas pr\u00e1ticas.\" \/>\n<meta property=\"og:url\" content=\"https:\/\/www.correiobraziliense.com.br\/cbradar\/verduras-mais-saudaveis-para-plantar-em-casa-e-como-cultivar\/\" \/>\n<meta property=\"og:site_name\" content=\"Correio Braziliense - Radar\" \/>\n<meta property=\"article:published_time\" content=\"2025-05-06T11:10:00+00:00\" \/>\n<meta property=\"og:image\" content=\"https:\/\/www.correiobraziliense.com.br\/cbradar\/wp-content\/uploads\/2025\/04\/verduras_1743872897381.jpg\" \/>\n\t<meta property=\"og:image:width\" content=\"1280\" \/>\n\t<meta property=\"og:image:height\" content=\"720\" \/>\n\t<meta property=\"og:image:type\" content=\"image\/jpeg\" \/>\n<meta name=\"author\" content=\"Daniely Cardoso\" \/>\n<meta name=\"twitter:card\" content=\"summary_large_image\" \/>\n<meta name=\"twitter:label1\" content=\"Escrito por\" \/>\n\t<meta name=\"twitter:data1\" content=\"Daniely Cardoso\" \/>\n\t<meta name=\"twitter:label2\" content=\"Est. tempo de leitura\" \/>\n\t<meta name=\"twitter:data2\" content=\"6 minutos\" \/>\n<!-- \/ Yoast SEO plugin. -->","yoast_head_json":{"title":"Verduras mais saud\u00e1veis para plantar em casa e como cultivar","description":"As melhores verduras para cultivar em casa e aprenda como montar uma horta saud\u00e1vel em qualquer espa\u00e7o com dicas pr\u00e1ticas.","robots":{"index":"index","follow":"follow","max-snippet":"max-snippet:-1","max-image-preview":"max-image-preview:large","max-video-preview":"max-video-preview:-1"},"canonical":"https:\/\/www.correiobraziliense.com.br\/cbradar\/verduras-mais-saudaveis-para-plantar-em-casa-e-como-cultivar\/","og_locale":"pt_BR","og_type":"article","og_title":"Verduras mais saud\u00e1veis para plantar em casa e como cultivar","og_description":"As melhores verduras para cultivar em casa e aprenda como montar uma horta saud\u00e1vel em qualquer espa\u00e7o com dicas pr\u00e1ticas.","og_url":"https:\/\/www.correiobraziliense.com.br\/cbradar\/verduras-mais-saudaveis-para-plantar-em-casa-e-como-cultivar\/","og_site_name":"Correio Braziliense - Radar","article_published_time":"2025-05-06T11:10:00+00:00","og_image":[{"width":1280,"height":720,"url":"https:\/\/www.correiobraziliense.com.br\/cbradar\/wp-content\/uploads\/2025\/04\/verduras_1743872897381.jpg","type":"image\/jpeg"}],"author":"Daniely Cardoso","twitter_card":"summary_large_image","twitter_misc":{"Escrito por":"Daniely Cardoso","Est. tempo de leitura":"6 minutos"},"schema":{"@context":"https:\/\/schema.org","@graph":[{"@type":"WebPage","@id":"https:\/\/www.correiobraziliense.com.br\/cbradar\/verduras-mais-saudaveis-para-plantar-em-casa-e-como-cultivar\/","url":"https:\/\/www.correiobraziliense.com.br\/cbradar\/verduras-mais-saudaveis-para-plantar-em-casa-e-como-cultivar\/","name":"Verduras mais saud\u00e1veis para plantar em casa e como cultivar","isPartOf":{"@id":"https:\/\/www.correiobraziliense.com.br\/cbradar\/#website"},"primaryImageOfPage":{"@id":"https:\/\/www.correiobraziliense.com.br\/cbradar\/verduras-mais-saudaveis-para-plantar-em-casa-e-como-cultivar\/#primaryimage"},"image":{"@id":"https:\/\/www.correiobraziliense.com.br\/cbradar\/verduras-mais-saudaveis-para-plantar-em-casa-e-como-cultivar\/#primaryimage"},"thumbnailUrl":"https:\/\/www.correiobraziliense.com.br\/cbradar\/wp-content\/uploads\/2025\/04\/verduras_1743872897381.jpg","datePublished":"2025-05-06T11:10:00+00:00","author":{"@id":"https:\/\/www.correiobraziliense.com.br\/cbradar\/#\/schema\/person\/7356666e12ec0ee53f348ee5db227032"},"description":"As melhores verduras para cultivar em casa e aprenda como montar uma horta saud\u00e1vel em qualquer espa\u00e7o com dicas pr\u00e1ticas.","breadcrumb":{"@id":"https:\/\/www.correiobraziliense.com.br\/cbradar\/verduras-mais-saudaveis-para-plantar-em-casa-e-como-cultivar\/#breadcrumb"},"inLanguage":"pt-BR","potentialAction":[{"@type":"ReadAction","target":["https:\/\/www.correiobraziliense.com.br\/cbradar\/verduras-mais-saudaveis-para-plantar-em-casa-e-como-cultivar\/"]}]},{"@type":"ImageObject","inLanguage":"pt-BR","@id":"https:\/\/www.correiobraziliense.com.br\/cbradar\/verduras-mais-saudaveis-para-plantar-em-casa-e-como-cultivar\/#primaryimage","url":"https:\/\/www.correiobraziliense.com.br\/cbradar\/wp-content\/uploads\/2025\/04\/verduras_1743872897381.jpg","contentUrl":"https:\/\/www.correiobraziliense.com.br\/cbradar\/wp-content\/uploads\/2025\/04\/verduras_1743872897381.jpg","width":1280,"height":720,"caption":"Verduras - Cr\u00e9ditos: depositphotos.com \/ Elena Schweitzer"},{"@type":"BreadcrumbList","@id":"https:\/\/www.correiobraziliense.com.br\/cbradar\/verduras-mais-saudaveis-para-plantar-em-casa-e-como-cultivar\/#breadcrumb","itemListElement":[{"@type":"ListItem","position":1,"name":"In\u00edcio","item":"https:\/\/www.correiobraziliense.com.br\/cbradar\/"},{"@type":"ListItem","position":2,"name":"Verduras mais saud\u00e1veis para plantar em casa e como cultivar"}]},{"@type":"WebSite","@id":"https:\/\/www.correiobraziliense.com.br\/cbradar\/#website","url":"https:\/\/www.correiobraziliense.com.br\/cbradar\/","name":"Correio Braziliense - Radar","description":"Acompanhe as \u00faltimas not\u00edcias e fique bem informado sobre tudo o que acontece no Brasil e no mundo.","potentialAction":[{"@type":"SearchAction","target":{"@type":"EntryPoint","urlTemplate":"https:\/\/www.correiobraziliense.com.br\/cbradar\/?s={search_term_string}"},"query-input":{"@type":"PropertyValueSpecification","valueRequired":true,"valueName":"search_term_string"}}],"inLanguage":"pt-BR"},{"@type":"Person","@id":"https:\/\/www.correiobraziliense.com.br\/cbradar\/#\/schema\/person\/7356666e12ec0ee53f348ee5db227032","name":"Daniely Cardoso","image":{"@type":"ImageObject","inLanguage":"pt-BR","@id":"https:\/\/www.correiobraziliense.com.br\/cbradar\/#\/schema\/person\/image\/","url":"https:\/\/secure.gravatar.com\/avatar\/4b80ddbd124d1f071b626d52d62e5dff?s=96&d=mm&r=g","contentUrl":"https:\/\/secure.gravatar.com\/avatar\/4b80ddbd124d1f071b626d52d62e5dff?s=96&d=mm&r=g","caption":"Daniely Cardoso"},"description":"Redatora nos portais CB Radar e EM Foco, formada pela Universidade Federal de Goi\u00e1s, em Goi\u00e2nia. Apaixonada por comunica\u00e7\u00e3o, arte, decora\u00e7\u00e3o e tend\u00eancias, atuo na produ\u00e7\u00e3o de conte\u00fados envolventes sobre curiosidades, moda, beleza e paisagismo, sempre com um olhar atento \u00e0s novidades do momento.","sameAs":["https:\/\/www.correiobraziliense.com.br\/cbradar"],"url":"https:\/\/www.correiobraziliense.com.br\/cbradar\/author\/danielymyth\/"}]}},"_links":{"self":[{"href":"https:\/\/www.correiobraziliense.com.br\/cbradar\/wp-json\/wp\/v2\/posts\/32524","targetHints":{"allow":["GET"]}}],"collection":[{"href":"https:\/\/www.correiobraziliense.com.br\/cbradar\/wp-json\/wp\/v2\/posts"}],"about":[{"href":"https:\/\/www.correiobraziliense.com.br\/cbradar\/wp-json\/wp\/v2\/types\/post"}],"author":[{"embeddable":true,"href":"https:\/\/www.correiobraziliense.com.br\/cbradar\/wp-json\/wp\/v2\/users\/9"}],"replies":[{"embeddable":true,"href":"https:\/\/www.correiobraziliense.com.br\/cbradar\/wp-json\/wp\/v2\/comments?post=32524"}],"version-history":[{"count":4,"href":"https:\/\/www.correiobraziliense.com.br\/cbradar\/wp-json\/wp\/v2\/posts\/32524\/revisions"}],"predecessor-version":[{"id":32593,"href":"https:\/\/www.correiobraziliense.com.br\/cbradar\/wp-json\/wp\/v2\/posts\/32524\/revisions\/32593"}],"wp:featuredmedia":[{"embeddable":true,"href":"https:\/\/www.correiobraziliense.com.br\/cbradar\/wp-json\/wp\/v2\/media\/19601"}],"wp:attachment":[{"href":"https:\/\/www.correiobraziliense.com.br\/cbradar\/wp-json\/wp\/v2\/media?parent=32524"}],"wp:term":[{"taxonomy":"category","embeddable":true,"href":"https:\/\/www.correiobraziliense.com.br\/cbradar\/wp-json\/wp\/v2\/categories?post=32524"},{"taxonomy":"post_tag","embeddable":true,"href":"https:\/\/www.correiobraziliense.com.br\/cbradar\/wp-json\/wp\/v2\/post_tag?post=32524"}],"curies":[{"name":"wp","href":"https:\/\/api.w.org\/{rel}","templated":true}]}}