{"id":32557,"date":"2025-05-06T14:10:00","date_gmt":"2025-05-06T17:10:00","guid":{"rendered":"https:\/\/www.correiobraziliense.com.br\/cbradar\/?p=32557"},"modified":"2025-05-05T14:20:37","modified_gmt":"2025-05-05T17:20:37","slug":"saiba-o-melhor-horario-para-regar-suas-plantas-em-casa","status":"publish","type":"post","link":"https:\/\/www.correiobraziliense.com.br\/cbradar\/saiba-o-melhor-horario-para-regar-suas-plantas-em-casa\/","title":{"rendered":"Saiba o melhor hor\u00e1rio para regar suas plantas em casa"},"content":{"rendered":"\n<p>A <strong>rega <\/strong>\u00e9 um dos cuidados mais importantes para manter <a href=\"https:\/\/www.correiobraziliense.com.br\/cbradar\/aprenda-a-plantar-melancia-em-casa-com-as-melhores-dicas-de-cultivo\/\" target=\"_blank\" rel=\"noreferrer noopener\">plantas <\/a>bonitas, saud\u00e1veis e produtivas. No entanto, muitos erros acontecem nessa etapa, seja por excesso ou falta de \u00e1gua. Cada tipo de planta, vaso e ambiente exige uma aten\u00e7\u00e3o diferente. Entender <strong>como regar corretamente<\/strong> \u00e9 essencial para evitar o apodrecimento das ra\u00edzes, o estresse h\u00eddrico e o aparecimento de pragas e doen\u00e7as.<\/p>\n\n\n\n<h2 class=\"wp-block-heading\">Quais s\u00e3o os sinais de que a planta est\u00e1 sendo regada da forma errada?<\/h2>\n\n\n\n<p>Observar as plantas \u00e9 o primeiro passo para corrigir a rega.<\/p>\n\n\n\n<h3 class=\"wp-block-heading\">Sinais de <strong>excesso de \u00e1gua<\/strong>:<\/h3>\n\n\n\n<ul class=\"wp-block-list\">\n<li>Folhas amareladas que caem facilmente.<\/li>\n\n\n\n<li>Solo encharcado ou com cheiro de mofo.<\/li>\n\n\n\n<li>Presen\u00e7a de fungos ou manchas nas folhas.<\/li>\n\n\n\n<li>Ra\u00edzes escuras e moles (sinal de podrid\u00e3o).<\/li>\n<\/ul>\n\n\n\n<h3 class=\"wp-block-heading\">Sinais de <strong>falta de \u00e1gua<\/strong>:<\/h3>\n\n\n\n<ul class=\"wp-block-list\">\n<li>Folhas murchas e secas nas bordas.<\/li>\n\n\n\n<li>Solo muito seco, rachado ou esfarelando.<\/li>\n\n\n\n<li>Crescimento lento.<\/li>\n\n\n\n<li>Queda prematura das folhas.<\/li>\n<\/ul>\n\n\n\n<p>Sempre observe as folhas, o aspecto do solo e o comportamento da planta para ajustar a frequ\u00eancia e a quantidade de \u00e1gua.<\/p>\n\n\n\n<h2 class=\"wp-block-heading\">Como saber a frequ\u00eancia ideal de rega?<\/h2>\n\n\n\n<p>N\u00e3o existe uma regra \u00fanica. A frequ\u00eancia depende de fatores como:<\/p>\n\n\n\n<ul class=\"wp-block-list\">\n<li><strong>Tipo de planta<\/strong>: suculentas e cactos precisam de menos \u00e1gua; hortali\u00e7as e plantas tropicais, de mais.<\/li>\n\n\n\n<li><strong>Clima e esta\u00e7\u00e3o do ano<\/strong>: dias quentes e secos exigem mais regas.<\/li>\n\n\n\n<li><strong>Tipo de solo<\/strong>: solos arenosos drenam mais r\u00e1pido, argilosos ret\u00eam mais umidade.<\/li>\n\n\n\n<li><strong>Tamanho do vaso<\/strong>: vasos pequenos secam mais r\u00e1pido do que grandes.<\/li>\n\n\n\n<li><strong>Ambiente<\/strong>: locais com vento, sol direto ou ar-condicionado desidratam a planta mais r\u00e1pido.<\/li>\n<\/ul>\n\n\n\n<h3 class=\"wp-block-heading\">Como testar a umidade do solo:<\/h3>\n\n\n\n<ul class=\"wp-block-list\">\n<li><strong>M\u00e9todo do dedo<\/strong>: enfie o dedo cerca de 3 cm no substrato. Se estiver seco, \u00e9 hora de regar.<\/li>\n\n\n\n<li><strong>Palito de madeira<\/strong>: insira no solo e retire ap\u00f3s 2 minutos. Se sair limpo e seco, regue.<\/li>\n<\/ul>\n\n\n\n<h2 class=\"wp-block-heading\">Qual o melhor hor\u00e1rio para regar suas plantas?<\/h2>\n\n\n\n<p>O momento do dia interfere na efici\u00eancia da rega e na sa\u00fade da planta.<\/p>\n\n\n\n<ul class=\"wp-block-list\">\n<li><strong>Manh\u00e3 cedo<\/strong>: ideal para a maioria das plantas. Evita o calor do meio-dia e permite absor\u00e7\u00e3o durante o dia.<\/li>\n\n\n\n<li><strong>Fim da tarde<\/strong>: aceit\u00e1vel, desde que as folhas tenham tempo de secar antes da noite, evitando fungos.<\/li>\n\n\n\n<li><strong>Evite regar ao meio-dia<\/strong>, especialmente sob sol forte, pois a \u00e1gua evapora r\u00e1pido e pode queimar as folhas.<\/li>\n<\/ul>\n\n\n<div class=\"wp-block-image\">\n<figure class=\"aligncenter size-large\"><img decoding=\"async\" width=\"1024\" height=\"576\" src=\"https:\/\/www.correiobraziliense.com.br\/cbradar\/wp-content\/uploads\/2025\/05\/regar-plantas_1746461431558-1024x576.jpg\" alt=\"Saiba o melhor hor\u00e1rio para regar suas plantas\" class=\"wp-image-32582\" srcset=\"https:\/\/www.correiobraziliense.com.br\/cbradar\/wp-content\/uploads\/2025\/05\/regar-plantas_1746461431558-1024x576.jpg 1024w, https:\/\/www.correiobraziliense.com.br\/cbradar\/wp-content\/uploads\/2025\/05\/regar-plantas_1746461431558-300x169.jpg 300w, https:\/\/www.correiobraziliense.com.br\/cbradar\/wp-content\/uploads\/2025\/05\/regar-plantas_1746461431558-768x432.jpg 768w, https:\/\/www.correiobraziliense.com.br\/cbradar\/wp-content\/uploads\/2025\/05\/regar-plantas_1746461431558-750x422.jpg 750w, https:\/\/www.correiobraziliense.com.br\/cbradar\/wp-content\/uploads\/2025\/05\/regar-plantas_1746461431558-1140x641.jpg 1140w, https:\/\/www.correiobraziliense.com.br\/cbradar\/wp-content\/uploads\/2025\/05\/regar-plantas_1746461431558.jpg 1280w\" sizes=\"(max-width: 1024px) 100vw, 1024px\" \/><figcaption class=\"wp-element-caption\">Rega &#8211; Cr\u00e9ditos: depositphotos.com \/ Kzenon<\/figcaption><\/figure><\/div>\n\n\n<h2 class=\"wp-block-heading\">Devo regar pelas folhas ou pela raiz?<\/h2>\n\n\n\n<p>A forma correta \u00e9 <strong>regar diretamente o solo<\/strong>, pr\u00f3ximo \u00e0s ra\u00edzes. Regar as folhas pode causar problemas.<\/p>\n\n\n\n<h3 class=\"wp-block-heading\">Regar pelas folhas pode:<\/h3>\n\n\n\n<ul class=\"wp-block-list\">\n<li>Atrair fungos e doen\u00e7as.<\/li>\n\n\n\n<li>Provocar queimaduras se houver sol direto.<\/li>\n\n\n\n<li>Desperdi\u00e7ar \u00e1gua, pois a absor\u00e7\u00e3o real ocorre pelas ra\u00edzes.<\/li>\n<\/ul>\n\n\n\n<h3 class=\"wp-block-heading\">Exce\u00e7\u00e3o:<\/h3>\n\n\n\n<ul class=\"wp-block-list\">\n<li>Em dias muito secos ou ambientes internos, voc\u00ea pode <strong>borrifar as folhas<\/strong> de plantas tropicais (como samambaias), simulando umidade do ar \u2014 mas nunca em excesso.<\/li>\n<\/ul>\n\n\n\n<h2 class=\"wp-block-heading\">Como regar plantas em vasos corretamente?<\/h2>\n\n\n\n<p>Plantas em vasos exigem aten\u00e7\u00e3o redobrada na rega.<\/p>\n\n\n\n<h3 class=\"wp-block-heading\">Dicas:<\/h3>\n\n\n\n<ul class=\"wp-block-list\">\n<li>Regue at\u00e9 a \u00e1gua come\u00e7ar a sair pelos furos de drenagem.<\/li>\n\n\n\n<li>Evite deixar \u00e1gua acumulada no pratinho \u2014 isso apodrece as ra\u00edzes.<\/li>\n\n\n\n<li>Use substrato leve e bem drenado (mistura de terra, areia e mat\u00e9ria org\u00e2nica).<\/li>\n\n\n\n<li>Se o substrato estiver muito seco, a \u00e1gua pode escorrer sem penetrar. Nesses casos, <strong>molhe aos poucos<\/strong> ou mergulhe o vaso por alguns minutos em um balde com \u00e1gua.<\/li>\n<\/ul>\n\n\n\n<h2 class=\"wp-block-heading\">E no jardim ou canteiro, como regar?<\/h2>\n\n\n\n<p>A rega em canteiros pode ser feita com regador, mangueira com esguicho fino ou at\u00e9 sistemas de irriga\u00e7\u00e3o.<\/p>\n\n\n\n<h3 class=\"wp-block-heading\">Regras gerais:<\/h3>\n\n\n\n<ul class=\"wp-block-list\">\n<li>Regue sempre na base da planta.<\/li>\n\n\n\n<li>Evite formar po\u00e7as ou eros\u00f5es no solo.<\/li>\n\n\n\n<li>Em hortas, regue com mais frequ\u00eancia, especialmente no ver\u00e3o.<\/li>\n\n\n\n<li>Fa\u00e7a regas profundas, para que a \u00e1gua atinja as ra\u00edzes, e n\u00e3o apenas a superf\u00edcie.<\/li>\n<\/ul>\n\n\n\n<h2 class=\"wp-block-heading\">Qual a quantidade certa de \u00e1gua para cada tipo de planta?<\/h2>\n\n\n\n<p>A quantidade depende muito da esp\u00e9cie. Veja exemplos:<\/p>\n\n\n\n<ul class=\"wp-block-list\">\n<li><strong>Suculentas e cactos<\/strong>: 1 vez por semana no ver\u00e3o, a cada 10-15 dias no inverno. Pouca \u00e1gua, solo bem seco entre regas.<\/li>\n\n\n\n<li><strong>Ervas e hortali\u00e7as (como manjeric\u00e3o, alface, cebolinha)<\/strong>: 1 a 2 vezes ao dia em clima quente.<\/li>\n\n\n\n<li><strong>Plantas tropicais (como costela-de-ad\u00e3o, samambaia)<\/strong>: solo \u00famido, mas n\u00e3o encharcado. Regar 2 a 4 vezes por semana.<\/li>\n\n\n\n<li><strong>Orqu\u00eddeas<\/strong>: gostam de regas espa\u00e7adas e ambiente \u00famido. Regar 1 a 2 vezes por semana.<\/li>\n\n\n\n<li><strong>Plantas de sombra<\/strong>: regas moderadas, conforme a umidade do solo.<\/li>\n<\/ul>\n\n\n\n<h2 class=\"wp-block-heading\">Como evitar o apodrecimento das ra\u00edzes?<\/h2>\n\n\n\n<p>A <strong>principal causa do apodrecimento<\/strong> \u00e9 a rega em excesso, associada \u00e0 falta de drenagem.<\/p>\n\n\n\n<h3 class=\"wp-block-heading\">Preven\u00e7\u00e3o:<\/h3>\n\n\n\n<ul class=\"wp-block-list\">\n<li>Use vasos com furos.<\/li>\n\n\n\n<li>Adicione argila expandida ou pedras no fundo do vaso.<\/li>\n\n\n\n<li>Mantenha o substrato bem aerado.<\/li>\n\n\n\n<li>Deixe o solo secar entre uma rega e outra (a profundidade depende da planta).<\/li>\n\n\n\n<li>Nunca regue por rotina \u2014 sempre verifique a umidade antes.<\/li>\n<\/ul>\n\n\n\n<h2 class=\"wp-block-heading\">Posso usar \u00e1gua da chuva ou reaproveitada para regar?<\/h2>\n\n\n\n<p>Sim! \u00c1gua da chuva \u00e9 excelente para plantas, pois n\u00e3o cont\u00e9m cloro nem fl\u00faor. J\u00e1 a \u00e1gua reaproveitada deve ser usada com crit\u00e9rio.<\/p>\n\n\n\n<h3 class=\"wp-block-heading\">Recomendada:<\/h3>\n\n\n\n<ul class=\"wp-block-list\">\n<li>\u00c1gua da lavagem de vegetais (sem sal ou sab\u00e3o).<\/li>\n\n\n\n<li>\u00c1gua da chuva armazenada em bombonas limpas.<\/li>\n<\/ul>\n\n\n\n<h3 class=\"wp-block-heading\">Evite:<\/h3>\n\n\n\n<ul class=\"wp-block-list\">\n<li>\u00c1gua com sab\u00e3o, detergente, produtos de limpeza ou \u00f3leo.<\/li>\n\n\n\n<li>\u00c1gua quente ou muito gelada.<\/li>\n<\/ul>\n\n\n\n<h2 class=\"wp-block-heading\">FAQ<\/h2>\n\n\n\n<p><strong>1. Quantas vezes por semana devo regar minhas plantas?<\/strong><br>Depende da esp\u00e9cie, clima e ambiente. Em geral, de 2 a 4 vezes por semana \u00e9 suficiente, mas suculentas precisam de menos e hortali\u00e7as, de mais.<\/p>\n\n\n\n<p><strong>2. Como sei se estou exagerando na rega?<\/strong><br>Folhas amareladas, murchas e solo sempre molhado indicam excesso de \u00e1gua. Use o teste do dedo para confirmar.<\/p>\n\n\n\n<p><strong>3. \u00c9 melhor regar de manh\u00e3 ou \u00e0 noite?<\/strong><br>De manh\u00e3 cedo \u00e9 o melhor hor\u00e1rio. \u00c0 tarde tamb\u00e9m \u00e9 aceit\u00e1vel, desde que n\u00e3o molhe as folhas.<\/p>\n\n\n\n<p><strong>4. Todas as plantas precisam de rega frequente?<\/strong><br>N\u00e3o. <strong>Suculentas, cactos e orqu\u00eddeas<\/strong> preferem regas mais espa\u00e7adas, enquanto <strong>hortali\u00e7as<\/strong> e <strong>plantas tropicais<\/strong> precisam de mais umidade.<\/p>\n\n\n\n<p><strong>5. Posso usar \u00e1gua direto da torneira?<\/strong><br>Sim, mas se poss\u00edvel, <strong>deixe repousar por 24 horas<\/strong> para evaporar o cloro, especialmente em plantas mais sens\u00edveis.<\/p>\n","protected":false},"excerpt":{"rendered":"<p>A rega \u00e9 um dos cuidados mais importantes para manter plantas bonitas, saud\u00e1veis e produtivas. No entanto, muitos erros acontecem nessa etapa, seja por excesso ou falta de \u00e1gua. Cada tipo de planta, vaso e ambiente exige uma aten\u00e7\u00e3o diferente. Entender como regar corretamente \u00e9 essencial para evitar o apodrecimento das ra\u00edzes, o estresse h\u00eddrico [&hellip;]<\/p>\n","protected":false},"author":9,"featured_media":32581,"comment_status":"open","ping_status":"open","sticky":false,"template":"","format":"standard","meta":{"_yoast_wpseo_focuskw":"regar","_yoast_wpseo_title":"%%title%% %%page%%","_yoast_wpseo_metadesc":"Aprenda como ajustar a rega conforme o tipo de planta, clima e ambiente para evitar problemas como o apodrecimento das ra\u00edzes.","jnews-multi-image_gallery":[],"jnews_single_post":{"format":"standard"},"jnews_primary_category":[],"jnews_social_meta":[],"jnews_override_counter":[],"footnotes":""},"categories":[136],"post_tag":[844,4235,4236,4234],"class_list":["post-32557","post","type-post","status-publish","format-standard","has-post-thumbnail","hentry","category-jardinagem","tag-cuidados-com-plantas","tag-jardinagem-domestica","tag-plantas-em-vasos","tag-rega-de-plantas"],"yoast_head":"<!-- This site is optimized with the Yoast SEO plugin v24.6 - https:\/\/yoast.com\/wordpress\/plugins\/seo\/ -->\n<title>Saiba o melhor hor\u00e1rio para regar suas plantas em casa<\/title>\n<meta name=\"description\" content=\"Aprenda como ajustar a rega conforme o tipo de planta, clima e ambiente para evitar problemas como o apodrecimento das ra\u00edzes.\" \/>\n<meta name=\"robots\" content=\"index, follow, max-snippet:-1, max-image-preview:large, max-video-preview:-1\" \/>\n<link rel=\"canonical\" href=\"https:\/\/www.correiobraziliense.com.br\/cbradar\/saiba-o-melhor-horario-para-regar-suas-plantas-em-casa\/\" \/>\n<meta property=\"og:locale\" content=\"pt_BR\" \/>\n<meta property=\"og:type\" content=\"article\" \/>\n<meta property=\"og:title\" content=\"Saiba o melhor hor\u00e1rio para regar suas plantas em casa\" \/>\n<meta property=\"og:description\" content=\"Aprenda como ajustar a rega conforme o tipo de planta, clima e ambiente para evitar problemas como o apodrecimento das ra\u00edzes.\" \/>\n<meta property=\"og:url\" content=\"https:\/\/www.correiobraziliense.com.br\/cbradar\/saiba-o-melhor-horario-para-regar-suas-plantas-em-casa\/\" \/>\n<meta property=\"og:site_name\" content=\"Correio Braziliense - Radar\" \/>\n<meta property=\"article:published_time\" content=\"2025-05-06T17:10:00+00:00\" \/>\n<meta property=\"og:image\" content=\"https:\/\/www.correiobraziliense.com.br\/cbradar\/wp-content\/uploads\/2025\/05\/regar-plantas_1746461400282.jpg\" \/>\n\t<meta property=\"og:image:width\" content=\"1280\" \/>\n\t<meta property=\"og:image:height\" content=\"720\" \/>\n\t<meta property=\"og:image:type\" content=\"image\/jpeg\" \/>\n<meta name=\"author\" content=\"Daniely Cardoso\" \/>\n<meta name=\"twitter:card\" content=\"summary_large_image\" \/>\n<meta name=\"twitter:label1\" content=\"Escrito por\" \/>\n\t<meta name=\"twitter:data1\" content=\"Daniely Cardoso\" \/>\n\t<meta name=\"twitter:label2\" content=\"Est. tempo de leitura\" \/>\n\t<meta name=\"twitter:data2\" content=\"6 minutos\" \/>\n<!-- \/ Yoast SEO plugin. -->","yoast_head_json":{"title":"Saiba o melhor hor\u00e1rio para regar suas plantas em casa","description":"Aprenda como ajustar a rega conforme o tipo de planta, clima e ambiente para evitar problemas como o apodrecimento das ra\u00edzes.","robots":{"index":"index","follow":"follow","max-snippet":"max-snippet:-1","max-image-preview":"max-image-preview:large","max-video-preview":"max-video-preview:-1"},"canonical":"https:\/\/www.correiobraziliense.com.br\/cbradar\/saiba-o-melhor-horario-para-regar-suas-plantas-em-casa\/","og_locale":"pt_BR","og_type":"article","og_title":"Saiba o melhor hor\u00e1rio para regar suas plantas em casa","og_description":"Aprenda como ajustar a rega conforme o tipo de planta, clima e ambiente para evitar problemas como o apodrecimento das ra\u00edzes.","og_url":"https:\/\/www.correiobraziliense.com.br\/cbradar\/saiba-o-melhor-horario-para-regar-suas-plantas-em-casa\/","og_site_name":"Correio Braziliense - Radar","article_published_time":"2025-05-06T17:10:00+00:00","og_image":[{"width":1280,"height":720,"url":"https:\/\/www.correiobraziliense.com.br\/cbradar\/wp-content\/uploads\/2025\/05\/regar-plantas_1746461400282.jpg","type":"image\/jpeg"}],"author":"Daniely Cardoso","twitter_card":"summary_large_image","twitter_misc":{"Escrito por":"Daniely Cardoso","Est. tempo de leitura":"6 minutos"},"schema":{"@context":"https:\/\/schema.org","@graph":[{"@type":"WebPage","@id":"https:\/\/www.correiobraziliense.com.br\/cbradar\/saiba-o-melhor-horario-para-regar-suas-plantas-em-casa\/","url":"https:\/\/www.correiobraziliense.com.br\/cbradar\/saiba-o-melhor-horario-para-regar-suas-plantas-em-casa\/","name":"Saiba o melhor hor\u00e1rio para regar suas plantas em casa","isPartOf":{"@id":"https:\/\/www.correiobraziliense.com.br\/cbradar\/#website"},"primaryImageOfPage":{"@id":"https:\/\/www.correiobraziliense.com.br\/cbradar\/saiba-o-melhor-horario-para-regar-suas-plantas-em-casa\/#primaryimage"},"image":{"@id":"https:\/\/www.correiobraziliense.com.br\/cbradar\/saiba-o-melhor-horario-para-regar-suas-plantas-em-casa\/#primaryimage"},"thumbnailUrl":"https:\/\/www.correiobraziliense.com.br\/cbradar\/wp-content\/uploads\/2025\/05\/regar-plantas_1746461400282.jpg","datePublished":"2025-05-06T17:10:00+00:00","author":{"@id":"https:\/\/www.correiobraziliense.com.br\/cbradar\/#\/schema\/person\/7356666e12ec0ee53f348ee5db227032"},"description":"Aprenda como ajustar a rega conforme o tipo de planta, clima e ambiente para evitar problemas como o apodrecimento das ra\u00edzes.","breadcrumb":{"@id":"https:\/\/www.correiobraziliense.com.br\/cbradar\/saiba-o-melhor-horario-para-regar-suas-plantas-em-casa\/#breadcrumb"},"inLanguage":"pt-BR","potentialAction":[{"@type":"ReadAction","target":["https:\/\/www.correiobraziliense.com.br\/cbradar\/saiba-o-melhor-horario-para-regar-suas-plantas-em-casa\/"]}]},{"@type":"ImageObject","inLanguage":"pt-BR","@id":"https:\/\/www.correiobraziliense.com.br\/cbradar\/saiba-o-melhor-horario-para-regar-suas-plantas-em-casa\/#primaryimage","url":"https:\/\/www.correiobraziliense.com.br\/cbradar\/wp-content\/uploads\/2025\/05\/regar-plantas_1746461400282.jpg","contentUrl":"https:\/\/www.correiobraziliense.com.br\/cbradar\/wp-content\/uploads\/2025\/05\/regar-plantas_1746461400282.jpg","width":1280,"height":720,"caption":"Rega - Cr\u00e9ditos: depositphotos.com \/ HayDmitriy"},{"@type":"BreadcrumbList","@id":"https:\/\/www.correiobraziliense.com.br\/cbradar\/saiba-o-melhor-horario-para-regar-suas-plantas-em-casa\/#breadcrumb","itemListElement":[{"@type":"ListItem","position":1,"name":"In\u00edcio","item":"https:\/\/www.correiobraziliense.com.br\/cbradar\/"},{"@type":"ListItem","position":2,"name":"Saiba o melhor hor\u00e1rio para regar suas plantas em casa"}]},{"@type":"WebSite","@id":"https:\/\/www.correiobraziliense.com.br\/cbradar\/#website","url":"https:\/\/www.correiobraziliense.com.br\/cbradar\/","name":"Correio Braziliense - Radar","description":"Acompanhe as \u00faltimas not\u00edcias e fique bem informado sobre tudo o que acontece no Brasil e no mundo.","potentialAction":[{"@type":"SearchAction","target":{"@type":"EntryPoint","urlTemplate":"https:\/\/www.correiobraziliense.com.br\/cbradar\/?s={search_term_string}"},"query-input":{"@type":"PropertyValueSpecification","valueRequired":true,"valueName":"search_term_string"}}],"inLanguage":"pt-BR"},{"@type":"Person","@id":"https:\/\/www.correiobraziliense.com.br\/cbradar\/#\/schema\/person\/7356666e12ec0ee53f348ee5db227032","name":"Daniely Cardoso","image":{"@type":"ImageObject","inLanguage":"pt-BR","@id":"https:\/\/www.correiobraziliense.com.br\/cbradar\/#\/schema\/person\/image\/","url":"https:\/\/secure.gravatar.com\/avatar\/4b80ddbd124d1f071b626d52d62e5dff?s=96&d=mm&r=g","contentUrl":"https:\/\/secure.gravatar.com\/avatar\/4b80ddbd124d1f071b626d52d62e5dff?s=96&d=mm&r=g","caption":"Daniely Cardoso"},"description":"Redatora nos portais CB Radar e EM Foco, formada pela Universidade Federal de Goi\u00e1s, em Goi\u00e2nia. Apaixonada por comunica\u00e7\u00e3o, arte, decora\u00e7\u00e3o e tend\u00eancias, atuo na produ\u00e7\u00e3o de conte\u00fados envolventes sobre curiosidades, moda, beleza e paisagismo, sempre com um olhar atento \u00e0s novidades do momento.","sameAs":["https:\/\/www.correiobraziliense.com.br\/cbradar"],"url":"https:\/\/www.correiobraziliense.com.br\/cbradar\/author\/danielymyth\/"}]}},"_links":{"self":[{"href":"https:\/\/www.correiobraziliense.com.br\/cbradar\/wp-json\/wp\/v2\/posts\/32557","targetHints":{"allow":["GET"]}}],"collection":[{"href":"https:\/\/www.correiobraziliense.com.br\/cbradar\/wp-json\/wp\/v2\/posts"}],"about":[{"href":"https:\/\/www.correiobraziliense.com.br\/cbradar\/wp-json\/wp\/v2\/types\/post"}],"author":[{"embeddable":true,"href":"https:\/\/www.correiobraziliense.com.br\/cbradar\/wp-json\/wp\/v2\/users\/9"}],"replies":[{"embeddable":true,"href":"https:\/\/www.correiobraziliense.com.br\/cbradar\/wp-json\/wp\/v2\/comments?post=32557"}],"version-history":[{"count":4,"href":"https:\/\/www.correiobraziliense.com.br\/cbradar\/wp-json\/wp\/v2\/posts\/32557\/revisions"}],"predecessor-version":[{"id":32595,"href":"https:\/\/www.correiobraziliense.com.br\/cbradar\/wp-json\/wp\/v2\/posts\/32557\/revisions\/32595"}],"wp:featuredmedia":[{"embeddable":true,"href":"https:\/\/www.correiobraziliense.com.br\/cbradar\/wp-json\/wp\/v2\/media\/32581"}],"wp:attachment":[{"href":"https:\/\/www.correiobraziliense.com.br\/cbradar\/wp-json\/wp\/v2\/media?parent=32557"}],"wp:term":[{"taxonomy":"category","embeddable":true,"href":"https:\/\/www.correiobraziliense.com.br\/cbradar\/wp-json\/wp\/v2\/categories?post=32557"},{"taxonomy":"post_tag","embeddable":true,"href":"https:\/\/www.correiobraziliense.com.br\/cbradar\/wp-json\/wp\/v2\/post_tag?post=32557"}],"curies":[{"name":"wp","href":"https:\/\/api.w.org\/{rel}","templated":true}]}}