{"id":32661,"date":"2025-05-06T22:10:00","date_gmt":"2025-05-07T01:10:00","guid":{"rendered":"https:\/\/www.correiobraziliense.com.br\/cbradar\/?p=32661"},"modified":"2025-05-05T16:46:31","modified_gmt":"2025-05-05T19:46:31","slug":"todos-os-seres-humanos-vivos-possuem-uma-unica-origem-em-um-pais-distante-conheca","status":"publish","type":"post","link":"https:\/\/www.correiobraziliense.com.br\/cbradar\/todos-os-seres-humanos-vivos-possuem-uma-unica-origem-em-um-pais-distante-conheca\/","title":{"rendered":"Todos os seres humanos vivos possuem uma \u00fanica origem em um pa\u00eds distante, conhe\u00e7a"},"content":{"rendered":"\n<p>Nos \u00faltimos vinte anos, a pesquisa gen\u00e9tica passou por transforma\u00e7\u00f5es significativas. O advento de dados gen\u00f4micos em larga escala revolucionou a compreens\u00e3o do passado humano. Cientistas coletaram material gen\u00e9tico de centenas de milhares de pessoas, abrangendo tanto grupos modernos quanto restos antigos. Com esse vasto acervo de informa\u00e7\u00f5es, a explora\u00e7\u00e3o da diversidade gen\u00e9tica humana alcan\u00e7ou um novo patamar.<\/p>\n\n\n\n<p>Os pesquisadores est\u00e3o construindo o que pode se tornar o primeiro mapa completo da ancestralidade humana compartilhada. No entanto, o caminho para esse objetivo n\u00e3o tem sido f\u00e1cil. Um dos principais desafios \u00e9 a combina\u00e7\u00e3o de dados gen\u00e9ticos armazenados em in\u00fameros bancos de dados. Al\u00e9m disso, \u00e9 necess\u00e1rio desenvolver algoritmos capazes de lidar com o tamanho impressionante desses conjuntos de dados.<\/p>\n\n\n\n<h2 class=\"wp-block-heading\">Como a nova metodologia revoluciona a an\u00e1lise gen\u00e9tica?<\/h2>\n\n\n\n<p>Uma equipe de cientistas do Big Data Institute da Universidade de Oxford desenvolveu um m\u00e9todo inovador que aborda esses desafios. Essa t\u00e9cnica permite a fus\u00e3o de dados gen\u00f4micos de m\u00faltiplas fontes e \u00e9 escal\u00e1vel para processar milh\u00f5es de sequ\u00eancias individuais. Dr. Yan Wong, geneticista evolucion\u00e1rio e autor principal, descreveu o avan\u00e7o como a constru\u00e7\u00e3o de uma imensa \u00e1rvore geneal\u00f3gica para toda a humanidade.<\/p>\n\n\n\n<p>O conceito baseia-se na transmiss\u00e3o de genes. Cada regi\u00e3o do nosso genoma \u00e9 herdada de nossa m\u00e3e ou pai, o que significa que a ancestralidade de cada posi\u00e7\u00e3o gen\u00e9tica pode ser tra\u00e7ada como uma \u00e1rvore, retrocedendo no tempo. Essas \u00e1rvores individuais formam uma estrutura maior conhecida como &#8220;sequ\u00eancia de \u00e1rvores&#8221; ou, tecnicamente, um &#8220;gr\u00e1fico de recombina\u00e7\u00e3o ancestral&#8221;.<\/p>\n\n\n\n<figure class=\"wp-block-image size-large\"><img decoding=\"async\" width=\"1024\" height=\"576\" src=\"https:\/\/www.correiobraziliense.com.br\/cbradar\/wp-content\/uploads\/2025\/05\/pessoas_1746474362001-1024x576.jpg\" alt=\"Todos os seres humanos vivos possuem uma \u00fanica origem em um pa\u00eds distante, conhe\u00e7a\" class=\"wp-image-32664\" srcset=\"https:\/\/www.correiobraziliense.com.br\/cbradar\/wp-content\/uploads\/2025\/05\/pessoas_1746474362001-1024x576.jpg 1024w, https:\/\/www.correiobraziliense.com.br\/cbradar\/wp-content\/uploads\/2025\/05\/pessoas_1746474362001-300x169.jpg 300w, https:\/\/www.correiobraziliense.com.br\/cbradar\/wp-content\/uploads\/2025\/05\/pessoas_1746474362001-768x432.jpg 768w, https:\/\/www.correiobraziliense.com.br\/cbradar\/wp-content\/uploads\/2025\/05\/pessoas_1746474362001-750x422.jpg 750w, https:\/\/www.correiobraziliense.com.br\/cbradar\/wp-content\/uploads\/2025\/05\/pessoas_1746474362001-1140x641.jpg 1140w, https:\/\/www.correiobraziliense.com.br\/cbradar\/wp-content\/uploads\/2025\/05\/pessoas_1746474362001.jpg 1280w\" sizes=\"(max-width: 1024px) 100vw, 1024px\" \/><figcaption class=\"wp-element-caption\">pessoas. Cr\u00e9ditos: depositphotos.com \/ ArturVerkhovetskiy<\/figcaption><\/figure>\n\n\n\n<h2 class=\"wp-block-heading\">Qual \u00e9 o impacto dos ancestrais comuns na diversidade gen\u00e9tica?<\/h2>\n\n\n\n<p>O estudo liderado por <strong>Dr. Anthony Wilder Wohns<\/strong>, durante seu doutorado em <strong>Oxford<\/strong>, buscou reconstruir os genomas de nossos ancestrais para criar uma rede extensa de rela\u00e7\u00f5es. Essa rede permite estimar o tempo e o local de exist\u00eancia desses ancestrais. A metodologia \u00e9 especialmente poderosa por sua flexibilidade, podendo incorporar DNA antigo e moderno sem perder precis\u00e3o.<\/p>\n\n\n\n<p>Os pesquisadores utilizaram dados de oito bancos de dados distintos, abrangendo genomas humanos modernos e antigos, totalizando 3.609 sequ\u00eancias gen\u00f4micas de 215 popula\u00e7\u00f5es. Esses genomas antigos cobriam v\u00e1rias regi\u00f5es do mundo e datavam de milhares a mais de cem mil anos atr\u00e1s.<\/p>\n\n\n\n<h2 class=\"wp-block-heading\">Quais s\u00e3o as implica\u00e7\u00f5es futuras para a pesquisa gen\u00e9tica?<\/h2>\n\n\n\n<p>Apesar da riqueza do mapa geneal\u00f3gico como recurso, a equipe de pesquisa pretende aprimorar ainda mais sua abrang\u00eancia, integrando continuamente novos dados gen\u00e9ticos. A efici\u00eancia com que as sequ\u00eancias de \u00e1rvores armazenam dados implica que o conjunto de dados pode acomodar facilmente milh\u00f5es de genomas adicionais.<\/p>\n\n\n\n<p>Dr. Wong destacou que este estudo estabelece as bases para a pr\u00f3xima fase do sequenciamento de DNA. \u00c0 medida que a qualidade das sequ\u00eancias gen\u00f4micas de amostras modernas e antigas melhora, a precis\u00e3o das \u00e1rvores tamb\u00e9m aumentar\u00e1. Eventualmente, ser\u00e1 poss\u00edvel construir um mapa unificado que elucide a linhagem de toda a diversidade gen\u00e9tica humana observ\u00e1vel hoje.<\/p>\n\n\n\n<p>Al\u00e9m dos humanos, a metodologia tem aplica\u00e7\u00e3o potencial em outros organismos, desde orangotangos at\u00e9 bact\u00e9rias, e promete avan\u00e7os na gen\u00e9tica m\u00e9dica, ajudando a distinguir associa\u00e7\u00f5es genu\u00ednas entre regi\u00f5es gen\u00e9ticas e doen\u00e7as de conex\u00f5es esp\u00farias decorrentes de nossa hist\u00f3ria ancestral compartilhada.<\/p>\n","protected":false},"excerpt":{"rendered":"<p>Incr\u00edveis avan\u00e7os na pesquisa gen\u00e9tica revelam um novo mapa de nossa ancestralidade. Cientistas constroem uma \u00e1rvore geneal\u00f3gica massiva.<\/p>\n","protected":false},"author":3,"featured_media":32663,"comment_status":"open","ping_status":"open","sticky":false,"template":"","format":"standard","meta":{"_yoast_wpseo_focuskw":"origem ser humano","_yoast_wpseo_title":"%%title%%","_yoast_wpseo_metadesc":"Incr\u00edveis avan\u00e7os na pesquisa gen\u00e9tica revelam um novo mapa de nossa ancestralidade. Cientistas constroem uma \u00e1rvore geneal\u00f3gica massiva.","jnews-multi-image_gallery":[],"jnews_single_post":{"format":"standard"},"jnews_primary_category":[],"jnews_social_meta":[],"jnews_override_counter":[],"footnotes":""},"categories":[112],"post_tag":[4243,4242],"class_list":["post-32661","post","type-post","status-publish","format-standard","has-post-thumbnail","hentry","category-curiosidades","tag-origem","tag-ser-humano"],"yoast_head":"<!-- This site is optimized with the Yoast SEO plugin v24.6 - https:\/\/yoast.com\/wordpress\/plugins\/seo\/ -->\n<title>Todos os seres humanos vivos possuem uma \u00fanica origem em um pa\u00eds distante, conhe\u00e7a<\/title>\n<meta name=\"description\" content=\"Incr\u00edveis avan\u00e7os na pesquisa gen\u00e9tica revelam um novo mapa de nossa ancestralidade. Cientistas constroem uma \u00e1rvore geneal\u00f3gica massiva.\" \/>\n<meta name=\"robots\" content=\"index, follow, max-snippet:-1, max-image-preview:large, max-video-preview:-1\" \/>\n<link rel=\"canonical\" href=\"https:\/\/www.correiobraziliense.com.br\/cbradar\/todos-os-seres-humanos-vivos-possuem-uma-unica-origem-em-um-pais-distante-conheca\/\" \/>\n<meta property=\"og:locale\" content=\"pt_BR\" \/>\n<meta property=\"og:type\" content=\"article\" \/>\n<meta property=\"og:title\" content=\"Todos os seres humanos vivos possuem uma \u00fanica origem em um pa\u00eds distante, conhe\u00e7a\" \/>\n<meta property=\"og:description\" content=\"Incr\u00edveis avan\u00e7os na pesquisa gen\u00e9tica revelam um novo mapa de nossa ancestralidade. Cientistas constroem uma \u00e1rvore geneal\u00f3gica massiva.\" \/>\n<meta property=\"og:url\" content=\"https:\/\/www.correiobraziliense.com.br\/cbradar\/todos-os-seres-humanos-vivos-possuem-uma-unica-origem-em-um-pais-distante-conheca\/\" \/>\n<meta property=\"og:site_name\" content=\"Correio Braziliense - Radar\" \/>\n<meta property=\"article:published_time\" content=\"2025-05-07T01:10:00+00:00\" \/>\n<meta property=\"og:image\" content=\"https:\/\/www.correiobraziliense.com.br\/cbradar\/wp-content\/uploads\/2025\/05\/pessoas_1746474327835.jpg\" \/>\n\t<meta property=\"og:image:width\" content=\"1280\" \/>\n\t<meta property=\"og:image:height\" content=\"720\" \/>\n\t<meta property=\"og:image:type\" content=\"image\/jpeg\" \/>\n<meta name=\"author\" content=\"Larissa Carvalho\" \/>\n<meta name=\"twitter:card\" content=\"summary_large_image\" \/>\n<meta name=\"twitter:label1\" content=\"Escrito por\" \/>\n\t<meta name=\"twitter:data1\" content=\"Larissa Carvalho\" \/>\n\t<meta name=\"twitter:label2\" content=\"Est. tempo de leitura\" \/>\n\t<meta name=\"twitter:data2\" content=\"4 minutos\" \/>\n<!-- \/ Yoast SEO plugin. -->","yoast_head_json":{"title":"Todos os seres humanos vivos possuem uma \u00fanica origem em um pa\u00eds distante, conhe\u00e7a","description":"Incr\u00edveis avan\u00e7os na pesquisa gen\u00e9tica revelam um novo mapa de nossa ancestralidade. Cientistas constroem uma \u00e1rvore geneal\u00f3gica massiva.","robots":{"index":"index","follow":"follow","max-snippet":"max-snippet:-1","max-image-preview":"max-image-preview:large","max-video-preview":"max-video-preview:-1"},"canonical":"https:\/\/www.correiobraziliense.com.br\/cbradar\/todos-os-seres-humanos-vivos-possuem-uma-unica-origem-em-um-pais-distante-conheca\/","og_locale":"pt_BR","og_type":"article","og_title":"Todos os seres humanos vivos possuem uma \u00fanica origem em um pa\u00eds distante, conhe\u00e7a","og_description":"Incr\u00edveis avan\u00e7os na pesquisa gen\u00e9tica revelam um novo mapa de nossa ancestralidade. Cientistas constroem uma \u00e1rvore geneal\u00f3gica massiva.","og_url":"https:\/\/www.correiobraziliense.com.br\/cbradar\/todos-os-seres-humanos-vivos-possuem-uma-unica-origem-em-um-pais-distante-conheca\/","og_site_name":"Correio Braziliense - Radar","article_published_time":"2025-05-07T01:10:00+00:00","og_image":[{"width":1280,"height":720,"url":"https:\/\/www.correiobraziliense.com.br\/cbradar\/wp-content\/uploads\/2025\/05\/pessoas_1746474327835.jpg","type":"image\/jpeg"}],"author":"Larissa Carvalho","twitter_card":"summary_large_image","twitter_misc":{"Escrito por":"Larissa Carvalho","Est. tempo de leitura":"4 minutos"},"schema":{"@context":"https:\/\/schema.org","@graph":[{"@type":"WebPage","@id":"https:\/\/www.correiobraziliense.com.br\/cbradar\/todos-os-seres-humanos-vivos-possuem-uma-unica-origem-em-um-pais-distante-conheca\/","url":"https:\/\/www.correiobraziliense.com.br\/cbradar\/todos-os-seres-humanos-vivos-possuem-uma-unica-origem-em-um-pais-distante-conheca\/","name":"Todos os seres humanos vivos possuem uma \u00fanica origem em um pa\u00eds distante, conhe\u00e7a","isPartOf":{"@id":"https:\/\/www.correiobraziliense.com.br\/cbradar\/#website"},"primaryImageOfPage":{"@id":"https:\/\/www.correiobraziliense.com.br\/cbradar\/todos-os-seres-humanos-vivos-possuem-uma-unica-origem-em-um-pais-distante-conheca\/#primaryimage"},"image":{"@id":"https:\/\/www.correiobraziliense.com.br\/cbradar\/todos-os-seres-humanos-vivos-possuem-uma-unica-origem-em-um-pais-distante-conheca\/#primaryimage"},"thumbnailUrl":"https:\/\/www.correiobraziliense.com.br\/cbradar\/wp-content\/uploads\/2025\/05\/pessoas_1746474327835.jpg","datePublished":"2025-05-07T01:10:00+00:00","author":{"@id":"https:\/\/www.correiobraziliense.com.br\/cbradar\/#\/schema\/person\/58422787644df994b53a19d3e56c1513"},"description":"Incr\u00edveis avan\u00e7os na pesquisa gen\u00e9tica revelam um novo mapa de nossa ancestralidade. Cientistas constroem uma \u00e1rvore geneal\u00f3gica massiva.","breadcrumb":{"@id":"https:\/\/www.correiobraziliense.com.br\/cbradar\/todos-os-seres-humanos-vivos-possuem-uma-unica-origem-em-um-pais-distante-conheca\/#breadcrumb"},"inLanguage":"pt-BR","potentialAction":[{"@type":"ReadAction","target":["https:\/\/www.correiobraziliense.com.br\/cbradar\/todos-os-seres-humanos-vivos-possuem-uma-unica-origem-em-um-pais-distante-conheca\/"]}]},{"@type":"ImageObject","inLanguage":"pt-BR","@id":"https:\/\/www.correiobraziliense.com.br\/cbradar\/todos-os-seres-humanos-vivos-possuem-uma-unica-origem-em-um-pais-distante-conheca\/#primaryimage","url":"https:\/\/www.correiobraziliense.com.br\/cbradar\/wp-content\/uploads\/2025\/05\/pessoas_1746474327835.jpg","contentUrl":"https:\/\/www.correiobraziliense.com.br\/cbradar\/wp-content\/uploads\/2025\/05\/pessoas_1746474327835.jpg","width":1280,"height":720,"caption":"pessoas. Cr\u00e9ditos: depositphotos.com \/ MarkB"},{"@type":"BreadcrumbList","@id":"https:\/\/www.correiobraziliense.com.br\/cbradar\/todos-os-seres-humanos-vivos-possuem-uma-unica-origem-em-um-pais-distante-conheca\/#breadcrumb","itemListElement":[{"@type":"ListItem","position":1,"name":"In\u00edcio","item":"https:\/\/www.correiobraziliense.com.br\/cbradar\/"},{"@type":"ListItem","position":2,"name":"Todos os seres humanos vivos possuem uma \u00fanica origem em um pa\u00eds distante, conhe\u00e7a"}]},{"@type":"WebSite","@id":"https:\/\/www.correiobraziliense.com.br\/cbradar\/#website","url":"https:\/\/www.correiobraziliense.com.br\/cbradar\/","name":"Correio Braziliense - Radar","description":"Acompanhe as \u00faltimas not\u00edcias e fique bem informado sobre tudo o que acontece no Brasil e no mundo.","potentialAction":[{"@type":"SearchAction","target":{"@type":"EntryPoint","urlTemplate":"https:\/\/www.correiobraziliense.com.br\/cbradar\/?s={search_term_string}"},"query-input":{"@type":"PropertyValueSpecification","valueRequired":true,"valueName":"search_term_string"}}],"inLanguage":"pt-BR"},{"@type":"Person","@id":"https:\/\/www.correiobraziliense.com.br\/cbradar\/#\/schema\/person\/58422787644df994b53a19d3e56c1513","name":"Larissa Carvalho","image":{"@type":"ImageObject","inLanguage":"pt-BR","@id":"https:\/\/www.correiobraziliense.com.br\/cbradar\/#\/schema\/person\/image\/","url":"https:\/\/secure.gravatar.com\/avatar\/fe4f91a0de32b52a838d0d612abdc1aa?s=96&d=mm&r=g","contentUrl":"https:\/\/secure.gravatar.com\/avatar\/fe4f91a0de32b52a838d0d612abdc1aa?s=96&d=mm&r=g","caption":"Larissa Carvalho"},"url":"https:\/\/www.correiobraziliense.com.br\/cbradar\/author\/larissamyth\/"}]}},"_links":{"self":[{"href":"https:\/\/www.correiobraziliense.com.br\/cbradar\/wp-json\/wp\/v2\/posts\/32661","targetHints":{"allow":["GET"]}}],"collection":[{"href":"https:\/\/www.correiobraziliense.com.br\/cbradar\/wp-json\/wp\/v2\/posts"}],"about":[{"href":"https:\/\/www.correiobraziliense.com.br\/cbradar\/wp-json\/wp\/v2\/types\/post"}],"author":[{"embeddable":true,"href":"https:\/\/www.correiobraziliense.com.br\/cbradar\/wp-json\/wp\/v2\/users\/3"}],"replies":[{"embeddable":true,"href":"https:\/\/www.correiobraziliense.com.br\/cbradar\/wp-json\/wp\/v2\/comments?post=32661"}],"version-history":[{"count":2,"href":"https:\/\/www.correiobraziliense.com.br\/cbradar\/wp-json\/wp\/v2\/posts\/32661\/revisions"}],"predecessor-version":[{"id":32665,"href":"https:\/\/www.correiobraziliense.com.br\/cbradar\/wp-json\/wp\/v2\/posts\/32661\/revisions\/32665"}],"wp:featuredmedia":[{"embeddable":true,"href":"https:\/\/www.correiobraziliense.com.br\/cbradar\/wp-json\/wp\/v2\/media\/32663"}],"wp:attachment":[{"href":"https:\/\/www.correiobraziliense.com.br\/cbradar\/wp-json\/wp\/v2\/media?parent=32661"}],"wp:term":[{"taxonomy":"category","embeddable":true,"href":"https:\/\/www.correiobraziliense.com.br\/cbradar\/wp-json\/wp\/v2\/categories?post=32661"},{"taxonomy":"post_tag","embeddable":true,"href":"https:\/\/www.correiobraziliense.com.br\/cbradar\/wp-json\/wp\/v2\/post_tag?post=32661"}],"curies":[{"name":"wp","href":"https:\/\/api.w.org\/{rel}","templated":true}]}}