{"id":32691,"date":"2025-05-06T15:30:00","date_gmt":"2025-05-06T18:30:00","guid":{"rendered":"https:\/\/www.correiobraziliense.com.br\/cbradar\/?p=32691"},"modified":"2025-05-05T18:24:32","modified_gmt":"2025-05-05T21:24:32","slug":"serie-magica-para-quem-ama-contos-de-fadas-com-um-toque-sombrio","status":"publish","type":"post","link":"https:\/\/www.correiobraziliense.com.br\/cbradar\/serie-magica-para-quem-ama-contos-de-fadas-com-um-toque-sombrio\/","title":{"rendered":"S\u00e9rie m\u00e1gica para quem ama contos de fadas com um toque sombrio"},"content":{"rendered":"\n<p><strong>Once Upon a Time<\/strong> \u00e9 uma s\u00e9rie de fantasia e drama que estreou em <strong>2011<\/strong> pela <strong>ABC<\/strong>, criada por <strong>Edward Kitsis<\/strong> e <strong>Adam Horowitz<\/strong>, roteiristas de <em>Lost<\/em>. A proposta da s\u00e9rie \u00e9 ousada: transportar personagens cl\u00e1ssicos dos contos de fadas para o mundo real, colocando-os diante de dilemas humanos, morais e emocionais.<\/p>\n\n\n\n<p>Com uma narrativa cheia de reviravoltas, m\u00faltiplas linhas temporais e interpreta\u00e7\u00f5es modernas de hist\u00f3rias como <strong><em>Branca de Neve<\/em>, <em>Cinderela<\/em>, <em>Capit\u00e3o Gancho<\/em> e <em>Bela e a Fera<\/em><\/strong>, <em>Once Upon a Time<\/em> conquistou uma base fiel de f\u00e3s ao longo de sete temporadas.<\/p>\n\n\n\n<h2 class=\"wp-block-heading\">Qual a hist\u00f3ria de Once Upon a Time?<\/h2>\n\n\n\n<p>A s\u00e9rie come\u00e7a com <strong>Emma Swan<\/strong>, uma mulher c\u00e9tica que vive sozinha em Boston, at\u00e9 que um menino chamado <strong>Henry<\/strong> bate \u00e0 sua porta dizendo ser seu filho e que ela \u00e9 a \u00fanica capaz de quebrar uma maldi\u00e7\u00e3o poderosa.<\/p>\n\n\n\n<p>Henry vive em <strong>Storybrooke<\/strong>, uma cidade fict\u00edcia onde todos os moradores s\u00e3o, na verdade, personagens de contos de fadas que perderam suas mem\u00f3rias devido a um feiti\u00e7o lan\u00e7ado pela <strong>Rainha M\u00e1<\/strong>, tamb\u00e9m conhecida como <strong>Regina Mills<\/strong>.<\/p>\n\n\n\n<p>Emma, sem saber, \u00e9 filha da <strong>Branca de Neve<\/strong> e do <strong>Pr\u00edncipe Encantado<\/strong>, e tem um papel central na luta para restaurar as mem\u00f3rias e os finais felizes de todos. A partir da\u00ed, a s\u00e9rie alterna entre o mundo real e flashbacks dos reinos encantados, explorando as origens, conflitos e segredos dos personagens.<\/p>\n\n\n\n<figure class=\"wp-block-image size-large\"><img decoding=\"async\" width=\"1024\" height=\"576\" src=\"https:\/\/www.correiobraziliense.com.br\/cbradar\/wp-content\/uploads\/2025\/05\/Once-Upon-a-Time-1024x576.png\" alt=\"S\u00e9rie m\u00e1gica para quem ama contos de fadas com um toque sombrio\" class=\"wp-image-32693\" srcset=\"https:\/\/www.correiobraziliense.com.br\/cbradar\/wp-content\/uploads\/2025\/05\/Once-Upon-a-Time-1024x576.png 1024w, https:\/\/www.correiobraziliense.com.br\/cbradar\/wp-content\/uploads\/2025\/05\/Once-Upon-a-Time-300x169.png 300w, https:\/\/www.correiobraziliense.com.br\/cbradar\/wp-content\/uploads\/2025\/05\/Once-Upon-a-Time-768x432.png 768w, https:\/\/www.correiobraziliense.com.br\/cbradar\/wp-content\/uploads\/2025\/05\/Once-Upon-a-Time-750x422.png 750w, https:\/\/www.correiobraziliense.com.br\/cbradar\/wp-content\/uploads\/2025\/05\/Once-Upon-a-Time-1140x641.png 1140w, https:\/\/www.correiobraziliense.com.br\/cbradar\/wp-content\/uploads\/2025\/05\/Once-Upon-a-Time.png 1280w\" sizes=\"(max-width: 1024px) 100vw, 1024px\" \/><figcaption class=\"wp-element-caption\">Once Upon a Time. Fonte: divulga\u00e7\u00e3o \/ Disney<\/figcaption><\/figure>\n\n\n\n<h2 class=\"wp-block-heading\">Quais temas Once Upon a Time aborda?<\/h2>\n\n\n\n<p>Apesar do visual fantasioso, <em>Once Upon a Time<\/em> trata de temas universais e profundos:<\/p>\n\n\n\n<ul class=\"wp-block-list\">\n<li>Reden\u00e7\u00e3o, perd\u00e3o e segunda chance;<\/li>\n\n\n\n<li>Identidade e autoconhecimento;<\/li>\n\n\n\n<li>Bem versus mal sob novas perspectivas;<\/li>\n\n\n\n<li>Amor verdadeiro, sacrif\u00edcio e la\u00e7os familiares.<\/li>\n<\/ul>\n\n\n\n<p>Os vil\u00f5es t\u00eam motiva\u00e7\u00f5es complexas, os her\u00f3is cometem erros, e todos os personagens passam por jornadas emocionais de crescimento, o que torna a s\u00e9rie muito mais do que uma releitura infantil.<\/p>\n\n\n\n<h2 class=\"wp-block-heading\">Vale a pena assistir Once Upon a Time?<\/h2>\n\n\n\n<p>Sim \u2014 especialmente se voc\u00ea gosta de fantasia, reinterpreta\u00e7\u00f5es criativas e personagens emocionalmente complexos. <em>Once Upon a Time<\/em> \u00e9 encantadora, envolvente e cheia de momentos \u00e9picos e emocionantes.<\/p>\n\n\n\n<p>O enredo \u00e9 constru\u00eddo com m\u00faltiplas camadas e mant\u00e9m o mist\u00e9rio em torno das conex\u00f5es entre personagens e eventos. Ao mesmo tempo, cada temporada introduz novos arcos inspirados em universos como <em>Frozen<\/em>, <em>Peter Pan<\/em>, <em>Aladdin<\/em> e at\u00e9 <em>Rei Arthur<\/em>.<\/p>\n\n\n\n<p>A s\u00e9rie tamb\u00e9m \u00e9 uma \u00f3tima op\u00e7\u00e3o para assistir em fam\u00edlia, oferecendo tanto magia quanto li\u00e7\u00f5es valiosas.<\/p>\n\n\n\n<iframe loading=\"lazy\" width=\"560\" height=\"315\" src=\"https:\/\/www.youtube.com\/embed\/i3DmXlM2h9E?si=q52vXEXg1ITPh2Hd\" title=\"YouTube video player\" frameborder=\"0\" allow=\"accelerometer; autoplay; clipboard-write; encrypted-media; gyroscope; picture-in-picture; web-share\" referrerpolicy=\"strict-origin-when-cross-origin\" allowfullscreen><\/iframe>\n\n\n\n<h2 class=\"wp-block-heading\">O que diferencia Once Upon a Time de outras s\u00e9ries de fantasia?<\/h2>\n\n\n\n<p>O grande diferencial de <em>Once Upon a Time<\/em> \u00e9 a forma como conecta hist\u00f3rias cl\u00e1ssicas com narrativas contempor\u00e2neas, transformando personagens conhecidos em figuras surpreendentemente humanas e cheias de falhas.<\/p>\n\n\n\n<p>Al\u00e9m disso, a s\u00e9rie promove representatividade, diversidade e valores positivos sem perder o tom m\u00e1gico e aventuresco. A constru\u00e7\u00e3o do universo \u00e9 rica e coesa, com uma mitologia pr\u00f3pria que sustenta as sete temporadas com consist\u00eancia.<\/p>\n\n\n\n<h2 class=\"wp-block-heading\">FAQ &#8211; Perguntas Frequentes<\/h2>\n\n\n\n<ul class=\"wp-block-list\">\n<li><strong>Onde assistir?<\/strong><br><em>Once Upon a Time<\/em> est\u00e1 dispon\u00edvel no cat\u00e1logo da <strong>Disney+<\/strong>.<\/li>\n\n\n\n<li><strong>Quem est\u00e1 no elenco?<\/strong>\n<ul class=\"wp-block-list\">\n<li><strong>Jennifer Morrison<\/strong> como Emma Swan<\/li>\n\n\n\n<li><strong>Lana Parrilla<\/strong> como Regina Mills \/ Rainha M\u00e1<\/li>\n\n\n\n<li><strong>Ginnifer Goodwin<\/strong> como Branca de Neve \/ Mary Margaret<\/li>\n\n\n\n<li><strong>Josh Dallas<\/strong> como Pr\u00edncipe Encantado \/ David<\/li>\n\n\n\n<li><strong>Robert Carlyle<\/strong> como Rumplestiltskin \/ Sr. Gold<\/li>\n\n\n\n<li><strong>Colin O&#8217;Donoghue<\/strong>, <strong>Emilie de Ravin<\/strong>, entre outros.<\/li>\n<\/ul>\n<\/li>\n\n\n\n<li><strong>Quantas temporadas tem?<\/strong><br>A s\u00e9rie tem <strong>7 temporadas<\/strong>, com um total de 155 epis\u00f3dios.<\/li>\n\n\n\n<li><strong>J\u00e1 acabou?<\/strong><br>Sim. <em>Once Upon a Time<\/em> foi finalizada em <strong>2018<\/strong>, com um arco completo e conclusivo.<\/li>\n\n\n\n<li><strong>Qual o ano de lan\u00e7amento?<\/strong><br><em>Once Upon a Time<\/em> estreou em <strong>2011<\/strong>.<\/li>\n\n\n\n<li><strong>Quem produziu a s\u00e9rie?<\/strong><br>Produzida pela <strong>ABC Studios<\/strong> e <strong>Kitsis\/Horowitz<\/strong>, com distribui\u00e7\u00e3o da <strong>Disney<\/strong>.<\/li>\n<\/ul>\n","protected":false},"excerpt":{"rendered":"<p>Once Upon a Time reinventa contos de fadas em uma s\u00e9rie cheia de magia, reviravoltas e emo\u00e7\u00e3o, onde vil\u00f5es e her\u00f3is trocam de lugar.<\/p>\n","protected":false},"author":3,"featured_media":32692,"comment_status":"open","ping_status":"open","sticky":false,"template":"","format":"standard","meta":{"_yoast_wpseo_focuskw":"Once Upon a Time","_yoast_wpseo_title":"%%title%%","_yoast_wpseo_metadesc":"Once Upon a Time reinventa contos de fadas em uma s\u00e9rie cheia de magia, reviravoltas e emo\u00e7\u00e3o, onde vil\u00f5es e her\u00f3is trocam de lugar.","jnews-multi-image_gallery":[],"jnews_single_post":{"format":"standard"},"jnews_primary_category":[],"jnews_social_meta":[],"jnews_override_counter":[],"footnotes":""},"categories":[140],"post_tag":[568],"class_list":["post-32691","post","type-post","status-publish","format-standard","has-post-thumbnail","hentry","category-entretenimento","tag-series-e-filmes"],"yoast_head":"<!-- This site is optimized with the Yoast SEO plugin v24.6 - https:\/\/yoast.com\/wordpress\/plugins\/seo\/ -->\n<title>S\u00e9rie m\u00e1gica para quem ama contos de fadas com um toque sombrio<\/title>\n<meta name=\"description\" content=\"Once Upon a Time reinventa contos de fadas em uma s\u00e9rie cheia de magia, reviravoltas e emo\u00e7\u00e3o, onde vil\u00f5es e her\u00f3is trocam de lugar.\" \/>\n<meta name=\"robots\" content=\"index, follow, max-snippet:-1, max-image-preview:large, max-video-preview:-1\" \/>\n<link rel=\"canonical\" href=\"https:\/\/www.correiobraziliense.com.br\/cbradar\/serie-magica-para-quem-ama-contos-de-fadas-com-um-toque-sombrio\/\" \/>\n<meta property=\"og:locale\" content=\"pt_BR\" \/>\n<meta property=\"og:type\" content=\"article\" \/>\n<meta property=\"og:title\" content=\"S\u00e9rie m\u00e1gica para quem ama contos de fadas com um toque sombrio\" \/>\n<meta property=\"og:description\" content=\"Once Upon a Time reinventa contos de fadas em uma s\u00e9rie cheia de magia, reviravoltas e emo\u00e7\u00e3o, onde vil\u00f5es e her\u00f3is trocam de lugar.\" \/>\n<meta property=\"og:url\" content=\"https:\/\/www.correiobraziliense.com.br\/cbradar\/serie-magica-para-quem-ama-contos-de-fadas-com-um-toque-sombrio\/\" \/>\n<meta property=\"og:site_name\" content=\"Correio Braziliense - Radar\" \/>\n<meta property=\"article:published_time\" content=\"2025-05-06T18:30:00+00:00\" \/>\n<meta property=\"og:image\" content=\"https:\/\/www.correiobraziliense.com.br\/cbradar\/wp-content\/uploads\/2025\/05\/Once-Upon-a-Time-2.png\" \/>\n\t<meta property=\"og:image:width\" content=\"1280\" \/>\n\t<meta property=\"og:image:height\" content=\"720\" \/>\n\t<meta property=\"og:image:type\" content=\"image\/png\" \/>\n<meta name=\"author\" content=\"Larissa Carvalho\" \/>\n<meta name=\"twitter:card\" content=\"summary_large_image\" \/>\n<meta name=\"twitter:label1\" content=\"Escrito por\" \/>\n\t<meta name=\"twitter:data1\" content=\"Larissa Carvalho\" \/>\n\t<meta name=\"twitter:label2\" content=\"Est. tempo de leitura\" \/>\n\t<meta name=\"twitter:data2\" content=\"4 minutos\" \/>\n<!-- \/ Yoast SEO plugin. -->","yoast_head_json":{"title":"S\u00e9rie m\u00e1gica para quem ama contos de fadas com um toque sombrio","description":"Once Upon a Time reinventa contos de fadas em uma s\u00e9rie cheia de magia, reviravoltas e emo\u00e7\u00e3o, onde vil\u00f5es e her\u00f3is trocam de lugar.","robots":{"index":"index","follow":"follow","max-snippet":"max-snippet:-1","max-image-preview":"max-image-preview:large","max-video-preview":"max-video-preview:-1"},"canonical":"https:\/\/www.correiobraziliense.com.br\/cbradar\/serie-magica-para-quem-ama-contos-de-fadas-com-um-toque-sombrio\/","og_locale":"pt_BR","og_type":"article","og_title":"S\u00e9rie m\u00e1gica para quem ama contos de fadas com um toque sombrio","og_description":"Once Upon a Time reinventa contos de fadas em uma s\u00e9rie cheia de magia, reviravoltas e emo\u00e7\u00e3o, onde vil\u00f5es e her\u00f3is trocam de lugar.","og_url":"https:\/\/www.correiobraziliense.com.br\/cbradar\/serie-magica-para-quem-ama-contos-de-fadas-com-um-toque-sombrio\/","og_site_name":"Correio Braziliense - Radar","article_published_time":"2025-05-06T18:30:00+00:00","og_image":[{"width":1280,"height":720,"url":"https:\/\/www.correiobraziliense.com.br\/cbradar\/wp-content\/uploads\/2025\/05\/Once-Upon-a-Time-2.png","type":"image\/png"}],"author":"Larissa Carvalho","twitter_card":"summary_large_image","twitter_misc":{"Escrito por":"Larissa Carvalho","Est. tempo de leitura":"4 minutos"},"schema":{"@context":"https:\/\/schema.org","@graph":[{"@type":"WebPage","@id":"https:\/\/www.correiobraziliense.com.br\/cbradar\/serie-magica-para-quem-ama-contos-de-fadas-com-um-toque-sombrio\/","url":"https:\/\/www.correiobraziliense.com.br\/cbradar\/serie-magica-para-quem-ama-contos-de-fadas-com-um-toque-sombrio\/","name":"S\u00e9rie m\u00e1gica para quem ama contos de fadas com um toque sombrio","isPartOf":{"@id":"https:\/\/www.correiobraziliense.com.br\/cbradar\/#website"},"primaryImageOfPage":{"@id":"https:\/\/www.correiobraziliense.com.br\/cbradar\/serie-magica-para-quem-ama-contos-de-fadas-com-um-toque-sombrio\/#primaryimage"},"image":{"@id":"https:\/\/www.correiobraziliense.com.br\/cbradar\/serie-magica-para-quem-ama-contos-de-fadas-com-um-toque-sombrio\/#primaryimage"},"thumbnailUrl":"https:\/\/www.correiobraziliense.com.br\/cbradar\/wp-content\/uploads\/2025\/05\/Once-Upon-a-Time-2.png","datePublished":"2025-05-06T18:30:00+00:00","author":{"@id":"https:\/\/www.correiobraziliense.com.br\/cbradar\/#\/schema\/person\/58422787644df994b53a19d3e56c1513"},"description":"Once Upon a Time reinventa contos de fadas em uma s\u00e9rie cheia de magia, reviravoltas e emo\u00e7\u00e3o, onde vil\u00f5es e her\u00f3is trocam de lugar.","breadcrumb":{"@id":"https:\/\/www.correiobraziliense.com.br\/cbradar\/serie-magica-para-quem-ama-contos-de-fadas-com-um-toque-sombrio\/#breadcrumb"},"inLanguage":"pt-BR","potentialAction":[{"@type":"ReadAction","target":["https:\/\/www.correiobraziliense.com.br\/cbradar\/serie-magica-para-quem-ama-contos-de-fadas-com-um-toque-sombrio\/"]}]},{"@type":"ImageObject","inLanguage":"pt-BR","@id":"https:\/\/www.correiobraziliense.com.br\/cbradar\/serie-magica-para-quem-ama-contos-de-fadas-com-um-toque-sombrio\/#primaryimage","url":"https:\/\/www.correiobraziliense.com.br\/cbradar\/wp-content\/uploads\/2025\/05\/Once-Upon-a-Time-2.png","contentUrl":"https:\/\/www.correiobraziliense.com.br\/cbradar\/wp-content\/uploads\/2025\/05\/Once-Upon-a-Time-2.png","width":1280,"height":720,"caption":"Once Upon a Time. Fonte: divulga\u00e7\u00e3o \/ Disney"},{"@type":"BreadcrumbList","@id":"https:\/\/www.correiobraziliense.com.br\/cbradar\/serie-magica-para-quem-ama-contos-de-fadas-com-um-toque-sombrio\/#breadcrumb","itemListElement":[{"@type":"ListItem","position":1,"name":"In\u00edcio","item":"https:\/\/www.correiobraziliense.com.br\/cbradar\/"},{"@type":"ListItem","position":2,"name":"S\u00e9rie m\u00e1gica para quem ama contos de fadas com um toque sombrio"}]},{"@type":"WebSite","@id":"https:\/\/www.correiobraziliense.com.br\/cbradar\/#website","url":"https:\/\/www.correiobraziliense.com.br\/cbradar\/","name":"Correio Braziliense - Radar","description":"Acompanhe as \u00faltimas not\u00edcias e fique bem informado sobre tudo o que acontece no Brasil e no mundo.","potentialAction":[{"@type":"SearchAction","target":{"@type":"EntryPoint","urlTemplate":"https:\/\/www.correiobraziliense.com.br\/cbradar\/?s={search_term_string}"},"query-input":{"@type":"PropertyValueSpecification","valueRequired":true,"valueName":"search_term_string"}}],"inLanguage":"pt-BR"},{"@type":"Person","@id":"https:\/\/www.correiobraziliense.com.br\/cbradar\/#\/schema\/person\/58422787644df994b53a19d3e56c1513","name":"Larissa Carvalho","image":{"@type":"ImageObject","inLanguage":"pt-BR","@id":"https:\/\/www.correiobraziliense.com.br\/cbradar\/#\/schema\/person\/image\/","url":"https:\/\/secure.gravatar.com\/avatar\/fe4f91a0de32b52a838d0d612abdc1aa?s=96&d=mm&r=g","contentUrl":"https:\/\/secure.gravatar.com\/avatar\/fe4f91a0de32b52a838d0d612abdc1aa?s=96&d=mm&r=g","caption":"Larissa Carvalho"},"url":"https:\/\/www.correiobraziliense.com.br\/cbradar\/author\/larissamyth\/"}]}},"_links":{"self":[{"href":"https:\/\/www.correiobraziliense.com.br\/cbradar\/wp-json\/wp\/v2\/posts\/32691","targetHints":{"allow":["GET"]}}],"collection":[{"href":"https:\/\/www.correiobraziliense.com.br\/cbradar\/wp-json\/wp\/v2\/posts"}],"about":[{"href":"https:\/\/www.correiobraziliense.com.br\/cbradar\/wp-json\/wp\/v2\/types\/post"}],"author":[{"embeddable":true,"href":"https:\/\/www.correiobraziliense.com.br\/cbradar\/wp-json\/wp\/v2\/users\/3"}],"replies":[{"embeddable":true,"href":"https:\/\/www.correiobraziliense.com.br\/cbradar\/wp-json\/wp\/v2\/comments?post=32691"}],"version-history":[{"count":1,"href":"https:\/\/www.correiobraziliense.com.br\/cbradar\/wp-json\/wp\/v2\/posts\/32691\/revisions"}],"predecessor-version":[{"id":32694,"href":"https:\/\/www.correiobraziliense.com.br\/cbradar\/wp-json\/wp\/v2\/posts\/32691\/revisions\/32694"}],"wp:featuredmedia":[{"embeddable":true,"href":"https:\/\/www.correiobraziliense.com.br\/cbradar\/wp-json\/wp\/v2\/media\/32692"}],"wp:attachment":[{"href":"https:\/\/www.correiobraziliense.com.br\/cbradar\/wp-json\/wp\/v2\/media?parent=32691"}],"wp:term":[{"taxonomy":"category","embeddable":true,"href":"https:\/\/www.correiobraziliense.com.br\/cbradar\/wp-json\/wp\/v2\/categories?post=32691"},{"taxonomy":"post_tag","embeddable":true,"href":"https:\/\/www.correiobraziliense.com.br\/cbradar\/wp-json\/wp\/v2\/post_tag?post=32691"}],"curies":[{"name":"wp","href":"https:\/\/api.w.org\/{rel}","templated":true}]}}