{"id":32703,"date":"2025-05-06T10:50:00","date_gmt":"2025-05-06T13:50:00","guid":{"rendered":"https:\/\/www.correiobraziliense.com.br\/cbradar\/?p=32703"},"modified":"2025-05-05T18:27:52","modified_gmt":"2025-05-05T21:27:52","slug":"qual-e-o-valor-do-patrimonio-da-abby-de-the-last-of-us","status":"publish","type":"post","link":"https:\/\/www.correiobraziliense.com.br\/cbradar\/qual-e-o-valor-do-patrimonio-da-abby-de-the-last-of-us\/","title":{"rendered":"Qual \u00e9 o valor do patrim\u00f4nio da &#8216;Abby&#8217; de The Last of Us?"},"content":{"rendered":"\n<p>A jornada de <strong><a href=\"https:\/\/en.wikipedia.org\/wiki\/Kaitlyn_Dever\" target=\"_blank\" rel=\"noreferrer noopener\">Kaitlyn Dever<\/a><\/strong> no mundo do entretenimento come\u00e7ou de maneira precoce, com a jovem atriz demonstrando desde muito cedo uma paix\u00e3o pelo palco e pela atua\u00e7\u00e3o. Nascida em <strong>Phoenix, Arizona<\/strong>, <strong>Kaitlyn<\/strong> iniciou sua carreira aos <strong>11 anos<\/strong>, quando come\u00e7ou a fazer pequenas participa\u00e7\u00f5es em comerciais de TV. Seu interesse por atuar cresceu rapidamente, e logo ela estava buscando pap\u00e9is em produ\u00e7\u00f5es televisivas e cinematogr\u00e1ficas.<\/p>\n\n\n\n<p>Foi em <strong>2009<\/strong>, quando <strong>Kaitlyn<\/strong> foi escalada para o papel de &#8220;<strong>Loretta McCready<\/strong>&#8221; em uma s\u00e9rie de destaque, que sua carreira realmente decolou. Sua atua\u00e7\u00e3o, natural e cheia de carisma, chamou a aten\u00e7\u00e3o de cr\u00edticos e produtores, levando-a a uma s\u00e9rie de oportunidades no cinema e na televis\u00e3o.<\/p>\n\n\n\n<p>Sua trajet\u00f3ria tamb\u00e9m inclui participa\u00e7\u00f5es em programas populares como <strong>&#8220;Justified&#8221;<\/strong> e sua atua\u00e7\u00e3o marcante em filmes como <strong>&#8220;Short Term 12&#8221;<\/strong>, que solidificaram seu nome como uma das promessas da ind\u00fastria.<\/p>\n\n\n\n<h2 class=\"wp-block-heading\">Quais s\u00e3o as conquistas de Kaitlyn Dever?<\/h2>\n\n\n\n<p>Com uma carreira repleta de marcos, <strong>Kaitlyn Dever<\/strong> tem uma impressionante lista de conquistas que a colocam entre as jovens atrizes mais respeitadas de sua gera\u00e7\u00e3o. Um dos maiores feitos de <strong>Kaitlyn<\/strong> foi sua performance no filme <strong>&#8220;Booksmart&#8221;<\/strong> (2019), uma com\u00e9dia que a colocou no centro das aten\u00e7\u00f5es. Sua atua\u00e7\u00e3o ao lado de <strong>Beanie Feldstein<\/strong> a rendeu elogios da cr\u00edtica e diversas indica\u00e7\u00f5es a pr\u00eamios.<\/p>\n\n\n\n<p>Al\u00e9m disso, <strong>Kaitlyn<\/strong> ganhou reconhecimento por seu papel em <strong>&#8220;Unbelievable&#8221;<\/strong>, uma s\u00e9rie da <strong>Netflix<\/strong> em que ela interpreta uma jovem v\u00edtima de abuso sexual. Sua performance foi amplamente aclamada, levando-a a ser indicada ao <strong>Pr\u00eamio Emmy<\/strong> de <strong>Melhor Atriz Coadjuvante em S\u00e9rie Limitada ou Filme para Televis\u00e3o<\/strong>.<\/p>\n\n\n\n<p>Sua habilidade de transitar entre diferentes g\u00eaneros cinematogr\u00e1ficos, do drama \u00e0 com\u00e9dia, \u00e9 um dos fatores que torna sua carreira t\u00e3o not\u00e1vel. <strong>Kaitlyn<\/strong> tamb\u00e9m recebeu pr\u00eamios como o <strong>Critics\u2019 Choice Award<\/strong> e o <strong>Satellite Award<\/strong>, consolidando ainda mais sua posi\u00e7\u00e3o como uma atriz de talento excepcional.<\/p>\n\n\n<div class=\"wp-block-image\">\n<figure class=\"aligncenter size-large\"><img decoding=\"async\" width=\"1024\" height=\"576\" src=\"https:\/\/www.correiobraziliense.com.br\/cbradar\/wp-content\/uploads\/2025\/05\/Edicoes-76-1024x576.png\" alt=\"Qual \u00e9 o valor do patrim\u00f4nio da 'Abby' de The Last of Us?\" class=\"wp-image-32451\" srcset=\"https:\/\/www.correiobraziliense.com.br\/cbradar\/wp-content\/uploads\/2025\/05\/Edicoes-76-1024x576.png 1024w, https:\/\/www.correiobraziliense.com.br\/cbradar\/wp-content\/uploads\/2025\/05\/Edicoes-76-300x169.png 300w, https:\/\/www.correiobraziliense.com.br\/cbradar\/wp-content\/uploads\/2025\/05\/Edicoes-76-768x432.png 768w, https:\/\/www.correiobraziliense.com.br\/cbradar\/wp-content\/uploads\/2025\/05\/Edicoes-76-750x422.png 750w, https:\/\/www.correiobraziliense.com.br\/cbradar\/wp-content\/uploads\/2025\/05\/Edicoes-76-1140x641.png 1140w, https:\/\/www.correiobraziliense.com.br\/cbradar\/wp-content\/uploads\/2025\/05\/Edicoes-76.png 1280w\" sizes=\"(max-width: 1024px) 100vw, 1024px\" \/><figcaption class=\"wp-element-caption\">Kaitlyn Dever \/\/ Reprodu\u00e7\u00e3o: IMDb (Foto\/Divulga\u00e7\u00e3o)<\/figcaption><\/figure><\/div>\n\n\n<h2 class=\"wp-block-heading\">Curiosidades sobre a Kaitlyn Dever?<\/h2>\n\n\n\n<p>Como toda grande estrela, <strong>Kaitlyn Dever<\/strong> possui algumas curiosidades interessantes sobre sua vida pessoal e profissional. Uma das mais not\u00e1veis \u00e9 que, al\u00e9m de atriz, <strong>Kaitlyn<\/strong> tem um profundo interesse pela m\u00fasica. Ela toca guitarra e \u00e9 apaixonada por compor, embora seu trabalho principal ainda seja a atua\u00e7\u00e3o.<\/p>\n\n\n\n<p>Outro aspecto fascinante da vida de <strong>Kaitlyn<\/strong> \u00e9 seu envolvimento com causas sociais. Ela \u00e9 uma defensora ativa de quest\u00f5es como a sa\u00fade mental e os direitos das mulheres. Seu trabalho em <strong>&#8220;Unbelievable&#8221;<\/strong> n\u00e3o s\u00f3 a trouxe para os holofotes, mas tamb\u00e9m a colocou em uma posi\u00e7\u00e3o de destaque como defensora de temas importantes e sens\u00edveis, contribuindo para o debate sobre abuso sexual e o sistema de justi\u00e7a.<\/p>\n\n\n\n<p>Al\u00e9m disso, <strong>Kaitlyn<\/strong> tem uma grande conex\u00e3o com sua fam\u00edlia, especialmente com sua irm\u00e3, <strong>Kaitlyn Dever<\/strong>, com quem compartilha uma rela\u00e7\u00e3o muito pr\u00f3xima. Ela frequentemente menciona a import\u00e2ncia da fam\u00edlia e o apoio que recebe deles em suas entrevistas.<\/p>\n\n\n\n<h2 class=\"wp-block-heading\">Quanto ela ganhou por atuar em The Last of Us?<\/h2>\n\n\n\n<p>At\u00e9 o momento, n\u00e3o h\u00e1 informa\u00e7\u00f5es p\u00fablicas confirmadas sobre o sal\u00e1rio exato de <strong>Kaitlyn Dever<\/strong> por sua participa\u00e7\u00e3o na segunda temporada de<a href=\"https:\/\/www.correiobraziliense.com.br\/cbradar\/alem-de-the-last-of-us-veja-5-jogos-com-series-de-sucesso\/\" target=\"_blank\" rel=\"noreferrer noopener\"> <strong><em>The Last of Us<\/em>.<\/strong><\/a> No entanto, estima-se que ela tenha recebido cerca de <strong>US$ 30.000 por epis\u00f3dio<\/strong>, com base em compara\u00e7\u00f5es com outros membros do elenco. Por exemplo, <strong>Bella Ramsey<\/strong>, que interpreta Ellie, teria recebido <strong>US$ 70.000 por epis\u00f3dio<\/strong>, enquanto <strong>Pedro Pascal<\/strong>, como Joel, teria recebido <strong>US$ 600.000 por epis\u00f3dio<\/strong><\/p>\n\n\n\n<h2 class=\"wp-block-heading\">Qual \u00e9 o valor do patrim\u00f4nio de Kaitlyn Dever e fontes de renda?<\/h2>\n\n\n\n<p>Com o sucesso de sua carreira, <strong>Kaitlyn Dever<\/strong> conseguiu acumular uma fortuna impressionante. Estima-se que seu patrim\u00f4nio l\u00edquido seja superior a <strong>$10 milh\u00f5es<\/strong>. Grande parte de sua fortuna vem de seu trabalho na ind\u00fastria cinematogr\u00e1fica e televisiva, com participa\u00e7\u00f5es em grandes produ\u00e7\u00f5es de sucesso.<\/p>\n\n\n\n<p>Al\u00e9m de sua atua\u00e7\u00e3o, <strong>Kaitlyn<\/strong> tamb\u00e9m gera uma significativa fonte de renda por meio de contratos de publicidade e participa\u00e7\u00f5es em campanhas de marcas renomadas. Sua popularidade nas redes sociais tamb\u00e9m a posiciona como uma influenciadora, o que adiciona uma camada extra de sua renda.<\/p>\n","protected":false},"excerpt":{"rendered":"<p>A jornada de Kaitlyn Dever no mundo do entretenimento come\u00e7ou de maneira precoce, com a jovem atriz demonstrando desde muito cedo uma paix\u00e3o pelo palco e pela atua\u00e7\u00e3o. Nascida em Phoenix, Arizona, Kaitlyn iniciou sua carreira aos 11 anos, quando come\u00e7ou a fazer pequenas participa\u00e7\u00f5es em comerciais de TV. Seu interesse por atuar cresceu rapidamente, [&hellip;]<\/p>\n","protected":false},"author":8,"featured_media":29343,"comment_status":"open","ping_status":"open","sticky":false,"template":"","format":"standard","meta":{"_yoast_wpseo_focuskw":"Kaitlyn Dever","_yoast_wpseo_title":"","_yoast_wpseo_metadesc":"O patrim\u00f4nio de Abby de The Last of Us vai te surpreender. Saiba como Kaitlyn Dever construiu sua carreira!","jnews-multi-image_gallery":[],"jnews_single_post":{"format":"standard"},"jnews_primary_category":[],"jnews_social_meta":[],"jnews_override_counter":[],"footnotes":""},"categories":[128,169],"tags":[3922,345,895],"class_list":["post-32703","post","type-post","status-publish","format-standard","has-post-thumbnail","hentry","category-economia","category-noticias","tag-abby","tag-patrimonio","tag-the-last-of-us"],"yoast_head":"<!-- This site is optimized with the Yoast SEO plugin v24.6 - https:\/\/yoast.com\/wordpress\/plugins\/seo\/ -->\n<title>Qual \u00e9 o valor do patrim\u00f4nio da &#039;Abby&#039; de The Last of Us? - Correio Braziliense - Radar<\/title>\n<meta name=\"description\" content=\"O patrim\u00f4nio de Abby de The Last of Us vai te surpreender. Saiba como Kaitlyn Dever construiu sua carreira!\" \/>\n<meta name=\"robots\" content=\"index, follow, max-snippet:-1, max-image-preview:large, max-video-preview:-1\" \/>\n<link rel=\"canonical\" href=\"https:\/\/www.correiobraziliense.com.br\/cbradar\/qual-e-o-valor-do-patrimonio-da-abby-de-the-last-of-us\/\" \/>\n<meta property=\"og:locale\" content=\"pt_BR\" \/>\n<meta property=\"og:type\" content=\"article\" \/>\n<meta property=\"og:title\" content=\"Qual \u00e9 o valor do patrim\u00f4nio da &#039;Abby&#039; de The Last of Us? - Correio Braziliense - Radar\" \/>\n<meta property=\"og:description\" content=\"O patrim\u00f4nio de Abby de The Last of Us vai te surpreender. Saiba como Kaitlyn Dever construiu sua carreira!\" \/>\n<meta property=\"og:url\" content=\"https:\/\/www.correiobraziliense.com.br\/cbradar\/qual-e-o-valor-do-patrimonio-da-abby-de-the-last-of-us\/\" \/>\n<meta property=\"og:site_name\" content=\"Correio Braziliense - Radar\" \/>\n<meta property=\"article:published_time\" content=\"2025-05-06T13:50:00+00:00\" \/>\n<meta property=\"og:image\" content=\"https:\/\/www.correiobraziliense.com.br\/cbradar\/wp-content\/uploads\/2025\/04\/Edicoes-38-1.png\" \/>\n\t<meta property=\"og:image:width\" content=\"1280\" \/>\n\t<meta property=\"og:image:height\" content=\"720\" \/>\n\t<meta property=\"og:image:type\" content=\"image\/png\" \/>\n<meta name=\"author\" content=\"Maura Pereira\" \/>\n<meta name=\"twitter:card\" content=\"summary_large_image\" \/>\n<meta name=\"twitter:label1\" content=\"Escrito por\" \/>\n\t<meta name=\"twitter:data1\" content=\"Maura Pereira\" \/>\n\t<meta name=\"twitter:label2\" content=\"Est. tempo de leitura\" \/>\n\t<meta name=\"twitter:data2\" content=\"5 minutos\" \/>\n<!-- \/ Yoast SEO plugin. -->","yoast_head_json":{"title":"Qual \u00e9 o valor do patrim\u00f4nio da 'Abby' de The Last of Us? - Correio Braziliense - Radar","description":"O patrim\u00f4nio de Abby de The Last of Us vai te surpreender. Saiba como Kaitlyn Dever construiu sua carreira!","robots":{"index":"index","follow":"follow","max-snippet":"max-snippet:-1","max-image-preview":"max-image-preview:large","max-video-preview":"max-video-preview:-1"},"canonical":"https:\/\/www.correiobraziliense.com.br\/cbradar\/qual-e-o-valor-do-patrimonio-da-abby-de-the-last-of-us\/","og_locale":"pt_BR","og_type":"article","og_title":"Qual \u00e9 o valor do patrim\u00f4nio da 'Abby' de The Last of Us? - Correio Braziliense - Radar","og_description":"O patrim\u00f4nio de Abby de The Last of Us vai te surpreender. Saiba como Kaitlyn Dever construiu sua carreira!","og_url":"https:\/\/www.correiobraziliense.com.br\/cbradar\/qual-e-o-valor-do-patrimonio-da-abby-de-the-last-of-us\/","og_site_name":"Correio Braziliense - Radar","article_published_time":"2025-05-06T13:50:00+00:00","og_image":[{"width":1280,"height":720,"url":"https:\/\/www.correiobraziliense.com.br\/cbradar\/wp-content\/uploads\/2025\/04\/Edicoes-38-1.png","type":"image\/png"}],"author":"Maura Pereira","twitter_card":"summary_large_image","twitter_misc":{"Escrito por":"Maura Pereira","Est. tempo de leitura":"5 minutos"},"schema":{"@context":"https:\/\/schema.org","@graph":[{"@type":"WebPage","@id":"https:\/\/www.correiobraziliense.com.br\/cbradar\/qual-e-o-valor-do-patrimonio-da-abby-de-the-last-of-us\/","url":"https:\/\/www.correiobraziliense.com.br\/cbradar\/qual-e-o-valor-do-patrimonio-da-abby-de-the-last-of-us\/","name":"Qual \u00e9 o valor do patrim\u00f4nio da 'Abby' de The Last of Us? - Correio Braziliense - Radar","isPartOf":{"@id":"https:\/\/www.correiobraziliense.com.br\/cbradar\/#website"},"primaryImageOfPage":{"@id":"https:\/\/www.correiobraziliense.com.br\/cbradar\/qual-e-o-valor-do-patrimonio-da-abby-de-the-last-of-us\/#primaryimage"},"image":{"@id":"https:\/\/www.correiobraziliense.com.br\/cbradar\/qual-e-o-valor-do-patrimonio-da-abby-de-the-last-of-us\/#primaryimage"},"thumbnailUrl":"https:\/\/www.correiobraziliense.com.br\/cbradar\/wp-content\/uploads\/2025\/04\/Edicoes-38-1.png","datePublished":"2025-05-06T13:50:00+00:00","author":{"@id":"https:\/\/www.correiobraziliense.com.br\/cbradar\/#\/schema\/person\/4053c651a9bfc785afc6f4cbc9032fd3"},"description":"O patrim\u00f4nio de Abby de The Last of Us vai te surpreender. Saiba como Kaitlyn Dever construiu sua carreira!","breadcrumb":{"@id":"https:\/\/www.correiobraziliense.com.br\/cbradar\/qual-e-o-valor-do-patrimonio-da-abby-de-the-last-of-us\/#breadcrumb"},"inLanguage":"pt-BR","potentialAction":[{"@type":"ReadAction","target":["https:\/\/www.correiobraziliense.com.br\/cbradar\/qual-e-o-valor-do-patrimonio-da-abby-de-the-last-of-us\/"]}]},{"@type":"ImageObject","inLanguage":"pt-BR","@id":"https:\/\/www.correiobraziliense.com.br\/cbradar\/qual-e-o-valor-do-patrimonio-da-abby-de-the-last-of-us\/#primaryimage","url":"https:\/\/www.correiobraziliense.com.br\/cbradar\/wp-content\/uploads\/2025\/04\/Edicoes-38-1.png","contentUrl":"https:\/\/www.correiobraziliense.com.br\/cbradar\/wp-content\/uploads\/2025\/04\/Edicoes-38-1.png","width":1280,"height":720,"caption":"Reprodu\u00e7\u00e3o: IMDb (Foto\/Divulga\u00e7\u00e3o) \/\/ Edi\u00e7\u00e3o: Maura Pereira"},{"@type":"BreadcrumbList","@id":"https:\/\/www.correiobraziliense.com.br\/cbradar\/qual-e-o-valor-do-patrimonio-da-abby-de-the-last-of-us\/#breadcrumb","itemListElement":[{"@type":"ListItem","position":1,"name":"In\u00edcio","item":"https:\/\/www.correiobraziliense.com.br\/cbradar\/"},{"@type":"ListItem","position":2,"name":"Qual \u00e9 o valor do patrim\u00f4nio da &#8216;Abby&#8217; de The Last of Us?"}]},{"@type":"WebSite","@id":"https:\/\/www.correiobraziliense.com.br\/cbradar\/#website","url":"https:\/\/www.correiobraziliense.com.br\/cbradar\/","name":"Correio Braziliense - Radar","description":"Acompanhe as \u00faltimas not\u00edcias e fique bem informado sobre tudo o que acontece no Brasil e no mundo.","potentialAction":[{"@type":"SearchAction","target":{"@type":"EntryPoint","urlTemplate":"https:\/\/www.correiobraziliense.com.br\/cbradar\/?s={search_term_string}"},"query-input":{"@type":"PropertyValueSpecification","valueRequired":true,"valueName":"search_term_string"}}],"inLanguage":"pt-BR"},{"@type":"Person","@id":"https:\/\/www.correiobraziliense.com.br\/cbradar\/#\/schema\/person\/4053c651a9bfc785afc6f4cbc9032fd3","name":"Maura Pereira","image":{"@type":"ImageObject","inLanguage":"pt-BR","@id":"https:\/\/www.correiobraziliense.com.br\/cbradar\/#\/schema\/person\/image\/","url":"https:\/\/secure.gravatar.com\/avatar\/3effd6bdadfa447f15089c7f7144eaa6?s=96&d=mm&r=g","contentUrl":"https:\/\/secure.gravatar.com\/avatar\/3effd6bdadfa447f15089c7f7144eaa6?s=96&d=mm&r=g","caption":"Maura Pereira"},"sameAs":["https:\/\/www.correiobraziliense.com.br\/"],"url":"https:\/\/www.correiobraziliense.com.br\/cbradar\/author\/mauramyth\/"}]}},"_links":{"self":[{"href":"https:\/\/www.correiobraziliense.com.br\/cbradar\/wp-json\/wp\/v2\/posts\/32703","targetHints":{"allow":["GET"]}}],"collection":[{"href":"https:\/\/www.correiobraziliense.com.br\/cbradar\/wp-json\/wp\/v2\/posts"}],"about":[{"href":"https:\/\/www.correiobraziliense.com.br\/cbradar\/wp-json\/wp\/v2\/types\/post"}],"author":[{"embeddable":true,"href":"https:\/\/www.correiobraziliense.com.br\/cbradar\/wp-json\/wp\/v2\/users\/8"}],"replies":[{"embeddable":true,"href":"https:\/\/www.correiobraziliense.com.br\/cbradar\/wp-json\/wp\/v2\/comments?post=32703"}],"version-history":[{"count":7,"href":"https:\/\/www.correiobraziliense.com.br\/cbradar\/wp-json\/wp\/v2\/posts\/32703\/revisions"}],"predecessor-version":[{"id":32726,"href":"https:\/\/www.correiobraziliense.com.br\/cbradar\/wp-json\/wp\/v2\/posts\/32703\/revisions\/32726"}],"wp:featuredmedia":[{"embeddable":true,"href":"https:\/\/www.correiobraziliense.com.br\/cbradar\/wp-json\/wp\/v2\/media\/29343"}],"wp:attachment":[{"href":"https:\/\/www.correiobraziliense.com.br\/cbradar\/wp-json\/wp\/v2\/media?parent=32703"}],"wp:term":[{"taxonomy":"category","embeddable":true,"href":"https:\/\/www.correiobraziliense.com.br\/cbradar\/wp-json\/wp\/v2\/categories?post=32703"},{"taxonomy":"post_tag","embeddable":true,"href":"https:\/\/www.correiobraziliense.com.br\/cbradar\/wp-json\/wp\/v2\/tags?post=32703"}],"curies":[{"name":"wp","href":"https:\/\/api.w.org\/{rel}","templated":true}]}}