{"id":32832,"date":"2025-05-07T09:23:00","date_gmt":"2025-05-07T12:23:00","guid":{"rendered":"https:\/\/www.correiobraziliense.com.br\/cbradar\/?p=32832"},"modified":"2025-05-06T12:18:38","modified_gmt":"2025-05-06T15:18:38","slug":"adolescentes-agora-tem-uma-nova-rotina-para-seguir-e-melhorar-a-pele-em-ate-2x","status":"publish","type":"post","link":"https:\/\/www.correiobraziliense.com.br\/cbradar\/adolescentes-agora-tem-uma-nova-rotina-para-seguir-e-melhorar-a-pele-em-ate-2x\/","title":{"rendered":"Adolescentes agora tem uma nova rotina para seguir e melhorar a pele em at\u00e9 2x!"},"content":{"rendered":"\n<p>A <strong>adolesc\u00eancia<\/strong> \u00e9 uma fase de intensas <strong>mudan\u00e7as hormonais<\/strong>, que frequentemente se refletem na <strong>pele<\/strong>. O <strong>aumento da produ\u00e7\u00e3o de sebo<\/strong>, a <strong>oleosidade<\/strong>, o surgimento de <strong>cravos<\/strong> e <strong>espinhas<\/strong> (<strong><a href=\"https:\/\/pt.wikipedia.org\/wiki\/Acne\" target=\"_blank\" rel=\"noreferrer noopener\">acne<\/a><\/strong>) s\u00e3o comuns nessa idade. Embora essas <strong>mudan\u00e7as<\/strong> fa\u00e7am parte do <strong>desenvolvimento<\/strong>, uma <strong>rotina de cuidados<\/strong> adequada e <strong>consistente<\/strong> \u00e9 fundamental para <strong>manter a pele <a href=\"https:\/\/www.correiobraziliense.com.br\/cbradar\/sua-coluna-e-postura-irao-melhorar-em-100-apos-voce-seguir-esses-passos-a-risca\/\" target=\"_blank\" rel=\"noreferrer noopener\">saud\u00e1vel<\/a><\/strong>, <strong>controlar a oleosidade<\/strong> e <strong>gerenciar o acne<\/strong> leve a moderado, <strong>prevenindo cicatrizes<\/strong> e <strong>melhorando a autoestima<\/strong>.<\/p>\n\n\n\n<p>Este guia apresenta um passo a passo simples e <strong>eficaz<\/strong> para uma <strong>rotina de cuidados com a pele<\/strong> di\u00e1ria para <strong>adolescentes<\/strong>.<\/p>\n\n\n\n<p><strong>AVISO IMPORTANTE:<\/strong> Este guia oferece sugest\u00f5es para o <strong>manejo da pele oleosa<\/strong> e <strong>acne leve a moderado<\/strong> em <strong>adolescentes<\/strong>. <strong>Ele N\u00c3O substitui o diagn\u00f3stico ou tratamento de um dermatologista.<\/strong> <strong>Acne persistente<\/strong>, <strong>moderado a severo<\/strong>, <strong>c\u00edstico<\/strong>, <strong>inflamat\u00f3rio<\/strong>, <strong>dolorido<\/strong>, deixando <strong>cicatrizes<\/strong>, ou com <strong>sinais de infec\u00e7\u00e3o<\/strong>, <strong>requer avalia\u00e7\u00e3o e tratamento profissional<\/strong> por um <strong>dermatologista<\/strong>.<\/p>\n\n\n\n<h2 class=\"wp-block-heading\">Mudan\u00e7as da pele na adolesc\u00eancia<\/h2>\n\n\n<div class=\"wp-block-image\">\n<figure class=\"aligncenter size-large\"><img decoding=\"async\" width=\"1024\" height=\"576\" src=\"https:\/\/www.correiobraziliense.com.br\/cbradar\/wp-content\/uploads\/2025\/05\/adolescente_1746541975775-1024x576.jpg\" alt=\"Adolescentes agora tem uma nova rotina para seguir e melhorar a pele em at\u00e9 2x!\" class=\"wp-image-32863\" srcset=\"https:\/\/www.correiobraziliense.com.br\/cbradar\/wp-content\/uploads\/2025\/05\/adolescente_1746541975775-1024x576.jpg 1024w, https:\/\/www.correiobraziliense.com.br\/cbradar\/wp-content\/uploads\/2025\/05\/adolescente_1746541975775-300x169.jpg 300w, https:\/\/www.correiobraziliense.com.br\/cbradar\/wp-content\/uploads\/2025\/05\/adolescente_1746541975775-768x432.jpg 768w, https:\/\/www.correiobraziliense.com.br\/cbradar\/wp-content\/uploads\/2025\/05\/adolescente_1746541975775-750x422.jpg 750w, https:\/\/www.correiobraziliense.com.br\/cbradar\/wp-content\/uploads\/2025\/05\/adolescente_1746541975775-1140x641.jpg 1140w, https:\/\/www.correiobraziliense.com.br\/cbradar\/wp-content\/uploads\/2025\/05\/adolescente_1746541975775.jpg 1280w\" sizes=\"(max-width: 1024px) 100vw, 1024px\" \/><figcaption class=\"wp-element-caption\">Adolescente &#8211; Cr\u00e9ditos: depositphotos.com \/ stocco.claudio.libero.it<\/figcaption><\/figure><\/div>\n\n\n<p>Na <strong>adolesc\u00eancia<\/strong>, a <strong>pele<\/strong> passa por:<\/p>\n\n\n\n<ul class=\"wp-block-list\">\n<li><strong>Aumento da produ\u00e7\u00e3o de sebo:<\/strong> Leva \u00e0 <strong>oleosidade<\/strong>, principalmente na <strong>zona T<\/strong> (testa, nariz, queixo).<\/li>\n\n\n\n<li><strong>Acne:<\/strong> O excesso de <strong>sebo<\/strong>, c\u00e9lulas mortas e bact\u00e9rias <strong>obstrui os poros<\/strong>, causando <strong>acne<\/strong>.<\/li>\n<\/ul>\n\n\n\n<h2 class=\"wp-block-heading\">Guia passo a passo para uma rotina de cuidados<\/h2>\n\n\n\n<p>Siga estes passos essenciais para uma <strong>pele saud\u00e1vel<\/strong> na <strong>adolesc\u00eancia<\/strong>:<\/p>\n\n\n\n<h3 class=\"wp-block-heading\">Passo 1: Limpeza suave e eficaz (manh\u00e3 e noite)<\/h3>\n\n\n\n<p>Limpar <strong>remove<\/strong> excesso de <strong>sebo<\/strong>, sujeira e c\u00e9lulas mortas.<\/p>\n\n\n\n<ul class=\"wp-block-list\">\n<li><strong>O que fazer:<\/strong> Use um limpador <strong>suave<\/strong>, espec\u00edfico para <strong>pele oleosa<\/strong> ou <strong>acneica<\/strong> (gel ou espuma suave). Lave o rosto <strong>duas vezes ao dia<\/strong> com <strong>\u00e1gua morna<\/strong>. <strong>Evite limpar em excesso<\/strong>, pois resseca e <strong>pode piorar a oleosidade<\/strong>.<\/li>\n<\/ul>\n\n\n\n<h3 class=\"wp-block-heading\">Passo 2: Tratamento para acne (opcional, se presente)<\/h3>\n\n\n\n<p>Se o <strong>acne<\/strong> for uma preocupa\u00e7\u00e3o, ingredientes de venda livre <strong>podem ajudar<\/strong> para <strong>acne<\/strong> leve a moderado.<\/p>\n\n\n\n<ul class=\"wp-block-list\">\n<li><strong>O que usar:<\/strong> Produtos com <strong>\u00c1cido Salic\u00edlico<\/strong> (desobstrui poros) ou <strong>Per\u00f3xido de Benzo\u00edla<\/strong> (mata bact\u00e9rias). Comece com <strong>baixas concentra\u00e7\u00f5es<\/strong> e uso gradual (dias alternados) para <strong>evitar ressecamento\/irrita\u00e7\u00e3o<\/strong>.<\/li>\n\n\n\n<li><strong>Como usar:<\/strong> Aplique uma fina camada na \u00e1rea afetada, conforme instru\u00e7\u00f5es do produto.<\/li>\n<\/ul>\n\n\n\n<h3 class=\"wp-block-heading\">Passo 3: Hidrata\u00e7\u00e3o leve (sim, adolescentes tamb\u00e9m precisam hidratar!)<\/h3>\n\n\n\n<p><strong>Pele oleosa<\/strong> e <strong>acneica<\/strong> precisam de <strong>hidrata\u00e7\u00e3o<\/strong> para <strong>manter a barreira saud\u00e1vel<\/strong> e <strong>evitar produ\u00e7\u00e3o excessiva de sebo<\/strong>.<\/p>\n\n\n\n<ul class=\"wp-block-list\">\n<li><strong>O que fazer:<\/strong> Use um <strong>hidratante leve<\/strong>, <strong>oil-free<\/strong> e <strong>n\u00e3o comedog\u00eanico<\/strong> ap\u00f3s a limpeza (e tratamento, se usar). Texturas em gel ou s\u00e9rum s\u00e3o boas.<\/li>\n<\/ul>\n\n\n\n<h3 class=\"wp-block-heading\">Passo 4: Prote\u00e7\u00e3o solar (fundamental)<\/h3>\n\n\n\n<p>Protege contra <strong>danos solares<\/strong> e <strong>manchas de acne<\/strong> escuras.<\/p>\n\n\n\n<ul class=\"wp-block-list\">\n<li><strong>O que fazer:<\/strong> Use <strong>protetor solar facial diariamente<\/strong>, com FPS 30+ e de amplo espectro (UVA\/UVB). Escolha um <strong>oil-free<\/strong> e <strong>n\u00e3o comedog\u00eanico<\/strong> que se adapte \u00e0 sua <strong>pele<\/strong>.<\/li>\n<\/ul>\n\n\n\n<h3 class=\"wp-block-heading\">Passo 5: Evitar &#8220;espremer&#8221; acne (essencial)<\/h3>\n\n\n\n<p><strong>Espremer espinhas<\/strong> <strong>piora inflama\u00e7\u00e3o<\/strong>, <strong>pode causar infec\u00e7\u00e3o<\/strong>, <strong>cicatrizes<\/strong> e <strong>espalhar bact\u00e9rias<\/strong>.<\/p>\n\n\n\n<ul class=\"wp-block-list\">\n<li><strong>O que fazer:<\/strong> <strong>N\u00c3O esprema espinhas<\/strong>. Use produtos adequados para trat\u00e1-las ou <strong>consulte um dermatologista<\/strong>.<\/li>\n<\/ul>\n\n\n\n<h3 class=\"wp-block-heading\">Passo 6: Paci\u00eancia e consist\u00eancia<\/h3>\n\n\n\n<p>Os <strong>resultados<\/strong> levam tempo e <strong>dedica\u00e7\u00e3o<\/strong>.<\/p>\n\n\n\n<ul class=\"wp-block-list\">\n<li><strong>O que fazer:<\/strong> Mantenha a <strong>rotina<\/strong> consistentemente. <strong>Resultados<\/strong> vis\u00edveis na <strong>redu\u00e7\u00e3o de acne<\/strong> e <strong>oleosidade<\/strong> podem levar semanas a meses.<\/li>\n<\/ul>\n\n\n\n<h3 class=\"wp-block-heading\">Passo 7: Cuidados adicionais (semanal, com cautela)<\/h3>\n\n\n\n<p>M\u00e1scaras de argila (absorvem excesso de <strong>sebo<\/strong> na <strong>zona T<\/strong>), esfolia\u00e7\u00e3o <strong>suave<\/strong> (qu\u00edmica ou enzim\u00e1tica, <strong>n\u00e3o f\u00edsica agressiva<\/strong>) para <strong>melhorar a textura<\/strong> (1-2x\/semana).<\/p>\n\n\n\n<h2 class=\"wp-block-heading\">Benef\u00edcios de uma rotina de cuidados<\/h2>\n\n\n\n<p><strong>Controle da oleosidade<\/strong>, <strong>redu\u00e7\u00e3o de acne<\/strong> (leve a moderado), <strong>preven\u00e7\u00e3o de cicatrizes<\/strong>, <strong>sa\u00fade da pele<\/strong> a longo prazo, <strong>melhora da autoestima<\/strong>.<\/p>\n\n\n\n<h2 class=\"wp-block-heading\">Quando buscar ajuda profissional<\/h2>\n\n\n\n<p>Se <strong>acne<\/strong> for <strong>persistente<\/strong>, <strong>moderado a severo<\/strong>, <strong>c\u00edstico<\/strong>, <strong>inflamat\u00f3rio<\/strong>, <strong>dolorido<\/strong>, <strong>deixar cicatrizes<\/strong>, ou <strong>n\u00e3o melhorar<\/strong> com <strong>cuidados<\/strong> b\u00e1sicos\/produtos de venda livre ap\u00f3s 2-3 meses, <strong>consulte um dermatologista<\/strong>.<\/p>\n\n\n\n<h2 class=\"wp-block-heading\">Perguntas frequentes sobre cuidados com a pele para adolescentes<\/h2>\n\n\n\n<h3 class=\"wp-block-heading\">Acne na adolesc\u00eancia \u00e9 normal?<\/h3>\n\n\n\n<p>Sim, comum devido a <strong>mudan\u00e7as hormonais<\/strong>. <strong>Pode ser tratada<\/strong> para <strong>reduzir severidade<\/strong> e <strong>prevenir cicatrizes<\/strong>.<\/p>\n\n\n\n<h3 class=\"wp-block-heading\">Precisa usar todos os produtos de uma rotina complexa?<\/h3>\n\n\n\n<p><strong>N\u00c3O<\/strong>. Uma <strong>rotina simples<\/strong> (limpeza, <strong>hidratante<\/strong>, <strong>protetor solar<\/strong>) \u00e9 a base. Tratamentos espec\u00edficos para <strong>acne<\/strong> s\u00e3o adicionados conforme necessidade.<\/p>\n\n\n\n<h3 class=\"wp-block-heading\">Dieta afeta a acne em adolescentes?<\/h3>\n\n\n\n<p><strong>Pode influenciar<\/strong> (alimentos alto \u00edndice glic\u00eamico, latic\u00ednios para alguns). <strong>Dieta saud\u00e1vel<\/strong> geral \u00e9 ben\u00e9fica.<\/p>\n\n\n\n<h3 class=\"wp-block-heading\">Protetor solar \u00e9 importante para adolescentes com acne?<\/h3>\n\n\n\n<p><strong>SIM, ESSENCIAL<\/strong>. Protege contra <strong>danos solares<\/strong> e <strong>manchas de acne<\/strong> escuras. Use <strong>oil-free<\/strong> e <strong>n\u00e3o comedog\u00eanico<\/strong>.<\/p>\n\n\n\n<h3 class=\"wp-block-heading\">Quando o acne de um adolescente precisa de dermatologista?<\/h3>\n\n\n\n<p><strong>Persistente<\/strong>, <strong>moderado a severo<\/strong>, <strong>c\u00edstico<\/strong>, <strong>inflamat\u00f3rio<\/strong>, <strong>dolorido<\/strong>, deixando <strong>cicatrizes<\/strong>, ou se <strong>produtos de venda livre<\/strong> <strong>n\u00e3o ajudarem<\/strong> ap\u00f3s 2-3 meses.<\/p>\n","protected":false},"excerpt":{"rendered":"<p>A adolesc\u00eancia \u00e9 uma fase de intensas mudan\u00e7as hormonais, que frequentemente se refletem na pele. O aumento da produ\u00e7\u00e3o de sebo, a oleosidade, o surgimento de cravos e espinhas (acne) s\u00e3o comuns nessa idade. Embora essas mudan\u00e7as fa\u00e7am parte do desenvolvimento, uma rotina de cuidados adequada e consistente \u00e9 fundamental para manter a pele saud\u00e1vel, [&hellip;]<\/p>\n","protected":false},"author":11,"featured_media":32862,"comment_status":"open","ping_status":"open","sticky":false,"template":"","format":"standard","meta":{"_yoast_wpseo_focuskw":"Pele","_yoast_wpseo_title":"","_yoast_wpseo_metadesc":"Adolescentes em 2025 est\u00e3o adotando uma nova rotina que promete melhorar a pele em at\u00e9 2x \u2014 cuidados simples com grandes resultados.","jnews-multi-image_gallery":[],"jnews_single_post":{"format":"standard"},"jnews_primary_category":[],"jnews_social_meta":[],"jnews_override_counter":[],"footnotes":""},"categories":[119],"post_tag":[2341,120,565],"class_list":["post-32832","post","type-post","status-publish","format-standard","has-post-thumbnail","hentry","category-bem-estar","tag-acne","tag-bem-estar","tag-saude"],"yoast_head":"<!-- This site is optimized with the Yoast SEO plugin v24.6 - https:\/\/yoast.com\/wordpress\/plugins\/seo\/ -->\n<title>Adolescentes agora tem uma nova rotina para seguir e melhorar a pele em at\u00e9 2x! - Correio Braziliense - Radar<\/title>\n<meta name=\"description\" content=\"Adolescentes em 2025 est\u00e3o adotando uma nova rotina que promete melhorar a pele em at\u00e9 2x \u2014 cuidados simples com grandes resultados.\" \/>\n<meta name=\"robots\" content=\"index, follow, max-snippet:-1, max-image-preview:large, max-video-preview:-1\" \/>\n<link rel=\"canonical\" href=\"https:\/\/www.correiobraziliense.com.br\/cbradar\/adolescentes-agora-tem-uma-nova-rotina-para-seguir-e-melhorar-a-pele-em-ate-2x\/\" \/>\n<meta property=\"og:locale\" content=\"pt_BR\" \/>\n<meta property=\"og:type\" content=\"article\" \/>\n<meta property=\"og:title\" content=\"Adolescentes agora tem uma nova rotina para seguir e melhorar a pele em at\u00e9 2x! - Correio Braziliense - Radar\" \/>\n<meta property=\"og:description\" content=\"Adolescentes em 2025 est\u00e3o adotando uma nova rotina que promete melhorar a pele em at\u00e9 2x \u2014 cuidados simples com grandes resultados.\" \/>\n<meta property=\"og:url\" content=\"https:\/\/www.correiobraziliense.com.br\/cbradar\/adolescentes-agora-tem-uma-nova-rotina-para-seguir-e-melhorar-a-pele-em-ate-2x\/\" \/>\n<meta property=\"og:site_name\" content=\"Correio Braziliense - Radar\" \/>\n<meta property=\"article:published_time\" content=\"2025-05-07T12:23:00+00:00\" \/>\n<meta property=\"og:image\" content=\"https:\/\/www.correiobraziliense.com.br\/cbradar\/wp-content\/uploads\/2025\/05\/adolescente_1746541939886.jpg\" \/>\n\t<meta property=\"og:image:width\" content=\"1280\" \/>\n\t<meta property=\"og:image:height\" content=\"720\" \/>\n\t<meta property=\"og:image:type\" content=\"image\/jpeg\" \/>\n<meta name=\"author\" content=\"Paulo Custodio\" \/>\n<meta name=\"twitter:card\" content=\"summary_large_image\" \/>\n<meta name=\"twitter:label1\" content=\"Escrito por\" \/>\n\t<meta name=\"twitter:data1\" content=\"Paulo Custodio\" \/>\n\t<meta name=\"twitter:label2\" content=\"Est. tempo de leitura\" \/>\n\t<meta name=\"twitter:data2\" content=\"5 minutos\" \/>\n<!-- \/ Yoast SEO plugin. -->","yoast_head_json":{"title":"Adolescentes agora tem uma nova rotina para seguir e melhorar a pele em at\u00e9 2x! - Correio Braziliense - Radar","description":"Adolescentes em 2025 est\u00e3o adotando uma nova rotina que promete melhorar a pele em at\u00e9 2x \u2014 cuidados simples com grandes resultados.","robots":{"index":"index","follow":"follow","max-snippet":"max-snippet:-1","max-image-preview":"max-image-preview:large","max-video-preview":"max-video-preview:-1"},"canonical":"https:\/\/www.correiobraziliense.com.br\/cbradar\/adolescentes-agora-tem-uma-nova-rotina-para-seguir-e-melhorar-a-pele-em-ate-2x\/","og_locale":"pt_BR","og_type":"article","og_title":"Adolescentes agora tem uma nova rotina para seguir e melhorar a pele em at\u00e9 2x! - Correio Braziliense - Radar","og_description":"Adolescentes em 2025 est\u00e3o adotando uma nova rotina que promete melhorar a pele em at\u00e9 2x \u2014 cuidados simples com grandes resultados.","og_url":"https:\/\/www.correiobraziliense.com.br\/cbradar\/adolescentes-agora-tem-uma-nova-rotina-para-seguir-e-melhorar-a-pele-em-ate-2x\/","og_site_name":"Correio Braziliense - Radar","article_published_time":"2025-05-07T12:23:00+00:00","og_image":[{"width":1280,"height":720,"url":"https:\/\/www.correiobraziliense.com.br\/cbradar\/wp-content\/uploads\/2025\/05\/adolescente_1746541939886.jpg","type":"image\/jpeg"}],"author":"Paulo Custodio","twitter_card":"summary_large_image","twitter_misc":{"Escrito por":"Paulo Custodio","Est. tempo de leitura":"5 minutos"},"schema":{"@context":"https:\/\/schema.org","@graph":[{"@type":"WebPage","@id":"https:\/\/www.correiobraziliense.com.br\/cbradar\/adolescentes-agora-tem-uma-nova-rotina-para-seguir-e-melhorar-a-pele-em-ate-2x\/","url":"https:\/\/www.correiobraziliense.com.br\/cbradar\/adolescentes-agora-tem-uma-nova-rotina-para-seguir-e-melhorar-a-pele-em-ate-2x\/","name":"Adolescentes agora tem uma nova rotina para seguir e melhorar a pele em at\u00e9 2x! - Correio Braziliense - Radar","isPartOf":{"@id":"https:\/\/www.correiobraziliense.com.br\/cbradar\/#website"},"primaryImageOfPage":{"@id":"https:\/\/www.correiobraziliense.com.br\/cbradar\/adolescentes-agora-tem-uma-nova-rotina-para-seguir-e-melhorar-a-pele-em-ate-2x\/#primaryimage"},"image":{"@id":"https:\/\/www.correiobraziliense.com.br\/cbradar\/adolescentes-agora-tem-uma-nova-rotina-para-seguir-e-melhorar-a-pele-em-ate-2x\/#primaryimage"},"thumbnailUrl":"https:\/\/www.correiobraziliense.com.br\/cbradar\/wp-content\/uploads\/2025\/05\/adolescente_1746541939886.jpg","datePublished":"2025-05-07T12:23:00+00:00","author":{"@id":"https:\/\/www.correiobraziliense.com.br\/cbradar\/#\/schema\/person\/4cec7857301a9a1a2ef249893cd908d3"},"description":"Adolescentes em 2025 est\u00e3o adotando uma nova rotina que promete melhorar a pele em at\u00e9 2x \u2014 cuidados simples com grandes resultados.","breadcrumb":{"@id":"https:\/\/www.correiobraziliense.com.br\/cbradar\/adolescentes-agora-tem-uma-nova-rotina-para-seguir-e-melhorar-a-pele-em-ate-2x\/#breadcrumb"},"inLanguage":"pt-BR","potentialAction":[{"@type":"ReadAction","target":["https:\/\/www.correiobraziliense.com.br\/cbradar\/adolescentes-agora-tem-uma-nova-rotina-para-seguir-e-melhorar-a-pele-em-ate-2x\/"]}]},{"@type":"ImageObject","inLanguage":"pt-BR","@id":"https:\/\/www.correiobraziliense.com.br\/cbradar\/adolescentes-agora-tem-uma-nova-rotina-para-seguir-e-melhorar-a-pele-em-ate-2x\/#primaryimage","url":"https:\/\/www.correiobraziliense.com.br\/cbradar\/wp-content\/uploads\/2025\/05\/adolescente_1746541939886.jpg","contentUrl":"https:\/\/www.correiobraziliense.com.br\/cbradar\/wp-content\/uploads\/2025\/05\/adolescente_1746541939886.jpg","width":1280,"height":720,"caption":"Adolescente - Cr\u00e9ditos: depositphotos.com \/ IgorVetushko"},{"@type":"BreadcrumbList","@id":"https:\/\/www.correiobraziliense.com.br\/cbradar\/adolescentes-agora-tem-uma-nova-rotina-para-seguir-e-melhorar-a-pele-em-ate-2x\/#breadcrumb","itemListElement":[{"@type":"ListItem","position":1,"name":"In\u00edcio","item":"https:\/\/www.correiobraziliense.com.br\/cbradar\/"},{"@type":"ListItem","position":2,"name":"Adolescentes agora tem uma nova rotina para seguir e melhorar a pele em at\u00e9 2x!"}]},{"@type":"WebSite","@id":"https:\/\/www.correiobraziliense.com.br\/cbradar\/#website","url":"https:\/\/www.correiobraziliense.com.br\/cbradar\/","name":"Correio Braziliense - Radar","description":"Acompanhe as \u00faltimas not\u00edcias e fique bem informado sobre tudo o que acontece no Brasil e no mundo.","potentialAction":[{"@type":"SearchAction","target":{"@type":"EntryPoint","urlTemplate":"https:\/\/www.correiobraziliense.com.br\/cbradar\/?s={search_term_string}"},"query-input":{"@type":"PropertyValueSpecification","valueRequired":true,"valueName":"search_term_string"}}],"inLanguage":"pt-BR"},{"@type":"Person","@id":"https:\/\/www.correiobraziliense.com.br\/cbradar\/#\/schema\/person\/4cec7857301a9a1a2ef249893cd908d3","name":"Paulo Custodio","image":{"@type":"ImageObject","inLanguage":"pt-BR","@id":"https:\/\/www.correiobraziliense.com.br\/cbradar\/#\/schema\/person\/image\/","url":"https:\/\/secure.gravatar.com\/avatar\/bcd67168d1534e8fcf4f45c726a87cea?s=96&d=mm&r=g","contentUrl":"https:\/\/secure.gravatar.com\/avatar\/bcd67168d1534e8fcf4f45c726a87cea?s=96&d=mm&r=g","caption":"Paulo Custodio"},"sameAs":["https:\/\/www.correiobraziliense.com.br\/cbradar"],"url":"https:\/\/www.correiobraziliense.com.br\/cbradar\/author\/paulomyth\/"}]}},"_links":{"self":[{"href":"https:\/\/www.correiobraziliense.com.br\/cbradar\/wp-json\/wp\/v2\/posts\/32832","targetHints":{"allow":["GET"]}}],"collection":[{"href":"https:\/\/www.correiobraziliense.com.br\/cbradar\/wp-json\/wp\/v2\/posts"}],"about":[{"href":"https:\/\/www.correiobraziliense.com.br\/cbradar\/wp-json\/wp\/v2\/types\/post"}],"author":[{"embeddable":true,"href":"https:\/\/www.correiobraziliense.com.br\/cbradar\/wp-json\/wp\/v2\/users\/11"}],"replies":[{"embeddable":true,"href":"https:\/\/www.correiobraziliense.com.br\/cbradar\/wp-json\/wp\/v2\/comments?post=32832"}],"version-history":[{"count":2,"href":"https:\/\/www.correiobraziliense.com.br\/cbradar\/wp-json\/wp\/v2\/posts\/32832\/revisions"}],"predecessor-version":[{"id":32864,"href":"https:\/\/www.correiobraziliense.com.br\/cbradar\/wp-json\/wp\/v2\/posts\/32832\/revisions\/32864"}],"wp:featuredmedia":[{"embeddable":true,"href":"https:\/\/www.correiobraziliense.com.br\/cbradar\/wp-json\/wp\/v2\/media\/32862"}],"wp:attachment":[{"href":"https:\/\/www.correiobraziliense.com.br\/cbradar\/wp-json\/wp\/v2\/media?parent=32832"}],"wp:term":[{"taxonomy":"category","embeddable":true,"href":"https:\/\/www.correiobraziliense.com.br\/cbradar\/wp-json\/wp\/v2\/categories?post=32832"},{"taxonomy":"post_tag","embeddable":true,"href":"https:\/\/www.correiobraziliense.com.br\/cbradar\/wp-json\/wp\/v2\/post_tag?post=32832"}],"curies":[{"name":"wp","href":"https:\/\/api.w.org\/{rel}","templated":true}]}}