{"id":32841,"date":"2025-05-11T17:23:00","date_gmt":"2025-05-11T20:23:00","guid":{"rendered":"https:\/\/www.correiobraziliense.com.br\/cbradar\/?p=32841"},"modified":"2025-05-08T09:20:37","modified_gmt":"2025-05-08T12:20:37","slug":"prisao-de-ventre-assombra-milhares-e-pode-ser-resolvida-de-forma-simples","status":"publish","type":"post","link":"https:\/\/www.correiobraziliense.com.br\/cbradar\/prisao-de-ventre-assombra-milhares-e-pode-ser-resolvida-de-forma-simples\/","title":{"rendered":"Pris\u00e3o de ventre assombra milhares e pode ser resolvida de forma simples"},"content":{"rendered":"\n<p>A <strong><a href=\"https:\/\/pt.wikipedia.org\/wiki\/Constipa\u00e7\u00e3o\" target=\"_blank\" rel=\"noreferrer noopener\">constipa\u00e7\u00e3o<\/a><\/strong>, ou pris\u00e3o de ventre, \u00e9 caracterizada pela dificuldade ou infrequ\u00eancia em evacuar, geralmente menos de tr\u00eas vezes por semana, com fezes duras e secas. \u00c9 um problema comum que pode <a href=\"https:\/\/www.correiobraziliense.com.br\/cbradar\/sua-coluna-e-postura-irao-melhorar-em-100-apos-voce-seguir-esses-passos-a-risca\/\" target=\"_blank\" rel=\"noreferrer noopener\">causar<\/a> <strong>incha\u00e7o<\/strong>, <strong>gases<\/strong> e <strong>dor abdominal<\/strong>. As <strong>causas<\/strong> mais frequentes incluem baixa ingest\u00e3o de <strong>fibras<\/strong> e <strong>\u00e1gua<\/strong>, sedentarismo, <strong>mudan\u00e7as na rotina<\/strong>, ou certos <strong>medicamentos<\/strong>. Para <strong>constipa\u00e7\u00e3o ocasional<\/strong> e de <strong>intensidade leve<\/strong>, <strong>alimentos ricos em fibras<\/strong>, <strong>hidrata\u00e7\u00e3o<\/strong> e <strong>movimento<\/strong> s\u00e3o os pilares do manejo seguro e <strong>natural<\/strong>.<\/p>\n\n\n\n<p>Este guia apresenta um passo a passo para <strong>aliviar a constipa\u00e7\u00e3o ocasional<\/strong> com <strong>rem\u00e9dios naturais<\/strong> (entendidos como m\u00e9todos baseados em <strong>fibra<\/strong>, <strong>\u00e1gua<\/strong> e <strong>h\u00e1bitos saud\u00e1veis<\/strong>) e <strong>alimentos ricos em fibras<\/strong>.<\/p>\n\n\n\n<p><strong>AVISO IMPORTANTE:<\/strong> <strong>Constipa\u00e7\u00e3o persistente<\/strong> (que dura mais de 1-2 semanas com mudan\u00e7a no seu h\u00e1bito intestinal usual), <strong>altera\u00e7\u00f5es no calibre das fezes<\/strong> que persistem, <strong>dor abdominal severa<\/strong>, <strong>sangue nas fezes<\/strong>, <strong>perda de peso<\/strong> inexplicada, ou outros <strong>sintomas preocupantes<\/strong> <strong>requerem DIAGN\u00d3STICO E TRATAMENTO M\u00c9DICO IMEDIATAMENTE.<\/strong> <strong>Estes m\u00e9todos N\u00c3O substituem tratamento m\u00e9dico (gastroenterologista) para a causa da constipa\u00e7\u00e3o ou para condi\u00e7\u00f5es s\u00e9rias.<\/strong> <strong>O uso indiscriminado ou cr\u00f4nico de laxantes (naturais como Sene, ou de farm\u00e1cia) pode ser muito prejudicial.<\/strong><\/p>\n\n\n\n<h2 class=\"wp-block-heading\">Pilares para aliviar a constipa\u00e7\u00e3o ocasional<\/h2>\n\n\n<div class=\"wp-block-image\">\n<figure class=\"aligncenter size-large\"><img decoding=\"async\" width=\"1024\" height=\"576\" src=\"https:\/\/www.correiobraziliense.com.br\/cbradar\/wp-content\/uploads\/2025\/05\/Prisao-de-ventre_1746543901459-1024x576.jpg\" alt=\"Pris\u00e3o de ventre assombra milhares e pode ser resolvida de forma simples\" class=\"wp-image-32877\" srcset=\"https:\/\/www.correiobraziliense.com.br\/cbradar\/wp-content\/uploads\/2025\/05\/Prisao-de-ventre_1746543901459-1024x576.jpg 1024w, https:\/\/www.correiobraziliense.com.br\/cbradar\/wp-content\/uploads\/2025\/05\/Prisao-de-ventre_1746543901459-300x169.jpg 300w, https:\/\/www.correiobraziliense.com.br\/cbradar\/wp-content\/uploads\/2025\/05\/Prisao-de-ventre_1746543901459-768x432.jpg 768w, https:\/\/www.correiobraziliense.com.br\/cbradar\/wp-content\/uploads\/2025\/05\/Prisao-de-ventre_1746543901459-750x422.jpg 750w, https:\/\/www.correiobraziliense.com.br\/cbradar\/wp-content\/uploads\/2025\/05\/Prisao-de-ventre_1746543901459-1140x641.jpg 1140w, https:\/\/www.correiobraziliense.com.br\/cbradar\/wp-content\/uploads\/2025\/05\/Prisao-de-ventre_1746543901459.jpg 1280w\" sizes=\"(max-width: 1024px) 100vw, 1024px\" \/><figcaption class=\"wp-element-caption\">Pris\u00e3o de ventre &#8211; Cr\u00e9ditos: depositphotos.com \/ Nobilior<\/figcaption><\/figure><\/div>\n\n\n<p>Para <strong>constipa\u00e7\u00e3o ocasional e leve<\/strong>, foque nestes <strong>passos<\/strong>:<\/p>\n\n\n\n<h3 class=\"wp-block-heading\">Passo 1: Aumente a ingest\u00e3o de fibras (gradualmente)<\/h3>\n\n\n\n<p>A <strong>fibra<\/strong> aumenta o volume das fezes e ajuda a amolec\u00ea-las, <strong>facilitando o tr\u00e2nsito intestinal<\/strong>.<\/p>\n\n\n\n<ul class=\"wp-block-list\">\n<li><strong>Como fazer:<\/strong> Inclua <strong>alimentos ricos em fibras<\/strong> na sua <strong>dieta<\/strong> di\u00e1ria. <strong>Aumente o consumo GRADUALMENTE<\/strong> ao longo de alguns dias ou uma semana para <strong>evitar excesso de gases e incha\u00e7o<\/strong>.\n<ul class=\"wp-block-list\">\n<li><strong>Fontes:<\/strong> <strong>Frutas<\/strong> (ameixas, peras, ma\u00e7\u00e3s, frutas vermelhas &#8211; com casca), <strong>vegetais<\/strong> (folhosos, br\u00f3colis, couve-flor), <strong>leguminosas<\/strong> (feij\u00f5es, lentilhas, gr\u00e3o-de-bico), <strong>gr\u00e3os integrais<\/strong> (aveia, arroz integral, p\u00e3o integral), <strong>sementes<\/strong> (linha\u00e7a, chia).<\/li>\n<\/ul>\n<\/li>\n<\/ul>\n\n\n\n<h3 class=\"wp-block-heading\">Passo 2: Beba \u00e1gua suficiente (crucial!)<\/h3>\n\n\n\n<p>A <strong>\u00e1gua<\/strong> \u00e9 essencial para as <strong>fibras<\/strong> funcionarem. Sem <strong>\u00e1gua<\/strong> suficiente, aumentar as <strong>fibras<\/strong> pode <strong>piorar a constipa\u00e7\u00e3o<\/strong>.<\/p>\n\n\n\n<ul class=\"wp-block-list\">\n<li><strong>Como fazer:<\/strong> Beba <strong>\u00e1gua<\/strong> consistentemente ao longo do dia. A necessidade varia, mas vise urina <strong>amarelo claro<\/strong>. Beba <strong>\u00e1gua<\/strong> extra ao aumentar a ingest\u00e3o de <strong>fibras<\/strong>.<\/li>\n<\/ul>\n\n\n\n<h3 class=\"wp-block-heading\">Passo 3: Inclua movimento f\u00edsico regular<\/h3>\n\n\n\n<p>A <strong>atividade f\u00edsica<\/strong> <strong>estimula os m\u00fasculos<\/strong> intestinais e <strong>ajuda a mover as fezes<\/strong>.<\/p>\n\n\n\n<ul class=\"wp-block-list\">\n<li><strong>Como fazer:<\/strong> Mesmo <strong>caminhada leve<\/strong> por 20-30 minutos por dia <strong>pode ajudar a aliviar a constipa\u00e7\u00e3o<\/strong>.<\/li>\n<\/ul>\n\n\n\n<h3 class=\"wp-block-heading\">Passo 4: Estabele\u00e7a uma rotina intestinal<\/h3>\n\n\n\n<p>Treinar o intestino <strong>pode promover a regularidade<\/strong>.<\/p>\n\n\n\n<ul class=\"wp-block-list\">\n<li><strong>Como fazer:<\/strong> Tente ir ao banheiro em hor\u00e1rios regulares, idealmente ap\u00f3s uma refei\u00e7\u00e3o (o reflexo gastroc\u00f3lico pode <strong>ajudar<\/strong>). N\u00e3o ignore a vontade de evacuar.<\/li>\n<\/ul>\n\n\n\n<h2 class=\"wp-block-heading\">Outros m\u00e9todos naturais (com cautela e para uso limitado)<\/h2>\n\n\n\n<p>Combine com estes (sob orienta\u00e7\u00e3o se necess\u00e1rio):<\/p>\n\n\n\n<ul class=\"wp-block-list\">\n<li><strong>Suco de ameixa:<\/strong> Cont\u00e9m sorbitol, que tem um <strong>efeito laxativo leve<\/strong>. Beba um copo pequeno.<\/li>\n\n\n\n<li><strong>Psyllium:<\/strong> Uma <strong>fibra sol\u00favel<\/strong> que <strong>ajuda a formar volume<\/strong>.\n<ul class=\"wp-block-list\">\n<li><strong>Como usar:<\/strong> Misture com <strong>MUITO L\u00cdQUIDO<\/strong> e beba imediatamente. <strong>SEMPRE, SEMPRE, SEMPRE consumir com MUITA \u00c1GUA para evitar obstru\u00e7\u00e3o intestinal.<\/strong> <strong>Consulte m\u00e9dico\/nutricionista<\/strong> antes de usar regularmente, especialmente com <strong>problemas digestivos<\/strong>.<\/li>\n<\/ul>\n<\/li>\n\n\n\n<li><strong>Ch\u00e1 de Sene (ULTIMA OP\u00c7\u00c3O, USO MUITO LIMITADO E COM RISCOS):<\/strong> \u00c9 um <strong>laxante estimulante forte<\/strong>. <strong>N\u00c3O para uso cr\u00f4nico ou regular<\/strong>.\n<ul class=\"wp-block-list\">\n<li><strong>Como usar:<\/strong> Se necess\u00e1rio para <strong>constipa\u00e7\u00e3o ocasional<\/strong> e <strong>grave<\/strong> (sem <strong>sinais de alerta<\/strong>), use <strong>pela menor dose eficaz<\/strong> e por <strong>NO M\u00c1XIMO 7 DIAS CONSECUTIVOS<\/strong>. <strong>Riscos<\/strong> (depend\u00eancia, <strong>perda de eletr\u00f3litos<\/strong>, <strong>dor abdominal<\/strong>). <strong>Consulte m\u00e9dico<\/strong> se a <strong>constipa\u00e7\u00e3o<\/strong> <strong>persistir<\/strong> ap\u00f3s 7 dias.<\/li>\n<\/ul>\n<\/li>\n<\/ul>\n\n\n\n<h2 class=\"wp-block-heading\">Quando a constipa\u00e7\u00e3o requer avalia\u00e7\u00e3o m\u00e9dica (imediatamente)<\/h2>\n\n\n\n<p><strong>Constipa\u00e7\u00e3o persistente<\/strong> (mais de 1-2 semanas, mudan\u00e7a no h\u00e1bito), <strong>dor abdominal severa<\/strong>, <strong>sangue nas fezes<\/strong> (vermelho vivo ou preto\/pastoso), <strong>perda de peso<\/strong> inexplicada, <strong>altera\u00e7\u00f5es no calibre das fezes<\/strong> (fezes muito finas, como l\u00e1pis), <strong>dor<\/strong> com n\u00e1useas\/v\u00f4mitos, <strong>febre<\/strong>, <strong>incha\u00e7o<\/strong> ou <strong>distens\u00e3o abdominal severa<\/strong>.<\/p>\n\n\n\n<h2 class=\"wp-block-heading\">Perguntas frequentes sobre constipa\u00e7\u00e3o<\/h2>\n\n\n\n<h3 class=\"wp-block-heading\">Quanta fibra devo comer por dia para evitar constipa\u00e7\u00e3o?<\/h3>\n\n\n\n<p>Geralmente 25-30g para adultos. Aumente <strong>gradualmente<\/strong> com <strong>\u00e1gua<\/strong>.<\/p>\n\n\n\n<h3 class=\"wp-block-heading\">\u00c1gua ajuda mesmo?<\/h3>\n\n\n\n<p><strong>SIM, CRUCIAL<\/strong>. <strong>Fibras<\/strong> sem <strong>\u00e1gua<\/strong> <strong>podem piorar a constipa\u00e7\u00e3o<\/strong>.<\/p>\n\n\n\n<h3 class=\"wp-block-heading\">Ch\u00e1 de Sene \u00e9 o melhor para constipa\u00e7\u00e3o?<\/h3>\n\n\n\n<p><strong>N\u00c3O<\/strong>. \u00c9 um <strong>laxante estimulante<\/strong> para <strong>constipa\u00e7\u00e3o ocasional<\/strong>, <strong>m\u00e1ximo 7 dias<\/strong>. Tem <strong>riscos s\u00e9rios<\/strong> (depend\u00eancia, <strong>eletr\u00f3litos<\/strong>). <strong>N\u00e3o \u00e9 o melhor ou mais seguro<\/strong> para <strong>constipa\u00e7\u00e3o persistente<\/strong>.<\/p>\n\n\n\n<h3 class=\"wp-block-heading\">Psyllium \u00e9 seguro para constipa\u00e7\u00e3o?<\/h3>\n\n\n\n<p>Sim, como <strong>fibra<\/strong>, mas <strong>DEVE ser consumido com MUITA \u00c1GUA<\/strong> para <strong>evitar obstru\u00e7\u00e3o<\/strong>. <strong>Consulte profissional<\/strong> para uso regular.<\/p>\n\n\n\n<h3 class=\"wp-block-heading\">Quando a constipa\u00e7\u00e3o precisa de m\u00e9dico?<\/h3>\n\n\n\n<p><strong>SEMPRE<\/strong> que for <strong>persistente<\/strong> (&gt;1-2 semanas), com <strong>dor abdominal severa<\/strong>, <strong>sangue nas fezes<\/strong>, <strong>perda de peso<\/strong> inexplicada, <strong>altera\u00e7\u00f5es no h\u00e1bito intestinal<\/strong>, ou <strong>qualquer preocupa\u00e7\u00e3o<\/strong>. <strong>Requer investiga\u00e7\u00e3o<\/strong>.<\/p>\n","protected":false},"excerpt":{"rendered":"<p>A constipa\u00e7\u00e3o, ou pris\u00e3o de ventre, \u00e9 caracterizada pela dificuldade ou infrequ\u00eancia em evacuar, geralmente menos de tr\u00eas vezes por semana, com fezes duras e secas. \u00c9 um problema comum que pode causar incha\u00e7o, gases e dor abdominal. As causas mais frequentes incluem baixa ingest\u00e3o de fibras e \u00e1gua, sedentarismo, mudan\u00e7as na rotina, ou certos [&hellip;]<\/p>\n","protected":false},"author":11,"featured_media":32876,"comment_status":"open","ping_status":"open","sticky":false,"template":"","format":"standard","meta":{"_yoast_wpseo_focuskw":"Pris\u00e3o de ventre","_yoast_wpseo_title":"","_yoast_wpseo_metadesc":"Pris\u00e3o de ventre \u00e9 um problema comum que afeta milhares em 2025, mas uma solu\u00e7\u00e3o simples pode trazer al\u00edvio imediato e duradouro.","jnews-multi-image_gallery":[],"jnews_single_post":{"format":"standard"},"jnews_primary_category":[],"jnews_social_meta":[],"jnews_override_counter":[],"footnotes":""},"categories":[119],"post_tag":[120,565,4257],"class_list":["post-32841","post","type-post","status-publish","format-standard","has-post-thumbnail","hentry","category-bem-estar","tag-bem-estar","tag-saude","tag-ventre"],"yoast_head":"<!-- This site is optimized with the Yoast SEO plugin v24.6 - https:\/\/yoast.com\/wordpress\/plugins\/seo\/ -->\n<title>Pris\u00e3o de ventre assombra milhares e pode ser resolvida de forma simples - Correio Braziliense - Radar<\/title>\n<meta name=\"description\" content=\"Pris\u00e3o de ventre \u00e9 um problema comum que afeta milhares em 2025, mas uma solu\u00e7\u00e3o simples pode trazer al\u00edvio imediato e duradouro.\" \/>\n<meta name=\"robots\" content=\"index, follow, max-snippet:-1, max-image-preview:large, max-video-preview:-1\" \/>\n<link rel=\"canonical\" href=\"https:\/\/www.correiobraziliense.com.br\/cbradar\/prisao-de-ventre-assombra-milhares-e-pode-ser-resolvida-de-forma-simples\/\" \/>\n<meta property=\"og:locale\" content=\"pt_BR\" \/>\n<meta property=\"og:type\" content=\"article\" \/>\n<meta property=\"og:title\" content=\"Pris\u00e3o de ventre assombra milhares e pode ser resolvida de forma simples - Correio Braziliense - Radar\" \/>\n<meta property=\"og:description\" content=\"Pris\u00e3o de ventre \u00e9 um problema comum que afeta milhares em 2025, mas uma solu\u00e7\u00e3o simples pode trazer al\u00edvio imediato e duradouro.\" \/>\n<meta property=\"og:url\" content=\"https:\/\/www.correiobraziliense.com.br\/cbradar\/prisao-de-ventre-assombra-milhares-e-pode-ser-resolvida-de-forma-simples\/\" \/>\n<meta property=\"og:site_name\" content=\"Correio Braziliense - Radar\" \/>\n<meta property=\"article:published_time\" content=\"2025-05-11T20:23:00+00:00\" \/>\n<meta property=\"og:image\" content=\"https:\/\/www.correiobraziliense.com.br\/cbradar\/wp-content\/uploads\/2025\/05\/Prisao-de-ventre_1746543755584.jpg\" \/>\n\t<meta property=\"og:image:width\" content=\"1280\" \/>\n\t<meta property=\"og:image:height\" content=\"720\" \/>\n\t<meta property=\"og:image:type\" content=\"image\/jpeg\" \/>\n<meta name=\"author\" content=\"Paulo Custodio\" \/>\n<meta name=\"twitter:card\" content=\"summary_large_image\" \/>\n<meta name=\"twitter:label1\" content=\"Escrito por\" \/>\n\t<meta name=\"twitter:data1\" content=\"Paulo Custodio\" \/>\n\t<meta name=\"twitter:label2\" content=\"Est. tempo de leitura\" \/>\n\t<meta name=\"twitter:data2\" content=\"5 minutos\" \/>\n<!-- \/ Yoast SEO plugin. -->","yoast_head_json":{"title":"Pris\u00e3o de ventre assombra milhares e pode ser resolvida de forma simples - Correio Braziliense - Radar","description":"Pris\u00e3o de ventre \u00e9 um problema comum que afeta milhares em 2025, mas uma solu\u00e7\u00e3o simples pode trazer al\u00edvio imediato e duradouro.","robots":{"index":"index","follow":"follow","max-snippet":"max-snippet:-1","max-image-preview":"max-image-preview:large","max-video-preview":"max-video-preview:-1"},"canonical":"https:\/\/www.correiobraziliense.com.br\/cbradar\/prisao-de-ventre-assombra-milhares-e-pode-ser-resolvida-de-forma-simples\/","og_locale":"pt_BR","og_type":"article","og_title":"Pris\u00e3o de ventre assombra milhares e pode ser resolvida de forma simples - Correio Braziliense - Radar","og_description":"Pris\u00e3o de ventre \u00e9 um problema comum que afeta milhares em 2025, mas uma solu\u00e7\u00e3o simples pode trazer al\u00edvio imediato e duradouro.","og_url":"https:\/\/www.correiobraziliense.com.br\/cbradar\/prisao-de-ventre-assombra-milhares-e-pode-ser-resolvida-de-forma-simples\/","og_site_name":"Correio Braziliense - Radar","article_published_time":"2025-05-11T20:23:00+00:00","og_image":[{"width":1280,"height":720,"url":"https:\/\/www.correiobraziliense.com.br\/cbradar\/wp-content\/uploads\/2025\/05\/Prisao-de-ventre_1746543755584.jpg","type":"image\/jpeg"}],"author":"Paulo Custodio","twitter_card":"summary_large_image","twitter_misc":{"Escrito por":"Paulo Custodio","Est. tempo de leitura":"5 minutos"},"schema":{"@context":"https:\/\/schema.org","@graph":[{"@type":"WebPage","@id":"https:\/\/www.correiobraziliense.com.br\/cbradar\/prisao-de-ventre-assombra-milhares-e-pode-ser-resolvida-de-forma-simples\/","url":"https:\/\/www.correiobraziliense.com.br\/cbradar\/prisao-de-ventre-assombra-milhares-e-pode-ser-resolvida-de-forma-simples\/","name":"Pris\u00e3o de ventre assombra milhares e pode ser resolvida de forma simples - Correio Braziliense - Radar","isPartOf":{"@id":"https:\/\/www.correiobraziliense.com.br\/cbradar\/#website"},"primaryImageOfPage":{"@id":"https:\/\/www.correiobraziliense.com.br\/cbradar\/prisao-de-ventre-assombra-milhares-e-pode-ser-resolvida-de-forma-simples\/#primaryimage"},"image":{"@id":"https:\/\/www.correiobraziliense.com.br\/cbradar\/prisao-de-ventre-assombra-milhares-e-pode-ser-resolvida-de-forma-simples\/#primaryimage"},"thumbnailUrl":"https:\/\/www.correiobraziliense.com.br\/cbradar\/wp-content\/uploads\/2025\/05\/Prisao-de-ventre_1746543755584.jpg","datePublished":"2025-05-11T20:23:00+00:00","author":{"@id":"https:\/\/www.correiobraziliense.com.br\/cbradar\/#\/schema\/person\/4cec7857301a9a1a2ef249893cd908d3"},"description":"Pris\u00e3o de ventre \u00e9 um problema comum que afeta milhares em 2025, mas uma solu\u00e7\u00e3o simples pode trazer al\u00edvio imediato e duradouro.","breadcrumb":{"@id":"https:\/\/www.correiobraziliense.com.br\/cbradar\/prisao-de-ventre-assombra-milhares-e-pode-ser-resolvida-de-forma-simples\/#breadcrumb"},"inLanguage":"pt-BR","potentialAction":[{"@type":"ReadAction","target":["https:\/\/www.correiobraziliense.com.br\/cbradar\/prisao-de-ventre-assombra-milhares-e-pode-ser-resolvida-de-forma-simples\/"]}]},{"@type":"ImageObject","inLanguage":"pt-BR","@id":"https:\/\/www.correiobraziliense.com.br\/cbradar\/prisao-de-ventre-assombra-milhares-e-pode-ser-resolvida-de-forma-simples\/#primaryimage","url":"https:\/\/www.correiobraziliense.com.br\/cbradar\/wp-content\/uploads\/2025\/05\/Prisao-de-ventre_1746543755584.jpg","contentUrl":"https:\/\/www.correiobraziliense.com.br\/cbradar\/wp-content\/uploads\/2025\/05\/Prisao-de-ventre_1746543755584.jpg","width":1280,"height":720,"caption":"Pris\u00e3o de ventre - Cr\u00e9ditos: depositphotos.com \/ serezniy"},{"@type":"BreadcrumbList","@id":"https:\/\/www.correiobraziliense.com.br\/cbradar\/prisao-de-ventre-assombra-milhares-e-pode-ser-resolvida-de-forma-simples\/#breadcrumb","itemListElement":[{"@type":"ListItem","position":1,"name":"In\u00edcio","item":"https:\/\/www.correiobraziliense.com.br\/cbradar\/"},{"@type":"ListItem","position":2,"name":"Pris\u00e3o de ventre assombra milhares e pode ser resolvida de forma simples"}]},{"@type":"WebSite","@id":"https:\/\/www.correiobraziliense.com.br\/cbradar\/#website","url":"https:\/\/www.correiobraziliense.com.br\/cbradar\/","name":"Correio Braziliense - Radar","description":"Acompanhe as \u00faltimas not\u00edcias e fique bem informado sobre tudo o que acontece no Brasil e no mundo.","potentialAction":[{"@type":"SearchAction","target":{"@type":"EntryPoint","urlTemplate":"https:\/\/www.correiobraziliense.com.br\/cbradar\/?s={search_term_string}"},"query-input":{"@type":"PropertyValueSpecification","valueRequired":true,"valueName":"search_term_string"}}],"inLanguage":"pt-BR"},{"@type":"Person","@id":"https:\/\/www.correiobraziliense.com.br\/cbradar\/#\/schema\/person\/4cec7857301a9a1a2ef249893cd908d3","name":"Paulo Custodio","image":{"@type":"ImageObject","inLanguage":"pt-BR","@id":"https:\/\/www.correiobraziliense.com.br\/cbradar\/#\/schema\/person\/image\/","url":"https:\/\/secure.gravatar.com\/avatar\/bcd67168d1534e8fcf4f45c726a87cea?s=96&d=mm&r=g","contentUrl":"https:\/\/secure.gravatar.com\/avatar\/bcd67168d1534e8fcf4f45c726a87cea?s=96&d=mm&r=g","caption":"Paulo Custodio"},"sameAs":["https:\/\/www.correiobraziliense.com.br\/cbradar"],"url":"https:\/\/www.correiobraziliense.com.br\/cbradar\/author\/paulomyth\/"}]}},"_links":{"self":[{"href":"https:\/\/www.correiobraziliense.com.br\/cbradar\/wp-json\/wp\/v2\/posts\/32841","targetHints":{"allow":["GET"]}}],"collection":[{"href":"https:\/\/www.correiobraziliense.com.br\/cbradar\/wp-json\/wp\/v2\/posts"}],"about":[{"href":"https:\/\/www.correiobraziliense.com.br\/cbradar\/wp-json\/wp\/v2\/types\/post"}],"author":[{"embeddable":true,"href":"https:\/\/www.correiobraziliense.com.br\/cbradar\/wp-json\/wp\/v2\/users\/11"}],"replies":[{"embeddable":true,"href":"https:\/\/www.correiobraziliense.com.br\/cbradar\/wp-json\/wp\/v2\/comments?post=32841"}],"version-history":[{"count":2,"href":"https:\/\/www.correiobraziliense.com.br\/cbradar\/wp-json\/wp\/v2\/posts\/32841\/revisions"}],"predecessor-version":[{"id":32880,"href":"https:\/\/www.correiobraziliense.com.br\/cbradar\/wp-json\/wp\/v2\/posts\/32841\/revisions\/32880"}],"wp:featuredmedia":[{"embeddable":true,"href":"https:\/\/www.correiobraziliense.com.br\/cbradar\/wp-json\/wp\/v2\/media\/32876"}],"wp:attachment":[{"href":"https:\/\/www.correiobraziliense.com.br\/cbradar\/wp-json\/wp\/v2\/media?parent=32841"}],"wp:term":[{"taxonomy":"category","embeddable":true,"href":"https:\/\/www.correiobraziliense.com.br\/cbradar\/wp-json\/wp\/v2\/categories?post=32841"},{"taxonomy":"post_tag","embeddable":true,"href":"https:\/\/www.correiobraziliense.com.br\/cbradar\/wp-json\/wp\/v2\/post_tag?post=32841"}],"curies":[{"name":"wp","href":"https:\/\/api.w.org\/{rel}","templated":true}]}}