{"id":33051,"date":"2025-05-07T19:30:00","date_gmt":"2025-05-07T22:30:00","guid":{"rendered":"https:\/\/www.correiobraziliense.com.br\/cbradar\/?p=33051"},"modified":"2025-05-06T16:48:41","modified_gmt":"2025-05-06T19:48:41","slug":"santander-anuncia-fechamento-de-agencias-ainda-em-2025","status":"publish","type":"post","link":"https:\/\/www.correiobraziliense.com.br\/cbradar\/santander-anuncia-fechamento-de-agencias-ainda-em-2025\/","title":{"rendered":"Santander anuncia fechamento de ag\u00eancias ainda em 2025"},"content":{"rendered":"\n<p>O banco <strong>Santander <\/strong>anunciou que fechar\u00e1 24 ag\u00eancias em junho de 2025, como parte de uma estrat\u00e9gia de redu\u00e7\u00e3o de custos. Este movimento faz parte de um plano maior que prev\u00ea o encerramento de 95 ag\u00eancias, representando um quinto de sua rede no <strong>Reino Unido.<\/strong> Entre as ag\u00eancias que ser\u00e3o fechadas, tr\u00eas est\u00e3o localizadas na <strong>Irlanda do Norte<\/strong>: <strong>Dungannon<\/strong>, <strong>Portadown <\/strong>e <strong>Magherafelt<\/strong>.<\/p>\n\n\n\n<p>O an\u00fancio segue uma tend\u00eancia de redu\u00e7\u00e3o de ag\u00eancias f\u00edsicas, impulsionada pelo aumento das transa\u00e7\u00f5es digitais. Desde 2019, as transa\u00e7\u00f5es digitais cresceram 63%, enquanto as realizadas em ag\u00eancias ca\u00edram 61%. O Santander, assim como outros bancos, est\u00e1 adaptando sua estrutura para atender melhor \u00e0s novas demandas dos clientes.<\/p>\n\n\n\n<h2 class=\"wp-block-heading\">Por que o Santander est\u00e1 fechando ag\u00eancias?<\/h2>\n\n\n\n<p>O fechamento das ag\u00eancias do Santander \u00e9 uma resposta \u00e0s mudan\u00e7as no comportamento dos consumidores, que est\u00e3o cada vez mais utilizando servi\u00e7os banc\u00e1rios online. A decis\u00e3o visa equilibrar a oferta de servi\u00e7os digitais com a necessidade de atendimento presencial. O banco planeja manter 349 ag\u00eancias, das quais 290 ser\u00e3o de servi\u00e7o completo e cinco funcionar\u00e3o como &#8220;work caf\u00e9s&#8221;.<\/p>\n\n\n\n<p>Al\u00e9m disso, 18 ag\u00eancias ser\u00e3o transformadas em locais sem balc\u00e3o, mas com funcion\u00e1rios dispon\u00edveis para oferecer suporte presencial. O Santander afirma que essas mudan\u00e7as s\u00e3o necess\u00e1rias para garantir que suas ag\u00eancias estejam preparadas para o futuro.<\/p>\n\n\n\n<figure class=\"wp-block-image size-large\"><img decoding=\"async\" width=\"1024\" height=\"576\" src=\"https:\/\/www.correiobraziliense.com.br\/cbradar\/wp-content\/uploads\/2025\/05\/Santander_1746560899402-1024x576.jpg\" alt=\"Santander anuncia fechamento de ag\u00eancias ainda em 2025\" class=\"wp-image-33054\" srcset=\"https:\/\/www.correiobraziliense.com.br\/cbradar\/wp-content\/uploads\/2025\/05\/Santander_1746560899402-1024x576.jpg 1024w, https:\/\/www.correiobraziliense.com.br\/cbradar\/wp-content\/uploads\/2025\/05\/Santander_1746560899402-300x169.jpg 300w, https:\/\/www.correiobraziliense.com.br\/cbradar\/wp-content\/uploads\/2025\/05\/Santander_1746560899402-768x432.jpg 768w, https:\/\/www.correiobraziliense.com.br\/cbradar\/wp-content\/uploads\/2025\/05\/Santander_1746560899402-750x422.jpg 750w, https:\/\/www.correiobraziliense.com.br\/cbradar\/wp-content\/uploads\/2025\/05\/Santander_1746560899402-1140x641.jpg 1140w, https:\/\/www.correiobraziliense.com.br\/cbradar\/wp-content\/uploads\/2025\/05\/Santander_1746560899402.jpg 1280w\" sizes=\"(max-width: 1024px) 100vw, 1024px\" \/><figcaption class=\"wp-element-caption\">Santander. Cr\u00e9ditos: depositphotos.com \/ rafapress<\/figcaption><\/figure>\n\n\n\n<h2 class=\"wp-block-heading\">Quais s\u00e3o os impactos para os funcion\u00e1rios e clientes?<\/h2>\n\n\n\n<p>O fechamento das ag\u00eancias pode afetar cerca de 750 empregos, representando mais de 4% da for\u00e7a de trabalho do Santander no Reino Unido. A empresa est\u00e1 em consulta com sindicatos para mitigar os impactos sobre os funcion\u00e1rios. Para os clientes, o banco est\u00e1 investindo em melhorias no aplicativo de banco m\u00f3vel, no servi\u00e7o de chat e no atendimento telef\u00f4nico para compensar a redu\u00e7\u00e3o de ag\u00eancias f\u00edsicas.<\/p>\n\n\n\n<p>Os hor\u00e1rios de funcionamento das ag\u00eancias tamb\u00e9m ser\u00e3o ajustados. A partir de 30 de junho, a maioria das ag\u00eancias com hor\u00e1rio reduzido funcionar\u00e1 apenas tr\u00eas dias por semana. Essa mudan\u00e7a visa otimizar os recursos e atender melhor \u00e0s necessidades dos clientes.<\/p>\n\n\n\n<h2 class=\"wp-block-heading\">Como os clientes podem se adaptar a essas mudan\u00e7as?<\/h2>\n\n\n\n<p>Com o fechamento das ag\u00eancias, os clientes s\u00e3o incentivados a utilizar os servi\u00e7os digitais do Santander. O banco est\u00e1 aprimorando seu aplicativo m\u00f3vel e servi\u00e7os online para facilitar o acesso \u00e0s transa\u00e7\u00f5es banc\u00e1rias. Al\u00e9m disso, 18 novos hubs banc\u00e1rios ser\u00e3o lan\u00e7ados para atender \u00e0s comunidades locais no Reino Unido.<\/p>\n\n\n\n<p>Esses hubs s\u00e3o uma iniciativa do Cash Access UK, financiada por institui\u00e7\u00f5es financeiras, incluindo o Santander. Eles visam preencher as lacunas deixadas pelo fechamento das ag\u00eancias f\u00edsicas, oferecendo servi\u00e7os banc\u00e1rios essenciais em \u00e1reas onde a presen\u00e7a f\u00edsica do banco foi reduzida.<\/p>\n\n\n\n<h2 class=\"wp-block-heading\">Quais s\u00e3o as implica\u00e7\u00f5es para o futuro dos servi\u00e7os banc\u00e1rios?<\/h2>\n\n\n\n<p>O fechamento de ag\u00eancias pelo Santander reflete uma tend\u00eancia mais ampla no setor banc\u00e1rio, onde institui\u00e7\u00f5es est\u00e3o se adaptando \u00e0 crescente demanda por servi\u00e7os digitais. Essa mudan\u00e7a pode resultar em uma experi\u00eancia banc\u00e1ria mais conveniente para muitos clientes, mas tamb\u00e9m levanta preocupa\u00e7\u00f5es sobre o acesso aos servi\u00e7os para aqueles que preferem ou dependem do atendimento presencial.<\/p>\n\n\n\n<p>O governo e as institui\u00e7\u00f5es financeiras est\u00e3o sendo pressionados a garantir que os compromissos de criar 350 hubs banc\u00e1rios at\u00e9 2029 sejam cumpridos. Essa medida \u00e9 vista como crucial para garantir que todos os clientes tenham acesso aos servi\u00e7os banc\u00e1rios, independentemente de sua localiza\u00e7\u00e3o ou prefer\u00eancia por atendimento presencial.<\/p>\n","protected":false},"excerpt":{"rendered":"<p>O banco Santander fecha ag\u00eancias no RU devido \u00e0 aumento das transa\u00e7\u00f5es digitais, impactando empregos e clientes.<\/p>\n","protected":false},"author":3,"featured_media":33053,"comment_status":"open","ping_status":"open","sticky":false,"template":"","format":"standard","meta":{"_yoast_wpseo_focuskw":"Banco fecha ag\u00eancias","_yoast_wpseo_title":"%%title%%","_yoast_wpseo_metadesc":"O banco Santander fecha ag\u00eancias no RU devido ao aumento das transa\u00e7\u00f5es digitais, impactando empregos e clientes.","jnews-multi-image_gallery":[],"jnews_single_post":{"format":"standard"},"jnews_primary_category":[],"jnews_social_meta":[],"jnews_override_counter":[],"footnotes":""},"categories":[128],"tags":[1376,1300],"class_list":["post-33051","post","type-post","status-publish","format-standard","has-post-thumbnail","hentry","category-economia","tag-bancos","tag-santander"],"yoast_head":"<!-- This site is optimized with the Yoast SEO plugin v24.6 - https:\/\/yoast.com\/wordpress\/plugins\/seo\/ -->\n<title>Santander anuncia fechamento de ag\u00eancias ainda em 2025<\/title>\n<meta name=\"description\" content=\"O banco Santander fecha ag\u00eancias no RU devido ao aumento das transa\u00e7\u00f5es digitais, impactando empregos e clientes.\" \/>\n<meta name=\"robots\" content=\"index, follow, max-snippet:-1, max-image-preview:large, max-video-preview:-1\" \/>\n<link rel=\"canonical\" href=\"https:\/\/www.correiobraziliense.com.br\/cbradar\/santander-anuncia-fechamento-de-agencias-ainda-em-2025\/\" \/>\n<meta property=\"og:locale\" content=\"pt_BR\" \/>\n<meta property=\"og:type\" content=\"article\" \/>\n<meta property=\"og:title\" content=\"Santander anuncia fechamento de ag\u00eancias ainda em 2025\" \/>\n<meta property=\"og:description\" content=\"O banco Santander fecha ag\u00eancias no RU devido ao aumento das transa\u00e7\u00f5es digitais, impactando empregos e clientes.\" \/>\n<meta property=\"og:url\" content=\"https:\/\/www.correiobraziliense.com.br\/cbradar\/santander-anuncia-fechamento-de-agencias-ainda-em-2025\/\" \/>\n<meta property=\"og:site_name\" content=\"Correio Braziliense - Radar\" \/>\n<meta property=\"article:published_time\" content=\"2025-05-07T22:30:00+00:00\" \/>\n<meta property=\"og:image\" content=\"https:\/\/www.correiobraziliense.com.br\/cbradar\/wp-content\/uploads\/2025\/05\/Santander_1746560865763.jpg\" \/>\n\t<meta property=\"og:image:width\" content=\"1280\" \/>\n\t<meta property=\"og:image:height\" content=\"720\" \/>\n\t<meta property=\"og:image:type\" content=\"image\/jpeg\" \/>\n<meta name=\"author\" content=\"Larissa Carvalho\" \/>\n<meta name=\"twitter:card\" content=\"summary_large_image\" \/>\n<meta name=\"twitter:label1\" content=\"Escrito por\" \/>\n\t<meta name=\"twitter:data1\" content=\"Larissa Carvalho\" \/>\n\t<meta name=\"twitter:label2\" content=\"Est. tempo de leitura\" \/>\n\t<meta name=\"twitter:data2\" content=\"4 minutos\" \/>\n<!-- \/ Yoast SEO plugin. -->","yoast_head_json":{"title":"Santander anuncia fechamento de ag\u00eancias ainda em 2025","description":"O banco Santander fecha ag\u00eancias no RU devido ao aumento das transa\u00e7\u00f5es digitais, impactando empregos e clientes.","robots":{"index":"index","follow":"follow","max-snippet":"max-snippet:-1","max-image-preview":"max-image-preview:large","max-video-preview":"max-video-preview:-1"},"canonical":"https:\/\/www.correiobraziliense.com.br\/cbradar\/santander-anuncia-fechamento-de-agencias-ainda-em-2025\/","og_locale":"pt_BR","og_type":"article","og_title":"Santander anuncia fechamento de ag\u00eancias ainda em 2025","og_description":"O banco Santander fecha ag\u00eancias no RU devido ao aumento das transa\u00e7\u00f5es digitais, impactando empregos e clientes.","og_url":"https:\/\/www.correiobraziliense.com.br\/cbradar\/santander-anuncia-fechamento-de-agencias-ainda-em-2025\/","og_site_name":"Correio Braziliense - Radar","article_published_time":"2025-05-07T22:30:00+00:00","og_image":[{"width":1280,"height":720,"url":"https:\/\/www.correiobraziliense.com.br\/cbradar\/wp-content\/uploads\/2025\/05\/Santander_1746560865763.jpg","type":"image\/jpeg"}],"author":"Larissa Carvalho","twitter_card":"summary_large_image","twitter_misc":{"Escrito por":"Larissa Carvalho","Est. tempo de leitura":"4 minutos"},"schema":{"@context":"https:\/\/schema.org","@graph":[{"@type":"WebPage","@id":"https:\/\/www.correiobraziliense.com.br\/cbradar\/santander-anuncia-fechamento-de-agencias-ainda-em-2025\/","url":"https:\/\/www.correiobraziliense.com.br\/cbradar\/santander-anuncia-fechamento-de-agencias-ainda-em-2025\/","name":"Santander anuncia fechamento de ag\u00eancias ainda em 2025","isPartOf":{"@id":"https:\/\/www.correiobraziliense.com.br\/cbradar\/#website"},"primaryImageOfPage":{"@id":"https:\/\/www.correiobraziliense.com.br\/cbradar\/santander-anuncia-fechamento-de-agencias-ainda-em-2025\/#primaryimage"},"image":{"@id":"https:\/\/www.correiobraziliense.com.br\/cbradar\/santander-anuncia-fechamento-de-agencias-ainda-em-2025\/#primaryimage"},"thumbnailUrl":"https:\/\/www.correiobraziliense.com.br\/cbradar\/wp-content\/uploads\/2025\/05\/Santander_1746560865763.jpg","datePublished":"2025-05-07T22:30:00+00:00","author":{"@id":"https:\/\/www.correiobraziliense.com.br\/cbradar\/#\/schema\/person\/58422787644df994b53a19d3e56c1513"},"description":"O banco Santander fecha ag\u00eancias no RU devido ao aumento das transa\u00e7\u00f5es digitais, impactando empregos e clientes.","breadcrumb":{"@id":"https:\/\/www.correiobraziliense.com.br\/cbradar\/santander-anuncia-fechamento-de-agencias-ainda-em-2025\/#breadcrumb"},"inLanguage":"pt-BR","potentialAction":[{"@type":"ReadAction","target":["https:\/\/www.correiobraziliense.com.br\/cbradar\/santander-anuncia-fechamento-de-agencias-ainda-em-2025\/"]}]},{"@type":"ImageObject","inLanguage":"pt-BR","@id":"https:\/\/www.correiobraziliense.com.br\/cbradar\/santander-anuncia-fechamento-de-agencias-ainda-em-2025\/#primaryimage","url":"https:\/\/www.correiobraziliense.com.br\/cbradar\/wp-content\/uploads\/2025\/05\/Santander_1746560865763.jpg","contentUrl":"https:\/\/www.correiobraziliense.com.br\/cbradar\/wp-content\/uploads\/2025\/05\/Santander_1746560865763.jpg","width":1280,"height":720,"caption":"Santander. Cr\u00e9ditos: depositphotos.com \/ boggy22"},{"@type":"BreadcrumbList","@id":"https:\/\/www.correiobraziliense.com.br\/cbradar\/santander-anuncia-fechamento-de-agencias-ainda-em-2025\/#breadcrumb","itemListElement":[{"@type":"ListItem","position":1,"name":"In\u00edcio","item":"https:\/\/www.correiobraziliense.com.br\/cbradar\/"},{"@type":"ListItem","position":2,"name":"Santander anuncia fechamento de ag\u00eancias ainda em 2025"}]},{"@type":"WebSite","@id":"https:\/\/www.correiobraziliense.com.br\/cbradar\/#website","url":"https:\/\/www.correiobraziliense.com.br\/cbradar\/","name":"Correio Braziliense - Radar","description":"Acompanhe as \u00faltimas not\u00edcias e fique bem informado sobre tudo o que acontece no Brasil e no mundo.","potentialAction":[{"@type":"SearchAction","target":{"@type":"EntryPoint","urlTemplate":"https:\/\/www.correiobraziliense.com.br\/cbradar\/?s={search_term_string}"},"query-input":{"@type":"PropertyValueSpecification","valueRequired":true,"valueName":"search_term_string"}}],"inLanguage":"pt-BR"},{"@type":"Person","@id":"https:\/\/www.correiobraziliense.com.br\/cbradar\/#\/schema\/person\/58422787644df994b53a19d3e56c1513","name":"Larissa Carvalho","image":{"@type":"ImageObject","inLanguage":"pt-BR","@id":"https:\/\/www.correiobraziliense.com.br\/cbradar\/#\/schema\/person\/image\/","url":"https:\/\/secure.gravatar.com\/avatar\/fe4f91a0de32b52a838d0d612abdc1aa?s=96&d=mm&r=g","contentUrl":"https:\/\/secure.gravatar.com\/avatar\/fe4f91a0de32b52a838d0d612abdc1aa?s=96&d=mm&r=g","caption":"Larissa Carvalho"},"url":"https:\/\/www.correiobraziliense.com.br\/cbradar\/author\/larissamyth\/"}]}},"_links":{"self":[{"href":"https:\/\/www.correiobraziliense.com.br\/cbradar\/wp-json\/wp\/v2\/posts\/33051","targetHints":{"allow":["GET"]}}],"collection":[{"href":"https:\/\/www.correiobraziliense.com.br\/cbradar\/wp-json\/wp\/v2\/posts"}],"about":[{"href":"https:\/\/www.correiobraziliense.com.br\/cbradar\/wp-json\/wp\/v2\/types\/post"}],"author":[{"embeddable":true,"href":"https:\/\/www.correiobraziliense.com.br\/cbradar\/wp-json\/wp\/v2\/users\/3"}],"replies":[{"embeddable":true,"href":"https:\/\/www.correiobraziliense.com.br\/cbradar\/wp-json\/wp\/v2\/comments?post=33051"}],"version-history":[{"count":2,"href":"https:\/\/www.correiobraziliense.com.br\/cbradar\/wp-json\/wp\/v2\/posts\/33051\/revisions"}],"predecessor-version":[{"id":33055,"href":"https:\/\/www.correiobraziliense.com.br\/cbradar\/wp-json\/wp\/v2\/posts\/33051\/revisions\/33055"}],"wp:featuredmedia":[{"embeddable":true,"href":"https:\/\/www.correiobraziliense.com.br\/cbradar\/wp-json\/wp\/v2\/media\/33053"}],"wp:attachment":[{"href":"https:\/\/www.correiobraziliense.com.br\/cbradar\/wp-json\/wp\/v2\/media?parent=33051"}],"wp:term":[{"taxonomy":"category","embeddable":true,"href":"https:\/\/www.correiobraziliense.com.br\/cbradar\/wp-json\/wp\/v2\/categories?post=33051"},{"taxonomy":"post_tag","embeddable":true,"href":"https:\/\/www.correiobraziliense.com.br\/cbradar\/wp-json\/wp\/v2\/tags?post=33051"}],"curies":[{"name":"wp","href":"https:\/\/api.w.org\/{rel}","templated":true}]}}