{"id":33081,"date":"2025-05-07T07:23:00","date_gmt":"2025-05-07T10:23:00","guid":{"rendered":"https:\/\/www.correiobraziliense.com.br\/cbradar\/?p=33081"},"modified":"2025-05-06T18:29:50","modified_gmt":"2025-05-06T21:29:50","slug":"a-historia-de-amor-mais-sombria-da-tv","status":"publish","type":"post","link":"https:\/\/www.correiobraziliense.com.br\/cbradar\/a-historia-de-amor-mais-sombria-da-tv\/","title":{"rendered":"A hist\u00f3ria de amor mais sombria da TV"},"content":{"rendered":"\n<p><strong>The Vampire Diaries<\/strong> \u00e9 uma s\u00e9rie de drama sobrenatural que acompanha a vida de <strong>Elena Gilbert<\/strong>, uma adolescente que vive na misteriosa cidade de Mystic Falls. Ap\u00f3s perder os pais em um acidente, Elena se envolve com os irm\u00e3os vampiros <strong>Stefan<\/strong> e <strong>Damon Salvatore<\/strong>, o que a lan\u00e7a em um mundo de criaturas sombrias, magia ancestral e segredos do passado.<\/p>\n\n\n\n<p>A trama mistura romance, a\u00e7\u00e3o e suspense em uma narrativa que evolui ao longo das temporadas, explorando temas como imortalidade, reden\u00e7\u00e3o e o poder das escolhas. Com reviravoltas constantes, o enredo prende do in\u00edcio ao fim, sempre trazendo novas amea\u00e7as e alian\u00e7as inesperadas.<\/p>\n\n\n\n<h2 class=\"wp-block-heading\">Quem s\u00e3o os personagens principais?<\/h2>\n\n\n\n<p>O trio central formado por <strong>Elena Gilbert<\/strong>, <strong>Stefan Salvatore<\/strong> e <strong>Damon Salvatore<\/strong> \u00e9 o cora\u00e7\u00e3o da s\u00e9rie. Elena, inicialmente humana, \u00e9 a personagem que conecta os v\u00e1rios n\u00facleos e enfrenta dilemas profundos ao longo da trama. Stefan \u00e9 o vampiro com alma de her\u00f3i, enquanto Damon representa o anti-her\u00f3i sedutor e imprevis\u00edvel.<\/p>\n\n\n\n<p>Al\u00e9m deles, personagens como <strong>Bonnie Bennett<\/strong> (bruxa poderosa), <strong>Caroline Forbes<\/strong> (que passa por grande evolu\u00e7\u00e3o), <strong>Tyler Lockwood<\/strong> (lobisomem) e <strong>Klaus Mikaelson<\/strong> (o original) enriquecem o enredo com suas pr\u00f3prias jornadas e conflitos.<\/p>\n\n\n\n<figure class=\"wp-block-image size-large\"><img decoding=\"async\" width=\"1024\" height=\"576\" src=\"https:\/\/www.correiobraziliense.com.br\/cbradar\/wp-content\/uploads\/2025\/05\/The-Vampire-Diaries-2-1024x576.png\" alt=\"A hist\u00f3ria de amor mais sombria da TV\" class=\"wp-image-33082\" srcset=\"https:\/\/www.correiobraziliense.com.br\/cbradar\/wp-content\/uploads\/2025\/05\/The-Vampire-Diaries-2-1024x576.png 1024w, https:\/\/www.correiobraziliense.com.br\/cbradar\/wp-content\/uploads\/2025\/05\/The-Vampire-Diaries-2-300x169.png 300w, https:\/\/www.correiobraziliense.com.br\/cbradar\/wp-content\/uploads\/2025\/05\/The-Vampire-Diaries-2-768x432.png 768w, https:\/\/www.correiobraziliense.com.br\/cbradar\/wp-content\/uploads\/2025\/05\/The-Vampire-Diaries-2-750x422.png 750w, https:\/\/www.correiobraziliense.com.br\/cbradar\/wp-content\/uploads\/2025\/05\/The-Vampire-Diaries-2-1140x641.png 1140w, https:\/\/www.correiobraziliense.com.br\/cbradar\/wp-content\/uploads\/2025\/05\/The-Vampire-Diaries-2.png 1280w\" sizes=\"(max-width: 1024px) 100vw, 1024px\" \/><figcaption class=\"wp-element-caption\">The Vampire Diaries. Fonte: divulga\u00e7\u00e3o \/ Warner Bros<\/figcaption><\/figure>\n\n\n\n<h2 class=\"wp-block-heading\">Como evolui a narrativa ao longo das temporadas?<\/h2>\n\n\n\n<p>A s\u00e9rie se reinventa a cada temporada, introduzindo novos inimigos e revelando segredos do passado. As primeiras temporadas focam no tri\u00e2ngulo amoroso e na descoberta do mundo sobrenatural. Posteriormente, amea\u00e7as mais complexas, como os Originais, ca\u00e7adores imortais e a pr\u00f3pria natureza dos doppelg\u00e4ngers, tornam a trama mais intensa.<\/p>\n\n\n\n<p>Com cada temporada, os personagens amadurecem, perdem entes queridos, enfrentam trai\u00e7\u00f5es e fazem escolhas dr\u00e1sticas. O roteiro consegue manter o equil\u00edbrio entre a emo\u00e7\u00e3o e a a\u00e7\u00e3o, com momentos de tirar o f\u00f4lego.<\/p>\n\n\n\n<h2 class=\"wp-block-heading\">Vale a pena assistir The Vampire Diaries?<\/h2>\n\n\n\n<p>Sim, especialmente se voc\u00ea gosta de dramas com elementos sobrenaturais e personagens intensos. <em>The Vampire Diaries<\/em> oferece muito mais do que um romance adolescente: \u00e9 uma hist\u00f3ria sobre perda, crescimento, escolhas e reden\u00e7\u00e3o.<\/p>\n\n\n\n<p>Ao longo de suas oito temporadas, a s\u00e9rie consegue manter o ritmo e a qualidade, com arcos bem constru\u00eddos e evolu\u00e7\u00e3o dos protagonistas. Al\u00e9m disso, ela deu origem a spin-offs de sucesso, como <em>The Originals<\/em> e <em>Legacies<\/em>, ampliando ainda mais seu universo.<\/p>\n\n\n\n<p>Se voc\u00ea busca uma maratona envolvente, com personagens cativantes e muitos momentos de tirar o f\u00f4lego, <em>The Vampire Diaries<\/em> \u00e9 uma excelente escolha.<\/p>\n\n\n\n<iframe loading=\"lazy\" width=\"560\" height=\"315\" src=\"https:\/\/www.youtube.com\/embed\/BmVmhjjkN4E?si=MRnBcxIzHevqYhRC\" title=\"YouTube video player\" frameborder=\"0\" allow=\"accelerometer; autoplay; clipboard-write; encrypted-media; gyroscope; picture-in-picture; web-share\" referrerpolicy=\"strict-origin-when-cross-origin\" allowfullscreen><\/iframe>\n\n\n\n<h2 class=\"wp-block-heading\">Curiosidades sobre The Vampire Diaries<\/h2>\n\n\n\n<ul class=\"wp-block-list\">\n<li>A s\u00e9rie \u00e9 baseada na saga de livros escrita por <strong>L.J. Smith<\/strong>, mas toma diversos rumos diferentes da obra original.<\/li>\n\n\n\n<li><strong>Ian Somerhalder<\/strong> (Damon) e <strong>Paul Wesley<\/strong> (Stefan) tornaram-se grandes amigos fora das telas e chegaram a criar juntos uma marca de bourbon.<\/li>\n\n\n\n<li>A cidade fict\u00edcia de Mystic Falls foi inspirada em locais reais do sul dos Estados Unidos e as filmagens ocorreram na Ge\u00f3rgia.<\/li>\n\n\n\n<li>A s\u00e9rie venceu diversos pr\u00eamios de popularidade e consolidou o g\u00eanero de romance sobrenatural na televis\u00e3o moderna.<\/li>\n<\/ul>\n\n\n\n<h2 class=\"wp-block-heading\">FAQ &#8211; Perguntas frequentes<\/h2>\n\n\n\n<p><strong>Onde assistir The Vampire Diaries?<\/strong> Atualmente, a s\u00e9rie est\u00e1 dispon\u00edvel nos cat\u00e1logos da HBO Max e Prime Video no Brasil.<\/p>\n\n\n\n<p><strong>Quem est\u00e1 no elenco principal?<\/strong> O elenco conta com <strong>Nina Dobrev<\/strong> (Elena), <strong>Paul Wesley<\/strong> (Stefan), <strong>Ian Somerhalder<\/strong> (Damon), <strong>Candice King<\/strong> (Caroline), <strong>Kat Graham<\/strong> (Bonnie) e <strong>Michael Trevino<\/strong> (Tyler).<\/p>\n\n\n\n<p><strong>Qual o ano de lan\u00e7amento da s\u00e9rie?<\/strong> <em>The Vampire Diaries<\/em> estreou em 2009 e foi encerrada em 2017, totalizando oito temporadas.<\/p>\n\n\n\n<p><strong>Qual a produtora respons\u00e1vel pela s\u00e9rie?<\/strong> A s\u00e9rie foi produzida pela <strong>Alloy Entertainment<\/strong>, em parceria com a <strong>CBS Television Studios<\/strong> e <strong>Warner Bros. Television<\/strong>.<\/p>\n","protected":false},"excerpt":{"rendered":"<p>Romance, mist\u00e9rio e sangue se misturam nesta s\u00e9rie que conquistou gera\u00e7\u00f5es com sua trama intensa e personagens inesquec\u00edveis.<\/p>\n","protected":false},"author":3,"featured_media":33083,"comment_status":"open","ping_status":"open","sticky":false,"template":"","format":"standard","meta":{"_yoast_wpseo_focuskw":"The Vampire Diaries","_yoast_wpseo_title":"%%title%%","_yoast_wpseo_metadesc":"Romance, mist\u00e9rio e sangue se misturam nesta s\u00e9rie que conquistou gera\u00e7\u00f5es com sua trama intensa e personagens inesquec\u00edveis.","jnews-multi-image_gallery":[],"jnews_single_post":{"format":"standard"},"jnews_primary_category":[],"jnews_social_meta":[],"jnews_override_counter":[],"footnotes":""},"categories":[140],"post_tag":[568],"class_list":["post-33081","post","type-post","status-publish","format-standard","has-post-thumbnail","hentry","category-entretenimento","tag-series-e-filmes"],"yoast_head":"<!-- This site is optimized with the Yoast SEO plugin v24.6 - https:\/\/yoast.com\/wordpress\/plugins\/seo\/ -->\n<title>A hist\u00f3ria de amor mais sombria da TV<\/title>\n<meta name=\"description\" content=\"Romance, mist\u00e9rio e sangue se misturam nesta s\u00e9rie que conquistou gera\u00e7\u00f5es com sua trama intensa e personagens inesquec\u00edveis.\" \/>\n<meta name=\"robots\" content=\"index, follow, max-snippet:-1, max-image-preview:large, max-video-preview:-1\" \/>\n<link rel=\"canonical\" href=\"https:\/\/www.correiobraziliense.com.br\/cbradar\/a-historia-de-amor-mais-sombria-da-tv\/\" \/>\n<meta property=\"og:locale\" content=\"pt_BR\" \/>\n<meta property=\"og:type\" content=\"article\" \/>\n<meta property=\"og:title\" content=\"A hist\u00f3ria de amor mais sombria da TV\" \/>\n<meta property=\"og:description\" content=\"Romance, mist\u00e9rio e sangue se misturam nesta s\u00e9rie que conquistou gera\u00e7\u00f5es com sua trama intensa e personagens inesquec\u00edveis.\" \/>\n<meta property=\"og:url\" content=\"https:\/\/www.correiobraziliense.com.br\/cbradar\/a-historia-de-amor-mais-sombria-da-tv\/\" \/>\n<meta property=\"og:site_name\" content=\"Correio Braziliense - Radar\" \/>\n<meta property=\"article:published_time\" content=\"2025-05-07T10:23:00+00:00\" \/>\n<meta property=\"og:image\" content=\"https:\/\/www.correiobraziliense.com.br\/cbradar\/wp-content\/uploads\/2025\/05\/The-Vampire-Diaries.png\" \/>\n\t<meta property=\"og:image:width\" content=\"1280\" \/>\n\t<meta property=\"og:image:height\" content=\"720\" \/>\n\t<meta property=\"og:image:type\" content=\"image\/png\" \/>\n<meta name=\"author\" content=\"Larissa Carvalho\" \/>\n<meta name=\"twitter:card\" content=\"summary_large_image\" \/>\n<meta name=\"twitter:label1\" content=\"Escrito por\" \/>\n\t<meta name=\"twitter:data1\" content=\"Larissa Carvalho\" \/>\n\t<meta name=\"twitter:label2\" content=\"Est. tempo de leitura\" \/>\n\t<meta name=\"twitter:data2\" content=\"4 minutos\" \/>\n<!-- \/ Yoast SEO plugin. -->","yoast_head_json":{"title":"A hist\u00f3ria de amor mais sombria da TV","description":"Romance, mist\u00e9rio e sangue se misturam nesta s\u00e9rie que conquistou gera\u00e7\u00f5es com sua trama intensa e personagens inesquec\u00edveis.","robots":{"index":"index","follow":"follow","max-snippet":"max-snippet:-1","max-image-preview":"max-image-preview:large","max-video-preview":"max-video-preview:-1"},"canonical":"https:\/\/www.correiobraziliense.com.br\/cbradar\/a-historia-de-amor-mais-sombria-da-tv\/","og_locale":"pt_BR","og_type":"article","og_title":"A hist\u00f3ria de amor mais sombria da TV","og_description":"Romance, mist\u00e9rio e sangue se misturam nesta s\u00e9rie que conquistou gera\u00e7\u00f5es com sua trama intensa e personagens inesquec\u00edveis.","og_url":"https:\/\/www.correiobraziliense.com.br\/cbradar\/a-historia-de-amor-mais-sombria-da-tv\/","og_site_name":"Correio Braziliense - Radar","article_published_time":"2025-05-07T10:23:00+00:00","og_image":[{"width":1280,"height":720,"url":"https:\/\/www.correiobraziliense.com.br\/cbradar\/wp-content\/uploads\/2025\/05\/The-Vampire-Diaries.png","type":"image\/png"}],"author":"Larissa Carvalho","twitter_card":"summary_large_image","twitter_misc":{"Escrito por":"Larissa Carvalho","Est. tempo de leitura":"4 minutos"},"schema":{"@context":"https:\/\/schema.org","@graph":[{"@type":"WebPage","@id":"https:\/\/www.correiobraziliense.com.br\/cbradar\/a-historia-de-amor-mais-sombria-da-tv\/","url":"https:\/\/www.correiobraziliense.com.br\/cbradar\/a-historia-de-amor-mais-sombria-da-tv\/","name":"A hist\u00f3ria de amor mais sombria da TV","isPartOf":{"@id":"https:\/\/www.correiobraziliense.com.br\/cbradar\/#website"},"primaryImageOfPage":{"@id":"https:\/\/www.correiobraziliense.com.br\/cbradar\/a-historia-de-amor-mais-sombria-da-tv\/#primaryimage"},"image":{"@id":"https:\/\/www.correiobraziliense.com.br\/cbradar\/a-historia-de-amor-mais-sombria-da-tv\/#primaryimage"},"thumbnailUrl":"https:\/\/www.correiobraziliense.com.br\/cbradar\/wp-content\/uploads\/2025\/05\/The-Vampire-Diaries.png","datePublished":"2025-05-07T10:23:00+00:00","author":{"@id":"https:\/\/www.correiobraziliense.com.br\/cbradar\/#\/schema\/person\/58422787644df994b53a19d3e56c1513"},"description":"Romance, mist\u00e9rio e sangue se misturam nesta s\u00e9rie que conquistou gera\u00e7\u00f5es com sua trama intensa e personagens inesquec\u00edveis.","breadcrumb":{"@id":"https:\/\/www.correiobraziliense.com.br\/cbradar\/a-historia-de-amor-mais-sombria-da-tv\/#breadcrumb"},"inLanguage":"pt-BR","potentialAction":[{"@type":"ReadAction","target":["https:\/\/www.correiobraziliense.com.br\/cbradar\/a-historia-de-amor-mais-sombria-da-tv\/"]}]},{"@type":"ImageObject","inLanguage":"pt-BR","@id":"https:\/\/www.correiobraziliense.com.br\/cbradar\/a-historia-de-amor-mais-sombria-da-tv\/#primaryimage","url":"https:\/\/www.correiobraziliense.com.br\/cbradar\/wp-content\/uploads\/2025\/05\/The-Vampire-Diaries.png","contentUrl":"https:\/\/www.correiobraziliense.com.br\/cbradar\/wp-content\/uploads\/2025\/05\/The-Vampire-Diaries.png","width":1280,"height":720,"caption":"The Vampire Diaries. Fonte: divulga\u00e7\u00e3o \/ Warner Bros"},{"@type":"BreadcrumbList","@id":"https:\/\/www.correiobraziliense.com.br\/cbradar\/a-historia-de-amor-mais-sombria-da-tv\/#breadcrumb","itemListElement":[{"@type":"ListItem","position":1,"name":"In\u00edcio","item":"https:\/\/www.correiobraziliense.com.br\/cbradar\/"},{"@type":"ListItem","position":2,"name":"A hist\u00f3ria de amor mais sombria da TV"}]},{"@type":"WebSite","@id":"https:\/\/www.correiobraziliense.com.br\/cbradar\/#website","url":"https:\/\/www.correiobraziliense.com.br\/cbradar\/","name":"Correio Braziliense - Radar","description":"Acompanhe as \u00faltimas not\u00edcias e fique bem informado sobre tudo o que acontece no Brasil e no mundo.","potentialAction":[{"@type":"SearchAction","target":{"@type":"EntryPoint","urlTemplate":"https:\/\/www.correiobraziliense.com.br\/cbradar\/?s={search_term_string}"},"query-input":{"@type":"PropertyValueSpecification","valueRequired":true,"valueName":"search_term_string"}}],"inLanguage":"pt-BR"},{"@type":"Person","@id":"https:\/\/www.correiobraziliense.com.br\/cbradar\/#\/schema\/person\/58422787644df994b53a19d3e56c1513","name":"Larissa Carvalho","image":{"@type":"ImageObject","inLanguage":"pt-BR","@id":"https:\/\/www.correiobraziliense.com.br\/cbradar\/#\/schema\/person\/image\/","url":"https:\/\/secure.gravatar.com\/avatar\/fe4f91a0de32b52a838d0d612abdc1aa?s=96&d=mm&r=g","contentUrl":"https:\/\/secure.gravatar.com\/avatar\/fe4f91a0de32b52a838d0d612abdc1aa?s=96&d=mm&r=g","caption":"Larissa Carvalho"},"url":"https:\/\/www.correiobraziliense.com.br\/cbradar\/author\/larissamyth\/"}]}},"_links":{"self":[{"href":"https:\/\/www.correiobraziliense.com.br\/cbradar\/wp-json\/wp\/v2\/posts\/33081","targetHints":{"allow":["GET"]}}],"collection":[{"href":"https:\/\/www.correiobraziliense.com.br\/cbradar\/wp-json\/wp\/v2\/posts"}],"about":[{"href":"https:\/\/www.correiobraziliense.com.br\/cbradar\/wp-json\/wp\/v2\/types\/post"}],"author":[{"embeddable":true,"href":"https:\/\/www.correiobraziliense.com.br\/cbradar\/wp-json\/wp\/v2\/users\/3"}],"replies":[{"embeddable":true,"href":"https:\/\/www.correiobraziliense.com.br\/cbradar\/wp-json\/wp\/v2\/comments?post=33081"}],"version-history":[{"count":1,"href":"https:\/\/www.correiobraziliense.com.br\/cbradar\/wp-json\/wp\/v2\/posts\/33081\/revisions"}],"predecessor-version":[{"id":33084,"href":"https:\/\/www.correiobraziliense.com.br\/cbradar\/wp-json\/wp\/v2\/posts\/33081\/revisions\/33084"}],"wp:featuredmedia":[{"embeddable":true,"href":"https:\/\/www.correiobraziliense.com.br\/cbradar\/wp-json\/wp\/v2\/media\/33083"}],"wp:attachment":[{"href":"https:\/\/www.correiobraziliense.com.br\/cbradar\/wp-json\/wp\/v2\/media?parent=33081"}],"wp:term":[{"taxonomy":"category","embeddable":true,"href":"https:\/\/www.correiobraziliense.com.br\/cbradar\/wp-json\/wp\/v2\/categories?post=33081"},{"taxonomy":"post_tag","embeddable":true,"href":"https:\/\/www.correiobraziliense.com.br\/cbradar\/wp-json\/wp\/v2\/post_tag?post=33081"}],"curies":[{"name":"wp","href":"https:\/\/api.w.org\/{rel}","templated":true}]}}