{"id":33085,"date":"2025-05-07T13:30:00","date_gmt":"2025-05-07T16:30:00","guid":{"rendered":"https:\/\/www.correiobraziliense.com.br\/cbradar\/?p=33085"},"modified":"2025-05-06T18:29:25","modified_gmt":"2025-05-06T21:29:25","slug":"essa-comedia-policial-vai-te-conquistar-logo-no-primeiro-episodio","status":"publish","type":"post","link":"https:\/\/www.correiobraziliense.com.br\/cbradar\/essa-comedia-policial-vai-te-conquistar-logo-no-primeiro-episodio\/","title":{"rendered":"Essa com\u00e9dia policial vai te conquistar logo no primeiro epis\u00f3dio"},"content":{"rendered":"\n<p><strong>Brooklyn Nine-Nine<\/strong> \u00e9 uma com\u00e9dia policial que acompanha o cotidiano da 99\u00aa delegacia do Brooklyn, em Nova York. O foco principal est\u00e1 no talentoso e imaturo detetive <strong>Jake Peralta<\/strong>, interpretado por <strong>Andy Samberg<\/strong>, e sua rela\u00e7\u00e3o com o novo e s\u00e9rio capit\u00e3o <strong>Raymond Holt<\/strong>, vivido por <strong>Andre Braugher<\/strong>.<\/p>\n\n\n\n<p>A s\u00e9rie mistura investiga\u00e7\u00f5es criminais com situa\u00e7\u00f5es c\u00f4micas do dia a dia da equipe. Cada personagem traz um estilo de humor \u00fanico, criando intera\u00e7\u00f5es din\u00e2micas e memor\u00e1veis. Com um tom leve e roteiros inteligentes, a produ\u00e7\u00e3o consegue equilibrar a com\u00e9dia com momentos emocionantes e cr\u00edticas sociais sutis.<\/p>\n\n\n\n<h2 class=\"wp-block-heading\">Quem s\u00e3o os personagens principais?<\/h2>\n\n\n\n<p>O elenco \u00e9 um dos pontos altos da s\u00e9rie. Al\u00e9m de <strong>Jake Peralta<\/strong> e <strong>Capit\u00e3o Holt<\/strong>, temos <strong>Amy Santiago<\/strong> (Melissa Fumero), a dedicada e competitiva parceira de Jake; <strong>Terry Jeffords<\/strong> (Terry Crews), o sargento forte e sens\u00edvel; <strong>Rosa Diaz<\/strong> (Stephanie Beatriz), a durona misteriosa; <strong>Charles Boyle<\/strong> (Joe Lo Truglio), o fiel amigo de Jake; e <strong>Gina Linetti<\/strong> (Chelsea Peretti), a secret\u00e1ria exc\u00eantrica e espirituosa.<\/p>\n\n\n\n<p>A qu\u00edmica entre os atores \u00e9 ineg\u00e1vel, e cada um contribui com um tipo de humor distinto que torna a s\u00e9rie incrivelmente divertida e humana.<\/p>\n\n\n\n<figure class=\"wp-block-image size-large\"><img decoding=\"async\" width=\"1024\" height=\"576\" src=\"https:\/\/www.correiobraziliense.com.br\/cbradar\/wp-content\/uploads\/2025\/05\/Brooklyn-Nine-Nine-2-1024x576.png\" alt=\"Essa com\u00e9dia policial vai te conquistar logo no primeiro epis\u00f3dio\" class=\"wp-image-33087\" srcset=\"https:\/\/www.correiobraziliense.com.br\/cbradar\/wp-content\/uploads\/2025\/05\/Brooklyn-Nine-Nine-2-1024x576.png 1024w, https:\/\/www.correiobraziliense.com.br\/cbradar\/wp-content\/uploads\/2025\/05\/Brooklyn-Nine-Nine-2-300x169.png 300w, https:\/\/www.correiobraziliense.com.br\/cbradar\/wp-content\/uploads\/2025\/05\/Brooklyn-Nine-Nine-2-768x432.png 768w, https:\/\/www.correiobraziliense.com.br\/cbradar\/wp-content\/uploads\/2025\/05\/Brooklyn-Nine-Nine-2-750x422.png 750w, https:\/\/www.correiobraziliense.com.br\/cbradar\/wp-content\/uploads\/2025\/05\/Brooklyn-Nine-Nine-2-1140x641.png 1140w, https:\/\/www.correiobraziliense.com.br\/cbradar\/wp-content\/uploads\/2025\/05\/Brooklyn-Nine-Nine-2.png 1280w\" sizes=\"(max-width: 1024px) 100vw, 1024px\" \/><figcaption class=\"wp-element-caption\">Brooklyn Nine-Nine. Fonte: divulga\u00e7\u00e3o \/ Universal Television<\/figcaption><\/figure>\n\n\n\n<h2 class=\"wp-block-heading\">Por que Brooklyn Nine-Nine se destacou entre outras com\u00e9dias?<\/h2>\n\n\n\n<p>Um dos principais diferenciais de <em>Brooklyn Nine-Nine<\/em> \u00e9 sua capacidade de abordar quest\u00f5es sociais importantes sem perder o bom humor. Racismo, representatividade LGBTQIA+, feminismo e rela\u00e7\u00f5es familiares s\u00e3o tratados com leveza, mas sem superficialidade.<\/p>\n\n\n\n<p>A diversidade do elenco e a representatividade positiva tamb\u00e9m ajudaram a construir uma base de f\u00e3s apaixonada. A s\u00e9rie conseguiu se manter atual, engra\u00e7ada e relevante, mesmo ap\u00f3s mudan\u00e7as de emissora e per\u00edodos de incerteza sobre sua continuidade.<\/p>\n\n\n\n<h2 class=\"wp-block-heading\">Vale a pena assistir Brooklyn Nine-Nine?<\/h2>\n\n\n\n<p>Com certeza. <em>Brooklyn Nine-Nine<\/em> \u00e9 uma daquelas s\u00e9ries que conquistam tanto pelo humor quanto pelo cora\u00e7\u00e3o. Al\u00e9m das piadas afiadas e situa\u00e7\u00f5es hil\u00e1rias, h\u00e1 uma valoriza\u00e7\u00e3o da amizade, do trabalho em equipe e do crescimento pessoal.<\/p>\n\n\n\n<p>Ideal para quem busca leveza sem abrir m\u00e3o de intelig\u00eancia, a s\u00e9rie \u00e9 perfeita para maratonas e para relaxar depois de um dia intenso. Seus personagens se tornam rapidamente queridos, e cada temporada traz novos motivos para rir e se emocionar.<\/p>\n\n\n\n<iframe loading=\"lazy\" width=\"560\" height=\"315\" src=\"https:\/\/www.youtube.com\/embed\/sEOuJ4z5aTc?si=vKIH8yApj_txMEHm\" title=\"YouTube video player\" frameborder=\"0\" allow=\"accelerometer; autoplay; clipboard-write; encrypted-media; gyroscope; picture-in-picture; web-share\" referrerpolicy=\"strict-origin-when-cross-origin\" allowfullscreen><\/iframe>\n\n\n\n<h2 class=\"wp-block-heading\">Curiosidades sobre Brooklyn Nine-Nine<\/h2>\n\n\n\n<ul class=\"wp-block-list\">\n<li>A s\u00e9rie foi criada por <strong>Dan Goor<\/strong> e <strong>Michael Schur<\/strong>, tamb\u00e9m respons\u00e1veis por <em>Parks and Recreation<\/em>.<\/li>\n\n\n\n<li>Foi salva do cancelamento em 2018 pela <strong>NBC<\/strong>, ap\u00f3s forte mobiliza\u00e7\u00e3o dos f\u00e3s.<\/li>\n\n\n\n<li>O ator <strong>Andre Braugher<\/strong>, conhecido por pap\u00e9is dram\u00e1ticos, surpreendeu com seu talento c\u00f4mico.<\/li>\n\n\n\n<li>A frase &#8220;Nine-Nine!&#8221; virou um dos bord\u00f5es mais ic\u00f4nicos da s\u00e9rie.<\/li>\n<\/ul>\n\n\n\n<h2 class=\"wp-block-heading\">FAQ &#8211; Perguntas frequentes<\/h2>\n\n\n\n<p><strong>Onde assistir Brooklyn Nine-Nine?<\/strong> A s\u00e9rie est\u00e1 dispon\u00edvel na Netflix e no Star+ no Brasil.<\/p>\n\n\n\n<p><strong>Quem est\u00e1 no elenco principal?<\/strong> <strong>Andy Samberg<\/strong>, <strong>Andre Braugher<\/strong>, <strong>Melissa Fumero<\/strong>, <strong>Terry Crews<\/strong>, <strong>Stephanie Beatriz<\/strong>, <strong>Joe Lo Truglio<\/strong> e <strong>Chelsea Peretti<\/strong>.<\/p>\n\n\n\n<p><strong>Qual o ano de lan\u00e7amento da s\u00e9rie?<\/strong> <em>Brooklyn Nine-Nine<\/em> estreou em 2013 e foi encerrada em 2021, com oito temporadas.<\/p>\n\n\n\n<p><strong>Qual a produtora respons\u00e1vel pela s\u00e9rie?<\/strong> A s\u00e9rie foi produzida pela <strong>Universal Television<\/strong>, em parceria com a <strong>Fremulon<\/strong>, <strong>Dr. Goor Productions<\/strong> e <strong>3 Arts Entertainment<\/strong>.<\/p>\n","protected":false},"excerpt":{"rendered":"<p>Humor afiado e personagens hil\u00e1rios fazem dessa s\u00e9rie policial uma das com\u00e9dias mais queridas dos \u00faltimos anos.<\/p>\n","protected":false},"author":3,"featured_media":33086,"comment_status":"open","ping_status":"open","sticky":false,"template":"","format":"standard","meta":{"_yoast_wpseo_focuskw":"Brooklyn Nine-Nine","_yoast_wpseo_title":"%%title%%","_yoast_wpseo_metadesc":"Humor afiado e personagens hil\u00e1rios fazem dessa s\u00e9rie policial uma das com\u00e9dias mais queridas dos \u00faltimos anos.","jnews-multi-image_gallery":[],"jnews_single_post":{"format":"standard"},"jnews_primary_category":[],"jnews_social_meta":[],"jnews_override_counter":[],"footnotes":""},"categories":[140],"post_tag":[568],"class_list":["post-33085","post","type-post","status-publish","format-standard","has-post-thumbnail","hentry","category-entretenimento","tag-series-e-filmes"],"yoast_head":"<!-- This site is optimized with the Yoast SEO plugin v24.6 - https:\/\/yoast.com\/wordpress\/plugins\/seo\/ -->\n<title>Essa com\u00e9dia policial vai te conquistar logo no primeiro epis\u00f3dio<\/title>\n<meta name=\"description\" content=\"Humor afiado e personagens hil\u00e1rios fazem dessa s\u00e9rie policial uma das com\u00e9dias mais queridas dos \u00faltimos anos.\" \/>\n<meta name=\"robots\" content=\"index, follow, max-snippet:-1, max-image-preview:large, max-video-preview:-1\" \/>\n<link rel=\"canonical\" href=\"https:\/\/www.correiobraziliense.com.br\/cbradar\/essa-comedia-policial-vai-te-conquistar-logo-no-primeiro-episodio\/\" \/>\n<meta property=\"og:locale\" content=\"pt_BR\" \/>\n<meta property=\"og:type\" content=\"article\" \/>\n<meta property=\"og:title\" content=\"Essa com\u00e9dia policial vai te conquistar logo no primeiro epis\u00f3dio\" \/>\n<meta property=\"og:description\" content=\"Humor afiado e personagens hil\u00e1rios fazem dessa s\u00e9rie policial uma das com\u00e9dias mais queridas dos \u00faltimos anos.\" \/>\n<meta property=\"og:url\" content=\"https:\/\/www.correiobraziliense.com.br\/cbradar\/essa-comedia-policial-vai-te-conquistar-logo-no-primeiro-episodio\/\" \/>\n<meta property=\"og:site_name\" content=\"Correio Braziliense - Radar\" \/>\n<meta property=\"article:published_time\" content=\"2025-05-07T16:30:00+00:00\" \/>\n<meta property=\"og:image\" content=\"https:\/\/www.correiobraziliense.com.br\/cbradar\/wp-content\/uploads\/2025\/05\/Brooklyn-Nine-Nine.png\" \/>\n\t<meta property=\"og:image:width\" content=\"1280\" \/>\n\t<meta property=\"og:image:height\" content=\"720\" \/>\n\t<meta property=\"og:image:type\" content=\"image\/png\" \/>\n<meta name=\"author\" content=\"Larissa Carvalho\" \/>\n<meta name=\"twitter:card\" content=\"summary_large_image\" \/>\n<meta name=\"twitter:label1\" content=\"Escrito por\" \/>\n\t<meta name=\"twitter:data1\" content=\"Larissa Carvalho\" \/>\n\t<meta name=\"twitter:label2\" content=\"Est. tempo de leitura\" \/>\n\t<meta name=\"twitter:data2\" content=\"4 minutos\" \/>\n<!-- \/ Yoast SEO plugin. -->","yoast_head_json":{"title":"Essa com\u00e9dia policial vai te conquistar logo no primeiro epis\u00f3dio","description":"Humor afiado e personagens hil\u00e1rios fazem dessa s\u00e9rie policial uma das com\u00e9dias mais queridas dos \u00faltimos anos.","robots":{"index":"index","follow":"follow","max-snippet":"max-snippet:-1","max-image-preview":"max-image-preview:large","max-video-preview":"max-video-preview:-1"},"canonical":"https:\/\/www.correiobraziliense.com.br\/cbradar\/essa-comedia-policial-vai-te-conquistar-logo-no-primeiro-episodio\/","og_locale":"pt_BR","og_type":"article","og_title":"Essa com\u00e9dia policial vai te conquistar logo no primeiro epis\u00f3dio","og_description":"Humor afiado e personagens hil\u00e1rios fazem dessa s\u00e9rie policial uma das com\u00e9dias mais queridas dos \u00faltimos anos.","og_url":"https:\/\/www.correiobraziliense.com.br\/cbradar\/essa-comedia-policial-vai-te-conquistar-logo-no-primeiro-episodio\/","og_site_name":"Correio Braziliense - Radar","article_published_time":"2025-05-07T16:30:00+00:00","og_image":[{"width":1280,"height":720,"url":"https:\/\/www.correiobraziliense.com.br\/cbradar\/wp-content\/uploads\/2025\/05\/Brooklyn-Nine-Nine.png","type":"image\/png"}],"author":"Larissa Carvalho","twitter_card":"summary_large_image","twitter_misc":{"Escrito por":"Larissa Carvalho","Est. tempo de leitura":"4 minutos"},"schema":{"@context":"https:\/\/schema.org","@graph":[{"@type":"WebPage","@id":"https:\/\/www.correiobraziliense.com.br\/cbradar\/essa-comedia-policial-vai-te-conquistar-logo-no-primeiro-episodio\/","url":"https:\/\/www.correiobraziliense.com.br\/cbradar\/essa-comedia-policial-vai-te-conquistar-logo-no-primeiro-episodio\/","name":"Essa com\u00e9dia policial vai te conquistar logo no primeiro epis\u00f3dio","isPartOf":{"@id":"https:\/\/www.correiobraziliense.com.br\/cbradar\/#website"},"primaryImageOfPage":{"@id":"https:\/\/www.correiobraziliense.com.br\/cbradar\/essa-comedia-policial-vai-te-conquistar-logo-no-primeiro-episodio\/#primaryimage"},"image":{"@id":"https:\/\/www.correiobraziliense.com.br\/cbradar\/essa-comedia-policial-vai-te-conquistar-logo-no-primeiro-episodio\/#primaryimage"},"thumbnailUrl":"https:\/\/www.correiobraziliense.com.br\/cbradar\/wp-content\/uploads\/2025\/05\/Brooklyn-Nine-Nine.png","datePublished":"2025-05-07T16:30:00+00:00","author":{"@id":"https:\/\/www.correiobraziliense.com.br\/cbradar\/#\/schema\/person\/58422787644df994b53a19d3e56c1513"},"description":"Humor afiado e personagens hil\u00e1rios fazem dessa s\u00e9rie policial uma das com\u00e9dias mais queridas dos \u00faltimos anos.","breadcrumb":{"@id":"https:\/\/www.correiobraziliense.com.br\/cbradar\/essa-comedia-policial-vai-te-conquistar-logo-no-primeiro-episodio\/#breadcrumb"},"inLanguage":"pt-BR","potentialAction":[{"@type":"ReadAction","target":["https:\/\/www.correiobraziliense.com.br\/cbradar\/essa-comedia-policial-vai-te-conquistar-logo-no-primeiro-episodio\/"]}]},{"@type":"ImageObject","inLanguage":"pt-BR","@id":"https:\/\/www.correiobraziliense.com.br\/cbradar\/essa-comedia-policial-vai-te-conquistar-logo-no-primeiro-episodio\/#primaryimage","url":"https:\/\/www.correiobraziliense.com.br\/cbradar\/wp-content\/uploads\/2025\/05\/Brooklyn-Nine-Nine.png","contentUrl":"https:\/\/www.correiobraziliense.com.br\/cbradar\/wp-content\/uploads\/2025\/05\/Brooklyn-Nine-Nine.png","width":1280,"height":720,"caption":"Brooklyn Nine-Nine. Fonte: divulga\u00e7\u00e3o \/ Universal Television"},{"@type":"BreadcrumbList","@id":"https:\/\/www.correiobraziliense.com.br\/cbradar\/essa-comedia-policial-vai-te-conquistar-logo-no-primeiro-episodio\/#breadcrumb","itemListElement":[{"@type":"ListItem","position":1,"name":"In\u00edcio","item":"https:\/\/www.correiobraziliense.com.br\/cbradar\/"},{"@type":"ListItem","position":2,"name":"Essa com\u00e9dia policial vai te conquistar logo no primeiro epis\u00f3dio"}]},{"@type":"WebSite","@id":"https:\/\/www.correiobraziliense.com.br\/cbradar\/#website","url":"https:\/\/www.correiobraziliense.com.br\/cbradar\/","name":"Correio Braziliense - Radar","description":"Acompanhe as \u00faltimas not\u00edcias e fique bem informado sobre tudo o que acontece no Brasil e no mundo.","potentialAction":[{"@type":"SearchAction","target":{"@type":"EntryPoint","urlTemplate":"https:\/\/www.correiobraziliense.com.br\/cbradar\/?s={search_term_string}"},"query-input":{"@type":"PropertyValueSpecification","valueRequired":true,"valueName":"search_term_string"}}],"inLanguage":"pt-BR"},{"@type":"Person","@id":"https:\/\/www.correiobraziliense.com.br\/cbradar\/#\/schema\/person\/58422787644df994b53a19d3e56c1513","name":"Larissa Carvalho","image":{"@type":"ImageObject","inLanguage":"pt-BR","@id":"https:\/\/www.correiobraziliense.com.br\/cbradar\/#\/schema\/person\/image\/","url":"https:\/\/secure.gravatar.com\/avatar\/fe4f91a0de32b52a838d0d612abdc1aa?s=96&d=mm&r=g","contentUrl":"https:\/\/secure.gravatar.com\/avatar\/fe4f91a0de32b52a838d0d612abdc1aa?s=96&d=mm&r=g","caption":"Larissa Carvalho"},"url":"https:\/\/www.correiobraziliense.com.br\/cbradar\/author\/larissamyth\/"}]}},"_links":{"self":[{"href":"https:\/\/www.correiobraziliense.com.br\/cbradar\/wp-json\/wp\/v2\/posts\/33085","targetHints":{"allow":["GET"]}}],"collection":[{"href":"https:\/\/www.correiobraziliense.com.br\/cbradar\/wp-json\/wp\/v2\/posts"}],"about":[{"href":"https:\/\/www.correiobraziliense.com.br\/cbradar\/wp-json\/wp\/v2\/types\/post"}],"author":[{"embeddable":true,"href":"https:\/\/www.correiobraziliense.com.br\/cbradar\/wp-json\/wp\/v2\/users\/3"}],"replies":[{"embeddable":true,"href":"https:\/\/www.correiobraziliense.com.br\/cbradar\/wp-json\/wp\/v2\/comments?post=33085"}],"version-history":[{"count":1,"href":"https:\/\/www.correiobraziliense.com.br\/cbradar\/wp-json\/wp\/v2\/posts\/33085\/revisions"}],"predecessor-version":[{"id":33088,"href":"https:\/\/www.correiobraziliense.com.br\/cbradar\/wp-json\/wp\/v2\/posts\/33085\/revisions\/33088"}],"wp:featuredmedia":[{"embeddable":true,"href":"https:\/\/www.correiobraziliense.com.br\/cbradar\/wp-json\/wp\/v2\/media\/33086"}],"wp:attachment":[{"href":"https:\/\/www.correiobraziliense.com.br\/cbradar\/wp-json\/wp\/v2\/media?parent=33085"}],"wp:term":[{"taxonomy":"category","embeddable":true,"href":"https:\/\/www.correiobraziliense.com.br\/cbradar\/wp-json\/wp\/v2\/categories?post=33085"},{"taxonomy":"post_tag","embeddable":true,"href":"https:\/\/www.correiobraziliense.com.br\/cbradar\/wp-json\/wp\/v2\/post_tag?post=33085"}],"curies":[{"name":"wp","href":"https:\/\/api.w.org\/{rel}","templated":true}]}}