{"id":33118,"date":"2025-05-07T13:50:00","date_gmt":"2025-05-07T16:50:00","guid":{"rendered":"https:\/\/www.correiobraziliense.com.br\/cbradar\/?p=33118"},"modified":"2025-07-02T12:05:07","modified_gmt":"2025-07-02T15:05:07","slug":"o-verao-que-mudou-minha-vida-ganha-trailer-da-3-temporada-confira","status":"publish","type":"post","link":"https:\/\/www.correiobraziliense.com.br\/cbradar\/o-verao-que-mudou-minha-vida-ganha-trailer-da-3-temporada-confira\/","title":{"rendered":"O &#8220;Ver\u00e3o que Mudou Minha Vida&#8221; ganha trailer da 3 temporada; confira!"},"content":{"rendered":"\n<p>A s\u00e9rie que conquistou o cora\u00e7\u00e3o de milh\u00f5es de jovens est\u00e1 chegando ao fim, e os f\u00e3s n\u00e3o sabem se ficam tristes ou ansiosos. <strong><a href=\"https:\/\/www.imdb.com\/pt\/title\/tt14016500\/?ref_=ttmi_ov_i\" target=\"_blank\" rel=\"noreferrer noopener\">O Ver\u00e3o Que Mudou Minha Vida<\/a><\/strong> volta para sua terceira e \u00faltima temporada no <strong><a href=\"https:\/\/www.correiobraziliense.com.br\/cbradar\/confira-os-lancamentos-da-semana-no-amazon-prime-video\/\" target=\"_blank\" rel=\"noreferrer noopener\">Amazon Prime Video<\/a><\/strong> em 16 de julho de 2025. Desta vez, <strong>Belly<\/strong> vai finalmente decidir entre <strong>Conrad<\/strong> e <strong>Jeremiah<\/strong> Fisher, encerrando o tri\u00e2ngulo amoroso que deixou todo mundo em d\u00favida por tr\u00eas anos.<\/p>\n\n\n\n<p>A s\u00e9rie virou um verdadeiro fen\u00f4meno na plataforma da <strong>Amazon<\/strong>. A segunda temporada mais que dobrou o n\u00famero de espectadores em compara\u00e7\u00e3o com a primeira, e agora todo mundo quer saber como essa hist\u00f3ria vai acabar. Com 11 epis\u00f3dios, esta temporada promete ser a mais intensa de todas, adaptando o \u00faltimo livro da trilogia de <strong>Jenny Han<\/strong>, <strong>Sempre Teremos o Ver\u00e3o<\/strong>.<\/p>\n\n\n\n<h2 class=\"wp-block-heading\">Por que esta temporada ser\u00e1 especial?<\/h2>\n\n\n\n<p>A terceira temporada traz um salto no tempo de dois anos ap\u00f3s os eventos da segunda temporada. <strong>Belly<\/strong> agora est\u00e1 mais madura e decidida a passar o ver\u00e3o ao lado de <strong>Jeremiah<\/strong>. Mas a vida n\u00e3o \u00e9 t\u00e3o simples assim, e o retorno de <strong>Conrad<\/strong> promete bagun\u00e7ar todos os planos dela.<\/p>\n\n\n\n<p><strong>Lola Tung<\/strong> volta como <strong>Belly<\/strong>, agora mostrando uma personagem que cresceu e aprendeu com suas experi\u00eancias. <strong>Christopher Briney<\/strong> e <strong>Gavin Casalegno<\/strong> retornam como os irm\u00e3os <strong>Fisher<\/strong>, cada um lutando pela aten\u00e7\u00e3o da protagonista. O cartaz oficial j\u00e1 deu uma pista do clima tenso: <strong>Belly<\/strong> aparece sendo beijada na bochecha por <strong>Jeremiah<\/strong>, enquanto <strong>Conrad<\/strong> observa tudo com ci\u00fames.<\/p>\n\n\n\n<h2 class=\"wp-block-heading\">O que mudou desde a \u00faltima temporada?<\/h2>\n\n\n\n<p>O primeiro teaser mostra <strong>Belly<\/strong> e <strong>Jeremiah<\/strong> em momentos de intimidade e divers\u00e3o, com a trilha sonora de <strong>Daylight<\/strong>, da <strong>Taylor Swift<\/strong>. Parece que o casal est\u00e1 feliz e estabelecido, mas uma visita inesperada pode mudar tudo. Quem acompanha a s\u00e9rie sabe que nada \u00e9 t\u00e3o simples assim em <strong>Cousins Beach<\/strong>.<\/p>\n\n\n\n<p>A s\u00e9rie sempre foi fiel aos livros de <strong>Jenny Han<\/strong>, e a terceira temporada promete seguir o mesmo caminho. Isso significa que vamos ver <strong>Belly<\/strong> enfrentando dilemas reais sobre amor, futuro e identidade. N\u00e3o \u00e9 mais aquela adolescente confusa do primeiro ver\u00e3o. Agora ela precisa tomar decis\u00f5es que v\u00e3o afetar sua vida adulta.<\/p>\n\n\n\n<h2 class=\"wp-block-heading\">Como a s\u00e9rie conquistou tanto sucesso?<\/h2>\n\n\n\n<p><strong>O Ver\u00e3o Que Mudou Minha Vida<\/strong> acertou em cheio ao falar sobre temas que todo jovem enfrenta: primeiro amor, amizades complicadas e a press\u00e3o de crescer. A s\u00e9rie n\u00e3o trata esses assuntos de forma superficial. Ela mostra as dores e alegrias de cada momento, sem romantizar demais ou dramatizar al\u00e9m da conta.<\/p>\n\n\n\n<p>A trilha sonora tamb\u00e9m \u00e9 um ponto forte. M\u00fasicas de <strong>Taylor Swift<\/strong>, <strong>Lorde<\/strong> e <strong>Phoebe Bridgers<\/strong> criam a atmosfera perfeita para cada cena. Al\u00e9m disso, a fotografia de <strong>Cousins Beach<\/strong> faz qualquer um querer passar o ver\u00e3o por l\u00e1. A s\u00e9rie conseguiu criar um mundo onde todo mundo gostaria de viver, pelo menos por algumas semanas.<\/p>\n\n\n\n<h2 class=\"wp-block-heading\">Qual ser\u00e1 o final do tri\u00e2ngulo amoroso?<\/h2>\n\n\n\n<figure class=\"wp-block-embed aligncenter is-type-video is-provider-youtube wp-block-embed-youtube wp-embed-aspect-16-9 wp-has-aspect-ratio\"><div class=\"wp-block-embed__wrapper\">\n<div class=\"jeg_video_container jeg_video_content\"><iframe loading=\"lazy\" title=\"O Ver\u00e3o Que Mudou Minha Vida \u2013 3 Temporada | Teaser Oficial | Prime Video\" width=\"500\" height=\"281\" src=\"https:\/\/www.youtube.com\/embed\/8d5-Q1N9P8U?feature=oembed\" frameborder=\"0\" allow=\"accelerometer; autoplay; clipboard-write; encrypted-media; gyroscope; picture-in-picture; web-share\" referrerpolicy=\"strict-origin-when-cross-origin\" allowfullscreen><\/iframe><\/div>\n<\/div><\/figure>\n\n\n\n<p>Esta \u00e9 a pergunta que n\u00e3o quer calar. Quem leu os livros j\u00e1 sabe como a hist\u00f3ria termina, mas <strong>Jenny Han<\/strong>, que tamb\u00e9m \u00e9 showrunner da s\u00e9rie, pode ter preparado algumas surpresas. O que sabemos \u00e9 que <strong>Belly<\/strong> vai precisar escolher de vez entre os dois irm\u00e3os.<\/p>\n\n\n\n<p><strong>Conrad<\/strong> sempre foi o primeiro amor, aquele que mexe com o cora\u00e7\u00e3o de forma inexplic\u00e1vel. <strong>Jeremiah<\/strong> \u00e9 o companheiro divertido, que traz leveza e felicidade. A decis\u00e3o n\u00e3o ser\u00e1 f\u00e1cil, e provavelmente vai dividir os f\u00e3s. Cada personagem tem suas qualidades, e ambos amam <strong>Belly<\/strong> de verdade.<\/p>\n\n\n\n<h2 class=\"wp-block-heading\">O que esperar dos \u00faltimos epis\u00f3dios?<\/h2>\n\n\n\n<p>A terceira temporada promete ser a mais madura da s\u00e9rie. <strong>Belly<\/strong> est\u00e1 prestes a entrar na vida adulta, e suas escolhas ter\u00e3o consequ\u00eancias reais. A s\u00e9rie vai abordar temas como amadurecimento, responsabilidade e o significado do amor verdadeiro. N\u00e3o ser\u00e1 apenas sobre romance adolescente, mas sobre crescer e descobrir quem voc\u00ea realmente \u00e9.<\/p>\n\n\n\n<p><strong>Jenny Han<\/strong> j\u00e1 confirmou que esta ser\u00e1 a \u00faltima temporada, fechando o ciclo de forma definitiva. Os f\u00e3s podem esperar um final emocionante, que fa\u00e7a jus a toda a jornada de <strong>Belly<\/strong>. Com lan\u00e7amento semanal a partir de 16 de julho, cada quarta-feira ser\u00e1 um evento para quem acompanha a s\u00e9rie. O \u00faltimo epis\u00f3dio est\u00e1 marcado para 17 de setembro, encerrando oficialmente a hist\u00f3ria que conquistou uma gera\u00e7\u00e3o inteira.<\/p>\n","protected":false},"excerpt":{"rendered":"<p>A s\u00e9rie que conquistou o cora\u00e7\u00e3o de milh\u00f5es de jovens est\u00e1 chegando ao fim, e os f\u00e3s n\u00e3o sabem se ficam tristes ou ansiosos. O Ver\u00e3o Que Mudou Minha Vida volta para sua terceira e \u00faltima temporada no Amazon Prime Video em 16 de julho de 2025. Desta vez, Belly vai finalmente decidir entre Conrad [&hellip;]<\/p>\n","protected":false},"author":8,"featured_media":33133,"comment_status":"open","ping_status":"open","sticky":false,"template":"","format":"standard","meta":{"_yoast_wpseo_focuskw":"Ver\u00e3o que Mudou Minha Vida","_yoast_wpseo_title":"","_yoast_wpseo_metadesc":"S\u00e9rie 'Ver\u00e3o que Mudou Minha Vida' retorna com sua terceira temporada. Descubra o que o novo trailer revela sobre o destino de Belly.","jnews-multi-image_gallery":[],"jnews_single_post":{"format":"standard"},"jnews_primary_category":[],"jnews_social_meta":[],"jnews_override_counter":[],"footnotes":""},"categories":[140],"post_tag":[325,3768,4293],"class_list":["post-33118","post","type-post","status-publish","format-standard","has-post-thumbnail","hentry","category-entretenimento","tag-lancamento","tag-trailer","tag-verao-que-mudou-minha-vida"],"yoast_head":"<!-- This site is optimized with the Yoast SEO plugin v24.6 - https:\/\/yoast.com\/wordpress\/plugins\/seo\/ -->\n<title>O &quot;Ver\u00e3o que Mudou Minha Vida&quot; ganha trailer da 3 temporada; confira! - Correio Braziliense - Radar<\/title>\n<meta name=\"description\" content=\"S\u00e9rie &#039;Ver\u00e3o que Mudou Minha Vida&#039; retorna com sua terceira temporada. Descubra o que o novo trailer revela sobre o destino de Belly.\" \/>\n<meta name=\"robots\" content=\"index, follow, max-snippet:-1, max-image-preview:large, max-video-preview:-1\" \/>\n<link rel=\"canonical\" href=\"https:\/\/www.correiobraziliense.com.br\/cbradar\/o-verao-que-mudou-minha-vida-ganha-trailer-da-3-temporada-confira\/\" \/>\n<meta property=\"og:locale\" content=\"pt_BR\" \/>\n<meta property=\"og:type\" content=\"article\" \/>\n<meta property=\"og:title\" content=\"O &quot;Ver\u00e3o que Mudou Minha Vida&quot; ganha trailer da 3 temporada; confira! - Correio Braziliense - Radar\" \/>\n<meta property=\"og:description\" content=\"S\u00e9rie &#039;Ver\u00e3o que Mudou Minha Vida&#039; retorna com sua terceira temporada. Descubra o que o novo trailer revela sobre o destino de Belly.\" \/>\n<meta property=\"og:url\" content=\"https:\/\/www.correiobraziliense.com.br\/cbradar\/o-verao-que-mudou-minha-vida-ganha-trailer-da-3-temporada-confira\/\" \/>\n<meta property=\"og:site_name\" content=\"Correio Braziliense - Radar\" \/>\n<meta property=\"article:published_time\" content=\"2025-05-07T16:50:00+00:00\" \/>\n<meta property=\"article:modified_time\" content=\"2025-07-02T15:05:07+00:00\" \/>\n<meta property=\"og:image\" content=\"https:\/\/www.correiobraziliense.com.br\/cbradar\/wp-content\/uploads\/2025\/05\/Edicoes-81.png\" \/>\n\t<meta property=\"og:image:width\" content=\"1280\" \/>\n\t<meta property=\"og:image:height\" content=\"720\" \/>\n\t<meta property=\"og:image:type\" content=\"image\/png\" \/>\n<meta name=\"author\" content=\"Maura Pereira\" \/>\n<meta name=\"twitter:card\" content=\"summary_large_image\" \/>\n<meta name=\"twitter:label1\" content=\"Escrito por\" \/>\n\t<meta name=\"twitter:data1\" content=\"Maura Pereira\" \/>\n\t<meta name=\"twitter:label2\" content=\"Est. tempo de leitura\" \/>\n\t<meta name=\"twitter:data2\" content=\"5 minutos\" \/>\n<!-- \/ Yoast SEO plugin. -->","yoast_head_json":{"title":"O \"Ver\u00e3o que Mudou Minha Vida\" ganha trailer da 3 temporada; confira! - Correio Braziliense - Radar","description":"S\u00e9rie 'Ver\u00e3o que Mudou Minha Vida' retorna com sua terceira temporada. Descubra o que o novo trailer revela sobre o destino de Belly.","robots":{"index":"index","follow":"follow","max-snippet":"max-snippet:-1","max-image-preview":"max-image-preview:large","max-video-preview":"max-video-preview:-1"},"canonical":"https:\/\/www.correiobraziliense.com.br\/cbradar\/o-verao-que-mudou-minha-vida-ganha-trailer-da-3-temporada-confira\/","og_locale":"pt_BR","og_type":"article","og_title":"O \"Ver\u00e3o que Mudou Minha Vida\" ganha trailer da 3 temporada; confira! - Correio Braziliense - Radar","og_description":"S\u00e9rie 'Ver\u00e3o que Mudou Minha Vida' retorna com sua terceira temporada. Descubra o que o novo trailer revela sobre o destino de Belly.","og_url":"https:\/\/www.correiobraziliense.com.br\/cbradar\/o-verao-que-mudou-minha-vida-ganha-trailer-da-3-temporada-confira\/","og_site_name":"Correio Braziliense - Radar","article_published_time":"2025-05-07T16:50:00+00:00","article_modified_time":"2025-07-02T15:05:07+00:00","og_image":[{"width":1280,"height":720,"url":"https:\/\/www.correiobraziliense.com.br\/cbradar\/wp-content\/uploads\/2025\/05\/Edicoes-81.png","type":"image\/png"}],"author":"Maura Pereira","twitter_card":"summary_large_image","twitter_misc":{"Escrito por":"Maura Pereira","Est. tempo de leitura":"5 minutos"},"schema":{"@context":"https:\/\/schema.org","@graph":[{"@type":"WebPage","@id":"https:\/\/www.correiobraziliense.com.br\/cbradar\/o-verao-que-mudou-minha-vida-ganha-trailer-da-3-temporada-confira\/","url":"https:\/\/www.correiobraziliense.com.br\/cbradar\/o-verao-que-mudou-minha-vida-ganha-trailer-da-3-temporada-confira\/","name":"O \"Ver\u00e3o que Mudou Minha Vida\" ganha trailer da 3 temporada; confira! - Correio Braziliense - Radar","isPartOf":{"@id":"https:\/\/www.correiobraziliense.com.br\/cbradar\/#website"},"primaryImageOfPage":{"@id":"https:\/\/www.correiobraziliense.com.br\/cbradar\/o-verao-que-mudou-minha-vida-ganha-trailer-da-3-temporada-confira\/#primaryimage"},"image":{"@id":"https:\/\/www.correiobraziliense.com.br\/cbradar\/o-verao-que-mudou-minha-vida-ganha-trailer-da-3-temporada-confira\/#primaryimage"},"thumbnailUrl":"https:\/\/www.correiobraziliense.com.br\/cbradar\/wp-content\/uploads\/2025\/05\/Edicoes-81.png","datePublished":"2025-05-07T16:50:00+00:00","dateModified":"2025-07-02T15:05:07+00:00","author":{"@id":"https:\/\/www.correiobraziliense.com.br\/cbradar\/#\/schema\/person\/4053c651a9bfc785afc6f4cbc9032fd3"},"description":"S\u00e9rie 'Ver\u00e3o que Mudou Minha Vida' retorna com sua terceira temporada. Descubra o que o novo trailer revela sobre o destino de Belly.","breadcrumb":{"@id":"https:\/\/www.correiobraziliense.com.br\/cbradar\/o-verao-que-mudou-minha-vida-ganha-trailer-da-3-temporada-confira\/#breadcrumb"},"inLanguage":"pt-BR","potentialAction":[{"@type":"ReadAction","target":["https:\/\/www.correiobraziliense.com.br\/cbradar\/o-verao-que-mudou-minha-vida-ganha-trailer-da-3-temporada-confira\/"]}]},{"@type":"ImageObject","inLanguage":"pt-BR","@id":"https:\/\/www.correiobraziliense.com.br\/cbradar\/o-verao-que-mudou-minha-vida-ganha-trailer-da-3-temporada-confira\/#primaryimage","url":"https:\/\/www.correiobraziliense.com.br\/cbradar\/wp-content\/uploads\/2025\/05\/Edicoes-81.png","contentUrl":"https:\/\/www.correiobraziliense.com.br\/cbradar\/wp-content\/uploads\/2025\/05\/Edicoes-81.png","width":1280,"height":720,"caption":"O Ver\u00e3o Que Mudou Minha Vida \/\/ Reprodu\u00e7\u00e3o: IMDb (Foto\/Divulga\u00e7\u00e3o)"},{"@type":"BreadcrumbList","@id":"https:\/\/www.correiobraziliense.com.br\/cbradar\/o-verao-que-mudou-minha-vida-ganha-trailer-da-3-temporada-confira\/#breadcrumb","itemListElement":[{"@type":"ListItem","position":1,"name":"In\u00edcio","item":"https:\/\/www.correiobraziliense.com.br\/cbradar\/"},{"@type":"ListItem","position":2,"name":"O &#8220;Ver\u00e3o que Mudou Minha Vida&#8221; ganha trailer da 3 temporada; confira!"}]},{"@type":"WebSite","@id":"https:\/\/www.correiobraziliense.com.br\/cbradar\/#website","url":"https:\/\/www.correiobraziliense.com.br\/cbradar\/","name":"Correio Braziliense - Radar","description":"Acompanhe as \u00faltimas not\u00edcias e fique bem informado sobre tudo o que acontece no Brasil e no mundo.","potentialAction":[{"@type":"SearchAction","target":{"@type":"EntryPoint","urlTemplate":"https:\/\/www.correiobraziliense.com.br\/cbradar\/?s={search_term_string}"},"query-input":{"@type":"PropertyValueSpecification","valueRequired":true,"valueName":"search_term_string"}}],"inLanguage":"pt-BR"},{"@type":"Person","@id":"https:\/\/www.correiobraziliense.com.br\/cbradar\/#\/schema\/person\/4053c651a9bfc785afc6f4cbc9032fd3","name":"Maura Pereira","image":{"@type":"ImageObject","inLanguage":"pt-BR","@id":"https:\/\/www.correiobraziliense.com.br\/cbradar\/#\/schema\/person\/image\/","url":"https:\/\/secure.gravatar.com\/avatar\/3effd6bdadfa447f15089c7f7144eaa6?s=96&d=mm&r=g","contentUrl":"https:\/\/secure.gravatar.com\/avatar\/3effd6bdadfa447f15089c7f7144eaa6?s=96&d=mm&r=g","caption":"Maura Pereira"},"sameAs":["https:\/\/www.correiobraziliense.com.br\/"],"url":"https:\/\/www.correiobraziliense.com.br\/cbradar\/author\/mauramyth\/"}]}},"_links":{"self":[{"href":"https:\/\/www.correiobraziliense.com.br\/cbradar\/wp-json\/wp\/v2\/posts\/33118","targetHints":{"allow":["GET"]}}],"collection":[{"href":"https:\/\/www.correiobraziliense.com.br\/cbradar\/wp-json\/wp\/v2\/posts"}],"about":[{"href":"https:\/\/www.correiobraziliense.com.br\/cbradar\/wp-json\/wp\/v2\/types\/post"}],"author":[{"embeddable":true,"href":"https:\/\/www.correiobraziliense.com.br\/cbradar\/wp-json\/wp\/v2\/users\/8"}],"replies":[{"embeddable":true,"href":"https:\/\/www.correiobraziliense.com.br\/cbradar\/wp-json\/wp\/v2\/comments?post=33118"}],"version-history":[{"count":8,"href":"https:\/\/www.correiobraziliense.com.br\/cbradar\/wp-json\/wp\/v2\/posts\/33118\/revisions"}],"predecessor-version":[{"id":63320,"href":"https:\/\/www.correiobraziliense.com.br\/cbradar\/wp-json\/wp\/v2\/posts\/33118\/revisions\/63320"}],"wp:featuredmedia":[{"embeddable":true,"href":"https:\/\/www.correiobraziliense.com.br\/cbradar\/wp-json\/wp\/v2\/media\/33133"}],"wp:attachment":[{"href":"https:\/\/www.correiobraziliense.com.br\/cbradar\/wp-json\/wp\/v2\/media?parent=33118"}],"wp:term":[{"taxonomy":"category","embeddable":true,"href":"https:\/\/www.correiobraziliense.com.br\/cbradar\/wp-json\/wp\/v2\/categories?post=33118"},{"taxonomy":"post_tag","embeddable":true,"href":"https:\/\/www.correiobraziliense.com.br\/cbradar\/wp-json\/wp\/v2\/post_tag?post=33118"}],"curies":[{"name":"wp","href":"https:\/\/api.w.org\/{rel}","templated":true}]}}