{"id":33149,"date":"2025-05-08T06:50:00","date_gmt":"2025-05-08T09:50:00","guid":{"rendered":"https:\/\/www.correiobraziliense.com.br\/cbradar\/?p=33149"},"modified":"2025-07-02T14:47:01","modified_gmt":"2025-07-02T17:47:01","slug":"o-retorno-de-round-6-na-netflix-o-que-esperar-da-terceira-temporada","status":"publish","type":"post","link":"https:\/\/www.correiobraziliense.com.br\/cbradar\/o-retorno-de-round-6-na-netflix-o-que-esperar-da-terceira-temporada\/","title":{"rendered":"O retorno de Round 6 na Netflix! O que esperar da terceira temporada?"},"content":{"rendered":"\n<p>A temporada final de <strong>Round 6<\/strong> chegou \u00e0 <a href=\"https:\/\/www.netflix.com\/br\/\" target=\"_blank\" rel=\"noreferrer noopener\"><strong>Netflix<\/strong> <\/a>em <strong>27 de junho de 2025<\/strong> e j\u00e1 virou assunto no mundo todo. A s\u00e9rie sul-coreana bateu um recorde incr\u00edvel: foi a primeira produ\u00e7\u00e3o a ficar em primeiro lugar no ranking de audi\u00eancia em todos os 93 pa\u00edses onde a plataforma monitora o Top 10. \u00c9 como se o mundo inteiro tivesse parado para assistir o desfecho dessa hist\u00f3ria.<\/p>\n\n\n\n<p>Esta \u00faltima temporada tem apenas seis <a href=\"https:\/\/www.correiobraziliense.com.br\/cbradar\/voce-deveria-assistir-essa-minisserie-emocionante-que-esta-na-netflix\/\" target=\"_blank\" rel=\"noreferrer noopener\">epis\u00f3dios<\/a>, bem menor que as anteriores, mas promete amarrar todas as pontas soltas da trama. A <strong>Netflix<\/strong> liberou tudo de uma vez, ent\u00e3o d\u00e1 para maratonar tranquilo sem ficar esperando epis\u00f3dio por epis\u00f3dio. Isso mostra o quanto a plataforma confia no poder dessa hist\u00f3ria criada por <strong>Hwang Dong-hyuk<\/strong>.<\/p>\n\n\n\n<h2 class=\"wp-block-heading\">Por que esta temporada \u00e9 considerada a mais importante da s\u00e9rie?<\/h2>\n\n\n\n<p>A terceira temporada come\u00e7a exatamente onde a anterior parou: ap\u00f3s a revolta fracassada de <strong>Gi-hun<\/strong> contra os organizadores dos jogos. O protagonista, interpretado por <strong>Lee Jung-jae<\/strong>, agora enfrenta o peso das mortes que presenciou e precisa encontrar uma nova forma de destruir o sistema por dentro. A diferen\u00e7a \u00e9 que desta vez ele est\u00e1 completamente sozinho em sua miss\u00e3o.<\/p>\n\n\n\n<p>O personagem retorna atormentado pela culpa e disposto a sacrificar tudo para acabar com os jogos definitivamente. Esta jornada emocional promete ser mais intensa que as anteriores, explorando o lado psicol\u00f3gico de algu\u00e9m que j\u00e1 venceu uma vez, mas agora precisa lidar com as consequ\u00eancias de suas escolhas. O dilema moral se torna ainda mais complexo quando ele percebe que talvez precise de ajuda para se reconectar com sua pr\u00f3pria humanidade.<\/p>\n\n\n\n<h2 class=\"wp-block-heading\">Como a produ\u00e7\u00e3o da s\u00e9rie foi impactada por fatores externos?<\/h2>\n\n\n\n<p>A terceira temporada foi gravada simultaneamente com a segunda, uma estrat\u00e9gia que permitiu manter a continuidade narrativa e visual entre as duas partes. Isso explica por que o intervalo entre os lan\u00e7amentos foi de apenas seis meses, bem diferente dos tr\u00eas anos que os f\u00e3s esperaram entre a primeira e segunda temporadas.<\/p>\n\n\n\n<p>Durante as grava\u00e7\u00f5es originais, a produ\u00e7\u00e3o enfrentou apenas uma breve pausa devido \u00e0 pandemia de Covid-19 em agosto de 2020, retomando as filmagens em setembro do mesmo ano. Este cronograma apertado demonstra o comprometimento da equipe em entregar um produto final coeso. A decis\u00e3o de gravar ambas as temporadas em sequ\u00eancia tamb\u00e9m garantiu que o elenco principal mantivesse a mesma energia e qu\u00edmica que conquistou o p\u00fablico mundial.<\/p>\n\n\n\n<h2 class=\"wp-block-heading\">Quais segredos e simbolismos ainda n\u00e3o foram revelados?<\/h2>\n\n\n\n<figure class=\"wp-block-embed aligncenter is-type-video is-provider-youtube wp-block-embed-youtube wp-embed-aspect-16-9 wp-has-aspect-ratio\"><div class=\"wp-block-embed__wrapper\">\n<div class=\"jeg_video_container jeg_video_content\"><iframe loading=\"lazy\" title=\"Squid Game: Season 3 | Official Teaser | Netflix\" width=\"500\" height=\"281\" src=\"https:\/\/www.youtube.com\/embed\/Lb6v6AUFWrM?feature=oembed\" frameborder=\"0\" allow=\"accelerometer; autoplay; clipboard-write; encrypted-media; gyroscope; picture-in-picture; web-share\" referrerpolicy=\"strict-origin-when-cross-origin\" allowfullscreen><\/iframe><\/div>\n<\/div><\/figure>\n\n\n\n<p>A s\u00e9rie \u00e9 repleta de simbolismos cuidadosamente planejados, como as formas geom\u00e9tricas nas m\u00e1scaras dos guardas que representam as iniciais do nome original em coreano: c\u00edrculo (O), tri\u00e2ngulo (J) e quadrado (M), formando &#8220;Ojingeo Geim&#8221;. Estas formas tamb\u00e9m definem a hierarquia: tri\u00e2ngulos para soldados, c\u00edrculos para trabalhadores e quadrados para l\u00edderes.<\/p>\n\n\n\n<p>As cores dos uniformes foram escolhidas atrav\u00e9s do c\u00edrculo crom\u00e1tico: verde para os jogadores, lembrando os fardamentos escolares coreanos dos anos de juventude do diretor, e rosa choque para os guardas, cor diametralmente oposta no espectro de cores. Estes detalhes visuais n\u00e3o s\u00e3o casuais e carregam significados profundos sobre poder, hierarquia e controle social. Na temporada final, novos s\u00edmbolos podem aparecer para representar a fase final desta batalha entre <strong>Gi-hun<\/strong> e o sistema.<\/p>\n\n\n\n<h2 class=\"wp-block-heading\">Que curiosidades marcaram a hist\u00f3ria da produ\u00e7\u00e3o de Round 6?<\/h2>\n\n\n\n<p>A famosa boneca gigante do primeiro jogo existe na vida real e fica no condado rural de Jincheon, cerca de tr\u00eas horas de Seul. Ela foi emprestada pelo museu Macha Land especificamente para as grava\u00e7\u00f5es da s\u00e9rie, e hoje se tornou uma atra\u00e7\u00e3o tur\u00edstica por conta do sucesso mundial da produ\u00e7\u00e3o.<\/p>\n\n\n\n<p>O projeto de <strong>Round 6<\/strong> \u00e9 bem mais antigo do que muitos imaginam: <strong>Hwang Dong-hyuk<\/strong> desenvolveu o primeiro roteiro em 2008, quando passava por dificuldades financeiras pessoais. Na \u00e9poca, o diretor admitiu que participaria de um jogo como esse se realmente existisse, tamanhas eram suas d\u00edvidas. A s\u00e9rie enfrentou diversas recusas de produtoras que consideravam a hist\u00f3ria &#8220;muito estranha e irrealista&#8221; para ser comercialmente vi\u00e1vel. Ironicamente, essa mesma estranheza se tornou o diferencial que conquistou o mundo. Outro fato curioso \u00e9 que o n\u00famero de telefone mostrado na s\u00e9rie era real e chegou a receber mais de 4 mil liga\u00e7\u00f5es di\u00e1rias de f\u00e3s ao redor do mundo, for\u00e7ando a <strong>Netflix<\/strong> a negociar com o propriet\u00e1rio da linha.<\/p>\n","protected":false},"excerpt":{"rendered":"<p>A temporada final de Round 6 chegou \u00e0 Netflix em 27 de junho de 2025 e j\u00e1 virou assunto no mundo todo. A s\u00e9rie sul-coreana bateu um recorde incr\u00edvel: foi a primeira produ\u00e7\u00e3o a ficar em primeiro lugar no ranking de audi\u00eancia em todos os 93 pa\u00edses onde a plataforma monitora o Top 10. \u00c9 [&hellip;]<\/p>\n","protected":false},"author":8,"featured_media":33159,"comment_status":"open","ping_status":"open","sticky":false,"template":"","format":"standard","meta":{"_yoast_wpseo_focuskw":"Round 6","_yoast_wpseo_title":"","_yoast_wpseo_metadesc":"A terceira e \u00faltima temporada de Round 6 estreia em 27 de junho na Netflix. Prepare-se para o desfecho emocionante da s\u00e9rie.","jnews-multi-image_gallery":[],"jnews_single_post":{"format":"standard"},"jnews_primary_category":[],"jnews_social_meta":[],"jnews_override_counter":[],"footnotes":""},"categories":[140],"tags":[141,4297,4298],"class_list":["post-33149","post","type-post","status-publish","format-standard","has-post-thumbnail","hentry","category-entretenimento","tag-netflix","tag-round-6","tag-terceira-temporada"],"yoast_head":"<!-- This site is optimized with the Yoast SEO plugin v24.6 - https:\/\/yoast.com\/wordpress\/plugins\/seo\/ -->\n<title>O retorno de Round 6 na Netflix! O que esperar da terceira temporada? - Correio Braziliense - Radar<\/title>\n<meta name=\"description\" content=\"A terceira e \u00faltima temporada de Round 6 estreia em 27 de junho na Netflix. Prepare-se para o desfecho emocionante da s\u00e9rie.\" \/>\n<meta name=\"robots\" content=\"index, follow, max-snippet:-1, max-image-preview:large, max-video-preview:-1\" \/>\n<link rel=\"canonical\" href=\"https:\/\/www.correiobraziliense.com.br\/cbradar\/o-retorno-de-round-6-na-netflix-o-que-esperar-da-terceira-temporada\/\" \/>\n<meta property=\"og:locale\" content=\"pt_BR\" \/>\n<meta property=\"og:type\" content=\"article\" \/>\n<meta property=\"og:title\" content=\"O retorno de Round 6 na Netflix! O que esperar da terceira temporada? - Correio Braziliense - Radar\" \/>\n<meta property=\"og:description\" content=\"A terceira e \u00faltima temporada de Round 6 estreia em 27 de junho na Netflix. Prepare-se para o desfecho emocionante da s\u00e9rie.\" \/>\n<meta property=\"og:url\" content=\"https:\/\/www.correiobraziliense.com.br\/cbradar\/o-retorno-de-round-6-na-netflix-o-que-esperar-da-terceira-temporada\/\" \/>\n<meta property=\"og:site_name\" content=\"Correio Braziliense - Radar\" \/>\n<meta property=\"article:published_time\" content=\"2025-05-08T09:50:00+00:00\" \/>\n<meta property=\"article:modified_time\" content=\"2025-07-02T17:47:01+00:00\" \/>\n<meta property=\"og:image\" content=\"https:\/\/www.correiobraziliense.com.br\/cbradar\/wp-content\/uploads\/2025\/05\/Edicoes-83.png\" \/>\n\t<meta property=\"og:image:width\" content=\"1280\" \/>\n\t<meta property=\"og:image:height\" content=\"720\" \/>\n\t<meta property=\"og:image:type\" content=\"image\/png\" \/>\n<meta name=\"author\" content=\"Maura Pereira\" \/>\n<meta name=\"twitter:card\" content=\"summary_large_image\" \/>\n<meta name=\"twitter:label1\" content=\"Escrito por\" \/>\n\t<meta name=\"twitter:data1\" content=\"Maura Pereira\" \/>\n\t<meta name=\"twitter:label2\" content=\"Est. tempo de leitura\" \/>\n\t<meta name=\"twitter:data2\" content=\"5 minutos\" \/>\n<!-- \/ Yoast SEO plugin. -->","yoast_head_json":{"title":"O retorno de Round 6 na Netflix! O que esperar da terceira temporada? - Correio Braziliense - Radar","description":"A terceira e \u00faltima temporada de Round 6 estreia em 27 de junho na Netflix. Prepare-se para o desfecho emocionante da s\u00e9rie.","robots":{"index":"index","follow":"follow","max-snippet":"max-snippet:-1","max-image-preview":"max-image-preview:large","max-video-preview":"max-video-preview:-1"},"canonical":"https:\/\/www.correiobraziliense.com.br\/cbradar\/o-retorno-de-round-6-na-netflix-o-que-esperar-da-terceira-temporada\/","og_locale":"pt_BR","og_type":"article","og_title":"O retorno de Round 6 na Netflix! O que esperar da terceira temporada? - Correio Braziliense - Radar","og_description":"A terceira e \u00faltima temporada de Round 6 estreia em 27 de junho na Netflix. Prepare-se para o desfecho emocionante da s\u00e9rie.","og_url":"https:\/\/www.correiobraziliense.com.br\/cbradar\/o-retorno-de-round-6-na-netflix-o-que-esperar-da-terceira-temporada\/","og_site_name":"Correio Braziliense - Radar","article_published_time":"2025-05-08T09:50:00+00:00","article_modified_time":"2025-07-02T17:47:01+00:00","og_image":[{"width":1280,"height":720,"url":"https:\/\/www.correiobraziliense.com.br\/cbradar\/wp-content\/uploads\/2025\/05\/Edicoes-83.png","type":"image\/png"}],"author":"Maura Pereira","twitter_card":"summary_large_image","twitter_misc":{"Escrito por":"Maura Pereira","Est. tempo de leitura":"5 minutos"},"schema":{"@context":"https:\/\/schema.org","@graph":[{"@type":"WebPage","@id":"https:\/\/www.correiobraziliense.com.br\/cbradar\/o-retorno-de-round-6-na-netflix-o-que-esperar-da-terceira-temporada\/","url":"https:\/\/www.correiobraziliense.com.br\/cbradar\/o-retorno-de-round-6-na-netflix-o-que-esperar-da-terceira-temporada\/","name":"O retorno de Round 6 na Netflix! O que esperar da terceira temporada? - Correio Braziliense - Radar","isPartOf":{"@id":"https:\/\/www.correiobraziliense.com.br\/cbradar\/#website"},"primaryImageOfPage":{"@id":"https:\/\/www.correiobraziliense.com.br\/cbradar\/o-retorno-de-round-6-na-netflix-o-que-esperar-da-terceira-temporada\/#primaryimage"},"image":{"@id":"https:\/\/www.correiobraziliense.com.br\/cbradar\/o-retorno-de-round-6-na-netflix-o-que-esperar-da-terceira-temporada\/#primaryimage"},"thumbnailUrl":"https:\/\/www.correiobraziliense.com.br\/cbradar\/wp-content\/uploads\/2025\/05\/Edicoes-83.png","datePublished":"2025-05-08T09:50:00+00:00","dateModified":"2025-07-02T17:47:01+00:00","author":{"@id":"https:\/\/www.correiobraziliense.com.br\/cbradar\/#\/schema\/person\/4053c651a9bfc785afc6f4cbc9032fd3"},"description":"A terceira e \u00faltima temporada de Round 6 estreia em 27 de junho na Netflix. Prepare-se para o desfecho emocionante da s\u00e9rie.","breadcrumb":{"@id":"https:\/\/www.correiobraziliense.com.br\/cbradar\/o-retorno-de-round-6-na-netflix-o-que-esperar-da-terceira-temporada\/#breadcrumb"},"inLanguage":"pt-BR","potentialAction":[{"@type":"ReadAction","target":["https:\/\/www.correiobraziliense.com.br\/cbradar\/o-retorno-de-round-6-na-netflix-o-que-esperar-da-terceira-temporada\/"]}]},{"@type":"ImageObject","inLanguage":"pt-BR","@id":"https:\/\/www.correiobraziliense.com.br\/cbradar\/o-retorno-de-round-6-na-netflix-o-que-esperar-da-terceira-temporada\/#primaryimage","url":"https:\/\/www.correiobraziliense.com.br\/cbradar\/wp-content\/uploads\/2025\/05\/Edicoes-83.png","contentUrl":"https:\/\/www.correiobraziliense.com.br\/cbradar\/wp-content\/uploads\/2025\/05\/Edicoes-83.png","width":1280,"height":720,"caption":"Round 6 \/\/ Reprodu\u00e7\u00e3o: IMDb (Foto\/Divulga\u00e7\u00e3o)"},{"@type":"BreadcrumbList","@id":"https:\/\/www.correiobraziliense.com.br\/cbradar\/o-retorno-de-round-6-na-netflix-o-que-esperar-da-terceira-temporada\/#breadcrumb","itemListElement":[{"@type":"ListItem","position":1,"name":"In\u00edcio","item":"https:\/\/www.correiobraziliense.com.br\/cbradar\/"},{"@type":"ListItem","position":2,"name":"O retorno de Round 6 na Netflix! O que esperar da terceira temporada?"}]},{"@type":"WebSite","@id":"https:\/\/www.correiobraziliense.com.br\/cbradar\/#website","url":"https:\/\/www.correiobraziliense.com.br\/cbradar\/","name":"Correio Braziliense - Radar","description":"Acompanhe as \u00faltimas not\u00edcias e fique bem informado sobre tudo o que acontece no Brasil e no mundo.","potentialAction":[{"@type":"SearchAction","target":{"@type":"EntryPoint","urlTemplate":"https:\/\/www.correiobraziliense.com.br\/cbradar\/?s={search_term_string}"},"query-input":{"@type":"PropertyValueSpecification","valueRequired":true,"valueName":"search_term_string"}}],"inLanguage":"pt-BR"},{"@type":"Person","@id":"https:\/\/www.correiobraziliense.com.br\/cbradar\/#\/schema\/person\/4053c651a9bfc785afc6f4cbc9032fd3","name":"Maura Pereira","image":{"@type":"ImageObject","inLanguage":"pt-BR","@id":"https:\/\/www.correiobraziliense.com.br\/cbradar\/#\/schema\/person\/image\/","url":"https:\/\/secure.gravatar.com\/avatar\/3effd6bdadfa447f15089c7f7144eaa6?s=96&d=mm&r=g","contentUrl":"https:\/\/secure.gravatar.com\/avatar\/3effd6bdadfa447f15089c7f7144eaa6?s=96&d=mm&r=g","caption":"Maura Pereira"},"sameAs":["https:\/\/www.correiobraziliense.com.br\/"],"url":"https:\/\/www.correiobraziliense.com.br\/cbradar\/author\/mauramyth\/"}]}},"_links":{"self":[{"href":"https:\/\/www.correiobraziliense.com.br\/cbradar\/wp-json\/wp\/v2\/posts\/33149","targetHints":{"allow":["GET"]}}],"collection":[{"href":"https:\/\/www.correiobraziliense.com.br\/cbradar\/wp-json\/wp\/v2\/posts"}],"about":[{"href":"https:\/\/www.correiobraziliense.com.br\/cbradar\/wp-json\/wp\/v2\/types\/post"}],"author":[{"embeddable":true,"href":"https:\/\/www.correiobraziliense.com.br\/cbradar\/wp-json\/wp\/v2\/users\/8"}],"replies":[{"embeddable":true,"href":"https:\/\/www.correiobraziliense.com.br\/cbradar\/wp-json\/wp\/v2\/comments?post=33149"}],"version-history":[{"count":7,"href":"https:\/\/www.correiobraziliense.com.br\/cbradar\/wp-json\/wp\/v2\/posts\/33149\/revisions"}],"predecessor-version":[{"id":63395,"href":"https:\/\/www.correiobraziliense.com.br\/cbradar\/wp-json\/wp\/v2\/posts\/33149\/revisions\/63395"}],"wp:featuredmedia":[{"embeddable":true,"href":"https:\/\/www.correiobraziliense.com.br\/cbradar\/wp-json\/wp\/v2\/media\/33159"}],"wp:attachment":[{"href":"https:\/\/www.correiobraziliense.com.br\/cbradar\/wp-json\/wp\/v2\/media?parent=33149"}],"wp:term":[{"taxonomy":"category","embeddable":true,"href":"https:\/\/www.correiobraziliense.com.br\/cbradar\/wp-json\/wp\/v2\/categories?post=33149"},{"taxonomy":"post_tag","embeddable":true,"href":"https:\/\/www.correiobraziliense.com.br\/cbradar\/wp-json\/wp\/v2\/tags?post=33149"}],"curies":[{"name":"wp","href":"https:\/\/api.w.org\/{rel}","templated":true}]}}