{"id":33309,"date":"2025-05-08T10:23:00","date_gmt":"2025-05-08T13:23:00","guid":{"rendered":"https:\/\/www.correiobraziliense.com.br\/cbradar\/?p=33309"},"modified":"2025-05-07T10:05:33","modified_gmt":"2025-05-07T13:05:33","slug":"suplemento-popular-do-mundo-fitness-e-os-mitos-e-verdades-sobre-seu-funcionamento","status":"publish","type":"post","link":"https:\/\/www.correiobraziliense.com.br\/cbradar\/suplemento-popular-do-mundo-fitness-e-os-mitos-e-verdades-sobre-seu-funcionamento\/","title":{"rendered":"Suplemento popular do mundo fitness e os mitos e verdades sobre seu funcionamento!"},"content":{"rendered":"\n<p>A <a href=\"https:\/\/pt.wikipedia.org\/wiki\/Creatina\" target=\"_blank\" rel=\"noreferrer noopener\">creatina <\/a>\u00e9 um dos suplementos mais populares e pesquisados no mundo do fitness e do esporte. Sua efic\u00e1cia para aumentar a for\u00e7a, a pot\u00eancia e o desempenho em exerc\u00edcios de alta intensidade e curta dura\u00e7\u00e3o \u00e9 amplamente comprovada pela ci\u00eancia. No entanto, apesar de sua popularidade e dos in\u00fameros estudos, a creatina ainda \u00e9 cercada por muitos mitos e informa\u00e7\u00f5es incorretas que podem gerar confus\u00e3o entre os consumidores. \u00c9 fundamental separar o que \u00e9 fato do que \u00e9 boato para utilizar este suplemento de forma segura e eficaz.<\/p>\n\n\n\n<p>Vamos explorar alguns dos mitos mais comuns e contrast\u00e1-los com as verdades baseadas em evid\u00eancias cient\u00edficas. Entender como a creatina funciona no corpo e quais s\u00e3o seus reais efeitos \u00e9 o primeiro passo para decidir se ela se encaixa em seus objetivos de <a href=\"https:\/\/www.correiobraziliense.com.br\/cbradar\/a-dor-ciatica-e-um-problema-e-voce-pode-alivia-la-desta-forma\/\" target=\"_blank\" rel=\"noreferrer noopener\">sa\u00fade <\/a>e desempenho. A creatina \u00e9 uma subst\u00e2ncia natural produzida pelo corpo, principalmente no f\u00edgado, rins e p\u00e2ncreas, e armazenada nos m\u00fasculos. Tamb\u00e9m pode ser obtida atrav\u00e9s do consumo de carnes vermelhas e peixes. O suplemento de creatina, geralmente na forma de monohidrato de creatina, visa aumentar esses estoques musculares.<\/p>\n\n\n\n<h2 class=\"wp-block-heading\">A creatina prejudica os rins e o f\u00edgado?<\/h2>\n\n\n<div class=\"wp-block-image\">\n<figure class=\"aligncenter size-large\"><img decoding=\"async\" width=\"1024\" height=\"576\" src=\"https:\/\/www.correiobraziliense.com.br\/cbradar\/wp-content\/uploads\/2025\/05\/creatina_1746620511408-1024x576.jpg\" alt=\"Suplemento popular do mundo fitness e os mitos e verdades sobre seu funcionamento!\" class=\"wp-image-33348\" srcset=\"https:\/\/www.correiobraziliense.com.br\/cbradar\/wp-content\/uploads\/2025\/05\/creatina_1746620511408-1024x576.jpg 1024w, https:\/\/www.correiobraziliense.com.br\/cbradar\/wp-content\/uploads\/2025\/05\/creatina_1746620511408-300x169.jpg 300w, https:\/\/www.correiobraziliense.com.br\/cbradar\/wp-content\/uploads\/2025\/05\/creatina_1746620511408-768x432.jpg 768w, https:\/\/www.correiobraziliense.com.br\/cbradar\/wp-content\/uploads\/2025\/05\/creatina_1746620511408-750x422.jpg 750w, https:\/\/www.correiobraziliense.com.br\/cbradar\/wp-content\/uploads\/2025\/05\/creatina_1746620511408-1140x641.jpg 1140w, https:\/\/www.correiobraziliense.com.br\/cbradar\/wp-content\/uploads\/2025\/05\/creatina_1746620511408.jpg 1280w\" sizes=\"(max-width: 1024px) 100vw, 1024px\" \/><figcaption class=\"wp-element-caption\">Creatina &#8211; Cr\u00e9ditos: depositphotos.com \/ ilze79<\/figcaption><\/figure><\/div>\n\n\n<p>Este \u00e9 talvez o mito mais persistente sobre a creatina. A preocupa\u00e7\u00e3o geralmente surge porque a creatina \u00e9 metabolizada em creatinina, que \u00e9 ent\u00e3o excretada pelos rins. N\u00edveis elevados de creatinina no sangue podem, de fato, ser um indicador de problemas renais. No entanto, estudos rigorosos realizados ao longo de muitos anos com indiv\u00edduos saud\u00e1veis, utilizando as dosagens recomendadas de creatina, n\u00e3o encontraram evid\u00eancias de que o suplemento cause danos renais ou hep\u00e1ticos.<\/p>\n\n\n\n<p>A verdade \u00e9 que, em indiv\u00edduos saud\u00e1veis, os rins s\u00e3o perfeitamente capazes de lidar com o aumento da creatinina gerado pelo uso do suplemento. A confus\u00e3o muitas vezes ocorre porque o aumento da creatinina \u00e9 interpretado erroneamente como dano renal, quando na verdade \u00e9 apenas um subproduto do aumento da ingest\u00e3o de creatina. Pessoas com condi\u00e7\u00f5es renais preexistentes devem sempre consultar um m\u00e9dico antes de usar creatina, pois, nesses casos, a capacidade dos rins pode j\u00e1 estar comprometida. Mas para a vasta maioria das pessoas sem hist\u00f3rico de problemas renais, a creatina \u00e9 considerada segura.<\/p>\n\n\n\n<h2 class=\"wp-block-heading\">A creatina causa reten\u00e7\u00e3o de \u00e1gua excessiva e incha\u00e7o?<\/h2>\n\n\n\n<p>Outro mito comum \u00e9 que a creatina leva a uma reten\u00e7\u00e3o de \u00e1gua subcut\u00e2nea significativa, resultando em uma apar\u00eancia inchada ou &#8220;emborrachada&#8221;. A verdade \u00e9 um pouco mais nuanced. A creatina atrai \u00e1gua para dentro das c\u00e9lulas musculares. Isso \u00e9 parte do mecanismo pelo qual ela funciona, ajudando a aumentar o volume celular e potencialmente sinalizando vias de s\u00edntese proteica. Essa reten\u00e7\u00e3o de \u00e1gua \u00e9 <strong>intracelular<\/strong> (dentro das c\u00e9lulas), n\u00e3o <strong>subcut\u00e2nea<\/strong> (sob a pele).<\/p>\n\n\n\n<p>Embora possa haver um leve aumento no peso corporal inicial devido a essa hidrata\u00e7\u00e3o celular, estudos geralmente n\u00e3o mostram que a creatina cause reten\u00e7\u00e3o de \u00e1gua fora dos m\u00fasculos em um grau que leve a incha\u00e7o percept\u00edvel ou prejudicial em uso cr\u00f4nico. Algumas pessoas podem relatar uma sensa\u00e7\u00e3o de incha\u00e7o inicial, mas isso tende a diminuir com o tempo. A reten\u00e7\u00e3o de \u00e1gua intracelular pode at\u00e9 ser ben\u00e9fica, pois ajuda a manter as c\u00e9lulas musculares hidratadas e otimizar seu funcionamento.<\/p>\n\n\n\n<h2 class=\"wp-block-heading\">A creatina \u00e9 um anabolizante?<\/h2>\n\n\n\n<p>Definitivamente n\u00e3o. Este \u00e9 um mito perigoso que associa a creatina a esteroides anabolizantes. Esteroides anabolizantes s\u00e3o derivados sint\u00e9ticos do horm\u00f4nio testosterona, que afetam diretamente o sistema hormonal do corpo e s\u00e3o subst\u00e2ncias controladas devido aos seus potenciais efeitos colaterais e riscos \u00e0 sa\u00fade. A creatina, como mencionado, \u00e9 uma subst\u00e2ncia natural encontrada no corpo e em alimentos.<\/p>\n\n\n\n<p>Seu mecanismo de a\u00e7\u00e3o est\u00e1 relacionado \u00e0 produ\u00e7\u00e3o de energia r\u00e1pida para os m\u00fasculos (atrav\u00e9s do sistema ATP-PCr) e n\u00e3o afeta diretamente os n\u00edveis hormonais como os anabolizantes. Embora a creatina possa levar a ganhos de massa muscular quando combinada com treinamento de for\u00e7a, isso ocorre por otimizar o desempenho nos treinos, permitindo levantar mais peso ou fazer mais repeti\u00e7\u00f5es, o que estimula o crescimento muscular, e n\u00e3o por a\u00e7\u00e3o hormonal direta. \u00c9 crucial entender essa distin\u00e7\u00e3o para n\u00e3o rotular a creatina erroneamente.<\/p>\n\n\n\n<h2 class=\"wp-block-heading\">A creatina s\u00f3 serve para quem treina for\u00e7a ou fisiculturismo?<\/h2>\n\n\n\n<p>Enquanto a creatina \u00e9 amplamente conhecida por seus benef\u00edcios em atividades de alta intensidade e curta dura\u00e7\u00e3o, como levantamento de peso e sprints,<sup><\/sup> suas aplica\u00e7\u00f5es v\u00e3o al\u00e9m. Pesquisas recentes t\u00eam explorado seus potenciais benef\u00edcios em outras \u00e1reas. &nbsp;<\/p>\n\n\n\n<ul class=\"wp-block-list\">\n<li>Melhora do desempenho em exerc\u00edcios de alta intensidade e curta dura\u00e7\u00e3o.<\/li>\n\n\n\n<li>Aumento da for\u00e7a e pot\u00eancia muscular.<\/li>\n\n\n\n<li>Promo\u00e7\u00e3o do ganho de massa muscular (quando combinada com treinamento de for\u00e7a).<\/li>\n\n\n\n<li>Potenciais benef\u00edcios para a sa\u00fade cerebral, incluindo melhora da mem\u00f3ria e fun\u00e7\u00e3o cognitiva, especialmente em vegetarianos ou idosos.<\/li>\n\n\n\n<li>Poss\u00edvel aux\u00edlio na recupera\u00e7\u00e3o muscular.<\/li>\n\n\n\n<li>Potencial terap\u00eautico em certas condi\u00e7\u00f5es neuromusculares, embora mais pesquisas sejam necess\u00e1rias.<\/li>\n<\/ul>\n\n\n\n<p>Portanto, embora atletas de for\u00e7a e pot\u00eancia se beneficiem significativamente, pessoas envolvidas em outros tipos de atividades f\u00edsicas e at\u00e9 mesmo indiv\u00edduos sedent\u00e1rios podem colher alguns benef\u00edcios, especialmente relacionados \u00e0 fun\u00e7\u00e3o cognitiva e sa\u00fade geral.<\/p>\n\n\n\n<h2 class=\"wp-block-heading\">Como usar a creatina corretamente?<\/h2>\n\n\n\n<p>A forma mais comum e bem estudada de usar a creatina \u00e9 a suplementa\u00e7\u00e3o com monohidrato de creatina. Existem duas abordagens principais:<\/p>\n\n\n\n<ul class=\"wp-block-list\">\n<li><strong>Fase de carga:<\/strong> Consiste em tomar cerca de 20 gramas por dia (divididos em 4 doses de 5g) por 5-7 dias para saturar rapidamente os estoques musculares, seguida por uma fase de manuten\u00e7\u00e3o.<\/li>\n\n\n\n<li><strong>Fase de manuten\u00e7\u00e3o:<\/strong> Ap\u00f3s a fase de carga ou come\u00e7ando diretamente nela, toma-se uma dose menor, geralmente 3-5 gramas por dia. Esta abordagem leva mais tempo para saturar os m\u00fasculos (cerca de 3-4 semanas), mas alcan\u00e7a o mesmo resultado final.<\/li>\n<\/ul>\n\n\n\n<p>N\u00e3o h\u00e1 um &#8220;melhor&#8221; hor\u00e1rio para tomar creatina; a consist\u00eancia di\u00e1ria \u00e9 mais importante do que o timing espec\u00edfico. Algumas pessoas preferem tomar antes ou depois do treino, misturada com \u00e1gua ou uma bebida contendo carboidratos para melhorar a absor\u00e7\u00e3o. O mais importante \u00e9 tomar a dose di\u00e1ria consistentemente. Consultar um profissional de sa\u00fade ou nutricionista antes de iniciar a suplementa\u00e7\u00e3o \u00e9 sempre recomendado para determinar a dosagem<sup><\/sup> ideal e verificar se n\u00e3o h\u00e1 contraindica\u00e7\u00f5es. A creatina \u00e9 um suplemento seguro e eficaz quando usado corretamente e por indiv\u00edduos adequados. &nbsp; Fontes e conte\u00fado relacionado<\/p>\n","protected":false},"excerpt":{"rendered":"<p>A creatina \u00e9 um dos suplementos mais populares e pesquisados no mundo do fitness e do esporte. Sua efic\u00e1cia para aumentar a for\u00e7a, a pot\u00eancia e o desempenho em exerc\u00edcios de alta intensidade e curta dura\u00e7\u00e3o \u00e9 amplamente comprovada pela ci\u00eancia. No entanto, apesar de sua popularidade e dos in\u00fameros estudos, a creatina ainda \u00e9 [&hellip;]<\/p>\n","protected":false},"author":11,"featured_media":33347,"comment_status":"open","ping_status":"open","sticky":false,"template":"","format":"standard","meta":{"_yoast_wpseo_focuskw":"suplemento","_yoast_wpseo_title":"","_yoast_wpseo_metadesc":"Um suplemento popular no mundo fitness est\u00e1 no centro das aten\u00e7\u00f5es em 2025 \u2014 mitos e verdades sobre seu funcionamento v\u00eam \u00e0 tona.","jnews-multi-image_gallery":[],"jnews_single_post":{"format":"standard"},"jnews_primary_category":[],"jnews_social_meta":[],"jnews_override_counter":[],"footnotes":""},"categories":[119],"tags":[120,565,1380],"class_list":["post-33309","post","type-post","status-publish","format-standard","has-post-thumbnail","hentry","category-bem-estar","tag-bem-estar","tag-saude","tag-suplementos"],"yoast_head":"<!-- This site is optimized with the Yoast SEO plugin v24.6 - https:\/\/yoast.com\/wordpress\/plugins\/seo\/ -->\n<title>Suplemento popular do mundo fitness e os mitos e verdades sobre seu funcionamento! - Correio Braziliense - Radar<\/title>\n<meta name=\"description\" content=\"Um suplemento popular no mundo fitness est\u00e1 no centro das aten\u00e7\u00f5es em 2025 \u2014 mitos e verdades sobre seu funcionamento v\u00eam \u00e0 tona.\" \/>\n<meta name=\"robots\" content=\"index, follow, max-snippet:-1, max-image-preview:large, max-video-preview:-1\" \/>\n<link rel=\"canonical\" href=\"https:\/\/www.correiobraziliense.com.br\/cbradar\/suplemento-popular-do-mundo-fitness-e-os-mitos-e-verdades-sobre-seu-funcionamento\/\" \/>\n<meta property=\"og:locale\" content=\"pt_BR\" \/>\n<meta property=\"og:type\" content=\"article\" \/>\n<meta property=\"og:title\" content=\"Suplemento popular do mundo fitness e os mitos e verdades sobre seu funcionamento! - Correio Braziliense - Radar\" \/>\n<meta property=\"og:description\" content=\"Um suplemento popular no mundo fitness est\u00e1 no centro das aten\u00e7\u00f5es em 2025 \u2014 mitos e verdades sobre seu funcionamento v\u00eam \u00e0 tona.\" \/>\n<meta property=\"og:url\" content=\"https:\/\/www.correiobraziliense.com.br\/cbradar\/suplemento-popular-do-mundo-fitness-e-os-mitos-e-verdades-sobre-seu-funcionamento\/\" \/>\n<meta property=\"og:site_name\" content=\"Correio Braziliense - Radar\" \/>\n<meta property=\"article:published_time\" content=\"2025-05-08T13:23:00+00:00\" \/>\n<meta property=\"og:image\" content=\"https:\/\/www.correiobraziliense.com.br\/cbradar\/wp-content\/uploads\/2025\/05\/creatina_1746620483941.jpg\" \/>\n\t<meta property=\"og:image:width\" content=\"1280\" \/>\n\t<meta property=\"og:image:height\" content=\"720\" \/>\n\t<meta property=\"og:image:type\" content=\"image\/jpeg\" \/>\n<meta name=\"author\" content=\"Paulo Custodio\" \/>\n<meta name=\"twitter:card\" content=\"summary_large_image\" \/>\n<meta name=\"twitter:label1\" content=\"Escrito por\" \/>\n\t<meta name=\"twitter:data1\" content=\"Paulo Custodio\" \/>\n\t<meta name=\"twitter:label2\" content=\"Est. tempo de leitura\" \/>\n\t<meta name=\"twitter:data2\" content=\"6 minutos\" \/>\n<!-- \/ Yoast SEO plugin. -->","yoast_head_json":{"title":"Suplemento popular do mundo fitness e os mitos e verdades sobre seu funcionamento! - Correio Braziliense - Radar","description":"Um suplemento popular no mundo fitness est\u00e1 no centro das aten\u00e7\u00f5es em 2025 \u2014 mitos e verdades sobre seu funcionamento v\u00eam \u00e0 tona.","robots":{"index":"index","follow":"follow","max-snippet":"max-snippet:-1","max-image-preview":"max-image-preview:large","max-video-preview":"max-video-preview:-1"},"canonical":"https:\/\/www.correiobraziliense.com.br\/cbradar\/suplemento-popular-do-mundo-fitness-e-os-mitos-e-verdades-sobre-seu-funcionamento\/","og_locale":"pt_BR","og_type":"article","og_title":"Suplemento popular do mundo fitness e os mitos e verdades sobre seu funcionamento! - Correio Braziliense - Radar","og_description":"Um suplemento popular no mundo fitness est\u00e1 no centro das aten\u00e7\u00f5es em 2025 \u2014 mitos e verdades sobre seu funcionamento v\u00eam \u00e0 tona.","og_url":"https:\/\/www.correiobraziliense.com.br\/cbradar\/suplemento-popular-do-mundo-fitness-e-os-mitos-e-verdades-sobre-seu-funcionamento\/","og_site_name":"Correio Braziliense - Radar","article_published_time":"2025-05-08T13:23:00+00:00","og_image":[{"width":1280,"height":720,"url":"https:\/\/www.correiobraziliense.com.br\/cbradar\/wp-content\/uploads\/2025\/05\/creatina_1746620483941.jpg","type":"image\/jpeg"}],"author":"Paulo Custodio","twitter_card":"summary_large_image","twitter_misc":{"Escrito por":"Paulo Custodio","Est. tempo de leitura":"6 minutos"},"schema":{"@context":"https:\/\/schema.org","@graph":[{"@type":"WebPage","@id":"https:\/\/www.correiobraziliense.com.br\/cbradar\/suplemento-popular-do-mundo-fitness-e-os-mitos-e-verdades-sobre-seu-funcionamento\/","url":"https:\/\/www.correiobraziliense.com.br\/cbradar\/suplemento-popular-do-mundo-fitness-e-os-mitos-e-verdades-sobre-seu-funcionamento\/","name":"Suplemento popular do mundo fitness e os mitos e verdades sobre seu funcionamento! - Correio Braziliense - Radar","isPartOf":{"@id":"https:\/\/www.correiobraziliense.com.br\/cbradar\/#website"},"primaryImageOfPage":{"@id":"https:\/\/www.correiobraziliense.com.br\/cbradar\/suplemento-popular-do-mundo-fitness-e-os-mitos-e-verdades-sobre-seu-funcionamento\/#primaryimage"},"image":{"@id":"https:\/\/www.correiobraziliense.com.br\/cbradar\/suplemento-popular-do-mundo-fitness-e-os-mitos-e-verdades-sobre-seu-funcionamento\/#primaryimage"},"thumbnailUrl":"https:\/\/www.correiobraziliense.com.br\/cbradar\/wp-content\/uploads\/2025\/05\/creatina_1746620483941.jpg","datePublished":"2025-05-08T13:23:00+00:00","author":{"@id":"https:\/\/www.correiobraziliense.com.br\/cbradar\/#\/schema\/person\/4cec7857301a9a1a2ef249893cd908d3"},"description":"Um suplemento popular no mundo fitness est\u00e1 no centro das aten\u00e7\u00f5es em 2025 \u2014 mitos e verdades sobre seu funcionamento v\u00eam \u00e0 tona.","breadcrumb":{"@id":"https:\/\/www.correiobraziliense.com.br\/cbradar\/suplemento-popular-do-mundo-fitness-e-os-mitos-e-verdades-sobre-seu-funcionamento\/#breadcrumb"},"inLanguage":"pt-BR","potentialAction":[{"@type":"ReadAction","target":["https:\/\/www.correiobraziliense.com.br\/cbradar\/suplemento-popular-do-mundo-fitness-e-os-mitos-e-verdades-sobre-seu-funcionamento\/"]}]},{"@type":"ImageObject","inLanguage":"pt-BR","@id":"https:\/\/www.correiobraziliense.com.br\/cbradar\/suplemento-popular-do-mundo-fitness-e-os-mitos-e-verdades-sobre-seu-funcionamento\/#primaryimage","url":"https:\/\/www.correiobraziliense.com.br\/cbradar\/wp-content\/uploads\/2025\/05\/creatina_1746620483941.jpg","contentUrl":"https:\/\/www.correiobraziliense.com.br\/cbradar\/wp-content\/uploads\/2025\/05\/creatina_1746620483941.jpg","width":1280,"height":720,"caption":"Creatina - Cr\u00e9ditos: depositphotos.com \/ Casimiro_PT"},{"@type":"BreadcrumbList","@id":"https:\/\/www.correiobraziliense.com.br\/cbradar\/suplemento-popular-do-mundo-fitness-e-os-mitos-e-verdades-sobre-seu-funcionamento\/#breadcrumb","itemListElement":[{"@type":"ListItem","position":1,"name":"In\u00edcio","item":"https:\/\/www.correiobraziliense.com.br\/cbradar\/"},{"@type":"ListItem","position":2,"name":"Suplemento popular do mundo fitness e os mitos e verdades sobre seu funcionamento!"}]},{"@type":"WebSite","@id":"https:\/\/www.correiobraziliense.com.br\/cbradar\/#website","url":"https:\/\/www.correiobraziliense.com.br\/cbradar\/","name":"Correio Braziliense - Radar","description":"Acompanhe as \u00faltimas not\u00edcias e fique bem informado sobre tudo o que acontece no Brasil e no mundo.","potentialAction":[{"@type":"SearchAction","target":{"@type":"EntryPoint","urlTemplate":"https:\/\/www.correiobraziliense.com.br\/cbradar\/?s={search_term_string}"},"query-input":{"@type":"PropertyValueSpecification","valueRequired":true,"valueName":"search_term_string"}}],"inLanguage":"pt-BR"},{"@type":"Person","@id":"https:\/\/www.correiobraziliense.com.br\/cbradar\/#\/schema\/person\/4cec7857301a9a1a2ef249893cd908d3","name":"Paulo Custodio","image":{"@type":"ImageObject","inLanguage":"pt-BR","@id":"https:\/\/www.correiobraziliense.com.br\/cbradar\/#\/schema\/person\/image\/","url":"https:\/\/secure.gravatar.com\/avatar\/bcd67168d1534e8fcf4f45c726a87cea?s=96&d=mm&r=g","contentUrl":"https:\/\/secure.gravatar.com\/avatar\/bcd67168d1534e8fcf4f45c726a87cea?s=96&d=mm&r=g","caption":"Paulo Custodio"},"sameAs":["https:\/\/www.correiobraziliense.com.br\/cbradar"],"url":"https:\/\/www.correiobraziliense.com.br\/cbradar\/author\/paulomyth\/"}]}},"_links":{"self":[{"href":"https:\/\/www.correiobraziliense.com.br\/cbradar\/wp-json\/wp\/v2\/posts\/33309","targetHints":{"allow":["GET"]}}],"collection":[{"href":"https:\/\/www.correiobraziliense.com.br\/cbradar\/wp-json\/wp\/v2\/posts"}],"about":[{"href":"https:\/\/www.correiobraziliense.com.br\/cbradar\/wp-json\/wp\/v2\/types\/post"}],"author":[{"embeddable":true,"href":"https:\/\/www.correiobraziliense.com.br\/cbradar\/wp-json\/wp\/v2\/users\/11"}],"replies":[{"embeddable":true,"href":"https:\/\/www.correiobraziliense.com.br\/cbradar\/wp-json\/wp\/v2\/comments?post=33309"}],"version-history":[{"count":3,"href":"https:\/\/www.correiobraziliense.com.br\/cbradar\/wp-json\/wp\/v2\/posts\/33309\/revisions"}],"predecessor-version":[{"id":33352,"href":"https:\/\/www.correiobraziliense.com.br\/cbradar\/wp-json\/wp\/v2\/posts\/33309\/revisions\/33352"}],"wp:featuredmedia":[{"embeddable":true,"href":"https:\/\/www.correiobraziliense.com.br\/cbradar\/wp-json\/wp\/v2\/media\/33347"}],"wp:attachment":[{"href":"https:\/\/www.correiobraziliense.com.br\/cbradar\/wp-json\/wp\/v2\/media?parent=33309"}],"wp:term":[{"taxonomy":"category","embeddable":true,"href":"https:\/\/www.correiobraziliense.com.br\/cbradar\/wp-json\/wp\/v2\/categories?post=33309"},{"taxonomy":"post_tag","embeddable":true,"href":"https:\/\/www.correiobraziliense.com.br\/cbradar\/wp-json\/wp\/v2\/tags?post=33309"}],"curies":[{"name":"wp","href":"https:\/\/api.w.org\/{rel}","templated":true}]}}