{"id":33384,"date":"2025-05-08T07:30:00","date_gmt":"2025-05-08T10:30:00","guid":{"rendered":"https:\/\/www.correiobraziliense.com.br\/cbradar\/?p=33384"},"modified":"2025-05-07T22:22:17","modified_gmt":"2025-05-08T01:22:17","slug":"cidade-no-interior-do-parana-encanta-com-qualidade-de-vida-e-sustentabilidade","status":"publish","type":"post","link":"https:\/\/www.correiobraziliense.com.br\/cbradar\/cidade-no-interior-do-parana-encanta-com-qualidade-de-vida-e-sustentabilidade\/","title":{"rendered":"Cidade no interior do Paran\u00e1 encanta com qualidade de vida e sustentabilidade"},"content":{"rendered":"\n<p>Imagine viver em uma cidade planejada, cheia de verde e com servi\u00e7os p\u00fablicos funcionando bem. Essa \u00e9 a realidade em <strong>Maring\u00e1<\/strong>, no norte do <strong>Paran\u00e1<\/strong>. Com uma das melhores qualidades de vida do pa\u00eds, a cidade \u00e9 refer\u00eancia nacional em urbanismo, seguran\u00e7a, sa\u00fade e educa\u00e7\u00e3o.<\/p>\n\n\n\n<p>Conhecida como \u201cCidade Can\u00e7\u00e3o\u201d, <strong>Maring\u00e1<\/strong> tem uma estrutura que impressiona quem chega. As ruas largas, os parques espalhados e o cuidado com o meio ambiente mostram como \u00e9 poss\u00edvel crescer sem abrir m\u00e3o do bem-estar.<\/p>\n\n\n\n<h2 class=\"wp-block-heading\">Qualidade de vida reconhecida em todo o Brasil<\/h2>\n\n\n\n<p><strong>Maring\u00e1<\/strong> costuma figurar entre as cidades mais bem avaliadas em rankings nacionais de qualidade de vida. Isso se deve \u00e0 combina\u00e7\u00e3o de fatores como arboriza\u00e7\u00e3o, seguran\u00e7a, limpeza urbana e saneamento b\u00e1sico. Tudo \u00e9 planejado com foco no conforto dos moradores.<\/p>\n\n\n\n<p>A cidade tamb\u00e9m investe em bem-estar social. Os bairros s\u00e3o bem atendidos por equipamentos p\u00fablicos, como escolas, unidades de sa\u00fade e espa\u00e7os de lazer. \u00c9 uma cidade que convida ao passeio a p\u00e9, de bicicleta e ao conv\u00edvio comunit\u00e1rio.<\/p>\n\n\n\n<h2 class=\"wp-block-heading\">Educa\u00e7\u00e3o que atrai estudantes de toda a regi\u00e3o<\/h2>\n\n\n\n<p>O sistema educacional de <strong>Maring\u00e1<\/strong> \u00e9 um dos seus maiores orgulhos. A cidade abriga a <strong>Universidade Estadual de Maring\u00e1 (UEM)<\/strong>, uma das mais respeitadas do sul do pa\u00eds, al\u00e9m de outras institui\u00e7\u00f5es como a <strong>UniCesumar<\/strong>. Isso atrai milhares de estudantes e movimenta a economia local.<\/p>\n\n\n\n<p>Na educa\u00e7\u00e3o b\u00e1sica, h\u00e1 escolas p\u00fablicas e privadas de \u00f3tima qualidade. <strong>Maring\u00e1<\/strong> tamb\u00e9m investe em programas de alfabetiza\u00e7\u00e3o e forma\u00e7\u00e3o continuada de professores, fortalecendo a base educacional para as novas gera\u00e7\u00f5es.<\/p>\n\n\n\n<figure class=\"wp-block-image size-large\"><img decoding=\"async\" width=\"1024\" height=\"576\" src=\"https:\/\/www.correiobraziliense.com.br\/cbradar\/wp-content\/uploads\/2025\/05\/Maringa-Brasil_1746635582274-1024x576.jpg\" alt=\"Essa cidade \u00e9 um convite para viver bem e se conectar com a natureza\" class=\"wp-image-33387\" srcset=\"https:\/\/www.correiobraziliense.com.br\/cbradar\/wp-content\/uploads\/2025\/05\/Maringa-Brasil_1746635582274-1024x576.jpg 1024w, https:\/\/www.correiobraziliense.com.br\/cbradar\/wp-content\/uploads\/2025\/05\/Maringa-Brasil_1746635582274-300x169.jpg 300w, https:\/\/www.correiobraziliense.com.br\/cbradar\/wp-content\/uploads\/2025\/05\/Maringa-Brasil_1746635582274-768x432.jpg 768w, https:\/\/www.correiobraziliense.com.br\/cbradar\/wp-content\/uploads\/2025\/05\/Maringa-Brasil_1746635582274-750x422.jpg 750w, https:\/\/www.correiobraziliense.com.br\/cbradar\/wp-content\/uploads\/2025\/05\/Maringa-Brasil_1746635582274-1140x641.jpg 1140w, https:\/\/www.correiobraziliense.com.br\/cbradar\/wp-content\/uploads\/2025\/05\/Maringa-Brasil_1746635582274.jpg 1280w\" sizes=\"(max-width: 1024px) 100vw, 1024px\" \/><figcaption class=\"wp-element-caption\">Maring\u00e1. Cr\u00e9ditos: depositphotos.com \/ icasavechia<\/figcaption><\/figure>\n\n\n\n<h2 class=\"wp-block-heading\">Infraestrutura urbana planejada e eficiente<\/h2>\n\n\n\n<p>Uma das grandes vantagens de <strong>Maring\u00e1<\/strong> \u00e9 o seu urbanismo. Desde sua funda\u00e7\u00e3o, a cidade foi desenhada para crescer de forma ordenada. Ruas largas, rotat\u00f3rias eficientes e \u00e1reas verdes bem distribu\u00eddas facilitam a mobilidade e o acesso aos servi\u00e7os.<\/p>\n\n\n\n<p>O transporte p\u00fablico atende bem aos bairros e o incentivo ao uso de bicicletas \u00e9 vis\u00edvel pelas ciclovias. Al\u00e9m disso, a manuten\u00e7\u00e3o urbana \u00e9 constante, com ilumina\u00e7\u00e3o, limpeza e paisagismo em dia. Tudo isso torna a cidade ainda mais agrad\u00e1vel para se viver.<\/p>\n\n\n\n<h2 class=\"wp-block-heading\">Lazer, cultura e contato com a natureza<\/h2>\n\n\n\n<p><strong>Maring\u00e1<\/strong> oferece muitas op\u00e7\u00f5es de lazer ao ar livre, com destaque para o <strong>Parque do Ing\u00e1<\/strong>, o <strong>Parque do Jap\u00e3o<\/strong> e o <strong>Bosque das Grev\u00edleas<\/strong>. S\u00e3o espa\u00e7os amplos, com trilhas, lagos e infraestrutura para a pr\u00e1tica de esportes e piqueniques.<\/p>\n\n\n\n<p>Na \u00e1rea cultural, a cidade tem teatros, museus, feiras e festivais. O <strong>Teatro Calil Haddad<\/strong> \u00e9 o principal espa\u00e7o para apresenta\u00e7\u00f5es, e o calend\u00e1rio anual inclui eventos de m\u00fasica, dan\u00e7a e gastronomia. O lazer \u00e9 variado e democr\u00e1tico, acess\u00edvel a todos.<\/p>\n\n\n\n<h2 class=\"wp-block-heading\">Economia diversificada e cheia de oportunidades<\/h2>\n\n\n\n<p><strong>Maring\u00e1<\/strong> \u00e9 economicamente forte, com presen\u00e7a nos setores agr\u00edcola, industrial, comercial e de servi\u00e7os. A cidade \u00e9 sede de grandes empresas e centros de distribui\u00e7\u00e3o, al\u00e9m de ter um com\u00e9rcio ativo e inovador.<\/p>\n\n\n\n<p>O incentivo ao empreendedorismo tamb\u00e9m \u00e9 destaque. H\u00e1 programas municipais que apoiam pequenos neg\u00f3cios e startups. A combina\u00e7\u00e3o de infraestrutura e qualifica\u00e7\u00e3o da m\u00e3o de obra cria um ambiente ideal para quem quer trabalhar e crescer profissionalmente.<\/p>\n\n\n\n<figure class=\"wp-block-image size-large\"><img decoding=\"async\" width=\"1024\" height=\"576\" src=\"https:\/\/www.correiobraziliense.com.br\/cbradar\/wp-content\/uploads\/2025\/05\/Maringa-Brasil_1746635606553-1024x576.jpg\" alt=\"Essa cidade \u00e9 um convite para viver bem e se conectar com a natureza\" class=\"wp-image-33388\" srcset=\"https:\/\/www.correiobraziliense.com.br\/cbradar\/wp-content\/uploads\/2025\/05\/Maringa-Brasil_1746635606553-1024x576.jpg 1024w, https:\/\/www.correiobraziliense.com.br\/cbradar\/wp-content\/uploads\/2025\/05\/Maringa-Brasil_1746635606553-300x169.jpg 300w, https:\/\/www.correiobraziliense.com.br\/cbradar\/wp-content\/uploads\/2025\/05\/Maringa-Brasil_1746635606553-768x432.jpg 768w, https:\/\/www.correiobraziliense.com.br\/cbradar\/wp-content\/uploads\/2025\/05\/Maringa-Brasil_1746635606553-750x422.jpg 750w, https:\/\/www.correiobraziliense.com.br\/cbradar\/wp-content\/uploads\/2025\/05\/Maringa-Brasil_1746635606553-1140x641.jpg 1140w, https:\/\/www.correiobraziliense.com.br\/cbradar\/wp-content\/uploads\/2025\/05\/Maringa-Brasil_1746635606553.jpg 1280w\" sizes=\"(max-width: 1024px) 100vw, 1024px\" \/><figcaption class=\"wp-element-caption\">Maring\u00e1. Cr\u00e9ditos: depositphotos.com \/ Rdziura<\/figcaption><\/figure>\n\n\n\n<h2 class=\"wp-block-heading\">Quais s\u00e3o os principais pontos tur\u00edsticos para visitar?<\/h2>\n\n\n\n<ul class=\"wp-block-list\">\n<li><strong>Catedral de Maring\u00e1<\/strong>: s\u00edmbolo arquitet\u00f4nico e religioso da cidade, com 124 metros de altura.<\/li>\n\n\n\n<li><strong>Parque do Ing\u00e1<\/strong>: trilhas, vegeta\u00e7\u00e3o nativa e lago central em plena \u00e1rea urbana.<\/li>\n\n\n\n<li><strong>Parque do Jap\u00e3o<\/strong>: jardim oriental com paisagismo \u00fanico, lagos e \u00e1rea para contempla\u00e7\u00e3o.<\/li>\n\n\n\n<li><strong>Bosque das Grev\u00edleas<\/strong>: reserva com esp\u00e9cies nativas, trilhas e ambiente de descanso.<\/li>\n\n\n\n<li><strong>Mercad\u00e3o Municipal<\/strong>: sabores regionais e produtos t\u00edpicos em um ambiente tradicional.<\/li>\n<\/ul>\n\n\n\n<h2 class=\"wp-block-heading\">Vale a pena morar?<\/h2>\n\n\n\n<p>Com certeza! <strong>Maring\u00e1<\/strong> \u00e9 ideal para quem busca qualidade de vida, seguran\u00e7a e uma rotina mais equilibrada. A cidade oferece boas escolas, servi\u00e7os de sa\u00fade eficientes, mobilidade urbana e op\u00e7\u00f5es de lazer para todos os estilos de vida.<\/p>\n\n\n\n<p>Al\u00e9m disso, o ambiente acolhedor e a limpeza das ruas conquistam novos moradores todos os anos. \u00c9 uma cidade para viver bem com tranquilidade e acesso a tudo o que se precisa.<\/p>\n\n\n\n<h2 class=\"wp-block-heading\">Vale a pena visitar?<\/h2>\n\n\n\n<p>Sim, e muito! A cidade \u00e9 organizada, verde, tranquila e cheia de boas surpresas. Al\u00e9m dos parques e pontos tur\u00edsticos, <strong>Maring\u00e1<\/strong> tem uma cena gastron\u00f4mica interessante e eventos culturais que valorizam a cultura regional e nacional.<\/p>\n\n\n\n<p>Seja para um fim de semana ou uma viagem prolongada, <strong>Maring\u00e1<\/strong> agrada tanto quem busca descanso quanto quem gosta de movimento. Uma cidade que convida voc\u00ea a voltar sempre.<\/p>\n","protected":false},"excerpt":{"rendered":"<p>Maring\u00e1, PR combina urbanismo planejado, natureza e ensino de excel\u00eancia. Uma cidade completa para viver com qualidade e visitar com prazer.<\/p>\n","protected":false},"author":3,"featured_media":33385,"comment_status":"open","ping_status":"open","sticky":false,"template":"","format":"standard","meta":{"_yoast_wpseo_focuskw":"Maring\u00e1","_yoast_wpseo_title":"%%title%%","_yoast_wpseo_metadesc":"Cidade do interior do Paran\u00e1 encanta com qualidade de vida e a\u00e7\u00f5es sustent\u00e1veis. Veja por que \u00e9 exemplo no Brasil!","jnews-multi-image_gallery":[],"jnews_single_post":{"format":"standard"},"jnews_primary_category":[],"jnews_social_meta":[],"jnews_override_counter":[],"footnotes":""},"categories":[108],"tags":[109],"class_list":["post-33384","post","type-post","status-publish","format-standard","has-post-thumbnail","hentry","category-cidades","tag-cidades"],"yoast_head":"<!-- This site is optimized with the Yoast SEO plugin v24.6 - https:\/\/yoast.com\/wordpress\/plugins\/seo\/ -->\n<title>Cidade no interior do Paran\u00e1 encanta com qualidade de vida e sustentabilidade<\/title>\n<meta name=\"description\" content=\"Cidade do interior do Paran\u00e1 encanta com qualidade de vida e a\u00e7\u00f5es sustent\u00e1veis. Veja por que \u00e9 exemplo no Brasil!\" \/>\n<meta name=\"robots\" content=\"index, follow, max-snippet:-1, max-image-preview:large, max-video-preview:-1\" \/>\n<link rel=\"canonical\" href=\"https:\/\/www.correiobraziliense.com.br\/cbradar\/cidade-no-interior-do-parana-encanta-com-qualidade-de-vida-e-sustentabilidade\/\" \/>\n<meta property=\"og:locale\" content=\"pt_BR\" \/>\n<meta property=\"og:type\" content=\"article\" \/>\n<meta property=\"og:title\" content=\"Cidade no interior do Paran\u00e1 encanta com qualidade de vida e sustentabilidade\" \/>\n<meta property=\"og:description\" content=\"Cidade do interior do Paran\u00e1 encanta com qualidade de vida e a\u00e7\u00f5es sustent\u00e1veis. Veja por que \u00e9 exemplo no Brasil!\" \/>\n<meta property=\"og:url\" content=\"https:\/\/www.correiobraziliense.com.br\/cbradar\/cidade-no-interior-do-parana-encanta-com-qualidade-de-vida-e-sustentabilidade\/\" \/>\n<meta property=\"og:site_name\" content=\"Correio Braziliense - Radar\" \/>\n<meta property=\"article:published_time\" content=\"2025-05-08T10:30:00+00:00\" \/>\n<meta property=\"og:image\" content=\"https:\/\/www.correiobraziliense.com.br\/cbradar\/wp-content\/uploads\/2025\/05\/Maringa-Brasil_1746635501605.jpg\" \/>\n\t<meta property=\"og:image:width\" content=\"1280\" \/>\n\t<meta property=\"og:image:height\" content=\"720\" \/>\n\t<meta property=\"og:image:type\" content=\"image\/jpeg\" \/>\n<meta name=\"author\" content=\"Larissa Carvalho\" \/>\n<meta name=\"twitter:card\" content=\"summary_large_image\" \/>\n<meta name=\"twitter:label1\" content=\"Escrito por\" \/>\n\t<meta name=\"twitter:data1\" content=\"Larissa Carvalho\" \/>\n\t<meta name=\"twitter:label2\" content=\"Est. tempo de leitura\" \/>\n\t<meta name=\"twitter:data2\" content=\"5 minutos\" \/>\n<!-- \/ Yoast SEO plugin. -->","yoast_head_json":{"title":"Cidade no interior do Paran\u00e1 encanta com qualidade de vida e sustentabilidade","description":"Cidade do interior do Paran\u00e1 encanta com qualidade de vida e a\u00e7\u00f5es sustent\u00e1veis. Veja por que \u00e9 exemplo no Brasil!","robots":{"index":"index","follow":"follow","max-snippet":"max-snippet:-1","max-image-preview":"max-image-preview:large","max-video-preview":"max-video-preview:-1"},"canonical":"https:\/\/www.correiobraziliense.com.br\/cbradar\/cidade-no-interior-do-parana-encanta-com-qualidade-de-vida-e-sustentabilidade\/","og_locale":"pt_BR","og_type":"article","og_title":"Cidade no interior do Paran\u00e1 encanta com qualidade de vida e sustentabilidade","og_description":"Cidade do interior do Paran\u00e1 encanta com qualidade de vida e a\u00e7\u00f5es sustent\u00e1veis. Veja por que \u00e9 exemplo no Brasil!","og_url":"https:\/\/www.correiobraziliense.com.br\/cbradar\/cidade-no-interior-do-parana-encanta-com-qualidade-de-vida-e-sustentabilidade\/","og_site_name":"Correio Braziliense - Radar","article_published_time":"2025-05-08T10:30:00+00:00","og_image":[{"width":1280,"height":720,"url":"https:\/\/www.correiobraziliense.com.br\/cbradar\/wp-content\/uploads\/2025\/05\/Maringa-Brasil_1746635501605.jpg","type":"image\/jpeg"}],"author":"Larissa Carvalho","twitter_card":"summary_large_image","twitter_misc":{"Escrito por":"Larissa Carvalho","Est. tempo de leitura":"5 minutos"},"schema":{"@context":"https:\/\/schema.org","@graph":[{"@type":"WebPage","@id":"https:\/\/www.correiobraziliense.com.br\/cbradar\/cidade-no-interior-do-parana-encanta-com-qualidade-de-vida-e-sustentabilidade\/","url":"https:\/\/www.correiobraziliense.com.br\/cbradar\/cidade-no-interior-do-parana-encanta-com-qualidade-de-vida-e-sustentabilidade\/","name":"Cidade no interior do Paran\u00e1 encanta com qualidade de vida e sustentabilidade","isPartOf":{"@id":"https:\/\/www.correiobraziliense.com.br\/cbradar\/#website"},"primaryImageOfPage":{"@id":"https:\/\/www.correiobraziliense.com.br\/cbradar\/cidade-no-interior-do-parana-encanta-com-qualidade-de-vida-e-sustentabilidade\/#primaryimage"},"image":{"@id":"https:\/\/www.correiobraziliense.com.br\/cbradar\/cidade-no-interior-do-parana-encanta-com-qualidade-de-vida-e-sustentabilidade\/#primaryimage"},"thumbnailUrl":"https:\/\/www.correiobraziliense.com.br\/cbradar\/wp-content\/uploads\/2025\/05\/Maringa-Brasil_1746635501605.jpg","datePublished":"2025-05-08T10:30:00+00:00","author":{"@id":"https:\/\/www.correiobraziliense.com.br\/cbradar\/#\/schema\/person\/58422787644df994b53a19d3e56c1513"},"description":"Cidade do interior do Paran\u00e1 encanta com qualidade de vida e a\u00e7\u00f5es sustent\u00e1veis. Veja por que \u00e9 exemplo no Brasil!","breadcrumb":{"@id":"https:\/\/www.correiobraziliense.com.br\/cbradar\/cidade-no-interior-do-parana-encanta-com-qualidade-de-vida-e-sustentabilidade\/#breadcrumb"},"inLanguage":"pt-BR","potentialAction":[{"@type":"ReadAction","target":["https:\/\/www.correiobraziliense.com.br\/cbradar\/cidade-no-interior-do-parana-encanta-com-qualidade-de-vida-e-sustentabilidade\/"]}]},{"@type":"ImageObject","inLanguage":"pt-BR","@id":"https:\/\/www.correiobraziliense.com.br\/cbradar\/cidade-no-interior-do-parana-encanta-com-qualidade-de-vida-e-sustentabilidade\/#primaryimage","url":"https:\/\/www.correiobraziliense.com.br\/cbradar\/wp-content\/uploads\/2025\/05\/Maringa-Brasil_1746635501605.jpg","contentUrl":"https:\/\/www.correiobraziliense.com.br\/cbradar\/wp-content\/uploads\/2025\/05\/Maringa-Brasil_1746635501605.jpg","width":1280,"height":720,"caption":"Maring\u00e1. Cr\u00e9ditos: depositphotos.com \/ Rdziura"},{"@type":"BreadcrumbList","@id":"https:\/\/www.correiobraziliense.com.br\/cbradar\/cidade-no-interior-do-parana-encanta-com-qualidade-de-vida-e-sustentabilidade\/#breadcrumb","itemListElement":[{"@type":"ListItem","position":1,"name":"In\u00edcio","item":"https:\/\/www.correiobraziliense.com.br\/cbradar\/"},{"@type":"ListItem","position":2,"name":"Cidade no interior do Paran\u00e1 encanta com qualidade de vida e sustentabilidade"}]},{"@type":"WebSite","@id":"https:\/\/www.correiobraziliense.com.br\/cbradar\/#website","url":"https:\/\/www.correiobraziliense.com.br\/cbradar\/","name":"Correio Braziliense - Radar","description":"Acompanhe as \u00faltimas not\u00edcias e fique bem informado sobre tudo o que acontece no Brasil e no mundo.","potentialAction":[{"@type":"SearchAction","target":{"@type":"EntryPoint","urlTemplate":"https:\/\/www.correiobraziliense.com.br\/cbradar\/?s={search_term_string}"},"query-input":{"@type":"PropertyValueSpecification","valueRequired":true,"valueName":"search_term_string"}}],"inLanguage":"pt-BR"},{"@type":"Person","@id":"https:\/\/www.correiobraziliense.com.br\/cbradar\/#\/schema\/person\/58422787644df994b53a19d3e56c1513","name":"Larissa Carvalho","image":{"@type":"ImageObject","inLanguage":"pt-BR","@id":"https:\/\/www.correiobraziliense.com.br\/cbradar\/#\/schema\/person\/image\/","url":"https:\/\/secure.gravatar.com\/avatar\/fe4f91a0de32b52a838d0d612abdc1aa?s=96&d=mm&r=g","contentUrl":"https:\/\/secure.gravatar.com\/avatar\/fe4f91a0de32b52a838d0d612abdc1aa?s=96&d=mm&r=g","caption":"Larissa Carvalho"},"url":"https:\/\/www.correiobraziliense.com.br\/cbradar\/author\/larissamyth\/"}]}},"_links":{"self":[{"href":"https:\/\/www.correiobraziliense.com.br\/cbradar\/wp-json\/wp\/v2\/posts\/33384","targetHints":{"allow":["GET"]}}],"collection":[{"href":"https:\/\/www.correiobraziliense.com.br\/cbradar\/wp-json\/wp\/v2\/posts"}],"about":[{"href":"https:\/\/www.correiobraziliense.com.br\/cbradar\/wp-json\/wp\/v2\/types\/post"}],"author":[{"embeddable":true,"href":"https:\/\/www.correiobraziliense.com.br\/cbradar\/wp-json\/wp\/v2\/users\/3"}],"replies":[{"embeddable":true,"href":"https:\/\/www.correiobraziliense.com.br\/cbradar\/wp-json\/wp\/v2\/comments?post=33384"}],"version-history":[{"count":3,"href":"https:\/\/www.correiobraziliense.com.br\/cbradar\/wp-json\/wp\/v2\/posts\/33384\/revisions"}],"predecessor-version":[{"id":33626,"href":"https:\/\/www.correiobraziliense.com.br\/cbradar\/wp-json\/wp\/v2\/posts\/33384\/revisions\/33626"}],"wp:featuredmedia":[{"embeddable":true,"href":"https:\/\/www.correiobraziliense.com.br\/cbradar\/wp-json\/wp\/v2\/media\/33385"}],"wp:attachment":[{"href":"https:\/\/www.correiobraziliense.com.br\/cbradar\/wp-json\/wp\/v2\/media?parent=33384"}],"wp:term":[{"taxonomy":"category","embeddable":true,"href":"https:\/\/www.correiobraziliense.com.br\/cbradar\/wp-json\/wp\/v2\/categories?post=33384"},{"taxonomy":"post_tag","embeddable":true,"href":"https:\/\/www.correiobraziliense.com.br\/cbradar\/wp-json\/wp\/v2\/tags?post=33384"}],"curies":[{"name":"wp","href":"https:\/\/api.w.org\/{rel}","templated":true}]}}