{"id":33396,"date":"2025-05-08T18:30:00","date_gmt":"2025-05-08T21:30:00","guid":{"rendered":"https:\/\/www.correiobraziliense.com.br\/cbradar\/?p=33396"},"modified":"2025-05-07T17:20:36","modified_gmt":"2025-05-07T20:20:36","slug":"essa-cidade-do-interior-paulista-e-ideal-para-viver-com-tranquilidade-e-estrutura","status":"publish","type":"post","link":"https:\/\/www.correiobraziliense.com.br\/cbradar\/essa-cidade-do-interior-paulista-e-ideal-para-viver-com-tranquilidade-e-estrutura\/","title":{"rendered":"Essa cidade do interior paulista \u00e9 ideal para viver com tranquilidade e estrutura"},"content":{"rendered":"\n<p><strong>Bauru<\/strong>, no centro-oeste do estado de <strong>S\u00e3o Paulo<\/strong>, \u00e9 um daqueles lugares que surpreendem pela combina\u00e7\u00e3o entre boa estrutura urbana, servi\u00e7os de qualidade e um ritmo de vida tranquilo. A cidade tem se consolidado como um polo educacional e de sa\u00fade, com destaque para sua rede hospitalar e institui\u00e7\u00f5es de ensino respeitadas.<\/p>\n\n\n\n<p>Com cerca de 380 mil habitantes, <strong>Bauru<\/strong> oferece um ambiente acolhedor, ruas bem cuidadas e uma localiza\u00e7\u00e3o estrat\u00e9gica. Seu custo de vida \u00e9 acess\u00edvel se comparado a cidades maiores, sem abrir m\u00e3o de servi\u00e7os p\u00fablicos eficientes e boa mobilidade.<\/p>\n\n\n\n<h2 class=\"wp-block-heading\">Qualidade de vida com estrutura e tranquilidade<\/h2>\n\n\n\n<p><strong>Bauru<\/strong> apresenta bons indicadores de bem-estar, como acesso \u00e0 sa\u00fade, seguran\u00e7a e op\u00e7\u00f5es de lazer. A cidade tem clima ameno, arboriza\u00e7\u00e3o em diversos bairros e \u00e1reas de conviv\u00eancia que promovem qualidade de vida para todas as faixas et\u00e1rias.<\/p>\n\n\n\n<p>Al\u00e9m disso, o munic\u00edpio investe em infraestrutura urbana, com melhorias em transporte p\u00fablico, cal\u00e7adas e acessibilidade. O ritmo da cidade \u00e9 ideal para quem busca um lugar tranquilo, mas sem perder o dinamismo de uma cidade desenvolvida.<\/p>\n\n\n\n<h2 class=\"wp-block-heading\">Educa\u00e7\u00e3o de excel\u00eancia<\/h2>\n\n\n\n<p><strong>Bauru<\/strong> \u00e9 refer\u00eancia educacional no interior paulista. A cidade abriga institui\u00e7\u00f5es como a <strong>Universidade Estadual Paulista (Unesp)<\/strong> e a <strong>Faculdade de Odontologia de Bauru<\/strong>, al\u00e9m de escolas t\u00e9cnicas e privadas de alta qualidade.<\/p>\n\n\n\n<p>O ensino b\u00e1sico tamb\u00e9m \u00e9 bem estruturado, com escolas municipais reconhecidas pela qualidade pedag\u00f3gica. A cidade oferece oportunidades desde a inf\u00e2ncia at\u00e9 o ensino superior, atraindo estudantes de toda a regi\u00e3o.<\/p>\n\n\n\n<figure class=\"wp-block-image size-large\"><img decoding=\"async\" width=\"1024\" height=\"576\" src=\"https:\/\/www.correiobraziliense.com.br\/cbradar\/wp-content\/uploads\/2025\/05\/Bauru-Brasil_1746636424069-1024x576.jpg\" alt=\"Essa cidade do interior paulista \u00e9 ideal para viver com tranquilidade e estrutura\" class=\"wp-image-33400\" srcset=\"https:\/\/www.correiobraziliense.com.br\/cbradar\/wp-content\/uploads\/2025\/05\/Bauru-Brasil_1746636424069-1024x576.jpg 1024w, https:\/\/www.correiobraziliense.com.br\/cbradar\/wp-content\/uploads\/2025\/05\/Bauru-Brasil_1746636424069-300x169.jpg 300w, https:\/\/www.correiobraziliense.com.br\/cbradar\/wp-content\/uploads\/2025\/05\/Bauru-Brasil_1746636424069-768x432.jpg 768w, https:\/\/www.correiobraziliense.com.br\/cbradar\/wp-content\/uploads\/2025\/05\/Bauru-Brasil_1746636424069-750x422.jpg 750w, https:\/\/www.correiobraziliense.com.br\/cbradar\/wp-content\/uploads\/2025\/05\/Bauru-Brasil_1746636424069-1140x642.jpg 1140w, https:\/\/www.correiobraziliense.com.br\/cbradar\/wp-content\/uploads\/2025\/05\/Bauru-Brasil_1746636424069.jpg 1279w\" sizes=\"(max-width: 1024px) 100vw, 1024px\" \/><figcaption class=\"wp-element-caption\">Bauru. Cr\u00e9ditos: depositphotos.com \/ julioricco<\/figcaption><\/figure>\n\n\n\n<h2 class=\"wp-block-heading\">Infraestrutura urbana e mobilidade eficiente<\/h2>\n\n\n\n<p>A mobilidade urbana \u00e9 um dos pontos fortes de <strong>Bauru<\/strong>. A cidade conta com um sistema de transporte p\u00fablico que atende bem aos bairros, al\u00e9m de vias bem sinalizadas e tr\u00e2nsito fluido na maior parte do tempo.<\/p>\n\n\n\n<p>Ciclovias e rotas acess\u00edveis complementam a estrutura. O munic\u00edpio ainda disp\u00f5e de um aeroporto regional e f\u00e1cil acesso a importantes rodovias, o que facilita o deslocamento para outras cidades e regi\u00f5es do estado.<\/p>\n\n\n\n<h2 class=\"wp-block-heading\">Cultura e lazer para todos os estilos<\/h2>\n\n\n\n<p>A cidade oferece diversas op\u00e7\u00f5es culturais e de lazer. O <strong>Teatro Municipal<\/strong>, o <strong>Jardim Bot\u00e2nico<\/strong>, pra\u00e7as, feiras e centros culturais s\u00e3o parte da rotina de quem vive em <strong>Bauru<\/strong>. A cidade tamb\u00e9m \u00e9 conhecida pela tradi\u00e7\u00e3o gastron\u00f4mica, com o famoso sandu\u00edche bauru como s\u00edmbolo.<\/p>\n\n\n\n<p>Eventos regionais, atividades esportivas, parques e clubes proporcionam lazer de qualidade para fam\u00edlias, jovens e idosos. O ambiente acolhedor faz com que moradores e visitantes aproveitem cada cantinho da cidade.<\/p>\n\n\n\n<h2 class=\"wp-block-heading\">Economia est\u00e1vel e boas oportunidades<\/h2>\n\n\n\n<p>A economia de <strong>Bauru<\/strong> \u00e9 baseada nos setores de com\u00e9rcio, servi\u00e7os, sa\u00fade e educa\u00e7\u00e3o. A cidade tem um com\u00e9rcio forte e diversificado, al\u00e9m de centros m\u00e9dicos que funcionam como refer\u00eancia regional.<\/p>\n\n\n\n<p>O mercado de trabalho \u00e9 movimentado, com oportunidades em hospitais, escolas, universidades, ind\u00fastrias e empresas locais. O custo-benef\u00edcio de viver aqui, aliado \u00e0 oferta de servi\u00e7os, torna a cidade atraente para profissionais e empreendedores.<\/p>\n\n\n\n<figure class=\"wp-block-image size-large\"><img decoding=\"async\" width=\"1024\" height=\"576\" src=\"https:\/\/www.correiobraziliense.com.br\/cbradar\/wp-content\/uploads\/2025\/05\/Bauru-Brasil_1746636464537-1024x576.jpg\" alt=\"Essa cidade do interior paulista \u00e9 ideal para viver com tranquilidade e estrutura\" class=\"wp-image-33401\" srcset=\"https:\/\/www.correiobraziliense.com.br\/cbradar\/wp-content\/uploads\/2025\/05\/Bauru-Brasil_1746636464537-1024x576.jpg 1024w, https:\/\/www.correiobraziliense.com.br\/cbradar\/wp-content\/uploads\/2025\/05\/Bauru-Brasil_1746636464537-300x169.jpg 300w, https:\/\/www.correiobraziliense.com.br\/cbradar\/wp-content\/uploads\/2025\/05\/Bauru-Brasil_1746636464537-768x432.jpg 768w, https:\/\/www.correiobraziliense.com.br\/cbradar\/wp-content\/uploads\/2025\/05\/Bauru-Brasil_1746636464537-750x422.jpg 750w, https:\/\/www.correiobraziliense.com.br\/cbradar\/wp-content\/uploads\/2025\/05\/Bauru-Brasil_1746636464537-1140x641.jpg 1140w, https:\/\/www.correiobraziliense.com.br\/cbradar\/wp-content\/uploads\/2025\/05\/Bauru-Brasil_1746636464537.jpg 1280w\" sizes=\"(max-width: 1024px) 100vw, 1024px\" \/><figcaption class=\"wp-element-caption\">Bauru. Cr\u00e9ditos: depositphotos.com \/ julioricco<\/figcaption><\/figure>\n\n\n\n<h2 class=\"wp-block-heading\">Quais s\u00e3o os principais pontos tur\u00edsticos para visitar?<\/h2>\n\n\n\n<ul class=\"wp-block-list\">\n<li><strong>Jardim Bot\u00e2nico<\/strong>: espa\u00e7o verde com trilhas, lago e \u00e1rea para descanso em contato com a natureza.<\/li>\n\n\n\n<li><strong>Zool\u00f3gico Municipal<\/strong>: um dos mais importantes do estado, com grande variedade de esp\u00e9cies.<\/li>\n\n\n\n<li><strong>Parque Vit\u00f3ria R\u00e9gia<\/strong>: \u00e1rea de lazer com eventos, pista de caminhada e espa\u00e7o para piqueniques.<\/li>\n\n\n\n<li><strong>Museu Ferrovi\u00e1rio<\/strong>: conta a hist\u00f3ria da ferrovia que impulsionou o crescimento da cidade.<\/li>\n\n\n\n<li><strong>Catedral do Divino Esp\u00edrito Santo<\/strong>: imponente e localizada no centro, \u00e9 s\u00edmbolo da religiosidade local.<\/li>\n<\/ul>\n\n\n\n<h2 class=\"wp-block-heading\">Vale a pena morar?<\/h2>\n\n\n\n<p>Sim! <strong>Bauru<\/strong> re\u00fane qualidade de vida, boa infraestrutura, escolas e hospitais bem avaliados, al\u00e9m de ser acolhedora e com um custo de vida justo. \u00c9 uma excelente escolha para fam\u00edlias, estudantes e profissionais que buscam um ambiente mais est\u00e1vel e acess\u00edvel.<\/p>\n\n\n\n<p>Com f\u00e1cil acesso a grandes centros e uma vida urbana equilibrada, \u00e9 poss\u00edvel ter conforto e tranquilidade ao mesmo tempo.<\/p>\n\n\n\n<h2 class=\"wp-block-heading\">Vale a pena visitar?<\/h2>\n\n\n\n<p>Sem d\u00favida! A cidade \u00e9 perfeita para quem gosta de hist\u00f3ria, gastronomia regional e espa\u00e7os ao ar livre. Al\u00e9m disso, a infraestrutura e o clima agrad\u00e1vel tornam a experi\u00eancia ainda mais confort\u00e1vel para o visitante.<\/p>\n\n\n\n<p><strong>Bauru<\/strong> \u00e9 um \u00f3timo destino para uma viagem de fim de semana, com atra\u00e7\u00f5es culturais e uma hospitalidade que deixa saudades.<\/p>\n","protected":false},"excerpt":{"rendered":"<p>Bauru, SP oferece boa educa\u00e7\u00e3o, sa\u00fade e mobilidade urbana com custo acess\u00edvel. Uma cidade completa para morar bem ou visitar com tranquilidade.<\/p>\n","protected":false},"author":3,"featured_media":33399,"comment_status":"open","ping_status":"open","sticky":false,"template":"","format":"standard","meta":{"_yoast_wpseo_focuskw":"Bauru","_yoast_wpseo_title":"%%title%%","_yoast_wpseo_metadesc":"Bauru, SP oferece boa educa\u00e7\u00e3o, sa\u00fade e mobilidade urbana com custo acess\u00edvel. Uma cidade completa para morar bem ou visitar com tranquilidade.","jnews-multi-image_gallery":[],"jnews_single_post":{"format":"standard"},"jnews_primary_category":[],"jnews_social_meta":[],"jnews_override_counter":[],"footnotes":""},"categories":[108],"tags":[109],"class_list":["post-33396","post","type-post","status-publish","format-standard","has-post-thumbnail","hentry","category-cidades","tag-cidades"],"yoast_head":"<!-- This site is optimized with the Yoast SEO plugin v24.6 - https:\/\/yoast.com\/wordpress\/plugins\/seo\/ -->\n<title>Essa cidade do interior paulista \u00e9 ideal para viver com tranquilidade e estrutura<\/title>\n<meta name=\"description\" content=\"Bauru, SP oferece boa educa\u00e7\u00e3o, sa\u00fade e mobilidade urbana com custo acess\u00edvel. Uma cidade completa para morar bem ou visitar com tranquilidade.\" \/>\n<meta name=\"robots\" content=\"index, follow, max-snippet:-1, max-image-preview:large, max-video-preview:-1\" \/>\n<link rel=\"canonical\" href=\"https:\/\/www.correiobraziliense.com.br\/cbradar\/essa-cidade-do-interior-paulista-e-ideal-para-viver-com-tranquilidade-e-estrutura\/\" \/>\n<meta property=\"og:locale\" content=\"pt_BR\" \/>\n<meta property=\"og:type\" content=\"article\" \/>\n<meta property=\"og:title\" content=\"Essa cidade do interior paulista \u00e9 ideal para viver com tranquilidade e estrutura\" \/>\n<meta property=\"og:description\" content=\"Bauru, SP oferece boa educa\u00e7\u00e3o, sa\u00fade e mobilidade urbana com custo acess\u00edvel. Uma cidade completa para morar bem ou visitar com tranquilidade.\" \/>\n<meta property=\"og:url\" content=\"https:\/\/www.correiobraziliense.com.br\/cbradar\/essa-cidade-do-interior-paulista-e-ideal-para-viver-com-tranquilidade-e-estrutura\/\" \/>\n<meta property=\"og:site_name\" content=\"Correio Braziliense - Radar\" \/>\n<meta property=\"article:published_time\" content=\"2025-05-08T21:30:00+00:00\" \/>\n<meta property=\"og:image\" content=\"https:\/\/www.correiobraziliense.com.br\/cbradar\/wp-content\/uploads\/2025\/05\/Bauru-Brasil_1746636401739.jpg\" \/>\n\t<meta property=\"og:image:width\" content=\"1280\" \/>\n\t<meta property=\"og:image:height\" content=\"720\" \/>\n\t<meta property=\"og:image:type\" content=\"image\/jpeg\" \/>\n<meta name=\"author\" content=\"Larissa Carvalho\" \/>\n<meta name=\"twitter:card\" content=\"summary_large_image\" \/>\n<meta name=\"twitter:label1\" content=\"Escrito por\" \/>\n\t<meta name=\"twitter:data1\" content=\"Larissa Carvalho\" \/>\n\t<meta name=\"twitter:label2\" content=\"Est. tempo de leitura\" \/>\n\t<meta name=\"twitter:data2\" content=\"5 minutos\" \/>\n<!-- \/ Yoast SEO plugin. -->","yoast_head_json":{"title":"Essa cidade do interior paulista \u00e9 ideal para viver com tranquilidade e estrutura","description":"Bauru, SP oferece boa educa\u00e7\u00e3o, sa\u00fade e mobilidade urbana com custo acess\u00edvel. Uma cidade completa para morar bem ou visitar com tranquilidade.","robots":{"index":"index","follow":"follow","max-snippet":"max-snippet:-1","max-image-preview":"max-image-preview:large","max-video-preview":"max-video-preview:-1"},"canonical":"https:\/\/www.correiobraziliense.com.br\/cbradar\/essa-cidade-do-interior-paulista-e-ideal-para-viver-com-tranquilidade-e-estrutura\/","og_locale":"pt_BR","og_type":"article","og_title":"Essa cidade do interior paulista \u00e9 ideal para viver com tranquilidade e estrutura","og_description":"Bauru, SP oferece boa educa\u00e7\u00e3o, sa\u00fade e mobilidade urbana com custo acess\u00edvel. Uma cidade completa para morar bem ou visitar com tranquilidade.","og_url":"https:\/\/www.correiobraziliense.com.br\/cbradar\/essa-cidade-do-interior-paulista-e-ideal-para-viver-com-tranquilidade-e-estrutura\/","og_site_name":"Correio Braziliense - Radar","article_published_time":"2025-05-08T21:30:00+00:00","og_image":[{"width":1280,"height":720,"url":"https:\/\/www.correiobraziliense.com.br\/cbradar\/wp-content\/uploads\/2025\/05\/Bauru-Brasil_1746636401739.jpg","type":"image\/jpeg"}],"author":"Larissa Carvalho","twitter_card":"summary_large_image","twitter_misc":{"Escrito por":"Larissa Carvalho","Est. tempo de leitura":"5 minutos"},"schema":{"@context":"https:\/\/schema.org","@graph":[{"@type":"WebPage","@id":"https:\/\/www.correiobraziliense.com.br\/cbradar\/essa-cidade-do-interior-paulista-e-ideal-para-viver-com-tranquilidade-e-estrutura\/","url":"https:\/\/www.correiobraziliense.com.br\/cbradar\/essa-cidade-do-interior-paulista-e-ideal-para-viver-com-tranquilidade-e-estrutura\/","name":"Essa cidade do interior paulista \u00e9 ideal para viver com tranquilidade e estrutura","isPartOf":{"@id":"https:\/\/www.correiobraziliense.com.br\/cbradar\/#website"},"primaryImageOfPage":{"@id":"https:\/\/www.correiobraziliense.com.br\/cbradar\/essa-cidade-do-interior-paulista-e-ideal-para-viver-com-tranquilidade-e-estrutura\/#primaryimage"},"image":{"@id":"https:\/\/www.correiobraziliense.com.br\/cbradar\/essa-cidade-do-interior-paulista-e-ideal-para-viver-com-tranquilidade-e-estrutura\/#primaryimage"},"thumbnailUrl":"https:\/\/www.correiobraziliense.com.br\/cbradar\/wp-content\/uploads\/2025\/05\/Bauru-Brasil_1746636401739.jpg","datePublished":"2025-05-08T21:30:00+00:00","author":{"@id":"https:\/\/www.correiobraziliense.com.br\/cbradar\/#\/schema\/person\/58422787644df994b53a19d3e56c1513"},"description":"Bauru, SP oferece boa educa\u00e7\u00e3o, sa\u00fade e mobilidade urbana com custo acess\u00edvel. Uma cidade completa para morar bem ou visitar com tranquilidade.","breadcrumb":{"@id":"https:\/\/www.correiobraziliense.com.br\/cbradar\/essa-cidade-do-interior-paulista-e-ideal-para-viver-com-tranquilidade-e-estrutura\/#breadcrumb"},"inLanguage":"pt-BR","potentialAction":[{"@type":"ReadAction","target":["https:\/\/www.correiobraziliense.com.br\/cbradar\/essa-cidade-do-interior-paulista-e-ideal-para-viver-com-tranquilidade-e-estrutura\/"]}]},{"@type":"ImageObject","inLanguage":"pt-BR","@id":"https:\/\/www.correiobraziliense.com.br\/cbradar\/essa-cidade-do-interior-paulista-e-ideal-para-viver-com-tranquilidade-e-estrutura\/#primaryimage","url":"https:\/\/www.correiobraziliense.com.br\/cbradar\/wp-content\/uploads\/2025\/05\/Bauru-Brasil_1746636401739.jpg","contentUrl":"https:\/\/www.correiobraziliense.com.br\/cbradar\/wp-content\/uploads\/2025\/05\/Bauru-Brasil_1746636401739.jpg","width":1280,"height":720,"caption":"Bauru. Cr\u00e9ditos: depositphotos.com \/ julioricco"},{"@type":"BreadcrumbList","@id":"https:\/\/www.correiobraziliense.com.br\/cbradar\/essa-cidade-do-interior-paulista-e-ideal-para-viver-com-tranquilidade-e-estrutura\/#breadcrumb","itemListElement":[{"@type":"ListItem","position":1,"name":"In\u00edcio","item":"https:\/\/www.correiobraziliense.com.br\/cbradar\/"},{"@type":"ListItem","position":2,"name":"Essa cidade do interior paulista \u00e9 ideal para viver com tranquilidade e estrutura"}]},{"@type":"WebSite","@id":"https:\/\/www.correiobraziliense.com.br\/cbradar\/#website","url":"https:\/\/www.correiobraziliense.com.br\/cbradar\/","name":"Correio Braziliense - Radar","description":"Acompanhe as \u00faltimas not\u00edcias e fique bem informado sobre tudo o que acontece no Brasil e no mundo.","potentialAction":[{"@type":"SearchAction","target":{"@type":"EntryPoint","urlTemplate":"https:\/\/www.correiobraziliense.com.br\/cbradar\/?s={search_term_string}"},"query-input":{"@type":"PropertyValueSpecification","valueRequired":true,"valueName":"search_term_string"}}],"inLanguage":"pt-BR"},{"@type":"Person","@id":"https:\/\/www.correiobraziliense.com.br\/cbradar\/#\/schema\/person\/58422787644df994b53a19d3e56c1513","name":"Larissa Carvalho","image":{"@type":"ImageObject","inLanguage":"pt-BR","@id":"https:\/\/www.correiobraziliense.com.br\/cbradar\/#\/schema\/person\/image\/","url":"https:\/\/secure.gravatar.com\/avatar\/fe4f91a0de32b52a838d0d612abdc1aa?s=96&d=mm&r=g","contentUrl":"https:\/\/secure.gravatar.com\/avatar\/fe4f91a0de32b52a838d0d612abdc1aa?s=96&d=mm&r=g","caption":"Larissa Carvalho"},"url":"https:\/\/www.correiobraziliense.com.br\/cbradar\/author\/larissamyth\/"}]}},"_links":{"self":[{"href":"https:\/\/www.correiobraziliense.com.br\/cbradar\/wp-json\/wp\/v2\/posts\/33396","targetHints":{"allow":["GET"]}}],"collection":[{"href":"https:\/\/www.correiobraziliense.com.br\/cbradar\/wp-json\/wp\/v2\/posts"}],"about":[{"href":"https:\/\/www.correiobraziliense.com.br\/cbradar\/wp-json\/wp\/v2\/types\/post"}],"author":[{"embeddable":true,"href":"https:\/\/www.correiobraziliense.com.br\/cbradar\/wp-json\/wp\/v2\/users\/3"}],"replies":[{"embeddable":true,"href":"https:\/\/www.correiobraziliense.com.br\/cbradar\/wp-json\/wp\/v2\/comments?post=33396"}],"version-history":[{"count":1,"href":"https:\/\/www.correiobraziliense.com.br\/cbradar\/wp-json\/wp\/v2\/posts\/33396\/revisions"}],"predecessor-version":[{"id":33402,"href":"https:\/\/www.correiobraziliense.com.br\/cbradar\/wp-json\/wp\/v2\/posts\/33396\/revisions\/33402"}],"wp:featuredmedia":[{"embeddable":true,"href":"https:\/\/www.correiobraziliense.com.br\/cbradar\/wp-json\/wp\/v2\/media\/33399"}],"wp:attachment":[{"href":"https:\/\/www.correiobraziliense.com.br\/cbradar\/wp-json\/wp\/v2\/media?parent=33396"}],"wp:term":[{"taxonomy":"category","embeddable":true,"href":"https:\/\/www.correiobraziliense.com.br\/cbradar\/wp-json\/wp\/v2\/categories?post=33396"},{"taxonomy":"post_tag","embeddable":true,"href":"https:\/\/www.correiobraziliense.com.br\/cbradar\/wp-json\/wp\/v2\/tags?post=33396"}],"curies":[{"name":"wp","href":"https:\/\/api.w.org\/{rel}","templated":true}]}}