{"id":33416,"date":"2025-05-08T13:30:00","date_gmt":"2025-05-08T16:30:00","guid":{"rendered":"https:\/\/www.correiobraziliense.com.br\/cbradar\/?p=33416"},"modified":"2025-05-07T17:20:53","modified_gmt":"2025-05-07T20:20:53","slug":"melhor-serie-para-quem-ama-suspense-e-investigacao","status":"publish","type":"post","link":"https:\/\/www.correiobraziliense.com.br\/cbradar\/melhor-serie-para-quem-ama-suspense-e-investigacao\/","title":{"rendered":"Melhor s\u00e9rie para quem ama suspense e investiga\u00e7\u00e3o"},"content":{"rendered":"\n<p><strong>Criminal Minds<\/strong> \u00e9 uma s\u00e9rie policial que acompanha a Unidade de An\u00e1lise Comportamental (BAU) do FBI, especializada em criar perfis psicol\u00f3gicos de criminosos para antecipar seus pr\u00f3ximos passos. A cada epis\u00f3dio, a equipe investiga casos complexos e perturbadores, lidando com serial killers, sequestradores e outras mentes perigosas.<\/p>\n\n\n\n<p>Com foco tanto nos casos quanto nas rela\u00e7\u00f5es entre os membros da equipe, a s\u00e9rie equilibra a tens\u00e3o da investiga\u00e7\u00e3o com o lado emocional de quem convive diariamente com o lado mais sombrio da humanidade.<\/p>\n\n\n\n<h2 class=\"wp-block-heading\">Quem faz parte da equipe da BAU?<\/h2>\n\n\n\n<p>A s\u00e9rie teve diversas forma\u00e7\u00f5es ao longo de suas temporadas, mas alguns personagens marcaram de forma especial:<\/p>\n\n\n\n<ul class=\"wp-block-list\">\n<li><strong>Aaron Hotchner<\/strong>: O l\u00edder centrado e firme, interpretado por <strong>Thomas Gibson<\/strong>.<\/li>\n\n\n\n<li><strong>Derek Morgan<\/strong>: Agente de campo carism\u00e1tico e protetor, vivido por <strong>Shemar Moore<\/strong>.<\/li>\n\n\n\n<li><strong>Spencer Reid<\/strong>: G\u00eanio com mente anal\u00edtica impressionante, papel de <strong>Matthew Gray Gubler<\/strong>.<\/li>\n\n\n\n<li><strong>Penelope Garcia<\/strong>: Analista de sistemas exc\u00eantrica e ador\u00e1vel, interpretada por <strong>Kirsten Vangsness<\/strong>.<\/li>\n\n\n\n<li><strong>Jennifer &#8220;JJ&#8221; Jareau<\/strong>: Especialista em comunica\u00e7\u00e3o e estrat\u00e9gia, vivida por <strong>A.J. Cook<\/strong>.<\/li>\n\n\n\n<li><strong>Emily Prentiss<\/strong>: Determinada e experiente, papel de <strong>Paget Brewster<\/strong>.<\/li>\n<\/ul>\n\n\n\n<p>A din\u00e2mica entre eles \u00e9 um dos pontos altos da s\u00e9rie, misturando profissionalismo com profundos la\u00e7os pessoais.<\/p>\n\n\n\n<figure class=\"wp-block-image size-large\"><img decoding=\"async\" width=\"1024\" height=\"576\" src=\"https:\/\/www.correiobraziliense.com.br\/cbradar\/wp-content\/uploads\/2025\/05\/Criminal-Minds-1024x576.png\" alt=\"Melhor s\u00e9rie para quem ama suspense e investiga\u00e7\u00e3o\" class=\"wp-image-33430\" srcset=\"https:\/\/www.correiobraziliense.com.br\/cbradar\/wp-content\/uploads\/2025\/05\/Criminal-Minds-1024x576.png 1024w, https:\/\/www.correiobraziliense.com.br\/cbradar\/wp-content\/uploads\/2025\/05\/Criminal-Minds-300x169.png 300w, https:\/\/www.correiobraziliense.com.br\/cbradar\/wp-content\/uploads\/2025\/05\/Criminal-Minds-768x432.png 768w, https:\/\/www.correiobraziliense.com.br\/cbradar\/wp-content\/uploads\/2025\/05\/Criminal-Minds-750x422.png 750w, https:\/\/www.correiobraziliense.com.br\/cbradar\/wp-content\/uploads\/2025\/05\/Criminal-Minds-1140x641.png 1140w, https:\/\/www.correiobraziliense.com.br\/cbradar\/wp-content\/uploads\/2025\/05\/Criminal-Minds.png 1280w\" sizes=\"(max-width: 1024px) 100vw, 1024px\" \/><figcaption class=\"wp-element-caption\">Criminal Minds. Fonte: divulga\u00e7\u00e3o \/ ABC Studios<\/figcaption><\/figure>\n\n\n\n<h2 class=\"wp-block-heading\">O que diferencia Criminal Minds de outras s\u00e9ries policiais?<\/h2>\n\n\n\n<p>O grande diferencial \u00e9 o foco na an\u00e1lise psicol\u00f3gica dos criminosos, indo al\u00e9m da coleta de provas e da a\u00e7\u00e3o policial. A s\u00e9rie explora a motiva\u00e7\u00e3o por tr\u00e1s dos crimes e mostra como traumas, hist\u00f3rias pessoais e dist\u00farbios mentais influenciam comportamentos violentos.<\/p>\n\n\n\n<p>Outro ponto \u00e9 o cuidado com o lado emocional dos agentes. O impacto do trabalho nos personagens \u00e9 real e constante, gerando empatia e humanizando quem est\u00e1 por tr\u00e1s da placa do FBI.<\/p>\n\n\n\n<h2 class=\"wp-block-heading\">Vale a pena assistir Criminal Minds?<\/h2>\n\n\n\n<p>Sem d\u00favida. Com mais de 15 temporadas e uma legi\u00e3o de f\u00e3s fi\u00e9is, <em>Criminal Minds<\/em> se tornou um cl\u00e1ssico do g\u00eanero policial. A mistura de suspense, drama e psicologia torna cada epis\u00f3dio envolvente.<\/p>\n\n\n\n<p>Se voc\u00ea gosta de investiga\u00e7\u00f5es complexas, personagens marcantes e temas humanos profundos, essa s\u00e9rie \u00e9 para voc\u00ea. Al\u00e9m disso, ganhou um revival recente com <em>Criminal Minds: Evolution<\/em>, que atualiza o formato e traz de volta rostos conhecidos.<\/p>\n\n\n\n<iframe loading=\"lazy\" width=\"560\" height=\"315\" src=\"https:\/\/www.youtube.com\/embed\/d73rBmyRNH4?si=47WKIroEo9FplR7K\" title=\"YouTube video player\" frameborder=\"0\" allow=\"accelerometer; autoplay; clipboard-write; encrypted-media; gyroscope; picture-in-picture; web-share\" referrerpolicy=\"strict-origin-when-cross-origin\" allowfullscreen><\/iframe>\n\n\n\n<h2 class=\"wp-block-heading\">Curiosidades sobre Criminal Minds<\/h2>\n\n\n\n<ul class=\"wp-block-list\">\n<li>O personagem Spencer Reid foi inspirado em agentes reais com altas habilidades cognitivas.<\/li>\n\n\n\n<li><strong>Kirsten Vangsness<\/strong> (Penelope) apareceu inicialmente como figurante, mas sua performance conquistou os criadores.<\/li>\n\n\n\n<li>Cada epis\u00f3dio come\u00e7a e termina com uma cita\u00e7\u00e3o filos\u00f3fica ou liter\u00e1ria.<\/li>\n\n\n\n<li>A s\u00e9rie abordou mais de 300 casos diferentes ao longo das temporadas.<\/li>\n<\/ul>\n\n\n\n<h2 class=\"wp-block-heading\">FAQ &#8211; Perguntas frequentes<\/h2>\n\n\n\n<ul class=\"wp-block-list\">\n<li><strong>Onde assistir Criminal Minds?<\/strong>\n<ul class=\"wp-block-list\">\n<li>Dispon\u00edvel na Star+, Globoplay e Prime Video no Brasil.<\/li>\n<\/ul>\n<\/li>\n\n\n\n<li><strong>Quem est\u00e1 no elenco principal?<\/strong>\n<ul class=\"wp-block-list\">\n<li><strong>Thomas Gibson<\/strong>, <strong>Matthew Gray Gubler<\/strong>, <strong>Shemar Moore<\/strong>, <strong>Kirsten Vangsness<\/strong>, <strong>A.J. Cook<\/strong>, <strong>Paget Brewster<\/strong>, <strong>Joe Mantegna<\/strong> e outros.<\/li>\n<\/ul>\n<\/li>\n\n\n\n<li><strong>Qual o ano de lan\u00e7amento da s\u00e9rie?<\/strong>\n<ul class=\"wp-block-list\">\n<li><em>Criminal Minds<\/em> estreou em 2005 e foi encerrada em 2020, com revival em 2022.<\/li>\n<\/ul>\n<\/li>\n\n\n\n<li><strong>Qual a produtora respons\u00e1vel pela s\u00e9rie?<\/strong>\n<ul class=\"wp-block-list\">\n<li>Produzida pela <strong>CBS Television Studios<\/strong> em parceria com a <strong>ABC Studios<\/strong>.<\/li>\n<\/ul>\n<\/li>\n<\/ul>\n","protected":false},"excerpt":{"rendered":"<p>Perfiladores do FBI enfrentam mentes criminosas em uma s\u00e9rie envolvente que mistura suspense, emo\u00e7\u00e3o e psicologia.<\/p>\n","protected":false},"author":3,"featured_media":33429,"comment_status":"open","ping_status":"open","sticky":false,"template":"","format":"standard","meta":{"_yoast_wpseo_focuskw":"Criminal Minds","_yoast_wpseo_title":"%%title%%","_yoast_wpseo_metadesc":"Perfiladores do FBI enfrentam mentes criminosas em uma s\u00e9rie envolvente que mistura suspense, emo\u00e7\u00e3o e psicologia.","jnews-multi-image_gallery":[],"jnews_single_post":{"format":"standard"},"jnews_primary_category":[],"jnews_social_meta":[],"jnews_override_counter":[],"footnotes":""},"categories":[140],"post_tag":[568],"class_list":["post-33416","post","type-post","status-publish","format-standard","has-post-thumbnail","hentry","category-entretenimento","tag-series-e-filmes"],"yoast_head":"<!-- This site is optimized with the Yoast SEO plugin v24.6 - https:\/\/yoast.com\/wordpress\/plugins\/seo\/ -->\n<title>Melhor s\u00e9rie para quem ama suspense e investiga\u00e7\u00e3o<\/title>\n<meta name=\"description\" content=\"Perfiladores do FBI enfrentam mentes criminosas em uma s\u00e9rie envolvente que mistura suspense, emo\u00e7\u00e3o e psicologia.\" \/>\n<meta name=\"robots\" content=\"index, follow, max-snippet:-1, max-image-preview:large, max-video-preview:-1\" \/>\n<link rel=\"canonical\" href=\"https:\/\/www.correiobraziliense.com.br\/cbradar\/melhor-serie-para-quem-ama-suspense-e-investigacao\/\" \/>\n<meta property=\"og:locale\" content=\"pt_BR\" \/>\n<meta property=\"og:type\" content=\"article\" \/>\n<meta property=\"og:title\" content=\"Melhor s\u00e9rie para quem ama suspense e investiga\u00e7\u00e3o\" \/>\n<meta property=\"og:description\" content=\"Perfiladores do FBI enfrentam mentes criminosas em uma s\u00e9rie envolvente que mistura suspense, emo\u00e7\u00e3o e psicologia.\" \/>\n<meta property=\"og:url\" content=\"https:\/\/www.correiobraziliense.com.br\/cbradar\/melhor-serie-para-quem-ama-suspense-e-investigacao\/\" \/>\n<meta property=\"og:site_name\" content=\"Correio Braziliense - Radar\" \/>\n<meta property=\"article:published_time\" content=\"2025-05-08T16:30:00+00:00\" \/>\n<meta property=\"og:image\" content=\"https:\/\/www.correiobraziliense.com.br\/cbradar\/wp-content\/uploads\/2025\/05\/Criminal-Minds-2.png\" \/>\n\t<meta property=\"og:image:width\" content=\"1280\" \/>\n\t<meta property=\"og:image:height\" content=\"720\" \/>\n\t<meta property=\"og:image:type\" content=\"image\/png\" \/>\n<meta name=\"author\" content=\"Larissa Carvalho\" \/>\n<meta name=\"twitter:card\" content=\"summary_large_image\" \/>\n<meta name=\"twitter:label1\" content=\"Escrito por\" \/>\n\t<meta name=\"twitter:data1\" content=\"Larissa Carvalho\" \/>\n\t<meta name=\"twitter:label2\" content=\"Est. tempo de leitura\" \/>\n\t<meta name=\"twitter:data2\" content=\"4 minutos\" \/>\n<!-- \/ Yoast SEO plugin. -->","yoast_head_json":{"title":"Melhor s\u00e9rie para quem ama suspense e investiga\u00e7\u00e3o","description":"Perfiladores do FBI enfrentam mentes criminosas em uma s\u00e9rie envolvente que mistura suspense, emo\u00e7\u00e3o e psicologia.","robots":{"index":"index","follow":"follow","max-snippet":"max-snippet:-1","max-image-preview":"max-image-preview:large","max-video-preview":"max-video-preview:-1"},"canonical":"https:\/\/www.correiobraziliense.com.br\/cbradar\/melhor-serie-para-quem-ama-suspense-e-investigacao\/","og_locale":"pt_BR","og_type":"article","og_title":"Melhor s\u00e9rie para quem ama suspense e investiga\u00e7\u00e3o","og_description":"Perfiladores do FBI enfrentam mentes criminosas em uma s\u00e9rie envolvente que mistura suspense, emo\u00e7\u00e3o e psicologia.","og_url":"https:\/\/www.correiobraziliense.com.br\/cbradar\/melhor-serie-para-quem-ama-suspense-e-investigacao\/","og_site_name":"Correio Braziliense - Radar","article_published_time":"2025-05-08T16:30:00+00:00","og_image":[{"width":1280,"height":720,"url":"https:\/\/www.correiobraziliense.com.br\/cbradar\/wp-content\/uploads\/2025\/05\/Criminal-Minds-2.png","type":"image\/png"}],"author":"Larissa Carvalho","twitter_card":"summary_large_image","twitter_misc":{"Escrito por":"Larissa Carvalho","Est. tempo de leitura":"4 minutos"},"schema":{"@context":"https:\/\/schema.org","@graph":[{"@type":"WebPage","@id":"https:\/\/www.correiobraziliense.com.br\/cbradar\/melhor-serie-para-quem-ama-suspense-e-investigacao\/","url":"https:\/\/www.correiobraziliense.com.br\/cbradar\/melhor-serie-para-quem-ama-suspense-e-investigacao\/","name":"Melhor s\u00e9rie para quem ama suspense e investiga\u00e7\u00e3o","isPartOf":{"@id":"https:\/\/www.correiobraziliense.com.br\/cbradar\/#website"},"primaryImageOfPage":{"@id":"https:\/\/www.correiobraziliense.com.br\/cbradar\/melhor-serie-para-quem-ama-suspense-e-investigacao\/#primaryimage"},"image":{"@id":"https:\/\/www.correiobraziliense.com.br\/cbradar\/melhor-serie-para-quem-ama-suspense-e-investigacao\/#primaryimage"},"thumbnailUrl":"https:\/\/www.correiobraziliense.com.br\/cbradar\/wp-content\/uploads\/2025\/05\/Criminal-Minds-2.png","datePublished":"2025-05-08T16:30:00+00:00","author":{"@id":"https:\/\/www.correiobraziliense.com.br\/cbradar\/#\/schema\/person\/58422787644df994b53a19d3e56c1513"},"description":"Perfiladores do FBI enfrentam mentes criminosas em uma s\u00e9rie envolvente que mistura suspense, emo\u00e7\u00e3o e psicologia.","breadcrumb":{"@id":"https:\/\/www.correiobraziliense.com.br\/cbradar\/melhor-serie-para-quem-ama-suspense-e-investigacao\/#breadcrumb"},"inLanguage":"pt-BR","potentialAction":[{"@type":"ReadAction","target":["https:\/\/www.correiobraziliense.com.br\/cbradar\/melhor-serie-para-quem-ama-suspense-e-investigacao\/"]}]},{"@type":"ImageObject","inLanguage":"pt-BR","@id":"https:\/\/www.correiobraziliense.com.br\/cbradar\/melhor-serie-para-quem-ama-suspense-e-investigacao\/#primaryimage","url":"https:\/\/www.correiobraziliense.com.br\/cbradar\/wp-content\/uploads\/2025\/05\/Criminal-Minds-2.png","contentUrl":"https:\/\/www.correiobraziliense.com.br\/cbradar\/wp-content\/uploads\/2025\/05\/Criminal-Minds-2.png","width":1280,"height":720,"caption":"Criminal Minds. Fonte: divulga\u00e7\u00e3o \/ ABC Studios"},{"@type":"BreadcrumbList","@id":"https:\/\/www.correiobraziliense.com.br\/cbradar\/melhor-serie-para-quem-ama-suspense-e-investigacao\/#breadcrumb","itemListElement":[{"@type":"ListItem","position":1,"name":"In\u00edcio","item":"https:\/\/www.correiobraziliense.com.br\/cbradar\/"},{"@type":"ListItem","position":2,"name":"Melhor s\u00e9rie para quem ama suspense e investiga\u00e7\u00e3o"}]},{"@type":"WebSite","@id":"https:\/\/www.correiobraziliense.com.br\/cbradar\/#website","url":"https:\/\/www.correiobraziliense.com.br\/cbradar\/","name":"Correio Braziliense - Radar","description":"Acompanhe as \u00faltimas not\u00edcias e fique bem informado sobre tudo o que acontece no Brasil e no mundo.","potentialAction":[{"@type":"SearchAction","target":{"@type":"EntryPoint","urlTemplate":"https:\/\/www.correiobraziliense.com.br\/cbradar\/?s={search_term_string}"},"query-input":{"@type":"PropertyValueSpecification","valueRequired":true,"valueName":"search_term_string"}}],"inLanguage":"pt-BR"},{"@type":"Person","@id":"https:\/\/www.correiobraziliense.com.br\/cbradar\/#\/schema\/person\/58422787644df994b53a19d3e56c1513","name":"Larissa Carvalho","image":{"@type":"ImageObject","inLanguage":"pt-BR","@id":"https:\/\/www.correiobraziliense.com.br\/cbradar\/#\/schema\/person\/image\/","url":"https:\/\/secure.gravatar.com\/avatar\/fe4f91a0de32b52a838d0d612abdc1aa?s=96&d=mm&r=g","contentUrl":"https:\/\/secure.gravatar.com\/avatar\/fe4f91a0de32b52a838d0d612abdc1aa?s=96&d=mm&r=g","caption":"Larissa Carvalho"},"url":"https:\/\/www.correiobraziliense.com.br\/cbradar\/author\/larissamyth\/"}]}},"_links":{"self":[{"href":"https:\/\/www.correiobraziliense.com.br\/cbradar\/wp-json\/wp\/v2\/posts\/33416","targetHints":{"allow":["GET"]}}],"collection":[{"href":"https:\/\/www.correiobraziliense.com.br\/cbradar\/wp-json\/wp\/v2\/posts"}],"about":[{"href":"https:\/\/www.correiobraziliense.com.br\/cbradar\/wp-json\/wp\/v2\/types\/post"}],"author":[{"embeddable":true,"href":"https:\/\/www.correiobraziliense.com.br\/cbradar\/wp-json\/wp\/v2\/users\/3"}],"replies":[{"embeddable":true,"href":"https:\/\/www.correiobraziliense.com.br\/cbradar\/wp-json\/wp\/v2\/comments?post=33416"}],"version-history":[{"count":1,"href":"https:\/\/www.correiobraziliense.com.br\/cbradar\/wp-json\/wp\/v2\/posts\/33416\/revisions"}],"predecessor-version":[{"id":33431,"href":"https:\/\/www.correiobraziliense.com.br\/cbradar\/wp-json\/wp\/v2\/posts\/33416\/revisions\/33431"}],"wp:featuredmedia":[{"embeddable":true,"href":"https:\/\/www.correiobraziliense.com.br\/cbradar\/wp-json\/wp\/v2\/media\/33429"}],"wp:attachment":[{"href":"https:\/\/www.correiobraziliense.com.br\/cbradar\/wp-json\/wp\/v2\/media?parent=33416"}],"wp:term":[{"taxonomy":"category","embeddable":true,"href":"https:\/\/www.correiobraziliense.com.br\/cbradar\/wp-json\/wp\/v2\/categories?post=33416"},{"taxonomy":"post_tag","embeddable":true,"href":"https:\/\/www.correiobraziliense.com.br\/cbradar\/wp-json\/wp\/v2\/post_tag?post=33416"}],"curies":[{"name":"wp","href":"https:\/\/api.w.org\/{rel}","templated":true}]}}